{"id":16843,"date":"2024-03-11T18:03:26","date_gmt":"2024-03-11T17:03:26","guid":{"rendered":"https:\/\/echta-derminga.de\/?p=16843"},"modified":"2024-03-11T18:10:13","modified_gmt":"2024-03-11T17:10:13","slug":"wenn-steine-sprechen-koennten-historische-grenzsteine-dienen-als-zeitzeuge","status":"publish","type":"post","link":"https:\/\/echta-derminga.de\/?p=16843","title":{"rendered":"Wenn Steine sprechen k\u00f6nnten &#8211; Historische Grenzsteine dienen als Zeitzeuge"},"content":{"rendered":"\n<blockquote class=\"wp-block-quote has-medium-font-size is-layout-flow wp-block-quote-is-layout-flow\">\n<p class=\"has-medium-font-size wp-block-paragraph\"><strong>\u201cDirmingen, allein nassauisch, liegt in einem Tal, das Dirminger Tal genannt. Ist eine gro\u00dfe Pfarr und liegen die H\u00e4user oder Vogteien etwas zerstreut voneinander. Ein gro\u00dfer Teil des Dorfes wird auch Berschweiler genannt.&nbsp; \u2026\u201d<\/strong>&nbsp;<\/p>\n<cite>Historische Niederschrift Andreae GenSaraept Seite 485.<\/cite><\/blockquote>\n\n\n\n<p class=\"has-medium-font-size wp-block-paragraph\"><strong>Dirmingen ist umgeben von wundervollen Waldgebieten und traumhaften Wanderrouten. Bez\u00fcglich des oft zitierten sanften Tourismus hat unser Heimatort einiges zu bieten. Auf Dirminger Gemarkung findet man noch heute zahlreiche historische Sehensw\u00fcrdigkeiten. N\u00f6rdlich von Dirmingen, in der N\u00e4he des Naherholungszentrum Finkenrech, befinden sich in einer Grenzlinie mehrere Grenzsteine des F\u00fcrstentum Nassau-Saarbr\u00fccken. Diese Grenzsteine markierten die historische Grenze zwischen der Grafschaft Nassau -Saarbr\u00fccken und Frankreich. Auf einer Strecke von fast 11 Kilometern k\u00f6nnen sich Wanderer ein Bild dieses historischen Kulturschatzes machen.<\/strong><\/p>\n\n\n\n<p class=\"has-medium-font-size wp-block-paragraph\">Die Hoheitsgrenze zwischen dem lothringischen Eppelborn, Habach und den Nassau-Saarbr\u00fcckischen Dirmingen, Humes und Hierscheid wurde im Jahre 1767 gezogen. In die Grenzsteine eingemei\u00dfelt befindet sich die \u201cWolfsangel\u201d, die auch im Wappen der Gemeinde Eppelborn, sowie im Wappen von Dirmingen vorkommt. \u201cNS\u201d auf den Grenzsteinen steht f\u00fcr Nassau-Saarbr\u00fccken. Aber auch das damalige Familienwappen der F\u00fcrsten, mit darunter befindlicher Jahreszahl \u201c1767\u201d, sind in den Grenzsteinen dargestellt. Die wuchtigen Grenzsteine aus rotem Vogesen-Sandstein wurden im Jahre 1767 aufgestellt und markiert. Welche Zeiten haben diese Steine nicht schon \u00fcberstanden? Krieg, Frieden, Seuchen und auch Armut und Wohlstand. T\u00e4glich passieren Spazierg\u00e4nger und Wanderer die historischen Steine, ohne ihnen dabei Beachtung zu schenken. Die wuchtigen Grenzsteine sind l\u00e4ngst in die Natur und unsere gewohnte Umgebung \u00fcbergegangen. Man findet diese m\u00e4chtigen Hoheitsgrenzsteine an der Eppelborner, Thalexweiler, Sotzweiler, Bubach\/Calmesweiler, Macherbacher und Dirminger Banngrenze, vorbeilaufend am Freizeitzentrum Finkenrech und auch im Naherholungsgebiet \u201eSteinrausche\u201c. <\/p>\n\n\n\n<div class=\"wp-block-columns is-layout-flex wp-container-core-columns-is-layout-8f761849 wp-block-columns-is-layout-flex\">\n<div class=\"wp-block-column is-layout-flow wp-block-column-is-layout-flow\">\n<figure class=\"wp-block-image size-large\"><img loading=\"lazy\" decoding=\"async\" width=\"700\" height=\"933\" src=\"https:\/\/echta-derminga.de\/wp-content\/uploads\/2021\/08\/3-1-700x933.jpg\" alt=\"\" class=\"wp-image-10437\" srcset=\"https:\/\/echta-derminga.de\/wp-content\/uploads\/2021\/08\/3-1-700x933.jpg 700w, https:\/\/echta-derminga.de\/wp-content\/uploads\/2021\/08\/3-1-225x300.jpg 225w, https:\/\/echta-derminga.de\/wp-content\/uploads\/2021\/08\/3-1-768x1024.jpg 768w, https:\/\/echta-derminga.de\/wp-content\/uploads\/2021\/08\/3-1.jpg 900w\" sizes=\"auto, (max-width: 700px) 100vw, 700px\" \/><\/figure>\n<\/div>\n\n\n\n<div class=\"wp-block-column is-layout-flow wp-block-column-is-layout-flow\">\n<figure class=\"wp-block-image size-full\"><img loading=\"lazy\" decoding=\"async\" width=\"600\" height=\"756\" src=\"https:\/\/echta-derminga.de\/wp-content\/uploads\/2021\/08\/2-1.jpg\" alt=\"\" class=\"wp-image-10435\" srcset=\"https:\/\/echta-derminga.de\/wp-content\/uploads\/2021\/08\/2-1.jpg 600w, https:\/\/echta-derminga.de\/wp-content\/uploads\/2021\/08\/2-1-238x300.jpg 238w\" sizes=\"auto, (max-width: 600px) 100vw, 600px\" \/><\/figure>\n<\/div>\n<\/div>\n\n\n\n<p class=\"has-medium-font-size wp-block-paragraph\"><strong>Im 18. Jahrhundert geh\u00f6rte das Amt Schaumburg und mit ihm auch das katholische Eppelborn, mit der Baronie Buseck und den Ortschaften Wiesbach, Bubach\/Calmesweiler, Macherbach, Habach, Humes sowie Sotzweiler und die Zennerei Thalexweiler zum Herzogtum Lothringen. Das D\u00f6rfer Hierscheid und Humes waren ebenfalls Lothringen zugeordnet wobei sie auch einmal kurzzeitig zu Nassau-Saarbr\u00fccken ge\u00f6hrten. Das nassauisch protestantische Dirmingen hingegen geh\u00f6rte seit dem fr\u00fchen Mittelalter zur Grafschaft Saarbr\u00fccken. Damit die Steine nicht heimlich von der anderen Seite aus dem Weg ger\u00e4umt wurden, hat man sie damals nummeriert. Die Bezeichnung KW stammt aus dem fr\u00fchen 19.Jahrhundert und bedeutet k\u00f6niglicher Wald. \u00dcber viele Jahrhunderte hinweg verschoben sich immer wieder die Grenzen mitteleurop\u00e4ischer F\u00fcrstent\u00fcmer. Ganz oft wechselten sogar ganze Gebiete und Regionen ihre Herrschaft. Die Grenzsteine dienten nicht nur der Machtdemonstration und der Ermahnung die Grenzen einzuhalten, sondern auch der Orientierung ortsfremder Wanderer und H\u00e4ndler. An den Steinen konnte man leicht erkennen, auf welchem Terrain man sich gerade befand.<\/strong><\/p>\n\n\n\n<div class=\"wp-block-columns is-layout-flex wp-container-core-columns-is-layout-8f761849 wp-block-columns-is-layout-flex\">\n<div class=\"wp-block-column is-layout-flow wp-block-column-is-layout-flow\">\n<figure class=\"wp-block-image size-full\"><img loading=\"lazy\" decoding=\"async\" width=\"640\" height=\"943\" src=\"https:\/\/echta-derminga.de\/wp-content\/uploads\/2024\/03\/dirmingen399.jpg\" alt=\"\" class=\"wp-image-16846\" srcset=\"https:\/\/echta-derminga.de\/wp-content\/uploads\/2024\/03\/dirmingen399.jpg 640w, https:\/\/echta-derminga.de\/wp-content\/uploads\/2024\/03\/dirmingen399-204x300.jpg 204w\" sizes=\"auto, (max-width: 640px) 100vw, 640px\" \/><\/figure>\n<\/div>\n\n\n\n<div class=\"wp-block-column is-layout-flow wp-block-column-is-layout-flow\">\n<figure class=\"wp-block-image size-full\"><img loading=\"lazy\" decoding=\"async\" width=\"640\" height=\"940\" src=\"https:\/\/echta-derminga.de\/wp-content\/uploads\/2024\/03\/dirmingen400.jpg\" alt=\"\" class=\"wp-image-16847\" srcset=\"https:\/\/echta-derminga.de\/wp-content\/uploads\/2024\/03\/dirmingen400.jpg 640w, https:\/\/echta-derminga.de\/wp-content\/uploads\/2024\/03\/dirmingen400-204x300.jpg 204w\" sizes=\"auto, (max-width: 640px) 100vw, 640px\" \/><\/figure>\n<\/div>\n<\/div>\n\n\n\n<p class=\"has-medium-font-size wp-block-paragraph\">Die Grenzsteine haben Krieg und Zerst\u00f6rung \u00fcberstanden und sind bis heute schweigende Zeitzeugen unserer Geschichte. Dabei spiegelt sich nicht nur der Werdegang unseres Heimatortes sondern auch derer von Nassau-Saarbr\u00fccken in diesen Steinen wider. Die Grenze zwischen Dirmingen, Eppelborn Thalexweiler und Sotzweiler wurde zur Staatsgrenze zwischen dem Heiligen R\u00f6mischen Reich deutscher Nation und dem K\u00f6nigreich Frankreich. Im Laufe der Jahrhunderte entwickelte sich die Grafschaft Nassau-Saarbr\u00fccken zu einem Zentrum des Bergbaus und der Eisenindustrie. Die heutige Landeshauptstadt Saarbr\u00fccken, als Hauptstadt der Grafschaft, wurde zu einem wichtigen Handels- und Verwaltungszentrum. Bis heute erinnern zahlreiche historische St\u00e4tten und Bauwerke wie z.B das Saarbr\u00fccker Schloss an die Grafschaft Nassau-Saarbr\u00fccken. Die Grafschaft Nassau-Saarbr\u00fccken hat bis in die heutige Zeit einen festen Platz in der regionalen Geschichte unseres Bundeslandes.<\/p>\n\n\n\n<p class=\"has-medium-font-size wp-block-paragraph\"><strong>Manchmal w\u00fcnschte ich mir, dass Steine sprechen und von der Geschichte unserer Heimat berichten k\u00f6nnten. Gelegentlich nehme ich nach einem Spaziergang auf einem der m\u00e4chtigen Grenzsteine Platz und lasse meinen Gedanken freien Lauf. Inzwischen sind &#8222;unsere&#8220; Grenzsteine \u00fcber 270 Jahre alt und ein fester Bestandteil unserer Identit\u00e4t. Die Steine sind schweigende Zeitzeugen unserer Geschichte.<\/strong><\/p>\n\n\n<div class=\"wp-block-image\">\n<figure class=\"aligncenter size-full\"><img loading=\"lazy\" decoding=\"async\" width=\"565\" height=\"787\" src=\"https:\/\/echta-derminga.de\/wp-content\/uploads\/2019\/09\/Grenzi.jpg\" alt=\"\" class=\"wp-image-4441\" srcset=\"https:\/\/echta-derminga.de\/wp-content\/uploads\/2019\/09\/Grenzi.jpg 565w, https:\/\/echta-derminga.de\/wp-content\/uploads\/2019\/09\/Grenzi-215x300.jpg 215w\" sizes=\"auto, (max-width: 565px) 100vw, 565px\" \/><\/figure>\n<\/div>","protected":false},"excerpt":{"rendered":"<p>\u201cDirmingen, allein nassauisch, liegt in einem Tal, das Dirminger Tal genannt. Ist eine gro\u00dfe Pfarr und liegen die H\u00e4user oder Vogteien etwas zerstreut voneinander. Ein gro\u00dfer Teil des Dorfes wird auch Berschweiler genannt.&nbsp; \u2026\u201d&nbsp; Historische Niederschrift Andreae GenSaraept Seite 485. Dirmingen ist umgeben von wundervollen Waldgebieten und traumhaften Wanderrouten. Bez\u00fcglich des oft zitierten sanften Tourismus hat unser Heimatort einiges zu<\/p>\n","protected":false},"author":1,"featured_media":10431,"comment_status":"open","ping_status":"closed","sticky":false,"template":"","format":"standard","meta":{"_crdt_document":"","footnotes":""},"categories":[1,9,8],"tags":[5,618,1115,127,310],"class_list":["post-16843","post","type-post","status-publish","format-standard","has-post-thumbnail","hentry","category-allgemein","category-dorfgetratsche","category-sellemols-und-awweile","tag-dirmingen","tag-gemeinde-eppelborn","tag-grenzsteine-nassau-saarbruecken","tag-landkreis-neunkirchen","tag-saarland"],"_links":{"self":[{"href":"https:\/\/echta-derminga.de\/index.php?rest_route=\/wp\/v2\/posts\/16843","targetHints":{"allow":["GET"]}}],"collection":[{"href":"https:\/\/echta-derminga.de\/index.php?rest_route=\/wp\/v2\/posts"}],"about":[{"href":"https:\/\/echta-derminga.de\/index.php?rest_route=\/wp\/v2\/types\/post"}],"author":[{"embeddable":true,"href":"https:\/\/echta-derminga.de\/index.php?rest_route=\/wp\/v2\/users\/1"}],"replies":[{"embeddable":true,"href":"https:\/\/echta-derminga.de\/index.php?rest_route=%2Fwp%2Fv2%2Fcomments&post=16843"}],"version-history":[{"count":5,"href":"https:\/\/echta-derminga.de\/index.php?rest_route=\/wp\/v2\/posts\/16843\/revisions"}],"predecessor-version":[{"id":16854,"href":"https:\/\/echta-derminga.de\/index.php?rest_route=\/wp\/v2\/posts\/16843\/revisions\/16854"}],"wp:featuredmedia":[{"embeddable":true,"href":"https:\/\/echta-derminga.de\/index.php?rest_route=\/wp\/v2\/media\/10431"}],"wp:attachment":[{"href":"https:\/\/echta-derminga.de\/index.php?rest_route=%2Fwp%2Fv2%2Fmedia&parent=16843"}],"wp:term":[{"taxonomy":"category","embeddable":true,"href":"https:\/\/echta-derminga.de\/index.php?rest_route=%2Fwp%2Fv2%2Fcategories&post=16843"},{"taxonomy":"post_tag","embeddable":true,"href":"https:\/\/echta-derminga.de\/index.php?rest_route=%2Fwp%2Fv2%2Ftags&post=16843"}],"curies":[{"name":"wp","href":"https:\/\/api.w.org\/{rel}","templated":true}]}}