{"id":16972,"date":"2024-03-14T09:44:11","date_gmt":"2024-03-14T08:44:11","guid":{"rendered":"https:\/\/echta-derminga.de\/?p=16972"},"modified":"2024-03-14T09:44:13","modified_gmt":"2024-03-14T08:44:13","slug":"die-wiege-des-saarlaendischen-wurst-giganten-hoell-stand-in-dirmingen","status":"publish","type":"post","link":"https:\/\/echta-derminga.de\/?p=16972","title":{"rendered":"Die Wiege des saarl\u00e4ndischen &#8222;Wurst-Giganten&#8220; H\u00f6ll stand in Dirmingen"},"content":{"rendered":"\n<p class=\"has-medium-font-size wp-block-paragraph\"><strong>Im Gewerbe- und Handwerksverzeichnis der Gemeinde Dirmingen aus dem Jahre 1950 findet wird unter Lfd.25 : &#8220; Hans H\u00f6ll, Marktplatz 9, Fleischwarenfabrik&#8220;.<\/strong><\/p>\n\n\n\n<p class=\"has-medium-font-size wp-block-paragraph\"><strong>Die Geschichte des saarl\u00e4ndischen &#8222;Wurst-Giganten&#8220; H\u00f6ll begann im Jahre 1910 in der Dirminger Ortsmitte. Der Metzgermeister Hans H\u00f6ll und seine Ehefrau Katharina gr\u00fcndeten in diesem Jahr eine Metzgerei am Marktplatz in der Ortsmitte. Mit seiner Leidenschaft und der Liebe zum Handwerk verschaffte sich Hans H\u00f6ll schnell \u00fcberregional einen ausgezeichneten Ruf. Aus der kleinen Landmetzgerei wurde schon in den 1920er Jahren ein angesehener Metzgereibetrieb. Hans H\u00f6ll musste das Unternehmen schon fr\u00fchzeitig erweitern und personell aufr\u00fcsten. Die Nachfrage des Gewerbes und insbesondere der umliegenden Kantinen und Kaffeek\u00fcchen der Saar- Gruben wuchs stetig. <\/strong><\/p>\n\n\n\n<p class=\"has-medium-font-size wp-block-paragraph\">Hans H\u00f6ll, ein geb\u00fcrtiger Schwabe, legte gro\u00dfen Wert auf die Qualit\u00e4t seiner Wurst- und Fleischwaren. Die schnelle Entwicklung des Unternehmens wurde im Jahre 1930 durch den pl\u00f6tzlichen Tod des Firmengr\u00fcnders Hans H\u00f6ll unterbrochen. Sein Sohn Wilhelm musste den Betrieb fr\u00fcher als erwartet \u00fcbernehmen und durch Krisen und schlie\u00dflich auch durch den Krieg f\u00fchren. Der 2. Weltkrieg und insbesondere die Nachkriegszeit hemmten die weitere Entwicklung des Unternehmens.<\/p>\n\n\n<div class=\"wp-block-image\">\n<figure class=\"aligncenter size-large\"><img loading=\"lazy\" decoding=\"async\" width=\"700\" height=\"438\" src=\"https:\/\/echta-derminga.de\/wp-content\/uploads\/2024\/03\/Bild-13-700x438.jpg\" alt=\"\" class=\"wp-image-16989\" srcset=\"https:\/\/echta-derminga.de\/wp-content\/uploads\/2024\/03\/Bild-13-700x438.jpg 700w, https:\/\/echta-derminga.de\/wp-content\/uploads\/2024\/03\/Bild-13-300x188.jpg 300w, https:\/\/echta-derminga.de\/wp-content\/uploads\/2024\/03\/Bild-13-768x481.jpg 768w, https:\/\/echta-derminga.de\/wp-content\/uploads\/2024\/03\/Bild-13.jpg 1022w\" sizes=\"auto, (max-width: 700px) 100vw, 700px\" \/><\/figure>\n<\/div>\n\n\n<p class=\"has-medium-font-size wp-block-paragraph\"><strong>Im Jahre 1946 begann der Wiederaufbau des Unternehmens. Die Firma in der Ortsmitte wurde umgebaut und erweitert. Schon bald konnten die Ums\u00e4tze der Firma rapide gesteigert werden. In den 1950er Jahre platze das Unternehmen buchst\u00e4blich aus allen N\u00e4hten. Die Umfrage nach den Wurst- und Fleischspezialit\u00e4ten der Firma H\u00f6ll waren f\u00fcr das mittelst\u00e4ndige Unternehmen kaum noch zu bew\u00e4ltigen. Im Jahre 1954 arbeiteten \u00fcber 350 Menschen f\u00fcr das Unternehmen in der Dirminger Ortsmitte. In dieser Zeit war das Ortsbild unseres Heimatortes gepr\u00e4gt durch zahlreiche Lieferfahrzeuge der hiesigen &#8222;Sch\u00e4fer Brauerei&#8220; und des Wurstgiganten &#8222;H\u00f6ll&#8220;. <\/strong><\/p>\n\n\n\n<p class=\"has-medium-font-size wp-block-paragraph\">Im Jahre 1962 wurde die bereits stark gewachsene Produktionsst\u00e4tte nach Illingen verlegt. F\u00fcr die Menschen in Dirmingen war dieser Weggang ein herber Verlust. Besonders in den Kaffeek\u00fcchen der Saar-Gruben wurde zu dieser Zeit gro\u00dfen Wert auf Lyoner vom H\u00f6ll und Bier von der &#8222;Sch\u00e4fer Brauerei&#8220; gelegt. Mit dem Umzug des Unternehmens nach Illingen wurde der eigene Schlachtbetreib eingestellt.  Im Jahre 1975 \u00fcbernahm Hans H\u00f6ll Junior, in dritter Generation, die Unternehmensleitung. Das Unternehmen pflegte bis zuletzt, mit der F\u00fchrung eines Wurst-und Fleischerkleinhandels, ihre alten Wurzeln in Dirmingen.<\/p>\n\n\n\n<div class=\"wp-block-columns is-layout-flex wp-container-core-columns-is-layout-8f761849 wp-block-columns-is-layout-flex\">\n<div class=\"wp-block-column is-layout-flow wp-block-column-is-layout-flow\">\n<figure class=\"wp-block-image size-full\"><img loading=\"lazy\" decoding=\"async\" width=\"700\" height=\"823\" src=\"https:\/\/echta-derminga.de\/wp-content\/uploads\/2018\/01\/15.jpg\" alt=\"\" class=\"wp-image-324\" srcset=\"https:\/\/echta-derminga.de\/wp-content\/uploads\/2018\/01\/15.jpg 700w, https:\/\/echta-derminga.de\/wp-content\/uploads\/2018\/01\/15-255x300.jpg 255w, https:\/\/echta-derminga.de\/wp-content\/uploads\/2018\/01\/15-676x795.jpg 676w\" sizes=\"auto, (max-width: 700px) 100vw, 700px\" \/><figcaption class=\"wp-element-caption\">Altes &#8222;H\u00f6ll&#8220; Anwesen in den 2000er Jahren<\/figcaption><\/figure>\n<\/div>\n\n\n\n<div class=\"wp-block-column is-layout-flow wp-block-column-is-layout-flow\">\n<figure class=\"wp-block-image size-full\"><img loading=\"lazy\" decoding=\"async\" width=\"588\" height=\"857\" src=\"https:\/\/echta-derminga.de\/wp-content\/uploads\/2018\/01\/16.jpg\" alt=\"\" class=\"wp-image-323\" srcset=\"https:\/\/echta-derminga.de\/wp-content\/uploads\/2018\/01\/16.jpg 588w, https:\/\/echta-derminga.de\/wp-content\/uploads\/2018\/01\/16-206x300.jpg 206w\" sizes=\"auto, (max-width: 588px) 100vw, 588px\" \/><figcaption class=\"wp-element-caption\">Altes &#8222;H\u00f6ll&#8220; Anwesen<\/figcaption><\/figure>\n<\/div>\n<\/div>\n\n\n\n<p class=\"has-medium-font-size wp-block-paragraph\"><strong>Der Wohlstand unseres Heimatortes basierte nach dem zweiten Weltkrieg zu gro\u00dfen Teilen auf der hiesigen &#8222;Sch\u00e4fer Brauerei&#8220; und auf dem Wurstfabrikanten &#8222;H\u00f6ll&#8220;. Viele Menschen kamen in diesen Unternehmen zu Lohn und Brot. Die Identifikation der Bev\u00f6lkerung zu diesen Firmen war riesengro\u00df. Jeden Morgen fuhren die Dienst-und Lieferfahrzeuge raus um das begehrte Produkt zu vermarkten. Mit dem Weggang der Firma H\u00f6ll im Jahre 1962 und der Schlie\u00dfung der &#8222;Sch\u00e4fer Brauerei&#8220; im Jahre 1991 wurde die Entwicklung unserer Infrastruktur entschieden gehemmt. Viele Zeitgenossen haben die Entwicklung und den damit verbundenen Werdegang der Firma H\u00f6ll l\u00e4ngst verdr\u00e4ngt. Am Ende wurde auch das Firmengel\u00e4nde in Illingen aufgegeben und ein Umzug nach Saarbr\u00fccken vollzogen. Die Wiege der Firma &#8222;H\u00f6ll&#8220; stand jedoch eindeutig in Dirmingen. Neben dem Gr\u00fcndungshaus findet man auf dem Dirminger Friedhof immer noch das Familiengrab der Gr\u00fcndungsfamilie &#8222;H\u00f6ll&#8220;.<\/strong><\/p>\n\n\n<div class=\"wp-block-image\">\n<figure class=\"aligncenter size-large\"><img loading=\"lazy\" decoding=\"async\" width=\"700\" height=\"1177\" src=\"https:\/\/echta-derminga.de\/wp-content\/uploads\/2021\/08\/20210802_122944-700x1177.jpg\" alt=\"\" class=\"wp-image-10323\" srcset=\"https:\/\/echta-derminga.de\/wp-content\/uploads\/2021\/08\/20210802_122944-700x1177.jpg 700w, https:\/\/echta-derminga.de\/wp-content\/uploads\/2021\/08\/20210802_122944-178x300.jpg 178w, https:\/\/echta-derminga.de\/wp-content\/uploads\/2021\/08\/20210802_122944-768x1291.jpg 768w, https:\/\/echta-derminga.de\/wp-content\/uploads\/2021\/08\/20210802_122944-914x1536.jpg 914w, https:\/\/echta-derminga.de\/wp-content\/uploads\/2021\/08\/20210802_122944.jpg 1000w\" sizes=\"auto, (max-width: 700px) 100vw, 700px\" \/><\/figure>\n<\/div>","protected":false},"excerpt":{"rendered":"<p>Im Gewerbe- und Handwerksverzeichnis der Gemeinde Dirmingen aus dem Jahre 1950 findet wird unter Lfd.25 : &#8220; Hans H\u00f6ll, Marktplatz 9, Fleischwarenfabrik&#8220;. Die Geschichte des saarl\u00e4ndischen &#8222;Wurst-Giganten&#8220; H\u00f6ll begann im Jahre 1910 in der Dirminger Ortsmitte. Der Metzgermeister Hans H\u00f6ll und seine Ehefrau Katharina gr\u00fcndeten in diesem Jahr eine Metzgerei am Marktplatz in der Ortsmitte. Mit seiner Leidenschaft und der<\/p>\n","protected":false},"author":1,"featured_media":16988,"comment_status":"open","ping_status":"closed","sticky":false,"template":"","format":"standard","meta":{"_crdt_document":"","footnotes":""},"categories":[1,9,8],"tags":[5,901,618,127,1116,310],"class_list":["post-16972","post","type-post","status-publish","format-standard","has-post-thumbnail","hentry","category-allgemein","category-dorfgetratsche","category-sellemols-und-awweile","tag-dirmingen","tag-firma-hoell","tag-gemeinde-eppelborn","tag-landkreis-neunkirchen","tag-lyoner","tag-saarland"],"_links":{"self":[{"href":"https:\/\/echta-derminga.de\/index.php?rest_route=\/wp\/v2\/posts\/16972","targetHints":{"allow":["GET"]}}],"collection":[{"href":"https:\/\/echta-derminga.de\/index.php?rest_route=\/wp\/v2\/posts"}],"about":[{"href":"https:\/\/echta-derminga.de\/index.php?rest_route=\/wp\/v2\/types\/post"}],"author":[{"embeddable":true,"href":"https:\/\/echta-derminga.de\/index.php?rest_route=\/wp\/v2\/users\/1"}],"replies":[{"embeddable":true,"href":"https:\/\/echta-derminga.de\/index.php?rest_route=%2Fwp%2Fv2%2Fcomments&post=16972"}],"version-history":[{"count":13,"href":"https:\/\/echta-derminga.de\/index.php?rest_route=\/wp\/v2\/posts\/16972\/revisions"}],"predecessor-version":[{"id":16995,"href":"https:\/\/echta-derminga.de\/index.php?rest_route=\/wp\/v2\/posts\/16972\/revisions\/16995"}],"wp:featuredmedia":[{"embeddable":true,"href":"https:\/\/echta-derminga.de\/index.php?rest_route=\/wp\/v2\/media\/16988"}],"wp:attachment":[{"href":"https:\/\/echta-derminga.de\/index.php?rest_route=%2Fwp%2Fv2%2Fmedia&parent=16972"}],"wp:term":[{"taxonomy":"category","embeddable":true,"href":"https:\/\/echta-derminga.de\/index.php?rest_route=%2Fwp%2Fv2%2Fcategories&post=16972"},{"taxonomy":"post_tag","embeddable":true,"href":"https:\/\/echta-derminga.de\/index.php?rest_route=%2Fwp%2Fv2%2Ftags&post=16972"}],"curies":[{"name":"wp","href":"https:\/\/api.w.org\/{rel}","templated":true}]}}