{"id":16975,"date":"2024-04-12T11:50:16","date_gmt":"2024-04-12T10:50:16","guid":{"rendered":"https:\/\/echta-derminga.de\/?p=16975"},"modified":"2024-04-12T11:59:53","modified_gmt":"2024-04-12T10:59:53","slug":"eure-majestaet-die-schaefer-bier-koenigin","status":"publish","type":"post","link":"https:\/\/echta-derminga.de\/?p=16975","title":{"rendered":"Eure Majest\u00e4t die Sch\u00e4fer Bier K\u00f6nigin"},"content":{"rendered":"\n<p class=\"has-medium-font-size wp-block-paragraph\"><strong>Die Sch\u00e4fer Bier Brauerei pr\u00e4gte \u00fcber 112 Jahre das Ortsbild unseres Heimatortes Dirmingen<\/strong>. <strong>Gegen Ende der 1980-er Jahre hatte die Sch\u00e4fer-Brauerei erheblich mit Absatzverlusten zu k\u00e4mpfen. Das Unternehmen litt stark unter dem Konkurrenzdruck der gro\u00dfen regionalen Brauereien<\/strong>. <strong>Im Jahre 1992 schloss die Sch\u00e4fer Brauerei f\u00fcr immer ihre Pforten. Ein gro\u00dfer Verlust f\u00fcr Dirmingen und die damit verbundene Infrastruktur. Unmittelbar vor der Schlie\u00dfung des Unternehmens versuchte die Gesch\u00e4ftsleitung noch einmal durch diverse Werbeaktionen das Schlimmste abzuwenden. Die Wahl zur \u201eSch\u00e4fer-Bier-K\u00f6nigin\u201c war eine der letzten gro\u00dfen Werbekampagnen, die durchgef\u00fchrt wurden.<\/strong> <strong>Die Wahl wurde im Rahmen des Dirminger Volksfestes durchgef\u00fchrt und gab der Brauerei nochmal die M\u00f6glichkeit auf ihr Produkt aufmerksam zu machen. <\/strong><\/p>\n\n\n\n<p class=\"has-medium-font-size wp-block-paragraph\">Die Wahl wurde gemeinsam mit dem Gewerbeverein Dirmingen organisiert und auf den Weg gebracht. Die erste Bierk\u00f6nigin wurde w\u00e4hrend des \u201eDirminger Volksfestes\u201c im Jahre 1991 gek\u00fcrt. Ich kann mich noch gut an diese erste Veranstaltung im gro\u00dfen Festzelt erinnern. Damals gab es noch keine sozialen Medien und die Leute wussten nicht so recht was auf sie zukommt. Ein Organisationsteam hatte sich zuvor gemeinsam mit der \u201eSch\u00e4fer-Brauerei\u201c um die Bewerbung und die Planung der Veranstaltung gek\u00fcmmert. Der Wahlverlauf zur Bierk\u00f6nigin wurde in drei Durchg\u00e4nge absolviert. Im ersten Durchgang mussten die M\u00e4dchen in Freizeitkleidung auftreten. Im zweiten Teil in Bademode und im dritten Durchgang im Abendkleid. Die Leitung der Veranstaltung lag damals in den H\u00e4nden des Dirminger Ur-Gesteins Harry Molter. Moderiert wurde die Veranstaltung von Gilbert Spaniol. Die Dirmingerin Tanja Latz wurde w\u00e4hrend dieser ersten &#8222;Misswahl&#8220; im Jahre 1991 zur erste \u201eSch\u00e4fer Bier-K\u00f6nigin\u201c gek\u00fcrt. Die Wahlveranstaltung war ein gro\u00dfer Erfolg und sollte nach Ansicht der Organisatoren auch in den folgenden Jahren durchgef\u00fchrt werden.<\/p>\n\n\n<div class=\"wp-block-image\">\n<figure class=\"aligncenter size-large\"><img loading=\"lazy\" decoding=\"async\" width=\"700\" height=\"461\" src=\"https:\/\/echta-derminga.de\/wp-content\/uploads\/2024\/04\/Schaeferbierkoenigin-1992-700x461.png\" alt=\"\" class=\"wp-image-17225\" srcset=\"https:\/\/echta-derminga.de\/wp-content\/uploads\/2024\/04\/Schaeferbierkoenigin-1992-700x461.png 700w, https:\/\/echta-derminga.de\/wp-content\/uploads\/2024\/04\/Schaeferbierkoenigin-1992-300x197.png 300w, https:\/\/echta-derminga.de\/wp-content\/uploads\/2024\/04\/Schaeferbierkoenigin-1992-768x505.png 768w, https:\/\/echta-derminga.de\/wp-content\/uploads\/2024\/04\/Schaeferbierkoenigin-1992.png 810w\" sizes=\"auto, (max-width: 700px) 100vw, 700px\" \/><\/figure>\n<\/div>\n\n\n<p class=\"has-medium-font-size wp-block-paragraph\"><strong>Nach der Schlie\u00dfung der Brauerei wurde aus der \u201eSch\u00e4fer-Bier-K\u00f6nigin\u201c kurzum eine \u201eSaarl\u00e4ndische Bierk\u00f6nigin\u201c gemacht. Ein gesondertes Organisationsteam k\u00fcmmerte sich um die Durchf\u00fchrung dieser &#8220; Misswahlen&#8220;. Austragungsort blieb das j\u00e4hrlich Dirminger Volksfest auf dem Festplatz im Br\u00fchl. Im Jahre 1992 errang Birgit Geib den begehrten ersten Titel zur Saarl\u00e4ndischen Bierk\u00f6nigin. Im Jahre 1994 wurde Isabel Schmitt zur neuen Saarl\u00e4ndischen Bierk\u00f6nigin gew\u00e4hlt. F\u00fcr die heutige Hamburgerin, die geb\u00fcrtig aus Schmelz stammt, wurde diese Wahl zum Sprungbrett ihrer Karriere. Durch die Wahl zur Bierk\u00f6nigin begann f\u00fcr Isabell Schmitt die Karriere zum hauptberuflich Model. Noch heute ist die Saarl\u00e4nderin in verschiedenen TV-Werbespots zu sehen. Im Jahre 1995 fand die letzte Wahl zur Bierk\u00f6nigin statt. Zur letzten Saarl\u00e4ndische Bierk\u00f6nigin wurde Marion Heindl aus St. Wendel gew\u00e4hlt.<\/strong><\/p>\n\n\n<div class=\"wp-block-image\">\n<figure class=\"aligncenter size-large\"><img loading=\"lazy\" decoding=\"async\" width=\"644\" height=\"500\" src=\"https:\/\/echta-derminga.de\/wp-content\/uploads\/2018\/07\/dirmingen687-644x500.jpg\" alt=\"\" class=\"wp-image-1668\" srcset=\"https:\/\/echta-derminga.de\/wp-content\/uploads\/2018\/07\/dirmingen687-644x500.jpg 644w, https:\/\/echta-derminga.de\/wp-content\/uploads\/2018\/07\/dirmingen687-300x233.jpg 300w, https:\/\/echta-derminga.de\/wp-content\/uploads\/2018\/07\/dirmingen687-768x596.jpg 768w, https:\/\/echta-derminga.de\/wp-content\/uploads\/2018\/07\/dirmingen687.jpg 800w\" sizes=\"auto, (max-width: 644px) 100vw, 644px\" \/><\/figure>\n<\/div>\n\n\n<p class=\"has-medium-font-size wp-block-paragraph\">In Dirmingen ist man noch heute besonders stolz auf die Wahl der ersten &#8222;Sch\u00e4fer-Bier-K\u00f6nigin&#8220;. Die Freude dar\u00fcber, dass mit Tanja Latz ausgerechnet ein &#8222;Derminga M\u00e4\u00e4re&#8220; zur ersten &#8222;Sch\u00e4fer-Bier-K\u00f6nigin&#8220; gew\u00e4hlt wurde, war im ganzen Dorf riesengro\u00df. Dabei waren die Chancen auf eine Dirminger Bierk\u00f6nigin gar nicht mal so schlecht. Immerhin nahmen zahlreiche h\u00fcbsche M\u00e4dchen aus unserem Dorf an den beliebten Wahlveranstaltungen teil. Das damalige \u201eDirminger Volksfest\u201c wurde durch die Wahl der Bierk\u00f6nigin definitiv aufgewertet. Schade, dass es unserer Sch\u00e4fer Brauerei nicht den gew\u00fcnschten Aufschwung brachte.<\/p>\n\n\n<div class=\"wp-block-image\">\n<figure class=\"aligncenter size-large\"><img loading=\"lazy\" decoding=\"async\" width=\"700\" height=\"537\" src=\"https:\/\/echta-derminga.de\/wp-content\/uploads\/2024\/04\/Schaeferbierkoenigin-1993_1-700x537.png\" alt=\"\" class=\"wp-image-17226\" srcset=\"https:\/\/echta-derminga.de\/wp-content\/uploads\/2024\/04\/Schaeferbierkoenigin-1993_1-700x537.png 700w, https:\/\/echta-derminga.de\/wp-content\/uploads\/2024\/04\/Schaeferbierkoenigin-1993_1-300x230.png 300w, https:\/\/echta-derminga.de\/wp-content\/uploads\/2024\/04\/Schaeferbierkoenigin-1993_1-768x589.png 768w, https:\/\/echta-derminga.de\/wp-content\/uploads\/2024\/04\/Schaeferbierkoenigin-1993_1.png 940w\" sizes=\"auto, (max-width: 700px) 100vw, 700px\" \/><\/figure>\n<\/div>\n\n\n<p class=\"has-medium-font-size wp-block-paragraph\"><strong>Bis auf einige sch\u00f6ne Erinnerungsfotos ist leider nicht viel von dieser glamour\u00f6sen Veranstaltung geblieben. Irgendwie schade, orra ? Vielleicht kamen diese Misswahlen f\u00fcr die hiesige Sch\u00e4fer Brauerei einfach zu sp\u00e4t.<\/strong> <strong>Heute erinnert nicht mehr viel an die Brauerei in der Dirminger Ortsmitte.<\/strong> <strong>Eine gro\u00dfe klaffende Wunde ziert immer noch unsere Ortsmitte. Immer wenn man daran vorbeigeht, hat man das Gef\u00fchl, dass irgendetwas fehlt.<\/strong> <strong>Die Zeiten \u00e4ndern sich und mittlerweile wachsen die ersten Generationen heran, die sich \u00fcberhaupt nicht mehr an die Brauerei erinnern k\u00f6nnen.<\/strong> <strong>Was bleibt ist die Erinnerung an eine sch\u00f6ne Veranstaltung im &#8222;Derminga D\u00f6rfche&#8220; <\/strong><\/p>\n\n\n<div class=\"wp-block-image\">\n<figure class=\"aligncenter size-large\"><img loading=\"lazy\" decoding=\"async\" width=\"700\" height=\"538\" src=\"https:\/\/echta-derminga.de\/wp-content\/uploads\/2024\/04\/Schaefer-2-700x538.jpg\" alt=\"\" class=\"wp-image-17230\" srcset=\"https:\/\/echta-derminga.de\/wp-content\/uploads\/2024\/04\/Schaefer-2-700x538.jpg 700w, https:\/\/echta-derminga.de\/wp-content\/uploads\/2024\/04\/Schaefer-2-300x231.jpg 300w, https:\/\/echta-derminga.de\/wp-content\/uploads\/2024\/04\/Schaefer-2-768x591.jpg 768w, https:\/\/echta-derminga.de\/wp-content\/uploads\/2024\/04\/Schaefer-2.jpg 1248w\" sizes=\"auto, (max-width: 700px) 100vw, 700px\" \/><\/figure>\n<\/div>","protected":false},"excerpt":{"rendered":"<p>Die Sch\u00e4fer Bier Brauerei pr\u00e4gte \u00fcber 112 Jahre das Ortsbild unseres Heimatortes Dirmingen. Gegen Ende der 1980-er Jahre hatte die Sch\u00e4fer-Brauerei erheblich mit Absatzverlusten zu k\u00e4mpfen. Das Unternehmen litt stark unter dem Konkurrenzdruck der gro\u00dfen regionalen Brauereien. Im Jahre 1992 schloss die Sch\u00e4fer Brauerei f\u00fcr immer ihre Pforten. Ein gro\u00dfer Verlust f\u00fcr Dirmingen und die damit verbundene Infrastruktur. Unmittelbar vor<\/p>\n","protected":false},"author":1,"featured_media":1668,"comment_status":"open","ping_status":"closed","sticky":false,"template":"","format":"standard","meta":{"_crdt_document":"","footnotes":""},"categories":[1,9,8],"tags":[5,618,127,310,1135,1134,431],"class_list":["post-16975","post","type-post","status-publish","format-standard","has-post-thumbnail","hentry","category-allgemein","category-dorfgetratsche","category-sellemols-und-awweile","tag-dirmingen","tag-gemeinde-eppelborn","tag-landkreis-neunkirchen","tag-saarland","tag-saarlaendische-bierkoenigiin","tag-schaefer-bier-koenigin-2","tag-schaefer-brauerei-2"],"_links":{"self":[{"href":"https:\/\/echta-derminga.de\/index.php?rest_route=\/wp\/v2\/posts\/16975","targetHints":{"allow":["GET"]}}],"collection":[{"href":"https:\/\/echta-derminga.de\/index.php?rest_route=\/wp\/v2\/posts"}],"about":[{"href":"https:\/\/echta-derminga.de\/index.php?rest_route=\/wp\/v2\/types\/post"}],"author":[{"embeddable":true,"href":"https:\/\/echta-derminga.de\/index.php?rest_route=\/wp\/v2\/users\/1"}],"replies":[{"embeddable":true,"href":"https:\/\/echta-derminga.de\/index.php?rest_route=%2Fwp%2Fv2%2Fcomments&post=16975"}],"version-history":[{"count":13,"href":"https:\/\/echta-derminga.de\/index.php?rest_route=\/wp\/v2\/posts\/16975\/revisions"}],"predecessor-version":[{"id":17234,"href":"https:\/\/echta-derminga.de\/index.php?rest_route=\/wp\/v2\/posts\/16975\/revisions\/17234"}],"wp:featuredmedia":[{"embeddable":true,"href":"https:\/\/echta-derminga.de\/index.php?rest_route=\/wp\/v2\/media\/1668"}],"wp:attachment":[{"href":"https:\/\/echta-derminga.de\/index.php?rest_route=%2Fwp%2Fv2%2Fmedia&parent=16975"}],"wp:term":[{"taxonomy":"category","embeddable":true,"href":"https:\/\/echta-derminga.de\/index.php?rest_route=%2Fwp%2Fv2%2Fcategories&post=16975"},{"taxonomy":"post_tag","embeddable":true,"href":"https:\/\/echta-derminga.de\/index.php?rest_route=%2Fwp%2Fv2%2Ftags&post=16975"}],"curies":[{"name":"wp","href":"https:\/\/api.w.org\/{rel}","templated":true}]}}