{"id":16979,"date":"2024-03-14T12:04:38","date_gmt":"2024-03-14T11:04:38","guid":{"rendered":"https:\/\/echta-derminga.de\/?p=16979"},"modified":"2024-03-14T12:15:01","modified_gmt":"2024-03-14T11:15:01","slug":"kommunalwahlen-2024-was-ist-ein-ortsvorsteher-und-was-macht-eigentlich-der-orts-oder-gemeinderat","status":"publish","type":"post","link":"https:\/\/echta-derminga.de\/?p=16979","title":{"rendered":"Kommunalwahlen 2024 &#8211; Was ist ein Ortsvorsteher und was macht eigentlich der Orts-oder Gemeinderat ?"},"content":{"rendered":"\n<p class=\"has-medium-font-size wp-block-paragraph\"><strong>Mit Blick auf die bevorstehenden Kommunalwahlen am 09. Juni 2024 habe ich mir Gedanken \u00fcber den Stellenwert der Kommunalpolitik gemacht. Nach vielen intensiven Gespr\u00e4chen habe ich den Eindruck gewonnen, dass viele Menschen \u00fcberhaupt nicht wissen wer bei diesen Wahlen gew\u00e4hlt wird und welche Aufgaben damit verbunden sind. Viele Menschen haben kein oder ein schlechtes Bild von ihren Orts-oder Gemeinderatsmitgliedern. Information ist immer mit einer gewissen Bring- oder Holschuld verbunden. Wenn man m\u00f6chte, dass die Menschen den Gang zur Wahlurne beschreiten, muss man Sie auch mitnehmen und informieren. Auf der anderen Seite vers\u00e4umen es viele B\u00fcrgerinnen und der B\u00fcrger die notwendigen Informationen zu den bevorstehenden Europa-und Kommunalwahlen abzurufen. Quo vadis Kommunalpolitik !<\/strong><\/p>\n\n\n\n<p class=\"has-medium-font-size wp-block-paragraph\">Was macht eigentlich ein Ortsvorsteher? Die Aufgabe eines Ortsvorstehers ist es,&nbsp;die W\u00fcnsche und Anliegen der Einwohner des Ortsteiles gegen\u00fcber dem Rat und der Verwaltung zu vertreten. Der Ortsvorsteher\/in ist dazu berechtigt und verpflichtet diese Anliegen, Anregungen und Beschwerden aufzugreifen und diese der Verwaltung oder dem B\u00fcrgermeister\/in weiterzuleiten. Der Ortsvorsteher\/in ist der Vertreter eines stadt- bzw. gemeindezugeh\u00f6rigen Ortes. Der Ortsrat w\u00e4hlt nach den Kommunalwahlen, in der Regel mit den Stimmen der Mehrheitsfraktion, den Ortsvorsteher\/in aus seinen Reihen. Der Ortsvorsteher\/in vertritt als Ehrenbeamter die Interessen seines Ortes gegen\u00fcber der Gemeinde bzw. der Stadt. Er ist in seiner Rechtsstellung ehrenamtlicher Beigeordneter. Der Ortsvorsteher ist ausdr\u00fccklich berechtigt, an allen Sitzungen des Gemeinde- bzw. Stadtrates und deren Aussch\u00fcssen teilzunehmen, auch wenn sie nicht \u00f6ffentlich sind. Diese Gremien sind verpflichtet, dem Ortsvorsteher zu Angelegenheiten, die seinen Gemeindebezirk betreffen, das Rederecht zu erteilen und ihm n\u00e4here Ausk\u00fcnfte zu geben. Der Ortsvorsteher ist befugt, Antr\u00e4ge entgegenzunehmen sowie amtliche Beglaubigungen und Lebensbescheinigungen auszustellen. Die Gemeinde kann dem Ortsvorsteher durch Satzung weitere Aufgaben \u00fcbertragen. Dar\u00fcber hinaus kann der Ortsvorsteher im Auftrag des B\u00fcrgermeisters weitere Verwaltungsangelegenheiten oder repr\u00e4sentative Aufgaben wahrnehmen. Der B\u00fcrgermeister ist in seiner Eigenschaft als&nbsp;Dienstvorgesetzter&nbsp;gegen\u00fcber dem Ortsvorsteher&nbsp;weisungsberechtigt&nbsp;(vgl. \u00a7 59 Abs. 5 saarl. KSVG &#8211; Quelle Wikipedia).<\/p>\n\n\n\n<p class=\"has-medium-font-size wp-block-paragraph\"><strong>Der Ortsvorsteher hat also nicht nur die Aufgabe repr\u00e4sentative Termine wahrzunehmen und bei Vereinsfesten oder Geburtstagsfeiern zu gl\u00e4nzen. Das Amt ist mit viel ehrenamtlichen Engagement verbunden. Ortsvorsteher\/innen sind wichtige Ansprechpartner und zugleich Kontaktpersonen zwischen den Einwohnern des Ortes und der Verwaltung. Dabei m\u00fcssen Ortsvorsteher\/innen ihre Aufgaben ehrenamtlich und in ihrer Freizeit wahrnehmen. Das Amt des Ortsvorstehers ist also kein Beruf im herk\u00f6mmlichen Sinn und somit auch keine hauptamtliche T\u00e4tigkeit. <\/strong><\/p>\n\n\n\n<p class=\"has-medium-font-size wp-block-paragraph\">Orts- oder Gemeinderatsmitglieder m\u00fcssen in dem Ort wohnen, f\u00fcr den Sie gew\u00e4hlt werden. F\u00fcr die Wahl eines Ortsvorsteher\/in muss man nicht zwingend einer Partei angeh\u00f6ren. In aller Regel h\u00e4lt sich der Ortsrat bei der Wahl der Ortsvorsteher\/in an die Stimmenverh\u00e4ltnisse der Parteien nach einer vorausgegangenen Kommunalwahl. Die W\u00e4hlerinnen und W\u00e4hler geben also mit ihrer Stimme bei den Kommunalwahlen das Votum f\u00fcr den Ortsrat ab. Die daraus entstehende Mehrheitsfraktion w\u00e4hlt den neuen Ortsvorsteher\/in. Das bedeutet: Die Partei, die bei der Wahl des Ortsrates in der jeweiligen Ortschaft die meisten Stimmen erhalten hat, benennt den Kandidaten, der anschlie\u00dfend vom Rat gew\u00e4hlt wird. Der Ortsvorsteher\/in wird nach seiner Wahl vereidigt und hat gegen\u00fcber den Menschen seines Heimatortes eine besondere Verantwortung.<\/p>\n\n\n\n<p class=\"has-medium-font-size wp-block-paragraph\"><strong>Der&nbsp;Ortsrat&nbsp;muss zu allen wichtigen Entscheidungen, die den Ort betreffen rechtzeitig geh\u00f6rt werden und kann zu allen Punkten, die die Ortschaft betreffen Vorschl\u00e4ge machen, Anregungen und Antr\u00e4ge einreichen. Leider wird der Ortsrat in den meisten F\u00e4llen nur angeh\u00f6rt. Die Entscheidungsgewalt des Ortsrates ist ungleich niedriger als die des Gemeinderates. Einzig bei ortsbildpr\u00e4genden Ma\u00dfnahmen und Angelegenheiten die den Friedhof betreffen hat der Ortsrat eine h\u00f6here Entscheidungsgewalt. Ansonsten wird der Ortsrat wie bereits erw\u00e4hnt vor den Entscheidungen des Gemeinderates mit einbezogen und um ein Votum gebeten. Die Ortsratsmitglieder werden w\u00e4hrend einer konstituierenden Sitzung vom B\u00fcrgermeister verpflichtet und sind ebenfalls an eine Treuepflicht gebunden. <\/strong><\/p>\n\n\n\n<p class=\"has-medium-font-size wp-block-paragraph\">Der&nbsp;Gemeinderat<strong>&nbsp;<\/strong>beschlie\u00dft \u00fcber alle Selbstverwaltungsangelegenheiten der Gemeinde, soweit sie nicht der B\u00fcrgermeisterin oder dem B\u00fcrgermeister , einem Ausschuss, oder einem Ortsrat \u00fcbertragen sind. Der Gemeinderat \u00fcberwacht den B\u00fcrgermeister\/in und die Gemeindeverwaltung, insbesondere die Ausf\u00fchrung seiner Beschl\u00fcsse. Die Dienstaufsicht \u00fcber die Bediensteten der Gemeinde obliegt jedoch dem B\u00fcrgermeister. Das Ausma\u00df der Zust\u00e4ndigkeit legt der Gemeinderat in seiner Gesch\u00e4ftsordnung fest. Die Mitglieder des Gemeinderats haben die ihnen obliegenden Pflichten gewissenhaft zu erf\u00fcllen und insbesondere an den Sitzungen des Gemeinderats teilzunehmen. Ein Gemeinderatsmitglied wird bei der konstituierenden Sitzung verpflichtet und hat gegen\u00fcber der Gemeindeverwaltung eine besondere Treuepflicht und ist in gegebenen F\u00e4llen der Verschwiegenheit verpflichtet. <\/p>\n\n\n\n<p class=\"has-text-align-center has-medium-font-size wp-block-paragraph\"><strong>Gesch\u00e4ftsordnung der Orts-und Gemeinder\u00e4te in der Gemeinde Eppelborn ( Quelle Homepage Gemeinde Eppelborn)<\/strong><\/p>\n\n\n\n<div data-wp-interactive=\"core\/file\" class=\"wp-block-file\"><object data-wp-bind--hidden=\"!state.hasPdfPreview\" hidden class=\"wp-block-file__embed\" data=\"https:\/\/echta-derminga.de\/wp-content\/uploads\/2024\/03\/Geschaeftsordnung_Aenderung_2024_142.pdf\" type=\"application\/pdf\" style=\"width:100%;height:600px\" aria-label=\"Einbettung von Geschaeftsordnung_Aenderung_2024_142.\"><\/object><a id=\"wp-block-file--media-7e5e9982-767d-4609-8cf7-5e1d6ecc0440\" href=\"https:\/\/echta-derminga.de\/wp-content\/uploads\/2024\/03\/Geschaeftsordnung_Aenderung_2024_142.pdf\">Geschaeftsordnung_Aenderung_2024_142<\/a><a href=\"https:\/\/echta-derminga.de\/wp-content\/uploads\/2024\/03\/Geschaeftsordnung_Aenderung_2024_142.pdf\" class=\"wp-block-file__button wp-element-button\" download aria-describedby=\"wp-block-file--media-7e5e9982-767d-4609-8cf7-5e1d6ecc0440\">Herunterladen<\/a><\/div>\n\n\n\n<p class=\"has-medium-font-size wp-block-paragraph\"><strong>Grunds\u00e4tzlich werden kommunale Ehren\u00e4mter von DEINEN Nachbarn, Landsleuten, Vereinskollegen oder Mitb\u00fcrgerinnen und Mitb\u00fcrgern \u00fcbernommen. Jeder kann ein solches Amt anstreben. Daf\u00fcr bedarf es grunds\u00e4tzlich keiner Mitgliedschaft in einer Partei. Ein kommunales Ehrenamt oder eine Mitgliedschaft in einem Orts-oder Gemeinderat bringt viel Verantwortung mit sich und nimmt viel Freizeit in Anspruch. In den letzten Jahren ist der Respekt gegen\u00fcber diesen Ehren\u00e4mtern rapide zur\u00fcckgegangen. Besonders in den sozialen Medien kommen unsere kommunalpolitischen Vertreter schlecht weg und werden allzu oft f\u00fcr Dinge verantwortlich gemacht, die nicht in ihren H\u00e4nden liegen.<\/strong> <strong>Viele Parteien bekommen zusehends Probleme ihre Listen mit interessierten Leuten zu besetzten. Ergo leidet am Ende auch die Bev\u00f6lkerung unter dem Mangel an geeigneten Kommunalpolitikern.<\/strong> <strong>Das Zauberwort lautet: RESPEKT ! Kommunalpolitiker d\u00fcrfen nie vergessen f\u00fcr was sie gew\u00e4hlt wurden und welche Verpflichtung sie eingegangen sind. Der W\u00e4hler und die W\u00e4hlerin hingegen sollten nicht vergessen, dass es sich bei einem kommunalpolitischen Amt um ein zeitaufw\u00e4ndiges Ehrenamt mit viel Verantwortung handelt. Kein Ratsmitglied trifft eine folgenschwere Entscheidung nur um den N\u00e4chsten zu \u00e4rgern.<\/strong> <strong>Viel zu oft wird unseren Volksvertretern Machtgier, Korruption und Selbstverwirklichung vorgeworfen. Nat\u00fcrlich gibt es \u00fcberall schwarze Schafe. Unsere<\/strong> <strong>Kommunalpolitiker sind jedoch viel besser, als der Ruf ist der ihnen vorauseilt. Das Amt bringt viele schlaflose N\u00e4chte und private Entbehrungen mit sich. Dabei verliert der ein oder andere Kommunalpolitiker schon mal seine Basis &#8211; und b\u00fcrgern\u00e4he. Dies wiederum bringt so manchen Zeitgenossen zur Verzweiflung. Fakt ist: Die Menschen brauchen kompetente Ansprechpartner die zuh\u00f6ren und die ihnen vorgetragenen Anliegen weiterleiten.<\/strong> <strong>Respektvoller Umgang sollte immer in beide Richtungen gehen !<\/strong><\/p>\n\n\n\n<p class=\"has-medium-font-size wp-block-paragraph\">Ein Indianisches Sprichwort sagt: \u201e<strong>Gehe hundert Schritte in den Schuhen eines anderen, wenn Du ihn verstehen willst<\/strong>\u201c<\/p>\n\n\n<div class=\"wp-block-image\">\n<figure class=\"aligncenter size-large\"><img loading=\"lazy\" decoding=\"async\" width=\"700\" height=\"739\" src=\"https:\/\/echta-derminga.de\/wp-content\/uploads\/2024\/03\/DSC00843B-700x739.jpg\" alt=\"\" class=\"wp-image-17004\" srcset=\"https:\/\/echta-derminga.de\/wp-content\/uploads\/2024\/03\/DSC00843B-700x739.jpg 700w, https:\/\/echta-derminga.de\/wp-content\/uploads\/2024\/03\/DSC00843B-284x300.jpg 284w, https:\/\/echta-derminga.de\/wp-content\/uploads\/2024\/03\/DSC00843B-768x811.jpg 768w, https:\/\/echta-derminga.de\/wp-content\/uploads\/2024\/03\/DSC00843B-1455x1536.jpg 1455w, https:\/\/echta-derminga.de\/wp-content\/uploads\/2024\/03\/DSC00843B-1940x2048.jpg 1940w, https:\/\/echta-derminga.de\/wp-content\/uploads\/2024\/03\/DSC00843B.jpg 2000w\" sizes=\"auto, (max-width: 700px) 100vw, 700px\" \/><\/figure>\n<\/div>","protected":false},"excerpt":{"rendered":"<p>Mit Blick auf die bevorstehenden Kommunalwahlen am 09. Juni 2024 habe ich mir Gedanken \u00fcber den Stellenwert der Kommunalpolitik gemacht. Nach vielen intensiven Gespr\u00e4chen habe ich den Eindruck gewonnen, dass viele Menschen \u00fcberhaupt nicht wissen wer bei diesen Wahlen gew\u00e4hlt wird und welche Aufgaben damit verbunden sind. Viele Menschen haben kein oder ein schlechtes Bild von ihren Orts-oder Gemeinderatsmitgliedern. Information<\/p>\n","protected":false},"author":1,"featured_media":17003,"comment_status":"closed","ping_status":"closed","sticky":false,"template":"","format":"standard","meta":{"_crdt_document":"","footnotes":""},"categories":[1,9,902,46],"tags":[1118,5,1119,618,1117,127,310],"class_list":["post-16979","post","type-post","status-publish","format-standard","has-post-thumbnail","hentry","category-allgemein","category-dorfgetratsche","category-meine-meinung","category-meine-politik","tag-09-mai-2024","tag-dirmingen","tag-europa-und-kommunalwahlen","tag-gemeinde-eppelborn","tag-kommunalwahlen-2024","tag-landkreis-neunkirchen","tag-saarland"],"_links":{"self":[{"href":"https:\/\/echta-derminga.de\/index.php?rest_route=\/wp\/v2\/posts\/16979","targetHints":{"allow":["GET"]}}],"collection":[{"href":"https:\/\/echta-derminga.de\/index.php?rest_route=\/wp\/v2\/posts"}],"about":[{"href":"https:\/\/echta-derminga.de\/index.php?rest_route=\/wp\/v2\/types\/post"}],"author":[{"embeddable":true,"href":"https:\/\/echta-derminga.de\/index.php?rest_route=\/wp\/v2\/users\/1"}],"replies":[{"embeddable":true,"href":"https:\/\/echta-derminga.de\/index.php?rest_route=%2Fwp%2Fv2%2Fcomments&post=16979"}],"version-history":[{"count":19,"href":"https:\/\/echta-derminga.de\/index.php?rest_route=\/wp\/v2\/posts\/16979\/revisions"}],"predecessor-version":[{"id":17018,"href":"https:\/\/echta-derminga.de\/index.php?rest_route=\/wp\/v2\/posts\/16979\/revisions\/17018"}],"wp:featuredmedia":[{"embeddable":true,"href":"https:\/\/echta-derminga.de\/index.php?rest_route=\/wp\/v2\/media\/17003"}],"wp:attachment":[{"href":"https:\/\/echta-derminga.de\/index.php?rest_route=%2Fwp%2Fv2%2Fmedia&parent=16979"}],"wp:term":[{"taxonomy":"category","embeddable":true,"href":"https:\/\/echta-derminga.de\/index.php?rest_route=%2Fwp%2Fv2%2Fcategories&post=16979"},{"taxonomy":"post_tag","embeddable":true,"href":"https:\/\/echta-derminga.de\/index.php?rest_route=%2Fwp%2Fv2%2Ftags&post=16979"}],"curies":[{"name":"wp","href":"https:\/\/api.w.org\/{rel}","templated":true}]}}