{"id":17019,"date":"2024-03-20T15:35:20","date_gmt":"2024-03-20T14:35:20","guid":{"rendered":"https:\/\/echta-derminga.de\/?p=17019"},"modified":"2024-03-20T15:50:27","modified_gmt":"2024-03-20T14:50:27","slug":"in-sachen-ortsvorsteher-von-einem-fruehjahrsputz-einer-grossen-baustelle-einer-vorankuendigung-moeglichen-baumbestattungen-und-einem-frohen-osterfest","status":"publish","type":"post","link":"https:\/\/echta-derminga.de\/?p=17019","title":{"rendered":"In Sachen Ortsvorsteher: Von einem Fr\u00fchjahrsputz, einer gro\u00dfen Baustelle, einer Vorank\u00fcndigung, m\u00f6glichen Baumbestattungen und einem frohen Osterfest"},"content":{"rendered":"\n<p class=\"has-medium-font-size wp-block-paragraph\"><strong>Mit dem Fr\u00fchling r\u00fcckt das Osterfest in den Mittelpunkt. Inzwischen ist es gute Tradition, dass einige gute Geister und ehrenamtliche Mitstreiter unsere Natur der Jahreszeit entsprechend versch\u00f6nern und schm\u00fccken. Danke an alle die sich die Arbeit und M\u00fche machen unser Dorfleben zu bereichern. Ostern<\/strong> <strong>ist der h\u00f6chste Feiertag im Kirchenjahr: An Ostern feiern Christen die Auferstehung von Jesus Christus. Unsere beiden Kirchengemeinden werden an dem Osterwochenende ein vielf\u00e4ltiges Angebot an Messen und Gottesdiensten anbieten. Viele Menschen nutzen Ostern um Zeit mit ihrer Familie zu verbringen. Ostern ist ein sehr traditionsreiches Fest. Unsere Kinder freuen sich auf den Osterhasen, der als Symbol f\u00fcr den Fr\u00fchling durch unsere Natur huscht und die Familien kommen wieder zusammen. Ich w\u00fcnsche Ihnen und ihren Familien ein sch\u00f6nes, gesegnetes Osterfest.<\/strong><\/p>\n\n\n<div class=\"wp-block-image\">\n<figure class=\"aligncenter size-large\"><img loading=\"lazy\" decoding=\"async\" width=\"700\" height=\"394\" src=\"https:\/\/echta-derminga.de\/wp-content\/uploads\/2024\/03\/Saar-SPD-Ostern-700x394.jpg\" alt=\"\" class=\"wp-image-17056\" srcset=\"https:\/\/echta-derminga.de\/wp-content\/uploads\/2024\/03\/Saar-SPD-Ostern-700x394.jpg 700w, https:\/\/echta-derminga.de\/wp-content\/uploads\/2024\/03\/Saar-SPD-Ostern-300x169.jpg 300w, https:\/\/echta-derminga.de\/wp-content\/uploads\/2024\/03\/Saar-SPD-Ostern-768x432.jpg 768w, https:\/\/echta-derminga.de\/wp-content\/uploads\/2024\/03\/Saar-SPD-Ostern-1536x864.jpg 1536w, https:\/\/echta-derminga.de\/wp-content\/uploads\/2024\/03\/Saar-SPD-Ostern.jpg 1920w\" sizes=\"auto, (max-width: 700px) 100vw, 700px\" \/><\/figure>\n<\/div>\n\n\n<p class=\"has-medium-font-size wp-block-paragraph\"><strong>Ostern in unseren beiden Kirchengemeinden<\/strong><\/p>\n\n\n\n<p class=\"has-medium-font-size wp-block-paragraph\">Die katholische Pfarreiengemeinschaft Eppelborn- Dirmingen und auch die Evangelische Kirchengemeinde St. Wendel- Illtal bieten zum Osterfest viele verschiedene Gottesdienste an. Die Katholische Pfarreiengemeinschaft Eppelborn- Dirmingen feiert am Gr\u00fcndonnerstag, 28.03. um 18:00 Uhr &#8222;Messe vom letzten Abendmahl&#8220;, am Karfreitag 29.03. um 15:00 Uhr &#8222;Feier vom Leiden Jesu Christi&#8220;, am Samstag, 30.03. um 21:00 Uhr Osternachtsfeier und Ostermontag 01.04. um 11:00 Uhr Hochamt. Alle Messen werden in unserer katholischen Pfarrkirche St. Wendalinus durchgef\u00fchrt. Die Evangelische Kirchengemeinde St. Wendel-Illtal feiert am Karfreitag, 29.03 um 15:00 Uhr Abendmahl mit Kirchenchor in der evangelischen Kirche Dirmingen, um 16:00 Uhr Abendmahl f\u00fcr Menschen mit eingeschr\u00e4nkter Mobilit\u00e4t in der B\u00fccherei in Dirmingen und am Ostersonntag, 31.03. um, 06:00 Uhr Ostermorgenfeier mit Fr\u00fchst\u00fcck in der Evangelischen Kirche in Dirmingen. Zus\u00e4tzlich finden weitere Ostergottesdienste der Evangelischen Kirchengemeinde St. Wendel- Illtal in Uchtelfangen, St. Wendel und Oberlinxweiler statt. Herzliche Einladung an alle die sich angesprochen f\u00fchlen. <strong>Die katholische Pfarreiengemeinschaft Eppelborn- Dirmingen wird in diesem Jahr auch wieder ihre &#8222;Klepperaktion&#8220; durchf\u00fchren. Diesmal werden die Messdienerinnen und Messdiener f\u00fcr diese traditionsreiche Osterkation durch die Stra\u00dfen ziehen. Alle Kommunionkinder sind herzlich eingeladen sich der Tradition anzuschlie\u00dfen.<\/strong><\/p>\n\n\n\n<div class=\"wp-block-columns is-layout-flex wp-container-core-columns-is-layout-8f761849 wp-block-columns-is-layout-flex\">\n<div class=\"wp-block-column is-layout-flow wp-block-column-is-layout-flow\">\n<figure class=\"wp-block-image size-large\"><img loading=\"lazy\" decoding=\"async\" width=\"644\" height=\"429\" src=\"https:\/\/echta-derminga.de\/wp-content\/uploads\/2018\/03\/P1000135_1-644x429.jpg\" alt=\"\" class=\"wp-image-936\" srcset=\"https:\/\/echta-derminga.de\/wp-content\/uploads\/2018\/03\/P1000135_1-644x429.jpg 644w, https:\/\/echta-derminga.de\/wp-content\/uploads\/2018\/03\/P1000135_1-300x200.jpg 300w, https:\/\/echta-derminga.de\/wp-content\/uploads\/2018\/03\/P1000135_1-768x512.jpg 768w, https:\/\/echta-derminga.de\/wp-content\/uploads\/2018\/03\/P1000135_1.jpg 800w\" sizes=\"auto, (max-width: 644px) 100vw, 644px\" \/><\/figure>\n<\/div>\n\n\n\n<div class=\"wp-block-column is-layout-flow wp-block-column-is-layout-flow\">\n<figure class=\"wp-block-image size-large\"><img loading=\"lazy\" decoding=\"async\" width=\"644\" height=\"429\" src=\"https:\/\/echta-derminga.de\/wp-content\/uploads\/2018\/03\/22181190_363082380771389_1511087533862486061_o-644x429.jpg\" alt=\"\" class=\"wp-image-937\" srcset=\"https:\/\/echta-derminga.de\/wp-content\/uploads\/2018\/03\/22181190_363082380771389_1511087533862486061_o-644x429.jpg 644w, https:\/\/echta-derminga.de\/wp-content\/uploads\/2018\/03\/22181190_363082380771389_1511087533862486061_o-300x200.jpg 300w, https:\/\/echta-derminga.de\/wp-content\/uploads\/2018\/03\/22181190_363082380771389_1511087533862486061_o-768x512.jpg 768w, https:\/\/echta-derminga.de\/wp-content\/uploads\/2018\/03\/22181190_363082380771389_1511087533862486061_o.jpg 800w\" sizes=\"auto, (max-width: 644px) 100vw, 644px\" \/><\/figure>\n<\/div>\n<\/div>\n\n\n\n<p class=\"has-medium-font-size wp-block-paragraph\"><strong>Munterer Fr\u00fchjahrsputz beim &#8222;saarland picobello&#8220;2024<\/strong><\/p>\n\n\n\n<p class=\"has-medium-font-size wp-block-paragraph\">Jedes Jahr veranstaltet der Entsorgungsverband Saar gemeinsam mit den Gemeinden im Saarland und den \u00f6rtlichen Vereinen und Organisationen eine M\u00fcllsammelaktion. Leider hat sich die Teilnehmerzahl in den letzten Jahren massiv zur\u00fcckentwickelt. Schade, immerhin f\u00f6rdert dieser wichtige Arbeitseinsatz das Verh\u00e4ltnis der Stadt- oder Dorfbewohner zu ihrer Heimat. In Dirmingen beteiligten sich immerhin noch \u00fcber 20 B\u00fcrgerinnen und B\u00fcrger an der diesj\u00e4hrigen &#8222;picobello- Aktion&#8220;. Gemeinsam wurden Schulh\u00f6fe, Stra\u00dfen, Waldr\u00e4nder, Wiesen, Spielpl\u00e4tze und kommunale Einrichtungen von M\u00fcll und Unrat befreit. Nach dem Arbeitseinsatz hatte ich alle Teilnehmerinnen und Teilnehmer zu einem kleinen Imbiss und einigen k\u00fchlen Getr\u00e4nken in das Ortsvorsteherb\u00fcro eingeladen. Vielen lieben Dank an alle die mitgemacht und angepackt haben. Auch das ist gelebte Dorfgemeinschaft !<\/p>\n\n\n\n<div class=\"wp-block-columns is-layout-flex wp-container-core-columns-is-layout-8f761849 wp-block-columns-is-layout-flex\">\n<div class=\"wp-block-column is-layout-flow wp-block-column-is-layout-flow\">\n<figure class=\"wp-block-image size-large\"><img loading=\"lazy\" decoding=\"async\" width=\"700\" height=\"434\" src=\"https:\/\/echta-derminga.de\/wp-content\/uploads\/2024\/03\/20240316_124100-700x434.jpg\" alt=\"\" class=\"wp-image-17075\" srcset=\"https:\/\/echta-derminga.de\/wp-content\/uploads\/2024\/03\/20240316_124100-700x434.jpg 700w, https:\/\/echta-derminga.de\/wp-content\/uploads\/2024\/03\/20240316_124100-300x186.jpg 300w, https:\/\/echta-derminga.de\/wp-content\/uploads\/2024\/03\/20240316_124100-768x476.jpg 768w, https:\/\/echta-derminga.de\/wp-content\/uploads\/2024\/03\/20240316_124100-1536x951.jpg 1536w, https:\/\/echta-derminga.de\/wp-content\/uploads\/2024\/03\/20240316_124100-2048x1269.jpg 2048w\" sizes=\"auto, (max-width: 700px) 100vw, 700px\" \/><\/figure>\n<\/div>\n\n\n\n<div class=\"wp-block-column is-layout-flow wp-block-column-is-layout-flow\">\n<figure class=\"wp-block-image size-large\"><img loading=\"lazy\" decoding=\"async\" width=\"700\" height=\"430\" src=\"https:\/\/echta-derminga.de\/wp-content\/uploads\/2024\/03\/234-700x430.jpg\" alt=\"\" class=\"wp-image-17078\" srcset=\"https:\/\/echta-derminga.de\/wp-content\/uploads\/2024\/03\/234-700x430.jpg 700w, https:\/\/echta-derminga.de\/wp-content\/uploads\/2024\/03\/234-300x184.jpg 300w, https:\/\/echta-derminga.de\/wp-content\/uploads\/2024\/03\/234-768x471.jpg 768w, https:\/\/echta-derminga.de\/wp-content\/uploads\/2024\/03\/234-1536x943.jpg 1536w, https:\/\/echta-derminga.de\/wp-content\/uploads\/2024\/03\/234.jpg 2048w\" sizes=\"auto, (max-width: 700px) 100vw, 700px\" \/><\/figure>\n<\/div>\n<\/div>\n\n\n\n<p class=\"has-medium-font-size wp-block-paragraph\"><strong>Baumbestattungen auf dem Dirminger Friedhof bald m\u00f6glich <\/strong><\/p>\n\n\n\n<p class=\"has-medium-font-size wp-block-paragraph\">Viele Menschen in unserem Heimatort w\u00fcnschen sich Alternativen zur traditionellen Erd- oder Urnenbestattung. Die Gemeinde Eppelborn bietet seit einigen Jahren auf den Friedh\u00f6fen in Eppelborn und Wiesbach Baumbestattungen an. Nun wird diese M\u00f6glichkeit schon sehr bald auf dem Dirminger Friedhof m\u00f6glich sein. Der Ortsrat Dirmingen hat sich in seiner letzten Sitzung am 14. M\u00e4rz mit diesem Thema besch\u00e4ftigt. Dabei ging es in erster Linie um die Anbringung von Gedenksteinen f\u00fcr die einzelnen Gr\u00e4berfelder um die jeweiligen B\u00e4ume. Im vorderen Bereich der B\u00e4ume werden aufgespaltene Kalksteinbl\u00f6cke aufgestellt. Die Namen der Verstorbenen werden auf bronzene Namenstafeln graviert und nach der Beisetzung auf den Gedenkstein befestigt. Der Ortsrat hat dem Vorschlag der Gemeindeverwaltung einstimmig zugestimmt. Unser Ortsrat vertritt einhellig die Meinung, dass diese neue Bestattungsform gro\u00dfen Anklang in Dirmingen finden wird. Auf dem Friedhof wurden bereits im Mittelfeld der Anlage entsprechende Weiden angepflanzt. Beim Pflanzen der B\u00e4ume wurde auf ausreichenden Abstand geachtet, so dass pro Baum drei Grabreihen angelegt werden k\u00f6nnen. Die Gedenksteine werden von der Bildhauerei Pink aus Eppelborn neu angelegt. Jeder dieser Kalksteine steht f\u00fcr eine Reihe und bietet Platz f\u00fcr die Namen von 12 Verstorbenen. Die Ma\u00dfnahme steht in H\u00f6he von 8000,\u20ac im Investitionshaushalt der Gemeinde Eppelborn. Wir d\u00fcrfen davon ausgehen, dass die ersten Baumbestattungen in Dirmingen bereits in diesem Jahr m\u00f6glich sind.<\/p>\n\n\n\n<div class=\"wp-block-columns is-layout-flex wp-container-core-columns-is-layout-8f761849 wp-block-columns-is-layout-flex\">\n<div class=\"wp-block-column is-layout-flow wp-block-column-is-layout-flow\">\n<figure class=\"wp-block-image size-large\"><img loading=\"lazy\" decoding=\"async\" width=\"700\" height=\"427\" src=\"https:\/\/echta-derminga.de\/wp-content\/uploads\/2024\/03\/B-2-700x427.jpg\" alt=\"\" class=\"wp-image-17091\" srcset=\"https:\/\/echta-derminga.de\/wp-content\/uploads\/2024\/03\/B-2-700x427.jpg 700w, https:\/\/echta-derminga.de\/wp-content\/uploads\/2024\/03\/B-2-300x183.jpg 300w, https:\/\/echta-derminga.de\/wp-content\/uploads\/2024\/03\/B-2-768x469.jpg 768w, https:\/\/echta-derminga.de\/wp-content\/uploads\/2024\/03\/B-2-1536x938.jpg 1536w, https:\/\/echta-derminga.de\/wp-content\/uploads\/2024\/03\/B-2-2048x1250.jpg 2048w\" sizes=\"auto, (max-width: 700px) 100vw, 700px\" \/><figcaption class=\"wp-element-caption\">Friedhof Wiesbach <\/figcaption><\/figure>\n<\/div>\n\n\n\n<div class=\"wp-block-column is-layout-flow wp-block-column-is-layout-flow\">\n<figure class=\"wp-block-image size-large\"><img loading=\"lazy\" decoding=\"async\" width=\"700\" height=\"468\" src=\"https:\/\/echta-derminga.de\/wp-content\/uploads\/2024\/03\/B3-700x468.jpg\" alt=\"\" class=\"wp-image-17092\" srcset=\"https:\/\/echta-derminga.de\/wp-content\/uploads\/2024\/03\/B3-700x468.jpg 700w, https:\/\/echta-derminga.de\/wp-content\/uploads\/2024\/03\/B3-300x200.jpg 300w, https:\/\/echta-derminga.de\/wp-content\/uploads\/2024\/03\/B3-768x513.jpg 768w, https:\/\/echta-derminga.de\/wp-content\/uploads\/2024\/03\/B3.jpg 1000w\" sizes=\"auto, (max-width: 700px) 100vw, 700px\" \/><figcaption class=\"wp-element-caption\">Friedhof Dirmingen &#8211; Ort f\u00fcr zuk\u00fcnftige Baumbestattungen<\/figcaption><\/figure>\n<\/div>\n<\/div>\n\n\n\n<p class=\"has-medium-font-size wp-block-paragraph\"><strong>Christian Ney neuer Ortsvorsteher von Eppelborn<\/strong><\/p>\n\n\n\n<p class=\"has-medium-font-size wp-block-paragraph\">Der Gemeindebezirk Eppelborn hat einen neuen Ortsvorsteher. Am Donnerstag, 14. M\u00e4rz hat der Eppelborner Ortsrat mit Christian Ney einen neuen Ortsvorsteher gew\u00e4hlt. Am Ende bekam der neue Ortsvorsteher insgesamt 8 Ja-Stimmen und 2 Enthaltungen. Aufgrund des pl\u00f6tzlichen Todes des langj\u00e4hrigen Eppelborner Ortsvorstehers Berthold Schmitt wurde diese Neuwahl f\u00e4llig. Seit 5 Jahren vertritt Christian Ney in seiner Funktion als Erster Beigeordneter der Gemeinde Eppelborn unseren B\u00fcrgermeister Andreas Feld bei vielen Veranstaltungen und kennt sich daher in der Gemeindeverwaltung bereits bestens aus. Als Ortsvorsteher von Dirmingen war es f\u00fcr mich eine Selbstverst\u00e4ndlichkeit dem Wahlvorgang beizuwohnen und anschlie\u00dfend meine pers\u00f6nlichen Gl\u00fcckw\u00fcnsche auszusprechen. Ich m\u00f6chte Ortsvorsteher Christian Ney auch an dieser Stelle herzlich gratulieren und w\u00fcnsche allezeit gute Entscheidungen f\u00fcr seinen Heimatort.<\/p>\n\n\n<div class=\"wp-block-image\">\n<figure class=\"aligncenter size-large\"><img loading=\"lazy\" decoding=\"async\" width=\"700\" height=\"525\" src=\"https:\/\/echta-derminga.de\/wp-content\/uploads\/2024\/03\/430809851_25111458025168659_8480752020401327945_n-700x525.jpg\" alt=\"\" class=\"wp-image-17053\" srcset=\"https:\/\/echta-derminga.de\/wp-content\/uploads\/2024\/03\/430809851_25111458025168659_8480752020401327945_n-700x525.jpg 700w, https:\/\/echta-derminga.de\/wp-content\/uploads\/2024\/03\/430809851_25111458025168659_8480752020401327945_n-300x225.jpg 300w, https:\/\/echta-derminga.de\/wp-content\/uploads\/2024\/03\/430809851_25111458025168659_8480752020401327945_n-768x576.jpg 768w, https:\/\/echta-derminga.de\/wp-content\/uploads\/2024\/03\/430809851_25111458025168659_8480752020401327945_n-1536x1152.jpg 1536w, https:\/\/echta-derminga.de\/wp-content\/uploads\/2024\/03\/430809851_25111458025168659_8480752020401327945_n.jpg 2048w\" sizes=\"auto, (max-width: 700px) 100vw, 700px\" \/><\/figure>\n<\/div>\n\n\n<p class=\"has-medium-font-size wp-block-paragraph\"><strong>Wasserversorgung Ostsaar GmbH erneuert Versorgungsleitungen in<\/strong> <strong>Dirmingen (Im Loss \/ Am D\u00f6rrwald)<\/strong><\/p>\n\n\n\n<p class=\"has-medium-font-size wp-block-paragraph\">Sicher und zuverl\u00e4ssig versorgt die WVO ihre Kunden seit Jahren mit Trinkwasser. Damit das auch in Zukunft so bleibt, wird das Leitungsnetz in der Gemeinde Eppelborn zur Sicherstellung des hohen Versorgungsstandards auf dem neuesten Stand gehalten. Ab Mitte M\u00e4rz 2024 werden durch die WVO f\u00fcr die Dauer von insgesamt etwa 12 Monaten Erneuerungsarbeiten in der Stra\u00dfe \u201eIm Loss\u201c und \u201eAm D\u00f6rrwald\u201c in Dirmingen durchgef\u00fchrt. \u201eIm Loss\u201c werden f\u00fcr die Dauer von etwa sechs Monaten ab Hausnummer 26 bis Stra\u00dfenende etwa 510 Meter Trinkwasser-Versorgungsleitungen neu verlegt und 22 Hausanschl\u00fcsse ganz oder teilweise erneuert. Zur Durchf\u00fchrung der Bauarbeiten \u201eIm Loss\u201c m\u00fcssen umfassende Verkehrssicherungsma\u00dfnahmen eingerichtet werden. Die Leitungsverlegearbeiten erfolgen abschnittsweise unter Vollsperrung. Je nach Baufortschritt werden die Anwohner gebeten, Ihre Fahrzeuge im entsprechenden Teilabschnitt au\u00dferhalb des Baufelds zu parken. F\u00fcr die durch die Bauarbeiten entstehenden Unannehmlichkeiten und Beeintr\u00e4chtigungen der Anlieger bittet die WVO um Verst\u00e4ndnis. Im Anschluss werden f\u00fcr die Dauer von etwa sechs Monaten Erneuerungsarbeiten in der Stra\u00dfe \u201eAm D\u00f6rrwald\u201c in Dirmingen durchgef\u00fchrt. Hierbei werden ab Stra\u00dfenanfang \u201eAm D\u00f6rrwald\u201c bis in beide Sackgassen etwa 540 Meter Trinkwasser- Versorgungsleitungen neu verlegt und 30 Hausanschl\u00fcsse ganz oder teilweise erneuert. Auch w\u00e4hrend der Bauarbeiten \u201eAm D\u00f6rrwald\u201c m\u00fcssen umfassende Verkehrssicherungsma\u00dfnahmen eingerichtet werden. Die Leitungsverlegearbeiten erfolgen abschnittsweise unter halbseitiger Sperrung mit teilweiser Ampelregelung. Je nach Baufortschritt werden die Anwohner gebeten, Ihre Fahrzeuge im entsprechenden Teilabschnitt au\u00dferhalb des Baufeldes zu parken. F\u00fcr die durch die Bauarbeiten entstehenden Unannehmlichkeiten und Beeintr\u00e4chtigungen der Anlieger bittet die WVO um Verst\u00e4ndnis. In diesem Zusammenhang weist die WVO darauf hin, dass entsprechend den g\u00fcltigen Vorschriften die elektrischen Netze der Hausinstallation nicht mehr am Wasserrohrnetz geerdet sein d\u00fcrfen. Die betroffenen Hauseigent\u00fcmer werden durch die WVO in Kenntnis gesetzt. Bei R\u00fcckfragen steht Ihnen Herr Niklas Wolter (Tel. 06824-9002-41) von der WVO in Ottweiler gerne zur Verf\u00fcgung.<\/p>\n\n\n\n<p class=\"has-medium-font-size wp-block-paragraph\"><strong>Brunnenanlagen auf dem Dirminger Friedhof wieder in Betrieb <\/strong><\/p>\n\n\n\n<p class=\"has-medium-font-size wp-block-paragraph\">Die Gemeindeverwaltung hat in der vergangenen Woche mitgeteilt, dass aufgrund der Tatsache, dass keine Fr\u00f6ste mehr gemeldet sind, die Brunnenanlagen auf den Friedh\u00f6fen zum Palmsonntag wieder in Betrieb genommen werden. Die WC-Anlagen auf den Friedh\u00f6fen sind bereits wieder ge\u00f6ffnet. Ich bitte Sie um Kenntnisnahme.<\/p>\n\n\n<div class=\"wp-block-image\">\n<figure class=\"aligncenter size-large\"><img loading=\"lazy\" decoding=\"async\" width=\"700\" height=\"466\" src=\"https:\/\/echta-derminga.de\/wp-content\/uploads\/2024\/03\/433634999_7280026122092050_5946279827000219911_n-700x466.jpg\" alt=\"\" class=\"wp-image-17095\" srcset=\"https:\/\/echta-derminga.de\/wp-content\/uploads\/2024\/03\/433634999_7280026122092050_5946279827000219911_n-700x466.jpg 700w, https:\/\/echta-derminga.de\/wp-content\/uploads\/2024\/03\/433634999_7280026122092050_5946279827000219911_n-300x200.jpg 300w, https:\/\/echta-derminga.de\/wp-content\/uploads\/2024\/03\/433634999_7280026122092050_5946279827000219911_n-768x512.jpg 768w, https:\/\/echta-derminga.de\/wp-content\/uploads\/2024\/03\/433634999_7280026122092050_5946279827000219911_n.jpg 1049w\" sizes=\"auto, (max-width: 700px) 100vw, 700px\" \/><\/figure>\n<\/div>\n\n\n<p class=\"has-medium-font-size wp-block-paragraph\"><strong>Einladung zum Derminga Treff<\/strong><\/p>\n\n\n\n<p class=\"has-medium-font-size wp-block-paragraph\">Am Samstag, 23. M\u00e4rz findet der n\u00e4chste &#8222;Derminga Treff&#8220; im evangelischen Gemeindehaus in Dirmingen statt. Diesmal treffen wir uns schon zum gemeinsamen Mittagessen um 11:00 Uhr morgens. J\u00fcrgen vom DRK wird uns auf unterhaltsame Weise die Notfallbox vorstellen. Timo Br\u00fcck wird uns musikalisch \u00fcber die Mittagsstunden bringen. F\u00fcr den Mittagstisch sorgt das Gasthaus &#8222;Schuhhannesse&#8220;. Herzliche Einladung an alle die einige gem\u00fctliche Stunden im Kreise der Dorfgemeinschaft erleben m\u00f6chten.<\/p>\n\n\n<div class=\"wp-block-image\">\n<figure class=\"aligncenter size-full is-resized\"><img loading=\"lazy\" decoding=\"async\" width=\"593\" height=\"841\" src=\"https:\/\/echta-derminga.de\/wp-content\/uploads\/2024\/03\/432364596_7256523557775640_4570079317466003878_n.jpg\" alt=\"\" class=\"wp-image-17032\" style=\"width:613px;height:auto\" srcset=\"https:\/\/echta-derminga.de\/wp-content\/uploads\/2024\/03\/432364596_7256523557775640_4570079317466003878_n.jpg 593w, https:\/\/echta-derminga.de\/wp-content\/uploads\/2024\/03\/432364596_7256523557775640_4570079317466003878_n-212x300.jpg 212w\" sizes=\"auto, (max-width: 593px) 100vw, 593px\" \/><\/figure>\n<\/div>\n\n\n<p class=\"has-medium-font-size wp-block-paragraph\"><strong>LEVO Bank spendet Defibrilator<\/strong><\/p>\n\n\n\n<p class=\"has-medium-font-size wp-block-paragraph\">Levo Bank spendet Defibrillator ! Nach der Schlie\u00dfung ihrer Gesch\u00e4ftsstelle in Dirmingen hatte mir die Levo Bank freundlicherweise zugesagt unseren Heimatort auch zuk\u00fcnftig zu unterst\u00fctzen. Nun spendete die Levo Bank einen Defibrillator f\u00fcr das evangelische Gemeindehaus Dirmingen. Dies ist nicht nur f\u00fcr die Evangelische Kirchengemeinde, sondern auch f\u00fcr unsere Dorfgemeinschaft eine tolle Nachricht. Immerhin trifft sich einmal im Monat beim &#8222;Derminga Treff&#8220; unsere Dorfgemeinschaft im Gemeindehaus. Ulrike Feld, Hartmut Bock und Oliver Mayer vom Presbyterium nahmen gemeinsam mit meiner Wenigkeit die tolle Spende entgegen. Danke an die Levo Bank um das Vorstandsmitglied Herrn Winfried Herberg und die zust\u00e4ndige Mitarbeiterin Frau Schmidt. Die Levo Bank bleibt ein verl\u00e4sslicher Partner. Vielen herzlichen Dank f\u00fcr diese tolle Geste.<\/p>\n\n\n<div class=\"wp-block-image\">\n<figure class=\"aligncenter size-large\"><img loading=\"lazy\" decoding=\"async\" width=\"700\" height=\"525\" src=\"https:\/\/echta-derminga.de\/wp-content\/uploads\/2024\/03\/428690198_7230988210329175_6296176457271945944_n-700x525.jpg\" alt=\"\" class=\"wp-image-17051\" srcset=\"https:\/\/echta-derminga.de\/wp-content\/uploads\/2024\/03\/428690198_7230988210329175_6296176457271945944_n-700x525.jpg 700w, https:\/\/echta-derminga.de\/wp-content\/uploads\/2024\/03\/428690198_7230988210329175_6296176457271945944_n-300x225.jpg 300w, https:\/\/echta-derminga.de\/wp-content\/uploads\/2024\/03\/428690198_7230988210329175_6296176457271945944_n-768x576.jpg 768w, https:\/\/echta-derminga.de\/wp-content\/uploads\/2024\/03\/428690198_7230988210329175_6296176457271945944_n-1536x1152.jpg 1536w, https:\/\/echta-derminga.de\/wp-content\/uploads\/2024\/03\/428690198_7230988210329175_6296176457271945944_n.jpg 1600w\" sizes=\"auto, (max-width: 700px) 100vw, 700px\" \/><\/figure>\n<\/div>\n\n\n<p class=\"has-medium-font-size wp-block-paragraph\"><strong>Gro\u00dfe Ereignisse werfen ihre Schatten voraus!<\/strong> &#8211; <strong>Park- und Strandfest<\/strong> <strong>2024<\/strong><\/p>\n\n\n\n<p class=\"has-medium-font-size wp-block-paragraph\">Endlich ist es wieder soweit ! Gro\u00dfe Ereignisse werfen ihren Schatten voraus ! Am 13.und 14. Juli 2024 findet das diesj\u00e4hrige Park- und Strandfest im Br\u00fchlpark statt. Der Kulturverein Dirmingen fungiert als Veranstalter dieses tollen Dorffestes am Zusammenfluss der Ill und Alsbach. An beiden Festtagen wird ein tolles B\u00fchnenprogramm angeboten. Unsere Vereine, Organisationen und unser Gewerbe sorgt f\u00fcr die kulinarische Versorgung des feierw\u00fctigen Volks. Freuen Sie sich auf das diesj\u00e4hrige Derminga Park- und Strandfest und erleben Sie Kultur und Natur hautnah !<\/p>\n\n\n<div class=\"wp-block-image\">\n<figure class=\"aligncenter size-large\"><img loading=\"lazy\" decoding=\"async\" width=\"700\" height=\"697\" src=\"https:\/\/echta-derminga.de\/wp-content\/uploads\/2024\/03\/Parkfeschd-NAU--700x697.png\" alt=\"\" class=\"wp-image-17081\" srcset=\"https:\/\/echta-derminga.de\/wp-content\/uploads\/2024\/03\/Parkfeschd-NAU--700x697.png 700w, https:\/\/echta-derminga.de\/wp-content\/uploads\/2024\/03\/Parkfeschd-NAU--300x300.png 300w, https:\/\/echta-derminga.de\/wp-content\/uploads\/2024\/03\/Parkfeschd-NAU--150x150.png 150w, https:\/\/echta-derminga.de\/wp-content\/uploads\/2024\/03\/Parkfeschd-NAU--768x765.png 768w, https:\/\/echta-derminga.de\/wp-content\/uploads\/2024\/03\/Parkfeschd-NAU--90x90.png 90w, https:\/\/echta-derminga.de\/wp-content\/uploads\/2024\/03\/Parkfeschd-NAU--75x75.png 75w, https:\/\/echta-derminga.de\/wp-content\/uploads\/2024\/03\/Parkfeschd-NAU-.png 801w\" sizes=\"auto, (max-width: 700px) 100vw, 700px\" \/><\/figure>\n<\/div>\n\n\n<p class=\"has-medium-font-size wp-block-paragraph\"><strong>Vandalismus an Wassereinlaufvorrichtung<\/strong><\/p>\n\n\n\n<p class=\"has-medium-font-size wp-block-paragraph\">Unbekannte haben an der Wassereinlaufvorrichtung am Ende der Stra\u00dfe &#8220; Am Winnewald&#8220; an der Sicherheitsabsicherung zwei Stangen rausgeschnitten oder herausgebrochen. Die WVO wurden von mir informiert und hat umgehend Sicherungsvorkehrungen getroffen. Vielen herzlichen Dank f\u00fcr das schnelle handeln. Die AWZE der Gemeinde Eppelborn ist ebenfalls informiert und besch\u00e4ftigt sich mit einer L\u00f6sung des Problems. Anwohner und Spazierg\u00e4nger bitte ich um Kenntnisnahme und vorsichtiges Handeln. Ich danke allen Beteiligten f\u00fcr die wichtige Unterst\u00fctzung.<\/p>\n\n\n<div class=\"wp-block-image\">\n<figure class=\"aligncenter size-large\"><img loading=\"lazy\" decoding=\"async\" width=\"700\" height=\"625\" src=\"https:\/\/echta-derminga.de\/wp-content\/uploads\/2024\/03\/429583802_7244699278958068_634311489927145060_n-700x625.jpg\" alt=\"\" class=\"wp-image-17034\" srcset=\"https:\/\/echta-derminga.de\/wp-content\/uploads\/2024\/03\/429583802_7244699278958068_634311489927145060_n-700x625.jpg 700w, https:\/\/echta-derminga.de\/wp-content\/uploads\/2024\/03\/429583802_7244699278958068_634311489927145060_n-300x268.jpg 300w, https:\/\/echta-derminga.de\/wp-content\/uploads\/2024\/03\/429583802_7244699278958068_634311489927145060_n-768x686.jpg 768w, https:\/\/echta-derminga.de\/wp-content\/uploads\/2024\/03\/429583802_7244699278958068_634311489927145060_n.jpg 1200w\" sizes=\"auto, (max-width: 700px) 100vw, 700px\" \/><\/figure>\n<\/div>\n\n\n<p class=\"has-medium-font-size wp-block-paragraph\"><strong>Kartenvorverkauf zum &#8222;Fr\u00fchling auf Finkenrech<\/strong>&#8222;<\/p>\n\n\n\n<p class=\"has-medium-font-size wp-block-paragraph\">Gro\u00dfe Saisoner\u00f6ffnung im Freizeitzentrum Finkenrech! Am Samstag,&nbsp;20. April 2024, von 11 bis 18 Uhr und Sonntag,&nbsp;21. April 2024, von 11 bis 18 Uhr bieten rund 65 H\u00e4ndler auf dem gro\u00dfen Fr\u00fchlingsmarkt auf Finkenrech alles rund um den Garten, aber auch Handwerkskunst und lokale Spezialit\u00e4ten an. Au\u00dferdem wird mit zahlreichen kulinarischen Leckereien aus der Region bestens f\u00fcr Ihr leibliches Wohl gesorgt. Am Samstag finden Live-Auftritte der Bands &#8222;Taylor meets friends&#8220; und &#8222;Tasty&#8220; auf der Festplatz-B\u00fchne statt. Der sonnt\u00e4gliche Fr\u00fchschoppen beginnt mit dem &#8222;Musikverein Harmonie Wiesbach&#8220;, bevor am Nachmittag die \u201eNelly McBeal Band\u201c f\u00fcr gute Stimmung sorgt. Auch f\u00fcr die kleinen Besucher gibt es mit einem bunten Mal- und Bastel-Programm, dem Kinderschminken, dem barrierefreien Spielplatz mit Barfu\u00dfpfad und dem ge\u00f6ffneten Tiergehege einiges zu erleben. Au\u00dferdem wird das Projekt \u201eder Landkreis summt\u201c spannende Informationen und Spiele rund um das Thema Bienen anbieten.&nbsp;Tickets sind zum Preis von 4 \u20ac erh\u00e4ltlich und \u00fcber den kompletten Veranstaltungstag g\u00fcltig. F\u00fcr Kinder bis 18 Jahre und Menschen mit Schwerbehindertenausweis kann ein kostenfreies Ticket gebucht werden. Die Tickets sind \u00fcber die Homepage des TKN www.finkenrech.de oder jeden Mittwoch in der Zeit von 18:00 bis 19:30 Uhr in meinem Ortsvorsteherb\u00fcro, Am Marktplatz 8, 66571 Dirmingen erh\u00e4ltlich. <\/p>\n\n\n<div class=\"wp-block-image\">\n<figure class=\"aligncenter size-large\"><img loading=\"lazy\" decoding=\"async\" width=\"700\" height=\"356\" src=\"https:\/\/echta-derminga.de\/wp-content\/uploads\/2024\/03\/431989222_7267882033306459_199746774789569670_n-700x356.jpg\" alt=\"\" class=\"wp-image-17038\" srcset=\"https:\/\/echta-derminga.de\/wp-content\/uploads\/2024\/03\/431989222_7267882033306459_199746774789569670_n-700x356.jpg 700w, https:\/\/echta-derminga.de\/wp-content\/uploads\/2024\/03\/431989222_7267882033306459_199746774789569670_n-300x153.jpg 300w, https:\/\/echta-derminga.de\/wp-content\/uploads\/2024\/03\/431989222_7267882033306459_199746774789569670_n-768x391.jpg 768w, https:\/\/echta-derminga.de\/wp-content\/uploads\/2024\/03\/431989222_7267882033306459_199746774789569670_n-1536x782.jpg 1536w, https:\/\/echta-derminga.de\/wp-content\/uploads\/2024\/03\/431989222_7267882033306459_199746774789569670_n.jpg 2048w\" sizes=\"auto, (max-width: 700px) 100vw, 700px\" \/><\/figure>\n<\/div>\n\n\n<p class=\"has-medium-font-size wp-block-paragraph\"><strong>Figurentheater ein gro\u00dfer Erfolg<\/strong><\/p>\n\n\n\n<p class=\"has-medium-font-size wp-block-paragraph\">Das 33. Eppelborner Figurentheater im bigEppel wurde auch in diesem Jahr sehr erfolgreich durchgef\u00fchrt. Der Auftakt machte das St\u00fcck &#8222;Adams \u00c4pfel&#8220; des &#8222;Marotten Figurentheater Karlsruhe&#8220;. Das Spiel von Darsteller Sebastian Kreuz war beeindruckend und bewegend. Unter den zahlreichen G\u00e4sten waren Landrat S\u00f6ren Meng &#8211; Landrat des Landkreises Neunkirchen , der erste Beigeordnete Christian Ney sowie die Ortsvorsteherkollegen aus Bubach-Calmesweiler Sebastian Michel, Humes Karl Barrois und der stellvertretende OV von Eppelborn Hans Nicolay. Auch viele Dirmingerinnen und Dirminger waren Zeuge dieser tollen Inszenierung. Das Eppelborner Figurentheater begeistert seit vielen Jahren die Menschen in unserer Gemeinde. Auch in unserer Borrwieshalle wurden Kindervorf\u00fchrungen angeboten. Am Ende musste sogar eine Zusatzveranstaltung muss herhalten.<\/p>\n\n\n<div class=\"wp-block-image\">\n<figure class=\"aligncenter size-large\"><img loading=\"lazy\" decoding=\"async\" width=\"700\" height=\"525\" src=\"https:\/\/echta-derminga.de\/wp-content\/uploads\/2024\/03\/428710192_7243075162453813_7405451404940037534_n-700x525.jpg\" alt=\"\" class=\"wp-image-17040\" srcset=\"https:\/\/echta-derminga.de\/wp-content\/uploads\/2024\/03\/428710192_7243075162453813_7405451404940037534_n-700x525.jpg 700w, https:\/\/echta-derminga.de\/wp-content\/uploads\/2024\/03\/428710192_7243075162453813_7405451404940037534_n-300x225.jpg 300w, https:\/\/echta-derminga.de\/wp-content\/uploads\/2024\/03\/428710192_7243075162453813_7405451404940037534_n-768x576.jpg 768w, https:\/\/echta-derminga.de\/wp-content\/uploads\/2024\/03\/428710192_7243075162453813_7405451404940037534_n-1536x1152.jpg 1536w, https:\/\/echta-derminga.de\/wp-content\/uploads\/2024\/03\/428710192_7243075162453813_7405451404940037534_n.jpg 2048w\" sizes=\"auto, (max-width: 700px) 100vw, 700px\" \/><\/figure>\n<\/div>\n\n\n<p class=\"has-medium-font-size wp-block-paragraph\"><strong>Einf\u00fchrung des neuen Presbyteriums<\/strong><\/p>\n\n\n\n<p class=\"has-medium-font-size wp-block-paragraph\">Am Sonntag, 17. M\u00e4rz 2024 fand in der evangelischen Kirche in Dirmingen ein feierlicher Gottesdienst statt. Superintendent Markus Karsch verabschiedete mit Andreas Schmidt, Jutta Sch\u00e4fer und meiner Wenigkeit drei Presbyter die ihr Amt nach mehreren Jahren ehrenamtlicher T\u00e4tigkeit f\u00fcr die Evangelische Kirchengemeinde Dirmingen niederlegten. Mit Dagmar Lux, Petra Rein und Jonas Binici aus Berschweiler wurden drei neue Presbyter in ihr Amt eingef\u00fchrt. Seit dem 01. Januar 2024 fusionierte unsere Kirchengemeinde und f\u00fchrt nun unter dem Namen &#8222;Evangelische Kirchengemeinde St. Wendel- Illtal&#8220; ihre Arbeit fort. Ich gratuliere den drei &#8222;Neuen&#8220; auf das Herzlichste und w\u00fcnschen viel Gl\u00fcck und Gottes Segen. Ein besonderer Dank geht an Andreas Schmidt und Jutta Sch\u00e4fer die nach vielen Jahren im Presbyterium ihr Amt niederlegten. Ich w\u00fcnsche dem neuen Bereichspresbyterium der Evangelischen Kirchengemeinde St. Wendel-Illtal in Dirmingen viel Erfolg. Das Gremium setzt sich zuk\u00fcnftig wie folgt zusammen: Ulrike Feld, Oliver Mayer, Hartmut Bock, Petra Urmoneit, Fynn Gro\u00df, Dagmar Lux, Petra Rein, Jonas Binici, Silke Guth\u00f6rl<\/p>\n\n\n<div class=\"wp-block-image\">\n<figure class=\"aligncenter size-large\"><img loading=\"lazy\" decoding=\"async\" width=\"700\" height=\"455\" src=\"https:\/\/echta-derminga.de\/wp-content\/uploads\/2024\/03\/11-1-700x455.jpg\" alt=\"\" class=\"wp-image-17083\" srcset=\"https:\/\/echta-derminga.de\/wp-content\/uploads\/2024\/03\/11-1-700x455.jpg 700w, https:\/\/echta-derminga.de\/wp-content\/uploads\/2024\/03\/11-1-300x195.jpg 300w, https:\/\/echta-derminga.de\/wp-content\/uploads\/2024\/03\/11-1-768x499.jpg 768w, https:\/\/echta-derminga.de\/wp-content\/uploads\/2024\/03\/11-1-1536x998.jpg 1536w, https:\/\/echta-derminga.de\/wp-content\/uploads\/2024\/03\/11-1.jpg 1887w\" sizes=\"auto, (max-width: 700px) 100vw, 700px\" \/><\/figure>\n<\/div>\n\n\n<p class=\"has-medium-font-size wp-block-paragraph\"><strong>Unser Dorf spielt Fu\u00dfball, Handball und Sackloch<\/strong><\/p>\n\n\n\n<p class=\"has-medium-font-size wp-block-paragraph\">In den kommenden Monaten werden in unserem Dorf einige Veranstaltungen angeboten. Dabei planen die Vereine schon heute die vielen verschiedenen Highlights. Unser L\u00f6schbezirk Dirmingen, unser SV Dirmingen und der TV 04 Dirmingen nehmen schon heute Anmeldungen f\u00fcr ihre gro\u00dfen Events entgegen. Der TV 04 Dirmingen feiert in diesem Jahr sogar sein 120- j\u00e4hriges Vereinsjubil\u00e4um. Ich m\u00f6chte Sie ermutigen die Veranstaltungen unserer Ortsvereine aktiv zu unterst\u00fctzen. Machen Sie mit und nehmen Sie das Angebot an. Auch der ASF Dirmingen befindet sich derzeit in der Vorbereitungsphase f\u00fcr das diesj\u00e4hrige Weiherfest an der Sauerwies. Weitere Veranstaltungen werden folgen.<\/p>\n\n\n\n<div class=\"wp-block-columns is-layout-flex wp-container-core-columns-is-layout-8f761849 wp-block-columns-is-layout-flex\">\n<div class=\"wp-block-column is-layout-flow wp-block-column-is-layout-flow\">\n<figure class=\"wp-block-image size-large\"><img loading=\"lazy\" decoding=\"async\" width=\"700\" height=\"875\" src=\"https:\/\/echta-derminga.de\/wp-content\/uploads\/2024\/03\/431490671_859576079548488_2613431150639077133_n-700x875.jpg\" alt=\"\" class=\"wp-image-17044\" srcset=\"https:\/\/echta-derminga.de\/wp-content\/uploads\/2024\/03\/431490671_859576079548488_2613431150639077133_n-700x875.jpg 700w, https:\/\/echta-derminga.de\/wp-content\/uploads\/2024\/03\/431490671_859576079548488_2613431150639077133_n-240x300.jpg 240w, https:\/\/echta-derminga.de\/wp-content\/uploads\/2024\/03\/431490671_859576079548488_2613431150639077133_n-768x960.jpg 768w, https:\/\/echta-derminga.de\/wp-content\/uploads\/2024\/03\/431490671_859576079548488_2613431150639077133_n.jpg 1080w\" sizes=\"auto, (max-width: 700px) 100vw, 700px\" \/><\/figure>\n<\/div>\n\n\n\n<div class=\"wp-block-column is-layout-flow wp-block-column-is-layout-flow\">\n<figure class=\"wp-block-image size-full\"><img loading=\"lazy\" decoding=\"async\" width=\"679\" height=\"960\" src=\"https:\/\/echta-derminga.de\/wp-content\/uploads\/2024\/03\/429935012_716796173904191_7629294401782092035_n.jpg\" alt=\"\" class=\"wp-image-17046\" srcset=\"https:\/\/echta-derminga.de\/wp-content\/uploads\/2024\/03\/429935012_716796173904191_7629294401782092035_n.jpg 679w, https:\/\/echta-derminga.de\/wp-content\/uploads\/2024\/03\/429935012_716796173904191_7629294401782092035_n-212x300.jpg 212w\" sizes=\"auto, (max-width: 679px) 100vw, 679px\" \/><\/figure>\n<\/div>\n<\/div>\n\n\n\n<div class=\"wp-block-columns is-layout-flex wp-container-core-columns-is-layout-8f761849 wp-block-columns-is-layout-flex\">\n<div class=\"wp-block-column is-layout-flow wp-block-column-is-layout-flow\">\n<figure class=\"wp-block-image size-large\"><img loading=\"lazy\" decoding=\"async\" width=\"700\" height=\"700\" src=\"https:\/\/echta-derminga.de\/wp-content\/uploads\/2024\/03\/430781242_18045931393620885_3037604021892695685_n-700x700.jpg\" alt=\"\" class=\"wp-image-17048\" srcset=\"https:\/\/echta-derminga.de\/wp-content\/uploads\/2024\/03\/430781242_18045931393620885_3037604021892695685_n-700x700.jpg 700w, https:\/\/echta-derminga.de\/wp-content\/uploads\/2024\/03\/430781242_18045931393620885_3037604021892695685_n-300x300.jpg 300w, https:\/\/echta-derminga.de\/wp-content\/uploads\/2024\/03\/430781242_18045931393620885_3037604021892695685_n-150x150.jpg 150w, https:\/\/echta-derminga.de\/wp-content\/uploads\/2024\/03\/430781242_18045931393620885_3037604021892695685_n-768x768.jpg 768w, https:\/\/echta-derminga.de\/wp-content\/uploads\/2024\/03\/430781242_18045931393620885_3037604021892695685_n-90x90.jpg 90w, https:\/\/echta-derminga.de\/wp-content\/uploads\/2024\/03\/430781242_18045931393620885_3037604021892695685_n-75x75.jpg 75w, https:\/\/echta-derminga.de\/wp-content\/uploads\/2024\/03\/430781242_18045931393620885_3037604021892695685_n.jpg 1400w\" sizes=\"auto, (max-width: 700px) 100vw, 700px\" \/><\/figure>\n<\/div>\n\n\n\n<div class=\"wp-block-column is-layout-flow wp-block-column-is-layout-flow\">\n<figure class=\"wp-block-image size-large\"><img loading=\"lazy\" decoding=\"async\" width=\"700\" height=\"700\" src=\"https:\/\/echta-derminga.de\/wp-content\/uploads\/2024\/03\/430706993_18045931420620885_7806531769628604326_n-700x700.jpg\" alt=\"\" class=\"wp-image-17047\" srcset=\"https:\/\/echta-derminga.de\/wp-content\/uploads\/2024\/03\/430706993_18045931420620885_7806531769628604326_n-700x700.jpg 700w, https:\/\/echta-derminga.de\/wp-content\/uploads\/2024\/03\/430706993_18045931420620885_7806531769628604326_n-300x300.jpg 300w, https:\/\/echta-derminga.de\/wp-content\/uploads\/2024\/03\/430706993_18045931420620885_7806531769628604326_n-150x150.jpg 150w, https:\/\/echta-derminga.de\/wp-content\/uploads\/2024\/03\/430706993_18045931420620885_7806531769628604326_n-768x768.jpg 768w, https:\/\/echta-derminga.de\/wp-content\/uploads\/2024\/03\/430706993_18045931420620885_7806531769628604326_n-90x90.jpg 90w, https:\/\/echta-derminga.de\/wp-content\/uploads\/2024\/03\/430706993_18045931420620885_7806531769628604326_n-75x75.jpg 75w, https:\/\/echta-derminga.de\/wp-content\/uploads\/2024\/03\/430706993_18045931420620885_7806531769628604326_n.jpg 1415w\" sizes=\"auto, (max-width: 700px) 100vw, 700px\" \/><\/figure>\n<\/div>\n<\/div>\n\n\n\n<p class=\"has-medium-font-size wp-block-paragraph\">Liebe Mitb\u00fcrgerinnen und liebe Mitb\u00fcrger, W\u00e4hrenddessen bereiten sich die einzelnen politischen Ortsverb\u00e4nde auf den bevorstehenden Wahlkampf vor. Am 09. Juni 2024 finden in unserem Land die Europa- und Kommunalwahlen statt. Das bedeutet, dass neue Stadt- Gemeinde- und Ortsr\u00e4te gew\u00e4hlt werden. Zudem wird in unserem Landkreis der Landrat oder Landr\u00e4tin sowie ein neuer Kreistag gew\u00e4hlt. W\u00e4hrend der letzten Ortsratssitzung habe ich die im Rat befindlichen Parteien zu einem fairen und konstruktiven Wahlkampf aufgerufen. Ich m\u00f6chte Sie bitte sich vorab \u00fcber die Parteien, ihre Mitglieder und ihre Pl\u00e4ne zu informieren. <\/p>\n\n\n\n<p class=\"has-medium-font-size wp-block-paragraph\"><strong>Ich w\u00fcnsche ihnen eine entspannte und besinnliche Osterzeit im Kreise ihrer Familie. <\/strong><\/p>\n\n\n\n<p class=\"has-medium-font-size wp-block-paragraph\">Ihr Ortsvorsteher <\/p>\n\n\n\n<p class=\"has-medium-font-size wp-block-paragraph\">Frank Klein<\/p>\n\n\n\n<div class=\"wp-block-columns is-layout-flex wp-container-core-columns-is-layout-8f761849 wp-block-columns-is-layout-flex\">\n<div class=\"wp-block-column is-layout-flow wp-block-column-is-layout-flow\">\n<figure class=\"wp-block-image size-large\"><img loading=\"lazy\" decoding=\"async\" width=\"700\" height=\"933\" src=\"https:\/\/echta-derminga.de\/wp-content\/uploads\/2024\/03\/432488581_7669248219772284_3057703801409232128_n-700x933.jpg\" alt=\"\" class=\"wp-image-17102\" srcset=\"https:\/\/echta-derminga.de\/wp-content\/uploads\/2024\/03\/432488581_7669248219772284_3057703801409232128_n-700x933.jpg 700w, https:\/\/echta-derminga.de\/wp-content\/uploads\/2024\/03\/432488581_7669248219772284_3057703801409232128_n-225x300.jpg 225w, https:\/\/echta-derminga.de\/wp-content\/uploads\/2024\/03\/432488581_7669248219772284_3057703801409232128_n-768x1024.jpg 768w, https:\/\/echta-derminga.de\/wp-content\/uploads\/2024\/03\/432488581_7669248219772284_3057703801409232128_n-1152x1536.jpg 1152w, https:\/\/echta-derminga.de\/wp-content\/uploads\/2024\/03\/432488581_7669248219772284_3057703801409232128_n.jpg 1200w\" sizes=\"auto, (max-width: 700px) 100vw, 700px\" \/><\/figure>\n<\/div>\n\n\n\n<div class=\"wp-block-column is-layout-flow wp-block-column-is-layout-flow\">\n<figure class=\"wp-block-image size-large\"><img loading=\"lazy\" decoding=\"async\" width=\"700\" height=\"980\" src=\"https:\/\/echta-derminga.de\/wp-content\/uploads\/2024\/03\/431902373_7264546323640030_2187884911144773149_n-700x980.jpg\" alt=\"\" class=\"wp-image-17103\" srcset=\"https:\/\/echta-derminga.de\/wp-content\/uploads\/2024\/03\/431902373_7264546323640030_2187884911144773149_n-700x980.jpg 700w, https:\/\/echta-derminga.de\/wp-content\/uploads\/2024\/03\/431902373_7264546323640030_2187884911144773149_n-214x300.jpg 214w, https:\/\/echta-derminga.de\/wp-content\/uploads\/2024\/03\/431902373_7264546323640030_2187884911144773149_n-768x1075.jpg 768w, https:\/\/echta-derminga.de\/wp-content\/uploads\/2024\/03\/431902373_7264546323640030_2187884911144773149_n.jpg 1080w\" sizes=\"auto, (max-width: 700px) 100vw, 700px\" \/><\/figure>\n<\/div>\n<\/div>\n\n\n\n<div class=\"wp-block-columns is-layout-flex wp-container-core-columns-is-layout-8f761849 wp-block-columns-is-layout-flex\">\n<div class=\"wp-block-column is-layout-flow wp-block-column-is-layout-flow\">\n<figure class=\"wp-block-image size-large\"><img loading=\"lazy\" decoding=\"async\" width=\"700\" height=\"954\" src=\"https:\/\/echta-derminga.de\/wp-content\/uploads\/2024\/03\/20240319_125842-700x954.jpg\" alt=\"\" class=\"wp-image-17112\" srcset=\"https:\/\/echta-derminga.de\/wp-content\/uploads\/2024\/03\/20240319_125842-700x954.jpg 700w, https:\/\/echta-derminga.de\/wp-content\/uploads\/2024\/03\/20240319_125842-220x300.jpg 220w, https:\/\/echta-derminga.de\/wp-content\/uploads\/2024\/03\/20240319_125842-768x1047.jpg 768w, https:\/\/echta-derminga.de\/wp-content\/uploads\/2024\/03\/20240319_125842-1127x1536.jpg 1127w, https:\/\/echta-derminga.de\/wp-content\/uploads\/2024\/03\/20240319_125842-1503x2048.jpg 1503w, https:\/\/echta-derminga.de\/wp-content\/uploads\/2024\/03\/20240319_125842-scaled.jpg 1879w\" sizes=\"auto, (max-width: 700px) 100vw, 700px\" \/><\/figure>\n<\/div>\n\n\n\n<div class=\"wp-block-column is-layout-flow wp-block-column-is-layout-flow\">\n<figure class=\"wp-block-image size-large\"><img loading=\"lazy\" decoding=\"async\" width=\"700\" height=\"933\" src=\"https:\/\/echta-derminga.de\/wp-content\/uploads\/2024\/03\/429498037_7222170581210938_877251648170402172_n-700x933.jpg\" alt=\"\" class=\"wp-image-17113\" srcset=\"https:\/\/echta-derminga.de\/wp-content\/uploads\/2024\/03\/429498037_7222170581210938_877251648170402172_n-700x933.jpg 700w, https:\/\/echta-derminga.de\/wp-content\/uploads\/2024\/03\/429498037_7222170581210938_877251648170402172_n-225x300.jpg 225w, https:\/\/echta-derminga.de\/wp-content\/uploads\/2024\/03\/429498037_7222170581210938_877251648170402172_n-768x1024.jpg 768w, https:\/\/echta-derminga.de\/wp-content\/uploads\/2024\/03\/429498037_7222170581210938_877251648170402172_n-1152x1536.jpg 1152w, https:\/\/echta-derminga.de\/wp-content\/uploads\/2024\/03\/429498037_7222170581210938_877251648170402172_n.jpg 1536w\" sizes=\"auto, (max-width: 700px) 100vw, 700px\" \/><\/figure>\n<\/div>\n<\/div>\n","protected":false},"excerpt":{"rendered":"<p>Mit dem Fr\u00fchling r\u00fcckt das Osterfest in den Mittelpunkt. Inzwischen ist es gute Tradition, dass einige gute Geister und ehrenamtliche Mitstreiter unsere Natur der Jahreszeit entsprechend versch\u00f6nern und schm\u00fccken. Danke an alle die sich die Arbeit und M\u00fche machen unser Dorfleben zu bereichern. Ostern ist der h\u00f6chste Feiertag im Kirchenjahr: An Ostern feiern Christen die Auferstehung von Jesus Christus. Unsere<\/p>\n","protected":false},"author":1,"featured_media":17055,"comment_status":"closed","ping_status":"closed","sticky":false,"template":"","format":"standard","meta":{"_crdt_document":"","footnotes":""},"categories":[1,9,812],"tags":[5,638,205,618,127,634,795,1120,310],"class_list":["post-17019","post","type-post","status-publish","format-standard","has-post-thumbnail","hentry","category-allgemein","category-dorfgetratsche","category-ortsvorsteher-dirmingen","tag-dirmingen","tag-frohe-ostern","tag-fruehling-auf-finkenrech","tag-gemeinde-eppelborn","tag-landkreis-neunkirchen","tag-ortsvorsteher","tag-ortsvorsteher-dirmingen","tag-picobello-dirmingen","tag-saarland"],"_links":{"self":[{"href":"https:\/\/echta-derminga.de\/index.php?rest_route=\/wp\/v2\/posts\/17019","targetHints":{"allow":["GET"]}}],"collection":[{"href":"https:\/\/echta-derminga.de\/index.php?rest_route=\/wp\/v2\/posts"}],"about":[{"href":"https:\/\/echta-derminga.de\/index.php?rest_route=\/wp\/v2\/types\/post"}],"author":[{"embeddable":true,"href":"https:\/\/echta-derminga.de\/index.php?rest_route=\/wp\/v2\/users\/1"}],"replies":[{"embeddable":true,"href":"https:\/\/echta-derminga.de\/index.php?rest_route=%2Fwp%2Fv2%2Fcomments&post=17019"}],"version-history":[{"count":54,"href":"https:\/\/echta-derminga.de\/index.php?rest_route=\/wp\/v2\/posts\/17019\/revisions"}],"predecessor-version":[{"id":17114,"href":"https:\/\/echta-derminga.de\/index.php?rest_route=\/wp\/v2\/posts\/17019\/revisions\/17114"}],"wp:featuredmedia":[{"embeddable":true,"href":"https:\/\/echta-derminga.de\/index.php?rest_route=\/wp\/v2\/media\/17055"}],"wp:attachment":[{"href":"https:\/\/echta-derminga.de\/index.php?rest_route=%2Fwp%2Fv2%2Fmedia&parent=17019"}],"wp:term":[{"taxonomy":"category","embeddable":true,"href":"https:\/\/echta-derminga.de\/index.php?rest_route=%2Fwp%2Fv2%2Fcategories&post=17019"},{"taxonomy":"post_tag","embeddable":true,"href":"https:\/\/echta-derminga.de\/index.php?rest_route=%2Fwp%2Fv2%2Ftags&post=17019"}],"curies":[{"name":"wp","href":"https:\/\/api.w.org\/{rel}","templated":true}]}}