{"id":17117,"date":"2024-03-28T11:29:29","date_gmt":"2024-03-28T10:29:29","guid":{"rendered":"https:\/\/echta-derminga.de\/?p=17117"},"modified":"2024-03-28T12:30:47","modified_gmt":"2024-03-28T11:30:47","slug":"unsere-beerdigungskultur-hat-sich-veraendert-baumbestattungen-bieten-ein-neues-angebot","status":"publish","type":"post","link":"https:\/\/echta-derminga.de\/?p=17117","title":{"rendered":"Unsere Beerdigungskultur hat sich ver\u00e4ndert &#8211; Baumbestattungen bieten ein neues Angebot"},"content":{"rendered":"\n<p class=\"has-medium-font-size wp-block-paragraph\"><strong>In den meisten F\u00e4llen besch\u00e4ftigt man sich mit dem Thema Sterben und Beerdigung erst dann, wenn es unausweichlich wird und man pers\u00f6nlich betroffen ist. Experten raten dazu, sich bereits fr\u00fch mit dem Thema Sterbevorsorge zu besch\u00e4ftigen. Neben einer m\u00f6glichen Versicherungsform, um die Beerdigungskosten besser leisten zu k\u00f6nnen, geh\u00f6rt hier auch die Festlegung der eigentliche Bestattungsform. Der Tod eines nahen Menschen ist eine starke Belastung f\u00fcr die Angeh\u00f6rigen. Die Trauernden m\u00fcssen schnellstm\u00f6glich nach dem Tod ihres Angeh\u00f6rigen zeitnah eine Reihe von Entscheidungen treffen. Dabei spielt es eine gewichtige Rolle welche W\u00fcnsche des Verstorbenen beachtet werden m\u00fcssen, welche Kosten die bevorstehende Beerdigung betr\u00e4gt und nicht zuletzt welche Beerdigungsform gew\u00e4hlt werden muss. Oftmals bleibt f\u00fcr die Angeh\u00f6rigen nicht gen\u00fcgend Zeit um sich ausreichend zu informieren und in Ruhe alles zu kl\u00e4ren.<\/strong><\/p>\n\n\n\n<p class=\"has-medium-font-size wp-block-paragraph\">Der Dirminger Ortsrat befasste sich bereits im Jahre 2022 intensiv mit dem Thema Baumbestattungen auf dem Friedhof. In den letzten zehn Jahren stieg die Zahl der Urnenbeisetzungen erheblich. Die herk\u00f6mmliche Form der Erdbestattung hingegen gibt es immer weniger. Die Experten gehen davon aus, dass diese uralte Bestattungsform irgendwann abgeschafft wird. F\u00fcr die Gemeindeverwaltung bedeutet dies, dass immer mehr Urnenw\u00e4nde gebaut werden m\u00fcssen. Auch die Zahl der Urnentiefengr\u00e4ber ist ansteigend und wird von Jahr zu Jahr beliebter. Auf der anderen Seite fordert diese Entwicklung ihren Tribut. In der Mitte der Dirminger Friedhofsanlage klafft mittlerweile ein riesengro\u00dfes Loch. Die Zahl der Erdbestattungen reicht bei weitem nicht mehr aus um den Friedhof ausgewogen mit Gr\u00e4bern zu besetzen. Die Belegungsfl\u00e4che des Friedhofes wird sich in den n\u00e4chsten Jahren rund um die Einsegnungshalle zentralisieren. Das Ortsbild unseres Friedhofes wird sich weiterhin stark ver\u00e4ndern. Urnenw\u00e4nde ben\u00f6tigen weniger Platz als Erdgr\u00e4ber. Somit werden in den n\u00e4chsten Jahren auf unserem Friedhof immer mehr freie Stellen entstehen. Im Jahr 2022 geriet auf Initiative der SPD Ortsratsfraktion das Thema Baumbestattungen verst\u00e4rkt in den Mittelpunkt.<\/p>\n\n\n<div class=\"wp-block-image\">\n<figure class=\"aligncenter size-large\"><img loading=\"lazy\" decoding=\"async\" width=\"700\" height=\"427\" src=\"https:\/\/echta-derminga.de\/wp-content\/uploads\/2024\/03\/B-2-700x427.jpg\" alt=\"\" class=\"wp-image-17091\" srcset=\"https:\/\/echta-derminga.de\/wp-content\/uploads\/2024\/03\/B-2-700x427.jpg 700w, https:\/\/echta-derminga.de\/wp-content\/uploads\/2024\/03\/B-2-300x183.jpg 300w, https:\/\/echta-derminga.de\/wp-content\/uploads\/2024\/03\/B-2-768x469.jpg 768w, https:\/\/echta-derminga.de\/wp-content\/uploads\/2024\/03\/B-2-1536x938.jpg 1536w, https:\/\/echta-derminga.de\/wp-content\/uploads\/2024\/03\/B-2-2048x1250.jpg 2048w\" sizes=\"auto, (max-width: 700px) 100vw, 700px\" \/><\/figure>\n<\/div>\n\n\n<p class=\"has-medium-font-size wp-block-paragraph\"><strong>Die Baumbestattung erfreut sich seit einigen Jahren zunehmender Beliebtheit als alternative Bestattungsart in Deutschland. Besonders naturverbundene Menschen entscheiden sich h\u00e4ufig f\u00fcr eine Grabst\u00e4tte unter einem Baum. Die N\u00e4he und das Einswerden mit der Natur bilden h\u00e4ufig die ausschlaggebenden Faktoren. Die Baumbestattung ist eine Form der Naturbestattung . Hierbei wird die Asche der verstorbenen Person in einer Urne im Wurzelbereich eines Baumes beigesetzt. Dies erfolgt in eigens daf\u00fcr vorgesehenen Waldst\u00fccken oder wie bei uns unter B\u00e4umen auf Friedh\u00f6fen. Voraussetzung ist dabei, dass der gew\u00e4hlte Friedhof auch Baumgr\u00e4ber anbietet. In den letzten Jahren sind auch die regionalen Friedw\u00e4lder in den Mittelpunkt ger\u00fcckt. Weil viele Menschen aber durchaus &#8222;Zuhause&#8220; beerdigt sein wollen, bietet die Baumbestattung auf unserem Friedhof eine achte Alternative.  <\/strong><\/p>\n\n\n\n<p class=\"has-medium-font-size wp-block-paragraph\">Das Thema Baumbestattung ist also eine echte Alternative f\u00fcr die Menschen in Dirmingen und nicht zuletzt auch f\u00fcr unsere Friedhofsanlage geworden. Die zuk\u00fcnftige M\u00f6glichkeit in Dirmingen Baumbestattungen anzubieten w\u00fcrde zudem unsere Friedhofsanlage aufwerten. Die  gro\u00dfr\u00e4umigen leeren Fl\u00e4chen in der Friedhofsmitte w\u00fcrden mit einem neuen sch\u00f6nen sogenannten \u201eBaumfeld\u201c geschm\u00fcckt werden. Viele Menschen in unserem Heimatort w\u00fcnschen sich seit langem eine passende Alternativen zur traditionellen Erd- oder Urnenbestattung. Auf den gemeindeeigenen Friedh\u00f6fen in Eppelborn und Wiesbach werden Baumbestattungen bereits angeboten. Nun wird diese M\u00f6glichkeit schon sehr bald auf dem Dirminger Friedhof m\u00f6glich sein. Der Ortsrat Dirmingen hat sich in seiner letzten Sitzung am 14. M\u00e4rz mit diesem Thema besch\u00e4ftigt und einstimmig zielorientierte Beschl\u00fcsse gefasst.<\/p>\n\n\n<div class=\"wp-block-image\">\n<figure class=\"aligncenter size-large\"><img loading=\"lazy\" decoding=\"async\" width=\"700\" height=\"468\" src=\"https:\/\/echta-derminga.de\/wp-content\/uploads\/2024\/03\/B3-700x468.jpg\" alt=\"\" class=\"wp-image-17092\" srcset=\"https:\/\/echta-derminga.de\/wp-content\/uploads\/2024\/03\/B3-700x468.jpg 700w, https:\/\/echta-derminga.de\/wp-content\/uploads\/2024\/03\/B3-300x200.jpg 300w, https:\/\/echta-derminga.de\/wp-content\/uploads\/2024\/03\/B3-768x513.jpg 768w, https:\/\/echta-derminga.de\/wp-content\/uploads\/2024\/03\/B3.jpg 1000w\" sizes=\"auto, (max-width: 700px) 100vw, 700px\" \/><\/figure>\n<\/div>\n\n\n<p class=\"has-medium-font-size wp-block-paragraph\"><strong>Dabei ging es in erster Linie um die Anbringung von Gedenksteinen f\u00fcr die einzelnen Gr\u00e4berfelder um die jeweiligen B\u00e4ume. Im vorderen Bereich der B\u00e4ume werden aufgespaltene Kalksteinbl\u00f6cke aufgestellt. Die Namen der Verstorbenen werden auf bronzene Namenstafeln graviert und nach der Beisetzung auf den Gedenkstein befestigt. Unser Ortsrat vertritt einhellig die Meinung, dass diese neue Bestattungsform gro\u00dfen Anklang in Dirmingen finden wird. Auf dem Friedhof wurden bereits im Mittelfeld der Anlage entsprechende Weiden angepflanzt. Beim Pflanzen der B\u00e4ume wurde auf ausreichenden Abstand geachtet, so dass pro Baum drei Grabreihen angelegt werden k\u00f6nnen. Die Gedenksteine werden von der Bildhauerei Pink aus Eppelborn neu angelegt. Jeder dieser Kalksteine steht f\u00fcr eine Reihe und bietet Platz f\u00fcr die Namen von 12 Verstorbenen. Die Ma\u00dfnahme steht in H\u00f6he von 8000,\u20ac im Investitionshaushalt der Gemeinde Eppelborn. Wir d\u00fcrfen davon ausgehen, dass die ersten Baumbestattungen in Dirmingen bereits in diesem Jahr m\u00f6glich sind.<\/strong><\/p>\n","protected":false},"excerpt":{"rendered":"<p>In den meisten F\u00e4llen besch\u00e4ftigt man sich mit dem Thema Sterben und Beerdigung erst dann, wenn es unausweichlich wird und man pers\u00f6nlich betroffen ist. Experten raten dazu, sich bereits fr\u00fch mit dem Thema Sterbevorsorge zu besch\u00e4ftigen. Neben einer m\u00f6glichen Versicherungsform, um die Beerdigungskosten besser leisten zu k\u00f6nnen, geh\u00f6rt hier auch die Festlegung der eigentliche Bestattungsform. Der Tod eines nahen Menschen<\/p>\n","protected":false},"author":1,"featured_media":17095,"comment_status":"open","ping_status":"closed","sticky":false,"template":"","format":"standard","meta":{"_crdt_document":"","footnotes":""},"categories":[1,9,902],"tags":[1121,5,200,618,127,310],"class_list":["post-17117","post","type-post","status-publish","format-standard","has-post-thumbnail","hentry","category-allgemein","category-dorfgetratsche","category-meine-meinung","tag-baumbestattungen","tag-dirmingen","tag-friedhof-dirmingen","tag-gemeinde-eppelborn","tag-landkreis-neunkirchen","tag-saarland"],"_links":{"self":[{"href":"https:\/\/echta-derminga.de\/index.php?rest_route=\/wp\/v2\/posts\/17117","targetHints":{"allow":["GET"]}}],"collection":[{"href":"https:\/\/echta-derminga.de\/index.php?rest_route=\/wp\/v2\/posts"}],"about":[{"href":"https:\/\/echta-derminga.de\/index.php?rest_route=\/wp\/v2\/types\/post"}],"author":[{"embeddable":true,"href":"https:\/\/echta-derminga.de\/index.php?rest_route=\/wp\/v2\/users\/1"}],"replies":[{"embeddable":true,"href":"https:\/\/echta-derminga.de\/index.php?rest_route=%2Fwp%2Fv2%2Fcomments&post=17117"}],"version-history":[{"count":6,"href":"https:\/\/echta-derminga.de\/index.php?rest_route=\/wp\/v2\/posts\/17117\/revisions"}],"predecessor-version":[{"id":17151,"href":"https:\/\/echta-derminga.de\/index.php?rest_route=\/wp\/v2\/posts\/17117\/revisions\/17151"}],"wp:featuredmedia":[{"embeddable":true,"href":"https:\/\/echta-derminga.de\/index.php?rest_route=\/wp\/v2\/media\/17095"}],"wp:attachment":[{"href":"https:\/\/echta-derminga.de\/index.php?rest_route=%2Fwp%2Fv2%2Fmedia&parent=17117"}],"wp:term":[{"taxonomy":"category","embeddable":true,"href":"https:\/\/echta-derminga.de\/index.php?rest_route=%2Fwp%2Fv2%2Fcategories&post=17117"},{"taxonomy":"post_tag","embeddable":true,"href":"https:\/\/echta-derminga.de\/index.php?rest_route=%2Fwp%2Fv2%2Ftags&post=17117"}],"curies":[{"name":"wp","href":"https:\/\/api.w.org\/{rel}","templated":true}]}}