{"id":17121,"date":"2024-03-28T12:21:28","date_gmt":"2024-03-28T11:21:28","guid":{"rendered":"https:\/\/echta-derminga.de\/?p=17121"},"modified":"2024-03-28T13:05:17","modified_gmt":"2024-03-28T12:05:17","slug":"dann-geh-doch-zu-netto-wuerden-wir-ja-gern","status":"publish","type":"post","link":"https:\/\/echta-derminga.de\/?p=17121","title":{"rendered":"\u201eGehen wir doch zu Netto\u201c \u2013 W\u00fcrden wir ja gern, aber\u2026\u2026."},"content":{"rendered":"\n<p class=\"has-medium-font-size wp-block-paragraph\"><strong>Dirmingen in der Warteschleife. Die Menschen sehnen sich nach einem baldigen Baubeginn eines Nahversorgers in der Dirminger Ortsmitte. Immer wieder werden B\u00fcrgermeister Dr. Feld und meine Wenigkeit bez\u00fcglich des geplanten Neubaus eines &#8222;Netto- Marktes&#8220; kontaktiert oder angesprochen. Gerne gebe ich immer wieder Auskunft und informiere auf diversen Veranstaltungen \u00fcber den aktuellen Stand der Dinge. Gebetsm\u00fchlenartig rattere ich meinen Text herunter und bin selbst entt\u00e4uscht dar\u00fcber, dass ich nicht mehr wei\u00df oder sagen kann. Leider hat sich der &#8222;Status Quo&#8220; auch im Jahre 2024 nicht ver\u00e4ndert. Gemeinsam mit B\u00fcrgermeister Dr. Andreas Feld durfte ich an diversen Gespr\u00e4chen mit dem Investor teilnehmen. So weit so gut! Bis hierhin war es ein guter Weg. Im gemeinsamen Schulterschluss wurden partei\u00fcbergreifend im Orts -und Gemeinderat einstimmige Beschl\u00fcsse gefasst und somit der Grundstein f\u00fcr einen Baubeginn gelegt. Ich bin B\u00fcrgermeister Dr. Feld sehr dankbar, dass er mich immer wieder in alle Entscheidungen und Gespr\u00e4che mit dem Investor einbezogen hat.<\/strong><\/p>\n\n\n\n<p class=\"has-medium-font-size wp-block-paragraph\">Die Baugenehmigung liegt bereits seit dem vergangenen Jahr vor und eigentlich k\u00f6nnten wir loslegen. Wenn, ja wenn da nicht die zu hohen Baukosten w\u00e4ren. Der Investor spricht von einer unwirtschaftlichen Ausgangslage und zu hohen Investitionen im Tiefbau. Diese Kostensteigerung war als wir in die Planungen f\u00fcr das Projekt eingestiegen sind, noch nicht vorhersehbar. Der Investor ist aktuell damit besch\u00e4ftigt alle M\u00f6glichkeiten zu pr\u00fcfen, um die Kosten zu senken und das Projekt zu erm\u00f6glichen. Die Grundst\u00fcckseigent\u00fcmer haben in jeder Hinsicht im Sinne unserer Dorfgemeinschaft gehandelt und mitgearbeitet. Ich m\u00f6chte an dieser Stelle allen Grundst\u00fcckseigent\u00fcmern sowie den Mitarbeitern der Gemeindeverwaltung und auch B\u00fcrgermeister Feld f\u00fcr das gute Miteinander danken.<\/p>\n\n\n\n<p class=\"has-medium-font-size wp-block-paragraph\"><strong>Dirmingen in der Warteschleife. Immer wieder werden wir gefragt, ob das Bauvorhaben \u00fcberhaupt realisiert wird. Wir k\u00f6nnen hier keine verbindliche Antwort geben! Immerhin hat der Investor bis heute schon viel Geld in dieses Projekt investiert. Ein baldiger Baubeginn ist jedoch nicht in Sicht. Wir k\u00f6nnen keinen Zeitplan nennen und auch keine Wasserstandsmeldung verk\u00fcnden. Der Ball liegt allein beim Investor. Die Verwaltung und auch die oft gescholtene Politik hat alle Hausaufgaben erledigt. Dennoch schleichen wir uns nicht aus der Verantwortung und reichen dem Investor weiterhin die Hand zur Zusammenarbeit.<\/strong><\/p>\n\n\n\n<p class=\"has-medium-font-size wp-block-paragraph\">Wir sind an einem Punkt angelangt, an dem uns nichts anderes \u00fcbrigbleibt, als abzuwarten und zu hoffen. Es ist viel zu fr\u00fch, um die Flinte ins Korn zu werfen und aufzugeben. Auf der anderen Seite ist der aktuelle &#8222;Status quo&#8220; tats\u00e4chlich ern\u00fcchternd und zerm\u00fcrbend. Wichtig ist, dass wir die Menschen mitnehmen und immer wieder \u00fcber den aktuellen Stand der Dinge informieren. Von daher bin ich unserem B\u00fcrgermeister Dr. Feld und seiner Verwaltung sehr dankbar f\u00fcr die neue, aktuelle Pressemitteilung bez\u00fcglich des geplanten Neubaus eines Nahversorgers in Dirmingen.<\/p>\n\n\n\n<p class=\"has-medium-font-size wp-block-paragraph\"><strong>Aufgeben ist keine Option. Wir werden dranbleiben und schauen was geht! Ich m\u00f6chte jedoch nochmals um Verst\u00e4ndnis werben. Die aktuelle Situation hat nichts mit einem politischen Versagen oder falscher Entscheidungen zu tun. Viele Probleme, gerade im Tiefbau, waren vorher nicht absehbar und schlecht einzusch\u00e4tzen. Der Investor hat weiterhin Interesse daran das Projekt umzusetzen. Ob es am Ende gelingt, ist noch nicht abzusehen. Ich pers\u00f6nlich glaube jedoch, dass es noch zu fr\u00fch ist aufzugeben. Noch ist vieles m\u00f6glich. Aufgeben ist keine Option!<\/strong><\/p>\n\n\n<div class=\"wp-block-image\">\n<figure class=\"aligncenter size-large\"><img loading=\"lazy\" decoding=\"async\" width=\"700\" height=\"405\" src=\"https:\/\/echta-derminga.de\/wp-content\/uploads\/2023\/07\/19_Netto-5-1024x593-1-700x405.jpg\" alt=\"\" class=\"wp-image-15491\" srcset=\"https:\/\/echta-derminga.de\/wp-content\/uploads\/2023\/07\/19_Netto-5-1024x593-1-700x405.jpg 700w, https:\/\/echta-derminga.de\/wp-content\/uploads\/2023\/07\/19_Netto-5-1024x593-1-300x174.jpg 300w, https:\/\/echta-derminga.de\/wp-content\/uploads\/2023\/07\/19_Netto-5-1024x593-1-768x445.jpg 768w, https:\/\/echta-derminga.de\/wp-content\/uploads\/2023\/07\/19_Netto-5-1024x593-1.jpg 1024w\" sizes=\"auto, (max-width: 700px) 100vw, 700px\" \/><\/figure>\n<\/div>\n\n\n<p class=\"has-medium-font-size wp-block-paragraph\"><strong>Hier die Pressemitteilung der Gemeindeverwaltung: Quelle Homepage Gemeinde Eppelborn<\/strong><\/p>\n\n\n\n<p class=\"wp-block-paragraph\"><a href=\"https:\/\/www.eppelborn.de\/der-buergermeister-und-der-ortsvorsteher-informieren-stand-der-dinge-bei-der-geplanten-ansiedlung-netto-markt-in-dirmingen\">https:\/\/www.eppelborn.de\/der-buergermeister-und-der-ortsvorsteher-informieren-stand-der-dinge-bei-der-geplanten-ansiedlung-netto-markt-in-dirmingen<\/a><\/p>\n\n\n\n<h2 class=\"wp-block-heading\">Der B\u00fcrgermeister und der Ortsvorsteher informieren: Stand der Dinge bei der geplanten Ansiedlung \u201eNetto-Markt in Dirmingen\u201c<\/h2>\n\n\n\n<p class=\"has-medium-font-size wp-block-paragraph\">Um die Nahversorgung in Dirmingen langfristig zu sichern, ist es mir Anfang 2021 gelungen, mit der Firma RATISBONA Projektentwicklung KG einen neuen Investor f\u00fcr das Projekt \u201eNetto-Markt in Dirmingen\u201c zu finden. Die Planungen wurden in der Gemeinderatssitzung im Mai 2021 von Lars Piereck, dem Projektentwickler der RATISBONA Handels-immobilien, vorgestellt. Ebenso habe ich alle Gremien (Orts- und Gemeinderat) und Ortsvorsteher Frank Klein eingebunden, die sich alle gemeinsam f\u00fcr dieses wichtige Projekt, das die Nahversorgung in Drimingen langfristig sichern soll, ausgesprochen und eingesetzt haben.<\/p>\n\n\n\n<p class=\"has-medium-font-size wp-block-paragraph\">Gern m\u00f6chten wir Sie heute hierzu auf den aktuellen Stand bringen. Allzu viel gibt es an dieser Stelle aber nicht zu sagen, denn seit der letzten Mitteilung im vergangenen Sommer haben wir keine neuen Entwicklungen zu vermelden. Nach unserem letzten Gespr\u00e4ch mit dem Investor vor wenigen Tagen, konnte uns dieser leider noch keinen Termin f\u00fcr den Baustart mitteilen.<\/p>\n\n\n\n<p class=\"has-medium-font-size wp-block-paragraph\">Wir m\u00f6chten an dieser Stelle betonen, dass von Seiten der Gemeinde sowie aller Grundst\u00fcckseigent\u00fcmer und der Verwaltung alle erforderlichen Schritte unternommen wurden, um das Projekt voranzutreiben. Gemeinsam mit Ortsvorsteher Frank Klein habe ich viele Gespr\u00e4che gef\u00fchrt, um den Bau des Netto-Marktes so schnell wie m\u00f6glich umsetzen zu k\u00f6nnen. Die Baugenehmigung liegt bereits seit Mai letzten Jahres vor, alle planerischen Voraussetzungen wurden erf\u00fcllt und s\u00e4mtliche b\u00fcrokratischen H\u00fcrden erfolgreich genommen. Wir haben intensiv mit dem Investor zusammengearbeitet, um sicherzustellen, dass alle erforderlichen Genehmigungen und Planungen so schnell wie m\u00f6glich abgeschlossen werden konnten, um das Projekt voranzutreiben.<\/p>\n\n\n\n<p class=\"has-medium-font-size wp-block-paragraph\">Trotz all unserer Bem\u00fchungen, das Projekt zeitnah zu realisieren, ist der Baubeginn bislang leider ausgeblieben. Angesichts der Ukraine-Krise und der hohen Inflation, sind die Baukosten in den vergangenen Jahren um rund 30% gestiegen. Diese Kostensteigerung, die 2021, als wir in die Planungen f\u00fcr das Projekt eingestiegen sind, noch nicht vorherzusehen war, zwingt den Investor, die Wirtschaftlichkeit des Projekts immer wieder zu pr\u00fcfen. Derzeit ist der Investor dabei verschiedene Angebote einzuholen und diese eingehend zu pr\u00fcfen, um die Kosten zu senken um das Projekt am Ende auch rentabel gestalten zu k\u00f6nnen.<\/p>\n\n\n\n<p class=\"has-medium-font-size wp-block-paragraph\">Wir stehen in regelm\u00e4\u00dfigem Kontakt mit dem Investor und werden Sie umgehend informieren, sobald es neue Entwicklungen gibt. Wir bedauern diese Verz\u00f6gerung ebenso wie Sie und verstehen nat\u00fcrlich die Ungeduld in der Bev\u00f6lkerung. Ich m\u00f6chte Ihnen versichern, dass ich, meine Verwaltung und auch Ortsvorsteher Frank Klein weiterhin alles versuchen werden, um den Netto-Markt in Dirmingen zu realisieren. Die Vorarbeit ist geleistet &amp; jetzt ist der Investor am Zug.<\/p>\n\n\n\n<h6 class=\"wp-block-heading has-medium-font-size\">Ver\u00f6ffentlicht am\u00a0 28.03.2024<\/h6>\n\n\n\n<p class=\"has-medium-font-size wp-block-paragraph\"><strong>Quelle: Homepage der Gemeinde Eppelborn<\/strong><\/p>\n","protected":false},"excerpt":{"rendered":"<p>Dirmingen in der Warteschleife. Die Menschen sehnen sich nach einem baldigen Baubeginn eines Nahversorgers in der Dirminger Ortsmitte. Immer wieder werden B\u00fcrgermeister Dr. Feld und meine Wenigkeit bez\u00fcglich des geplanten Neubaus eines &#8222;Netto- Marktes&#8220; kontaktiert oder angesprochen. Gerne gebe ich immer wieder Auskunft und informiere auf diversen Veranstaltungen \u00fcber den aktuellen Stand der Dinge. Gebetsm\u00fchlenartig rattere ich meinen Text herunter<\/p>\n","protected":false},"author":1,"featured_media":17141,"comment_status":"open","ping_status":"closed","sticky":false,"template":"","format":"standard","meta":{"_crdt_document":"","footnotes":""},"categories":[1,9,902,46],"tags":[5,1124,618,127,1123,634,795,310],"class_list":["post-17121","post","type-post","status-publish","format-standard","has-post-thumbnail","hentry","category-allgemein","category-dorfgetratsche","category-meine-meinung","category-meine-politik","tag-dirmingen","tag-einkaufszentrum","tag-gemeinde-eppelborn","tag-landkreis-neunkirchen","tag-nahversorger-dirmingen","tag-ortsvorsteher","tag-ortsvorsteher-dirmingen","tag-saarland"],"_links":{"self":[{"href":"https:\/\/echta-derminga.de\/index.php?rest_route=\/wp\/v2\/posts\/17121","targetHints":{"allow":["GET"]}}],"collection":[{"href":"https:\/\/echta-derminga.de\/index.php?rest_route=\/wp\/v2\/posts"}],"about":[{"href":"https:\/\/echta-derminga.de\/index.php?rest_route=\/wp\/v2\/types\/post"}],"author":[{"embeddable":true,"href":"https:\/\/echta-derminga.de\/index.php?rest_route=\/wp\/v2\/users\/1"}],"replies":[{"embeddable":true,"href":"https:\/\/echta-derminga.de\/index.php?rest_route=%2Fwp%2Fv2%2Fcomments&post=17121"}],"version-history":[{"count":6,"href":"https:\/\/echta-derminga.de\/index.php?rest_route=\/wp\/v2\/posts\/17121\/revisions"}],"predecessor-version":[{"id":17152,"href":"https:\/\/echta-derminga.de\/index.php?rest_route=\/wp\/v2\/posts\/17121\/revisions\/17152"}],"wp:featuredmedia":[{"embeddable":true,"href":"https:\/\/echta-derminga.de\/index.php?rest_route=\/wp\/v2\/media\/17141"}],"wp:attachment":[{"href":"https:\/\/echta-derminga.de\/index.php?rest_route=%2Fwp%2Fv2%2Fmedia&parent=17121"}],"wp:term":[{"taxonomy":"category","embeddable":true,"href":"https:\/\/echta-derminga.de\/index.php?rest_route=%2Fwp%2Fv2%2Fcategories&post=17121"},{"taxonomy":"post_tag","embeddable":true,"href":"https:\/\/echta-derminga.de\/index.php?rest_route=%2Fwp%2Fv2%2Ftags&post=17121"}],"curies":[{"name":"wp","href":"https:\/\/api.w.org\/{rel}","templated":true}]}}