{"id":17168,"date":"2024-04-04T18:40:49","date_gmt":"2024-04-04T17:40:49","guid":{"rendered":"https:\/\/echta-derminga.de\/?p=17168"},"modified":"2024-04-04T18:40:51","modified_gmt":"2024-04-04T17:40:51","slug":"musik-und-texte-mit-mac-und-meng","status":"publish","type":"post","link":"https:\/\/echta-derminga.de\/?p=17168","title":{"rendered":"Musik und Texte mit Mac und Meng"},"content":{"rendered":"\n<p class=\"has-medium-font-size wp-block-paragraph\"><strong>19. April 2024, 20 Uhr, Evangelische Kirche Dirmingen<\/strong><br><br><strong>Zu einem stimmungsvollen Abend zu Gunsten des Kulturvereines Dirmingen l\u00e4dt der Dirminger Ortsvorsteher Frank Klein am Freitag, 19. April 2024 um 20.00 Uhr in die Evangelische Kirche Dirmingen ein.<\/strong><\/p>\n\n\n\n<p class=\"has-medium-font-size wp-block-paragraph\">Gestalten werden diesen Abend Landrat S\u00f6ren Meng und der bekannte Dirminger Musiker &#8222;Mac&#8220; Manfred Gabler.<br>S\u00f6ren Meng wird Geschichten und Lyrisches zum Besten geben. Er hat in den vergangenen Jahren verschiedene B\u00fccher ver\u00f6ffentlicht, aus denen er Beitr\u00e4ge pr\u00e4sentieren wird. In seinen Texten verarbeitet er das Allt\u00e4gliche und l\u00e4dt dazu ein, dem Augenblick mehr Beachtung zu schenken.<\/p>\n\n\n\n<p class=\"has-medium-font-size wp-block-paragraph\"><strong>&#8222;Mac&#8220; Manfred Gabler ist seit Jahrzehnten musikalisch unterwegs. Als Mitglied der legend\u00e4ren Gruppe Rastlos war er f\u00fcr eine Vielzahl von Liedern verantwortlich, auch in anderen Formationen kann und konnte man ihn erleben. Er wird an diesem Abend auch Eigenkompositionen zu Geh\u00f6r bringen. &#8222;Ich freue mich sehr auf diesen Abend. Er soll in diesen turbulenten Zeiten auch f\u00fcr etwas Besinnung sorgen. Hier bietet unsere historische Kirche einen guten Rahmen&#8220;, so Ortsvorsteher Frank Klein.<\/strong><\/p>\n\n\n\n<p class=\"has-medium-font-size wp-block-paragraph\">Der Eintritt ist frei, die G\u00e4ste haben die M\u00f6glichkeit eine freiwillige Spende zu Gunsten des Kulturvereines Dirmingen zu entrichten.<\/p>\n\n\n<div class=\"wp-block-image\">\n<figure class=\"aligncenter size-full\"><img loading=\"lazy\" decoding=\"async\" width=\"606\" height=\"867\" src=\"https:\/\/echta-derminga.de\/wp-content\/uploads\/2024\/04\/Screenshot-2024-03-31-094516.png\" alt=\"\" class=\"wp-image-17169\" srcset=\"https:\/\/echta-derminga.de\/wp-content\/uploads\/2024\/04\/Screenshot-2024-03-31-094516.png 606w, https:\/\/echta-derminga.de\/wp-content\/uploads\/2024\/04\/Screenshot-2024-03-31-094516-210x300.png 210w\" sizes=\"auto, (max-width: 606px) 100vw, 606px\" \/><\/figure>\n<\/div>","protected":false},"excerpt":{"rendered":"<p>19. April 2024, 20 Uhr, Evangelische Kirche Dirmingen Zu einem stimmungsvollen Abend zu Gunsten des Kulturvereines Dirmingen l\u00e4dt der Dirminger Ortsvorsteher Frank Klein am Freitag, 19. April 2024 um 20.00 Uhr in die Evangelische Kirche Dirmingen ein. Gestalten werden diesen Abend Landrat S\u00f6ren Meng und der bekannte Dirminger Musiker &#8222;Mac&#8220; Manfred Gabler.S\u00f6ren Meng wird Geschichten und Lyrisches zum Besten geben.<\/p>\n","protected":false},"author":1,"featured_media":17171,"comment_status":"open","ping_status":"closed","sticky":false,"template":"","format":"standard","meta":{"_crdt_document":"","footnotes":""},"categories":[1,9,100],"tags":[5,618,127,1126,1127,795,310],"class_list":["post-17168","post","type-post","status-publish","format-standard","has-post-thumbnail","hentry","category-allgemein","category-dorfgetratsche","category-meine-kulturaner","tag-dirmingen","tag-gemeinde-eppelborn","tag-landkreis-neunkirchen","tag-landrat-soeren-meng","tag-mac-gabler","tag-ortsvorsteher-dirmingen","tag-saarland"],"_links":{"self":[{"href":"https:\/\/echta-derminga.de\/index.php?rest_route=\/wp\/v2\/posts\/17168","targetHints":{"allow":["GET"]}}],"collection":[{"href":"https:\/\/echta-derminga.de\/index.php?rest_route=\/wp\/v2\/posts"}],"about":[{"href":"https:\/\/echta-derminga.de\/index.php?rest_route=\/wp\/v2\/types\/post"}],"author":[{"embeddable":true,"href":"https:\/\/echta-derminga.de\/index.php?rest_route=\/wp\/v2\/users\/1"}],"replies":[{"embeddable":true,"href":"https:\/\/echta-derminga.de\/index.php?rest_route=%2Fwp%2Fv2%2Fcomments&post=17168"}],"version-history":[{"count":1,"href":"https:\/\/echta-derminga.de\/index.php?rest_route=\/wp\/v2\/posts\/17168\/revisions"}],"predecessor-version":[{"id":17170,"href":"https:\/\/echta-derminga.de\/index.php?rest_route=\/wp\/v2\/posts\/17168\/revisions\/17170"}],"wp:featuredmedia":[{"embeddable":true,"href":"https:\/\/echta-derminga.de\/index.php?rest_route=\/wp\/v2\/media\/17171"}],"wp:attachment":[{"href":"https:\/\/echta-derminga.de\/index.php?rest_route=%2Fwp%2Fv2%2Fmedia&parent=17168"}],"wp:term":[{"taxonomy":"category","embeddable":true,"href":"https:\/\/echta-derminga.de\/index.php?rest_route=%2Fwp%2Fv2%2Fcategories&post=17168"},{"taxonomy":"post_tag","embeddable":true,"href":"https:\/\/echta-derminga.de\/index.php?rest_route=%2Fwp%2Fv2%2Ftags&post=17168"}],"curies":[{"name":"wp","href":"https:\/\/api.w.org\/{rel}","templated":true}]}}