{"id":17172,"date":"2024-04-07T13:39:14","date_gmt":"2024-04-07T12:39:14","guid":{"rendered":"https:\/\/echta-derminga.de\/?p=17172"},"modified":"2024-04-07T20:35:34","modified_gmt":"2024-04-07T19:35:34","slug":"lasst-uns-eine-lanze-fuer-die-kommunalpolitik-brechen-wir-sitzen-doch-alle-in-einem-omnibus","status":"publish","type":"post","link":"https:\/\/echta-derminga.de\/?p=17172","title":{"rendered":"Lasst uns eine Lanze f\u00fcr die Kommunalpolitik brechen &#8211; Wir sitzen doch alle in einem Omnibus"},"content":{"rendered":"\n<p class=\"has-medium-font-size wp-block-paragraph\"><strong>Kommunalwahlen 2024 &#8211; Alarmstufe Rot! Immer mehr politische Ortsverb\u00e4nde bekommen zusehends Probleme gen\u00fcgend Kandidatinnen und Kandidaten f\u00fcr ihre Listen zu finden. Ich nutze meinen Blog um mich ganz herzlich bei allen da drau\u00dfen, die bereit waren, sich auf eine Liste f\u00fcr den Orts- oder Gemeinderat aufstellen zu lassen zu bedanken. Am 09. Juni 2024 werden bei den Kommunalwahlen diejenigen Menschen gew\u00e4hlt, die bereit sind Verantwortung f\u00fcr ihren Heimatort zu \u00fcbernehmen. Dabei handelt es sich um eure Nachbarn, Landsleute, Freunde oder Bekannte und keineswegs um irgendwelche machtgierigen Besserwisser oder Leute mit Profitneurose. Seit einigen Tagen hat der Wahlkampf auch die sozialen Medien erreicht. Die einzelnen Parteien stellen ihre Kandidatinnen und Kandidaten vor und werben um das Vertrauen der W\u00e4hlerinnen und W\u00e4hler.<\/strong><\/p>\n\n\n\n<p class=\"has-medium-font-size wp-block-paragraph\">Einige Zeitgenossen nutzen diese Gelegenheit, um sich lustig zu machen oder die einzelnen Kandidatinnen und Kandidaten zu diffamieren. Klar, wer sich in die Politik begibt, muss einiges aushalten. Stellt sich die Frage: Was muss man sich gefallen lassen und wie weit darf Kritik wirklich gehen.<\/p>\n\n\n\n<p class=\"has-medium-font-size wp-block-paragraph\"><strong>Wir sollten froh und dankbar sein f\u00fcr jede oder jeden der bereit ist sich auf eine Liste f\u00fcr den Orts- oder Gemeinderat setzen zu lassen. Ich w\u00fcnsche mir diesbez\u00fcglich mehr Respekt und Anerkennung. Ganz gleich, welche Partei: CDU, SPD, Gr\u00fcne, FDP oder irgendwelche Alternativen. Es geh\u00f6rt schon etwas dazu, ein politisches Ehrenamt anzustreben und anzunehmen. Ich bin sehr dankbar daf\u00fcr, dass wir in Dirmingen einen demokratischen Wahlkampf f\u00fchren d\u00fcrfen. Anderorts fehlen den \u00f6rtlichen Parteien engagierte Frauen oder M\u00e4nner f\u00fcr die einzelnen Listen. Das Resultat ist ern\u00fcchternd: Ein Wahlkampf ist kaum durchf\u00fchrbar und der einzig \u00fcbriggebliebene Spitzenkandidat hat kein Problem seine Position zu festigen. Eine demokratische Wahl wird unter diesen Vorrausetzungen denkbar schwierig. Schuld daran ist ausnahmsweise mal nicht die Ampel. Vielmehr ist es unser Umgang mit den ehrenamtlichen Kommunalpolitikern. Warum sollte es in der Politik anders sein als bei den vielen Vereinen und Organisationen in unserem L\u00e4ndchen. Wer m\u00f6chte heute noch seine Freizeit opfern, um dann in den sozialen Medien auf schlimmste diffamiert zu werden. Dabei sind die Vorw\u00fcrfe gegen Kommunalpolitiker immer die Gleichen: Korruption, Geldgier, Machtbesessenheit oder die Hoffnung auf einen guten Job liegen bei den Ankl\u00e4gern ganz vorne. Nat\u00fcrlich treffen diese Anschuldigungen auch schonmal zu. Ich verwehre mich jedoch gegen jede Form eines Generalverdachtes.<\/strong> <strong>Kommunalpolitik ist immer noch etwas ganz anders als Bundes- oder Landespolitik.<\/strong><\/p>\n\n\n\n<p class=\"has-medium-font-size wp-block-paragraph\">Das Thema Geld und Macht spielen aus meiner Sicht in der Kommunalpolitik \u00fcberhaupt keine Rolle. Welche Macht hat ein Ortsratsmitglied und wieviel Geld bekommt er f\u00fcr sein ehrenamtliches Engagement? In der Gemeinde Eppelborn bekommt ein Ortsratsmitglied gerade einmal 10,- \u20ac Sitzungsgeld. Ein Gemeinderatsmitglied bekommt einen monatlichen Grundbetrag in H\u00f6he von 55,00 \u20ac, und ein Sitzungsgeld f\u00fcr die Teilnahme an Gemeinderats- und Ausschusssitzungen in H\u00f6he von 20,00 \u20ac. Die Aufwandsentsch\u00e4digung f\u00fcr einen Ortsvorsteher, die von der Gr\u00f6\u00dfe seines Dorfes abh\u00e4ngt, kann man \u00fcberall nachlesen. Nein, allein mit seiner kommunalpolitischen Arbeit ist noch niemand reich geworden. Nat\u00fcrlich kostet der Gemeinderat, die sieben Ortsr\u00e4te und die Ortsvorsteher den Steuerzahler einiges an Geld. Vielerorts stellt man sich l\u00e4ngst die Frage, ob ein Ortsrat noch ben\u00f6tigt wird. In der Regel werden die Ortsr\u00e4te bei politischen Entscheidungen ihres Dorfes betreffend angeh\u00f6rt und m\u00fcssen Stellung beziehen. Die letztendlichen Entscheidungen trifft der Gemeinderat. Ich pers\u00f6nlich glaube dennoch, dass unsere Ortsr\u00e4te sehr wichtig sind. Ortsr\u00e4te sind das Bindeglied zwischen den B\u00fcrgerinnen und B\u00fcrger und der Verwaltung. Ortsr\u00e4te machen Kommunalpolitik lebhaft und greifbar.<\/p>\n\n\n\n<p class=\"has-medium-font-size wp-block-paragraph\"><strong>Ich bin ein gro\u00dfer Freund von Mitmachen, einbringen, mitdenken, ver\u00e4ndern und Meinung \u00e4u\u00dfern. Ich finde es gut, wenn Menschen sich auf irgendeiner Plattform zusammentun und gemeinsam f\u00fcr eine Sache einstehen. Es geh\u00f6rt zu einer Demokratie das Meinungsbild des anderen anzuh\u00f6ren und andere Ansichten zu verstehen. Genau hier liegt allzu oft der Hund begraben. Es darf und kann nicht nur meine Meinung die einzig Richtige sein. Ver\u00e4nderungen entstehen aus gegenseitigem Respekt und Verst\u00e4ndnis. Wut, Abneigung und Sturheit vergiften die Demokratie und lassen wenig Spielraum f\u00fcr Gemeinsames agieren.<\/strong><\/p>\n\n\n\n<p class=\"has-medium-font-size wp-block-paragraph\">Ich bin daf\u00fcr, dass Menschen ihren Mund aufmachen, sich laut \u00e4u\u00dfern und auch mal etwas unbequemes ansprechen. Ich bin daf\u00fcr, dass Politiker kritisiert und hin und wieder an ihren Eid erinnert werden. Ich bin daf\u00fcr, dass nervige Fragen gestellt und der Finger in die Wunde gelegt werden. Genau das macht Demokratie aus und bringt uns alle einen Schritt weiter.<\/p>\n\n\n\n<p class=\"has-medium-font-size wp-block-paragraph\"><strong>Ein Ehrenamt oder ein kommunalpolitisches Mandat zieht immer viel \u00c4rger, Diskussionsgrundlage und Arbeit daher. Als Politiker muss man lernen Kritik einzustecken und diese in die t\u00e4gliche Arbeit einflie\u00dfen zu lassen. Ein Kommunalpolitiker vertritt die Meinungen seiner W\u00e4hlerschaft aber auch die seines Gewissens. Nicht jeder Kommunalpolitiker ist automatisch ein schlechter Mensch. Tats\u00e4chlich soll es auch Kommunalpolitiker geben, die sich Gedanken machen und nachts aufgrund ihrer Verantwortung kaum einschlafen k\u00f6nnen. So was soll es geben. Die Menschen haben dennoch das Recht diese Politiker anzusprechen und auch unbequeme Forderungen zu stellen.<\/strong><\/p>\n\n\n\n<p class=\"has-medium-font-size wp-block-paragraph\">Nur wo f\u00e4ngt es an und wo h\u00f6rt es auf? Von der Verrohung in dieser Gesellschaft habe ich schon viel zu oft geschrieben. Dennoch glaube ich an das gute im Menschen. Nicht jeder der AFD w\u00e4hlt ist ein b\u00f6ser Mensch. Es ist wichtig alle Meinungen aufzusaugen und zu respektieren. Das mit dem Respekt wird viel zu oft zur Einbahnstra\u00dfe. Kommunalpolitiker werden immer \u00f6fter zu Zielscheibe verbaler und auch k\u00f6rperlicher Angriffe. Mein Tipp: Man sollte sich zumindest mal gedanklich f\u00fcr einen Tag in die Schuhe des anderen denken.<\/p>\n\n\n\n<p class=\"has-medium-font-size wp-block-paragraph\"><strong>Nur weil es in mein Weltbild nicht passt, darf ich l\u00e4ngst nicht zu allen Mitteln greifen. Es gibt Plattformen in der das respektlose Miteinander l\u00e4ngst zur Tagesordnung geworden ist. Da wird gep\u00f6belt und gemotzt, beleidigt und gehetzt ohne Ende. Da werden Kommunalpolitiker, also Menschen mit Familien und Kindern aufs \u00fcbelste beleidigt und diffamiert.<\/strong><\/p>\n\n\n\n<p class=\"has-medium-font-size wp-block-paragraph\">Schon mal dr\u00fcber nachgedacht, dass diese Politiker auch ein privates Leben haben und solche Angriffe auch mal wehtun k\u00f6nnen? Letztens hat mich eines meiner Kinder gefragt, was ich denn den Menschen in der Internet Plattform Omnibus getan h\u00e4tte und ob ich wirklich so viel Bier trinken w\u00fcrde wie dort bildlich dargestellt wurde?<\/p>\n\n\n\n<p class=\"has-medium-font-size wp-block-paragraph\"><strong>Die Idee eine Internetplattform zu erstellen, um dort der breiten Bev\u00f6lkerung eine Plattform zu geben ist sehr gut. Ich bin daf\u00fcr solche Dinge zu f\u00f6rdern. Wenn es aber nur noch daf\u00fcr und dagegen gibt und die da oben gegen die da unten k\u00e4mpfen, m\u00f6chte ich davon Abstand gewinnen. Bei so manchem Post werde ich das Gef\u00fchl nicht los, dass es nur noch um Hetze und Rechthaberei geht. Die Fronten sind derma\u00dfen verh\u00e4rtet, dass kam noch eine Diskussion aufkommen kann. Die viti\u00f6se Welt des Internetz wird von Abneigung und Hass dominiert. Auf einem solch glitschigen Boden kann man keine faire Diskussion aufbauen. Wer hat Recht und wer Unrecht? Manch einer erinnert mich dabei an ein kleines Kind, das in seinem Sandkasten sitzt, mit der Schippe auf den Eimer klopft und schreit: Ich will, ich will, ich will. Wer nicht mit uns ist, ist gegen uns.<\/strong><\/p>\n\n\n\n<p class=\"has-medium-font-size wp-block-paragraph\">Nochmal: Jeder andere Gedanke und jede andere Idee bringen uns weiter. Polemik, Hass und hetzte hemmt jede Form der Weiterentwicklung. Kritik ist gut und kann hilfreich sein. Es ist wichtig, dass die Bev\u00f6lkerung sich einbringt. Am Ende bleibt jedoch das Niveau entscheidend. Darf Mensch nachfragen? Nat\u00fcrlich darf er, er sollte sogar! Dennoch macht immer noch der Ton die Musik. Ich hatte mir eigentlich vorgenommen an dieser Stelle ein paar Beispiele zu ver\u00f6ffentlichen. Was du nicht willst, was man dir tut, dass f\u00fcg auch keinem anderen zu \u2013 Ich lass es sein!<\/p>\n\n\n\n<p class=\"has-medium-font-size wp-block-paragraph\"><strong>Der Kommunalwahlkampf ist im vollen Gange. In den sozialen Medien wird den Kandidatinnen und Kandidaten verst\u00e4rkt, ich zitiere dann doch einmal gerne:\u201c\u2026\u2026bei der parteieigenen \u00d6ffentlichkeitsarbeit entsteht allzu leicht der Eindruck, dass sich die Dorfpolitik aufs H\u00e4ndesch\u00fctteln, Poussieren vor Kameras, Bierkrug halten und Fass anschlagen beschr\u00e4nkt.\u201c, vorgeworfen.<\/strong><\/p>\n\n\n\n<p class=\"has-medium-font-size wp-block-paragraph\">Ich pers\u00f6nlich finde diese Aussage f\u00fcr eine absolute respektlose Frechheit. Beim Lesen solcher Zeilen m\u00f6chte ich gerne einmal den ein oder anderen einen Tausch vorschlagen. So manch einer nimmt f\u00fcr sich in Anspruch, dass Familie und Beruf vorgehen und man deshalb ja kein Ehrenamt leisten kann. Am Feierabend setzt man sich dann aber gerne mit dem Rotwein vor den PC und pr\u00fcgelt auf alles los, was nicht gerade ins eigene Meinungsbild passt. Gerne m\u00f6chte ich solche Zeitgenossen einmal im Laufe einer Arbeits- und Sitzungswoche mitnehmen: Ausschusssitzungen, Dienstbesprechungen, Sprechstunden, Ortsratssitzung, Gemeinderatssitzung und zudem Ehrungen, Gratulationen und das Bearbeiten von Antr\u00e4gen und B\u00fcrgerbegehren. Hinzu kommt meine 40 Stunden Woche auf meiner Arbeit. Ja, stimmt die meisten Kommunalpolitiker m\u00fcssen noch zur Arbeit gehen. Niemand kann von diesem Ehrenamt leben.<\/p>\n\n\n\n<p class=\"has-medium-font-size wp-block-paragraph\"><strong>Dennoch liebe ich mein Ehrenamt und bin dankbar daf\u00fcr, dass ich es zum Wohle meines Heimatortes aus\u00fcben darf. Es bereichert mein Leben und gibt mir t\u00e4glich ein gutes Gef\u00fchl. Ich m\u00f6chte es trotz allem \u00c4rger, Hass und Hetze nicht missen. Vielleicht bin ich mein Ehrenamt auch bald los?!? Der W\u00e4hler entscheidet zwischen vielen guten und engagierten Kommunalpolitikern. Ich bin froh und dankbar, dass es so ist und wir alle eine Wahl haben. Noch d\u00fcrfen wir w\u00e4hlen und uns frei entscheiden!<\/strong><\/p>\n\n\n\n<p class=\"has-medium-font-size wp-block-paragraph\">Nicht jeder kann oder m\u00f6chte ein politisches Ehrenamt aus\u00fcben. Nicht jeder f\u00e4hrt gerne Omnibus. Dass ist ok! Wir m\u00fcssen nur lernen respektvoll miteinander umzugehen. Das muss trotz aller Kritik und Politikverdrossenheit auch in Zukunft m\u00f6glich sein. Ich freue mich \u00fcber jede oder jeden einzelnen der seine Bereitschaft erkl\u00e4rt hat und f\u00fcr ein Mandat im Orts- oder Gemeinderat kandidiert. Gut, dass es DICH gibt! Danke f\u00fcr dein wertvolles Engagement zum Wohle unserer Heimatgemeinde.<\/p>\n\n\n\n<p class=\"has-medium-font-size wp-block-paragraph\"><strong>Ja, ich befinde mich im Wahlkampf und h\u00e4tte mir aus wahltechnischen Gr\u00fcnden besser den ein oder anderen Kommentar verkniffen. Wenn schon, m\u00f6chte ich jedoch lieber \u201eStehend sterben als knieend Leben\u201c<\/strong><\/p>\n\n\n\n<p class=\"has-medium-font-size wp-block-paragraph\">Gl\u00fcck auf!<\/p>\n\n\n<div class=\"wp-block-image\">\n<figure class=\"aligncenter size-large\"><img loading=\"lazy\" decoding=\"async\" width=\"700\" height=\"700\" src=\"https:\/\/echta-derminga.de\/wp-content\/uploads\/2024\/04\/SPD-17-700x700.jpg\" alt=\"\" class=\"wp-image-17175\" srcset=\"https:\/\/echta-derminga.de\/wp-content\/uploads\/2024\/04\/SPD-17-700x700.jpg 700w, https:\/\/echta-derminga.de\/wp-content\/uploads\/2024\/04\/SPD-17-300x300.jpg 300w, https:\/\/echta-derminga.de\/wp-content\/uploads\/2024\/04\/SPD-17-150x150.jpg 150w, https:\/\/echta-derminga.de\/wp-content\/uploads\/2024\/04\/SPD-17-768x768.jpg 768w, https:\/\/echta-derminga.de\/wp-content\/uploads\/2024\/04\/SPD-17-1536x1536.jpg 1536w, https:\/\/echta-derminga.de\/wp-content\/uploads\/2024\/04\/SPD-17-2048x2048.jpg 2048w, https:\/\/echta-derminga.de\/wp-content\/uploads\/2024\/04\/SPD-17-90x90.jpg 90w, https:\/\/echta-derminga.de\/wp-content\/uploads\/2024\/04\/SPD-17-75x75.jpg 75w\" sizes=\"auto, (max-width: 700px) 100vw, 700px\" \/><\/figure>\n<\/div>","protected":false},"excerpt":{"rendered":"<p>Kommunalwahlen 2024 &#8211; Alarmstufe Rot! Immer mehr politische Ortsverb\u00e4nde bekommen zusehends Probleme gen\u00fcgend Kandidatinnen und Kandidaten f\u00fcr ihre Listen zu finden. Ich nutze meinen Blog um mich ganz herzlich bei allen da drau\u00dfen, die bereit waren, sich auf eine Liste f\u00fcr den Orts- oder Gemeinderat aufstellen zu lassen zu bedanken. Am 09. Juni 2024 werden bei den Kommunalwahlen diejenigen Menschen<\/p>\n","protected":false},"author":1,"featured_media":17177,"comment_status":"open","ping_status":"closed","sticky":false,"template":"","format":"standard","meta":{"_crdt_document":"","footnotes":""},"categories":[1,902,46],"tags":[1128,5,1129,618,1130,127,634,795,310,67],"class_list":["post-17172","post","type-post","status-publish","format-standard","has-post-thumbnail","hentry","category-allgemein","category-meine-meinung","category-meine-politik","tag-cdu","tag-dirmingen","tag-fdp","tag-gemeinde-eppelborn","tag-gruene","tag-landkreis-neunkirchen","tag-ortsvorsteher","tag-ortsvorsteher-dirmingen","tag-saarland","tag-spd"],"_links":{"self":[{"href":"https:\/\/echta-derminga.de\/index.php?rest_route=\/wp\/v2\/posts\/17172","targetHints":{"allow":["GET"]}}],"collection":[{"href":"https:\/\/echta-derminga.de\/index.php?rest_route=\/wp\/v2\/posts"}],"about":[{"href":"https:\/\/echta-derminga.de\/index.php?rest_route=\/wp\/v2\/types\/post"}],"author":[{"embeddable":true,"href":"https:\/\/echta-derminga.de\/index.php?rest_route=\/wp\/v2\/users\/1"}],"replies":[{"embeddable":true,"href":"https:\/\/echta-derminga.de\/index.php?rest_route=%2Fwp%2Fv2%2Fcomments&post=17172"}],"version-history":[{"count":8,"href":"https:\/\/echta-derminga.de\/index.php?rest_route=\/wp\/v2\/posts\/17172\/revisions"}],"predecessor-version":[{"id":17186,"href":"https:\/\/echta-derminga.de\/index.php?rest_route=\/wp\/v2\/posts\/17172\/revisions\/17186"}],"wp:featuredmedia":[{"embeddable":true,"href":"https:\/\/echta-derminga.de\/index.php?rest_route=\/wp\/v2\/media\/17177"}],"wp:attachment":[{"href":"https:\/\/echta-derminga.de\/index.php?rest_route=%2Fwp%2Fv2%2Fmedia&parent=17172"}],"wp:term":[{"taxonomy":"category","embeddable":true,"href":"https:\/\/echta-derminga.de\/index.php?rest_route=%2Fwp%2Fv2%2Fcategories&post=17172"},{"taxonomy":"post_tag","embeddable":true,"href":"https:\/\/echta-derminga.de\/index.php?rest_route=%2Fwp%2Fv2%2Ftags&post=17172"}],"curies":[{"name":"wp","href":"https:\/\/api.w.org\/{rel}","templated":true}]}}