{"id":17187,"date":"2024-04-09T13:25:34","date_gmt":"2024-04-09T12:25:34","guid":{"rendered":"https:\/\/echta-derminga.de\/?p=17187"},"modified":"2024-04-09T13:25:36","modified_gmt":"2024-04-09T12:25:36","slug":"in-sachen-ortsvorsteher-von-einer-neueroeffnung-einer-sanierungsmassnahme-der-eis-saison-eine-benefizveranstaltung-und-dem-fruehling-auf-finkenrech","status":"publish","type":"post","link":"https:\/\/echta-derminga.de\/?p=17187","title":{"rendered":"In Sachen Ortsvorsteher: Von einer Neuer\u00f6ffnung, einer Sanierungsma\u00dfnahme, der &#8222;Eis-Saison&#8220;, eine Benefizveranstaltung und dem &#8222;Fr\u00fchling auf Finkenrech&#8220;"},"content":{"rendered":"\n<p class=\"has-medium-font-size wp-block-paragraph\"><strong>Es scheint, als h\u00e4tten wir das schlimmste \u00fcberstanden. Nach Ostern setzte sich zusehends ein Hochdruckgebiet durch und sorgte f\u00fcr das erste sommerliche Wochenende. W\u00e4hrenddessen hat auch in Dirmingen die erste, hei\u00dfe Phase des Kommunalwahlkampfs 2024 begonnen. In Dirmingen werden neben der CDU und der SPD auch die &#8222;Gr\u00fcnen&#8220; um den Einzug in den Dirminger Ortsrat k\u00e4mpfen. Die Kommunalwahlen finden am 09. Juni 2024 statt. Neben den Orts-und Gemeinderatswahlen werden auch noch Landrats- und Kreistagswahlen stattfinden. Besonderer Augenmerk wird man an diesem Wahltag auf die Europawahlen legen. Erstmals d\u00fcrfen Jugendliche ab 16 Jahren sich bei dieser Europawahl beteiligen. Ich w\u00fcnsche allen politischen Ortsverb\u00e4nden viel Erfolg und ein faires Miteinander. Schlie\u00dflich geht es einzig und alleine um unseren gemeinsamen Heimatort.<\/strong><\/p>\n\n\n\n<p class=\"has-medium-font-size wp-block-paragraph\"><strong>Ostereiersuchtaktion im Br\u00fchlpark<\/strong><\/p>\n\n\n\n<p class=\"has-medium-font-size wp-block-paragraph\">Die diesj\u00e4hrige Ostereiersuchaktion musste aus witterungsbedingten Gr\u00fcnden vom Br\u00fchlpark auf den Festplatz im Br\u00fchl verlegt werden. Der Veranstaltung hat diese Verlegung aber \u00fcberhaupt nicht geschadet. Am Ende besuchten ca.200 Menschen die Osteraktion. Auch der Landrat des Kreises Neunkirchen S\u00f6ren Meng besuchte diese Veranstaltung. Besonders die Kinder hatten w\u00e4hrend der diesj\u00e4hrigen Ostereiersuchaktion viel Spa\u00df. Der Osterhase h\u00f6chstpers\u00f6nlich \u00fcberreichte seine s\u00fc\u00dfen Leckereien und bot sich zudem zum Selfie- und Bilder machen an. Vielen herzlichen Dank an alle Besucherinnen und Besucher und insbesondere an alle Kinder die unsere diesj\u00e4hrige Ostereieraktion im Br\u00fchl versch\u00f6nerten.\u00a0<\/p>\n\n\n\n<div class=\"wp-block-columns is-layout-flex wp-container-core-columns-is-layout-8f761849 wp-block-columns-is-layout-flex\">\n<div class=\"wp-block-column is-layout-flow wp-block-column-is-layout-flow\">\n<figure class=\"wp-block-image size-large\"><img loading=\"lazy\" decoding=\"async\" width=\"700\" height=\"560\" src=\"https:\/\/echta-derminga.de\/wp-content\/uploads\/2024\/04\/DSC7172-700x560.jpg\" alt=\"\" class=\"wp-image-17195\" srcset=\"https:\/\/echta-derminga.de\/wp-content\/uploads\/2024\/04\/DSC7172-700x560.jpg 700w, https:\/\/echta-derminga.de\/wp-content\/uploads\/2024\/04\/DSC7172-300x240.jpg 300w, https:\/\/echta-derminga.de\/wp-content\/uploads\/2024\/04\/DSC7172-768x614.jpg 768w\" sizes=\"auto, (max-width: 700px) 100vw, 700px\" \/><\/figure>\n<\/div>\n\n\n\n<div class=\"wp-block-column is-layout-flow wp-block-column-is-layout-flow\">\n<figure class=\"wp-block-image size-large\"><img loading=\"lazy\" decoding=\"async\" width=\"700\" height=\"525\" src=\"https:\/\/echta-derminga.de\/wp-content\/uploads\/2024\/04\/434314488_7327331164028212_3152224730700407109_n-700x525.jpg\" alt=\"\" class=\"wp-image-17196\" srcset=\"https:\/\/echta-derminga.de\/wp-content\/uploads\/2024\/04\/434314488_7327331164028212_3152224730700407109_n-700x525.jpg 700w, https:\/\/echta-derminga.de\/wp-content\/uploads\/2024\/04\/434314488_7327331164028212_3152224730700407109_n-300x225.jpg 300w, https:\/\/echta-derminga.de\/wp-content\/uploads\/2024\/04\/434314488_7327331164028212_3152224730700407109_n-768x576.jpg 768w, https:\/\/echta-derminga.de\/wp-content\/uploads\/2024\/04\/434314488_7327331164028212_3152224730700407109_n.jpg 1080w\" sizes=\"auto, (max-width: 700px) 100vw, 700px\" \/><\/figure>\n<\/div>\n<\/div>\n\n\n\n<p class=\"has-medium-font-size wp-block-paragraph\"><strong>Dirminger Eisauto \u00f6ffnet im Fr\u00fchling die Pforten<\/strong><\/p>\n\n\n\n<p class=\"has-medium-font-size wp-block-paragraph\">Ich freue mich sehr dar\u00fcber, dass mir Abdul Allhussein zugesagt hat, auch in diesem Jahr sein Eisauto auf den Vorplatz der Evangelischen Kirche zu stellen. Schon in den letzten Jahren wurde das Eisauto zu einer echten &#8222;Derminga&#8220; Attraktion. In gem\u00fctlicher Atmosph\u00e4re kann man seine Zeit genie\u00dfen und in der Ortsmitte ein Eis schlemmen. Besonders f\u00fcr unsere Kinder und die Familien d\u00fcrfte dies eine gute Nachricht sein. Ich hoffe WIR sehen uns schon recht bald am Eisauto unseres Abdul in unserer Ortsmitte. Eine echte Aufwertung f\u00fcr unseren Heimatort !<\/p>\n\n\n<div class=\"wp-block-image\">\n<figure class=\"aligncenter size-large\"><img loading=\"lazy\" decoding=\"async\" width=\"700\" height=\"445\" src=\"https:\/\/echta-derminga.de\/wp-content\/uploads\/2024\/04\/20230621_191624-700x445.jpg\" alt=\"\" class=\"wp-image-17213\" srcset=\"https:\/\/echta-derminga.de\/wp-content\/uploads\/2024\/04\/20230621_191624-700x445.jpg 700w, https:\/\/echta-derminga.de\/wp-content\/uploads\/2024\/04\/20230621_191624-300x191.jpg 300w, https:\/\/echta-derminga.de\/wp-content\/uploads\/2024\/04\/20230621_191624-768x488.jpg 768w, https:\/\/echta-derminga.de\/wp-content\/uploads\/2024\/04\/20230621_191624-1536x975.jpg 1536w, https:\/\/echta-derminga.de\/wp-content\/uploads\/2024\/04\/20230621_191624-2048x1301.jpg 2048w\" sizes=\"auto, (max-width: 700px) 100vw, 700px\" \/><\/figure>\n<\/div>\n\n\n<p class=\"has-medium-font-size wp-block-paragraph\"><strong>Herzlichen Gl\u00fcckwunsch zum Gewinn des Saarlandpokals <\/strong><\/p>\n\n\n\n<p class=\"has-medium-font-size wp-block-paragraph\">Zum Final4-Tunier um den Saarlandpokal reisten die Zebras am Ostermontag nach Saarbr\u00fccken, um sich dort zum Pokalsieger zu kr\u00f6nen. Das dies nicht einfach werden w\u00fcrde war im Vorfeld jedem klar. Dennoch wollte man als einziger Oberligist seiner Favoritenrolle gerecht werden und den Tuniersieg holen. Im Halbfinale wartete die junge Mannschaft der HG Saarlouis 2 auf die Zebras. Der momentane Tabellendritte der Saarlandliga (Tabellenerster nach Verlustpunkten) sollte den Zebras alles abverlangen. Die gesamte erste Halbzeit verlief ausgeglichen, sodass die Zebras mit einem 10:11 R\u00fcckstand in die Pause gingen. In der zweiten Halbzeit konnten die Zebras das Spiel dann allerdings kontrollieren und sich bis auf 22:17 7 Minuten vor Spielende absetzen. Anschlie\u00dfend kam Saarlouis wieder auf 2 Tore heran, die Zebras konnten die Zeit jedoch runterziehen und ins Finale einziehen. Kein sch\u00f6nes Spiel, aber das erste Etappenziel des Tages war erreicht. Im Finale warteten dann die Freunde des RW Schaumberg, die zuvor in einem dramatischen zweiten Halbfinale den TV Homburg 2 besiegen konnte, auf die Zebras. Schaumberg, die auf ihren Toptorsch\u00fctzen Holz verzichten musste, war sp\u00fcrbar platt von ihrem Halbfinale. So kam beim Finale wenig Spannung auf. Die Zebras kontrollierten das Spiel, gingen mit einer 15:7 F\u00fchrung in die Halbzeit und gewannen das Spiel schlie\u00dflich souver\u00e4n mit 30:9. So konnte man sich die Zebras \u00fcber den Saarlandpokalsieg 2024 freuen. Zus\u00e4tzlich wurde Max Mees noch als wertvollster Spieler des Turniers ausgezeichnet. (Quelle: Homepage HF Illtal) <strong>Als Ortsvorsteher von Dirmingen m\u00f6chte ich mich ganz herzlich den vielen Gratulationen anschlie\u00dfen. Herzlichen Gl\u00fcckwunsch zu diesem tollen Erfolg. Mit diesem wichtigen Sieg habt ihr gute Werbung f\u00fcr unseren Heimatort gemacht. <\/strong><\/p>\n\n\n<div class=\"wp-block-image\">\n<figure class=\"aligncenter size-large\"><img loading=\"lazy\" decoding=\"async\" width=\"700\" height=\"700\" src=\"https:\/\/echta-derminga.de\/wp-content\/uploads\/2024\/04\/433926389_937886948339821_2592483783905975201_n-700x700.jpg\" alt=\"\" class=\"wp-image-17193\" srcset=\"https:\/\/echta-derminga.de\/wp-content\/uploads\/2024\/04\/433926389_937886948339821_2592483783905975201_n-700x700.jpg 700w, https:\/\/echta-derminga.de\/wp-content\/uploads\/2024\/04\/433926389_937886948339821_2592483783905975201_n-300x300.jpg 300w, https:\/\/echta-derminga.de\/wp-content\/uploads\/2024\/04\/433926389_937886948339821_2592483783905975201_n-150x150.jpg 150w, https:\/\/echta-derminga.de\/wp-content\/uploads\/2024\/04\/433926389_937886948339821_2592483783905975201_n-768x768.jpg 768w, https:\/\/echta-derminga.de\/wp-content\/uploads\/2024\/04\/433926389_937886948339821_2592483783905975201_n-90x90.jpg 90w, https:\/\/echta-derminga.de\/wp-content\/uploads\/2024\/04\/433926389_937886948339821_2592483783905975201_n-75x75.jpg 75w, https:\/\/echta-derminga.de\/wp-content\/uploads\/2024\/04\/433926389_937886948339821_2592483783905975201_n.jpg 1080w\" sizes=\"auto, (max-width: 700px) 100vw, 700px\" \/><\/figure>\n<\/div>\n\n\n<p class=\"has-medium-font-size wp-block-paragraph\"><strong>Historisches Bauernhaus wird zum Schmuckst\u00fcck<\/strong><\/p>\n\n\n\n<p class=\"has-medium-font-size wp-block-paragraph\">In unserem Heimatort Dirmingen wird das alte Bauernhaus \u201eBeegels\u201c in der Illinger Stra\u00dfe, neu saniert. Das Bauernhaus pr\u00e4gt seit seinem Bau im Jahre 1862 unsere Ortsmitte. Die Bauherren Anke und Manfred Komenda, Gesellschafter der Eppelborner peko GmbH, haben sich dankenswerterweise diesem Projekt angenommen und das alte Haus samt Scheune zu neuem Leben erweckt. In der vergangenen Woche durfte ich gemeinsam mit B\u00fcrgermeister Dr. Andreas Feld die fast fertigen Baumma\u00dfnahmen besichtigen. Auf der Homepage der Gemeinde Eppelborn findet ihr einen ausf\u00fchrlichen Bericht und viele aktuelle Bilder des Hauses. Viel Spa\u00df beim Lesen und informieren. Ab dem 1. Mai stehen hier vier Wohnungen, mit Wohnungsgr\u00f6\u00dfen zwischen 46 und 86 m\u00b2, zur Vermietung bereit. Die individuell gestalteten Wohnungen weisen viele kleine Besonderheiten auf. So kommt an einigen Stellen das original Mauerwerk zum Vorschein oder man tritt auf die extra erhaltenen Dielen am Fu\u00dfe mancher Treppe. Bei Fragen rund um das Wohnprojekt k\u00f6nnen sich Interessenten gerne an die peko GmbH (Hauptstra\u00dfe 1, 66571 Eppelborn) wenden. Telefonisch zu erreichen unter 0173\/6087465 oder per Mail an\u00a0<a href=\"mailto:hausverwaltung@pe-komenda.de\">hausverwaltung@pe-komenda.de<\/a>.<\/p>\n\n\n<div class=\"wp-block-image\">\n<figure class=\"aligncenter size-large\"><img loading=\"lazy\" decoding=\"async\" width=\"700\" height=\"525\" src=\"https:\/\/echta-derminga.de\/wp-content\/uploads\/2024\/04\/IMG_6377-scaled-1-700x525.jpeg\" alt=\"\" class=\"wp-image-17188\" srcset=\"https:\/\/echta-derminga.de\/wp-content\/uploads\/2024\/04\/IMG_6377-scaled-1-700x525.jpeg 700w, https:\/\/echta-derminga.de\/wp-content\/uploads\/2024\/04\/IMG_6377-scaled-1-300x225.jpeg 300w, https:\/\/echta-derminga.de\/wp-content\/uploads\/2024\/04\/IMG_6377-scaled-1-768x576.jpeg 768w, https:\/\/echta-derminga.de\/wp-content\/uploads\/2024\/04\/IMG_6377-scaled-1-1536x1152.jpeg 1536w, https:\/\/echta-derminga.de\/wp-content\/uploads\/2024\/04\/IMG_6377-scaled-1-2048x1536.jpeg 2048w\" sizes=\"auto, (max-width: 700px) 100vw, 700px\" \/><\/figure>\n<\/div>\n\n\n<div class=\"wp-block-columns is-layout-flex wp-container-core-columns-is-layout-8f761849 wp-block-columns-is-layout-flex\">\n<div class=\"wp-block-column is-layout-flow wp-block-column-is-layout-flow\">\n<figure class=\"wp-block-image size-large\"><img loading=\"lazy\" decoding=\"async\" width=\"700\" height=\"933\" src=\"https:\/\/echta-derminga.de\/wp-content\/uploads\/2024\/04\/IMG_6332-scaled-1-700x933.jpeg\" alt=\"\" class=\"wp-image-17189\" srcset=\"https:\/\/echta-derminga.de\/wp-content\/uploads\/2024\/04\/IMG_6332-scaled-1-700x933.jpeg 700w, https:\/\/echta-derminga.de\/wp-content\/uploads\/2024\/04\/IMG_6332-scaled-1-225x300.jpeg 225w, https:\/\/echta-derminga.de\/wp-content\/uploads\/2024\/04\/IMG_6332-scaled-1-768x1024.jpeg 768w, https:\/\/echta-derminga.de\/wp-content\/uploads\/2024\/04\/IMG_6332-scaled-1-1152x1536.jpeg 1152w, https:\/\/echta-derminga.de\/wp-content\/uploads\/2024\/04\/IMG_6332-scaled-1.jpeg 1536w\" sizes=\"auto, (max-width: 700px) 100vw, 700px\" \/><\/figure>\n<\/div>\n\n\n\n<div class=\"wp-block-column is-layout-flow wp-block-column-is-layout-flow\">\n<figure class=\"wp-block-image size-large\"><img loading=\"lazy\" decoding=\"async\" width=\"700\" height=\"933\" src=\"https:\/\/echta-derminga.de\/wp-content\/uploads\/2024\/04\/IMG_6346-scaled-1-700x933.jpeg\" alt=\"\" class=\"wp-image-17190\" srcset=\"https:\/\/echta-derminga.de\/wp-content\/uploads\/2024\/04\/IMG_6346-scaled-1-700x933.jpeg 700w, https:\/\/echta-derminga.de\/wp-content\/uploads\/2024\/04\/IMG_6346-scaled-1-225x300.jpeg 225w, https:\/\/echta-derminga.de\/wp-content\/uploads\/2024\/04\/IMG_6346-scaled-1-768x1024.jpeg 768w, https:\/\/echta-derminga.de\/wp-content\/uploads\/2024\/04\/IMG_6346-scaled-1-1152x1536.jpeg 1152w, https:\/\/echta-derminga.de\/wp-content\/uploads\/2024\/04\/IMG_6346-scaled-1.jpeg 1536w\" sizes=\"auto, (max-width: 700px) 100vw, 700px\" \/><\/figure>\n<\/div>\n\n\n\n<div class=\"wp-block-column is-layout-flow wp-block-column-is-layout-flow\">\n<figure class=\"wp-block-image size-large\"><img loading=\"lazy\" decoding=\"async\" width=\"700\" height=\"933\" src=\"https:\/\/echta-derminga.de\/wp-content\/uploads\/2024\/04\/IMG_6357-scaled-1-700x933.jpeg\" alt=\"\" class=\"wp-image-17191\" srcset=\"https:\/\/echta-derminga.de\/wp-content\/uploads\/2024\/04\/IMG_6357-scaled-1-700x933.jpeg 700w, https:\/\/echta-derminga.de\/wp-content\/uploads\/2024\/04\/IMG_6357-scaled-1-225x300.jpeg 225w, https:\/\/echta-derminga.de\/wp-content\/uploads\/2024\/04\/IMG_6357-scaled-1-768x1024.jpeg 768w, https:\/\/echta-derminga.de\/wp-content\/uploads\/2024\/04\/IMG_6357-scaled-1-1152x1536.jpeg 1152w, https:\/\/echta-derminga.de\/wp-content\/uploads\/2024\/04\/IMG_6357-scaled-1.jpeg 1536w\" sizes=\"auto, (max-width: 700px) 100vw, 700px\" \/><\/figure>\n<\/div>\n<\/div>\n\n\n\n<p class=\"has-medium-font-size wp-block-paragraph\"><strong>Neuer\u00f6ffnung des Botanico Finkenrech ein Gewinn f\u00fcr Dirmingen und das Naherholungsgebiet<\/strong><\/p>\n\n\n\n<p class=\"has-medium-font-size wp-block-paragraph\">Nach intensiven und arbeitsreichen Monaten konnten Jassa und Marlon Roth am Montag, 08. April das Botanico Finkenrech neu er\u00f6ffnen. Mit dem Botanico Finkenrech haben sich die beiden Gastronome nach eigener Angabe einen Lebenstraum erf\u00fcllt. F\u00fcr unseren Heimatort Dirmingen und insbesondere f\u00fcr das Freizeitzentrum Finkenrech bedeutet diese Neuer\u00f6ffnung eine enorme Aufwertung. Das Botanico Finkenrech m\u00f6chte zuk\u00fcnftig mit hochwertiger regionaler und saisonaler K\u00fcche in modernem und einladendem Ambiente \u00fcberzeugen. Mit viel Liebe zum Detail wird das Botanico Finkenrech zu einer Wohlf\u00fchloase und zu einer herausragenden Anlaufstelle in Dirmingen. Neben dem Landrat S\u00f6ren Meng und unserem B\u00fcrgermeister Dr. Andreas Feld durfte ich die Gl\u00fcckw\u00fcnsche des Dirminger Ortsrates und unserer Bev\u00f6lkerung \u00fcberbringen. Ich m\u00f6chte auch an dieser Stelle dem Unternehmerpaar Roth eine erfolgreiche Zukunft, viel Gl\u00fcck und Erfolg w\u00fcnschen. Eine gute Entscheidung f\u00fcr das Naherholungsgebiet Finkenrech in Dirmingen und unsere Heimatgemeinde Eppelborn.<\/p>\n\n\n\n<div class=\"wp-block-columns is-layout-flex wp-container-core-columns-is-layout-8f761849 wp-block-columns-is-layout-flex\">\n<div class=\"wp-block-column is-layout-flow wp-block-column-is-layout-flow\">\n<figure class=\"wp-block-image size-large\"><img loading=\"lazy\" decoding=\"async\" width=\"700\" height=\"526\" src=\"https:\/\/echta-derminga.de\/wp-content\/uploads\/2024\/04\/435401161_7365911076836887_2196636759563594864_n-700x526.jpg\" alt=\"\" class=\"wp-image-17199\" srcset=\"https:\/\/echta-derminga.de\/wp-content\/uploads\/2024\/04\/435401161_7365911076836887_2196636759563594864_n-700x526.jpg 700w, https:\/\/echta-derminga.de\/wp-content\/uploads\/2024\/04\/435401161_7365911076836887_2196636759563594864_n-300x225.jpg 300w, https:\/\/echta-derminga.de\/wp-content\/uploads\/2024\/04\/435401161_7365911076836887_2196636759563594864_n-768x577.jpg 768w, https:\/\/echta-derminga.de\/wp-content\/uploads\/2024\/04\/435401161_7365911076836887_2196636759563594864_n-1536x1153.jpg 1536w, https:\/\/echta-derminga.de\/wp-content\/uploads\/2024\/04\/435401161_7365911076836887_2196636759563594864_n.jpg 1598w\" sizes=\"auto, (max-width: 700px) 100vw, 700px\" \/><\/figure>\n<\/div>\n\n\n\n<div class=\"wp-block-column is-layout-flow wp-block-column-is-layout-flow\">\n<figure class=\"wp-block-image size-large\"><img loading=\"lazy\" decoding=\"async\" width=\"700\" height=\"568\" src=\"https:\/\/echta-derminga.de\/wp-content\/uploads\/2024\/04\/436236947_969471911846293_9058328413482875522_n-700x568.jpg\" alt=\"\" class=\"wp-image-17200\" srcset=\"https:\/\/echta-derminga.de\/wp-content\/uploads\/2024\/04\/436236947_969471911846293_9058328413482875522_n-700x568.jpg 700w, https:\/\/echta-derminga.de\/wp-content\/uploads\/2024\/04\/436236947_969471911846293_9058328413482875522_n-300x244.jpg 300w, https:\/\/echta-derminga.de\/wp-content\/uploads\/2024\/04\/436236947_969471911846293_9058328413482875522_n-768x624.jpg 768w, https:\/\/echta-derminga.de\/wp-content\/uploads\/2024\/04\/436236947_969471911846293_9058328413482875522_n-1536x1247.jpg 1536w, https:\/\/echta-derminga.de\/wp-content\/uploads\/2024\/04\/436236947_969471911846293_9058328413482875522_n.jpg 1542w\" sizes=\"auto, (max-width: 700px) 100vw, 700px\" \/><\/figure>\n<\/div>\n<\/div>\n\n\n\n<p class=\"has-medium-font-size wp-block-paragraph\"><strong>Musik &amp; Texte mit Meng und Mac<\/strong><\/p>\n\n\n\n<p class=\"has-medium-font-size wp-block-paragraph\">Zu einem stimmungsvollen Abend zu Gunsten des Kulturvereines Dirmingen l\u00e4dt der Dirminger Ortsvorsteher Frank Klein am Freitag, 19. April 2024 um 20.00 Uhr in die Evangelische Kirche Dirmingen ein. Gestalten werden diesen Abend Landrat S\u00f6ren Meng und der bekannte Dirminger Musiker \u201cMac\u201d Manfred Gabler. S\u00f6ren Meng wird Geschichten und Lyrisches zum Besten geben. Er hat in den vergangenen Jahren verschiedene B\u00fccher ver\u00f6ffentlicht, aus denen er Beitr\u00e4ge pr\u00e4sentieren wird. In seinen Texten verarbeitet er das Allt\u00e4gliche und l\u00e4dt dazu ein, dem Augenblick mehr Beachtung zu schenken. \u201cMac\u201d Manfred Gabler ist seit Jahrzehnten musikalisch unterwegs. Als Mitglied der legend\u00e4ren Gruppe Rastlos war er f\u00fcr eine Vielzahl von Liedern verantwortlich, auch in anderen Formationen kann und konnte man ihn erleben. Er wird an diesem Abend auch Eigenkompositionen zu Geh\u00f6r bringen. \u201cIch freue mich sehr auf diesen Abend. Er soll in diesen turbulenten Zeiten auch f\u00fcr etwas Besinnung sorgen. Hier bietet unsere historische Kirche einen guten Rahmen\u201d, so Ortsvorsteher Frank Klein. Der Eintritt ist frei, die G\u00e4ste haben die M\u00f6glichkeit eine freiwillige Spende zu Gunsten des Kulturvereines Dirmingen zu entrichten.<\/p>\n\n\n<div class=\"wp-block-image\">\n<figure class=\"aligncenter size-full\"><img loading=\"lazy\" decoding=\"async\" width=\"606\" height=\"867\" src=\"https:\/\/echta-derminga.de\/wp-content\/uploads\/2024\/04\/Screenshot-2024-03-31-094516-2.png\" alt=\"\" class=\"wp-image-17203\" srcset=\"https:\/\/echta-derminga.de\/wp-content\/uploads\/2024\/04\/Screenshot-2024-03-31-094516-2.png 606w, https:\/\/echta-derminga.de\/wp-content\/uploads\/2024\/04\/Screenshot-2024-03-31-094516-2-210x300.png 210w\" sizes=\"auto, (max-width: 606px) 100vw, 606px\" \/><\/figure>\n<\/div>\n\n\n<p class=\"has-medium-font-size wp-block-paragraph\"><strong>Saisonstart mit &#8222;Fr\u00fchling auf Finkenrech&#8220;<\/strong><\/p>\n\n\n\n<p class=\"has-medium-font-size wp-block-paragraph\">Am Samstag, 20.04. und am Sonntag, 21.04. k\u00f6nnen Sie sich zwischen 11 Uhr und 18 Uhr auf rund 65 H\u00e4ndler, eine Menge kulinarischer K\u00f6stlichkeiten, regionale Handwerkskunst, verschiedene Kinderprogramme sowie tolle Live-Musik freuen.\u00a0 65 H\u00e4ndler sorgen mit vielf\u00e4ltigen Produkten und Angeboten f\u00fcr ein besonderes Markterlebnis in einmaliger Atmosph\u00e4re. Live-Musik:<br>Am Samstag unterhalten euch die Bands &#8222;Taylor meets friends&#8220; und &#8222;Tasty&#8220; mit ihren Live-Auftritten auf der Festplatz-B\u00fchne, w\u00e4hrend am Sonntagmorgen der Musikverein &#8222;Harmonie Wiesbach&#8220; und am Nachmittag die \u201eNelly McBeal Band\u201c f\u00fcr gute Stimmung sorgen. Kulinarische K\u00f6stlichkeiten:<br>F\u00fcr das leibliche Wohl wird mit einer Vielfalt an regionalen Speisen und Getr\u00e4nken gesorgt sein. So k\u00f6nnt ihr euch beispielsweise auf Flammlachs, Burger, Flammkuchen und s\u00fc\u00dfe K\u00f6stlichkeiten wie Waffeln, Cr\u00eapes und Bliesgau-Eis freuen. Kinderprogramm: Auch f\u00fcr die kleinen Besucher gibt es mit einem bunten Mal- und Bastel-Programm, dem Kinderschminken, dem barrierefreien Spielplatz mit Barfu\u00dfpfad und dem ge\u00f6ffneten Tiergehege einiges zu erleben. Au\u00dferdem wird das Projekt \u201eder Landkreis summt\u201c spannende Infos und Spiele rund um das Thema Bienen anbieten.\u00a0Der Besuch der Veranstaltung ist nur mit vorab erworbenen Tickets m\u00f6glich. Diese sind ab sofort online unter\u00a0<a href=\"https:\/\/l.facebook.com\/l.php?u=http%3A%2F%2Fwww.finkenrech.de%2F%3Ffbclid%3DIwAR2XGo-hH3whkElqaShLJskSfIjUL0wh8k8CKpqG62jPENhBBDd2hLU3pTA_aem_AceanUGZiWncuVRAb8lrI_MjPLmssyOCyTA7fsyNpWkwRZ1kNZthayUAEXNOELyUmwQ3TQR4aZOilXRcNBWMbZC9&amp;h=AT0DGDJsPn80deePoV0EMH35CqUlG03weVJyZZmIHoh0EreJphH7oxpncplECccZvF8uHvhBfeZdzZ3NPpiU0U-zTrAWdC91peSTMudVC68izpMFl0tPsj9LUOkQpxFPrqpG&amp;__tn__=q&amp;c[0]=AT1YQvmDXUku1rxYrqua0dPLQO2fE0eQeZMrXE4MOXcIe5m7r3KnRH2KhmRtMZUEmgM9sLmw1k4Z5NNelebw2yUh6mTkTGAbvZddYFz1IvVPOQlEcsgJOd2HGg-FASVcxyT4Pbkt2d4eMLnjxw9nhRziy8WG\" target=\"_blank\" rel=\"noreferrer noopener\">www.finkenrech.de<\/a>\u00a0erh\u00e4ltlich (E-Tickets ohne Versandgeb\u00fchren). Der Ticketpreis pro Person betr\u00e4gt 4,00 \u20ac. Kinder unter 18 Jahren und Menschen mit Schwerbehindertenausweis sind kostenlos (bitte trotzdem ein entsprechendes Ticket f\u00fcr 0,00 \u20ac buchen). Die Tickets sind den ganzen Tag \u00fcber g\u00fcltig. <strong>F\u00fcr alle, die keine M\u00f6glichkeit haben, Tickets online zu buchen, gibt es eine Vorverkaufsstelle im Ortsvorsteherb\u00fcro in Dirmingen bei Frank Klein, immer mittwochs von 18-19:30 Uhr, Marktplatz 8, Dirmingen (im evangelischen Gemeindehaus).<\/strong> Wir freuen uns sehr auf Euren Besuch und sind uns sicher, dass wir zwei tolle Veranstaltungstage erleben werden!\u00a0<\/p>\n\n\n<div class=\"wp-block-image\">\n<figure class=\"aligncenter size-large\"><img loading=\"lazy\" decoding=\"async\" width=\"700\" height=\"356\" src=\"https:\/\/echta-derminga.de\/wp-content\/uploads\/2024\/03\/431989222_7267882033306459_199746774789569670_n-700x356.jpg\" alt=\"\" class=\"wp-image-17038\" srcset=\"https:\/\/echta-derminga.de\/wp-content\/uploads\/2024\/03\/431989222_7267882033306459_199746774789569670_n-700x356.jpg 700w, https:\/\/echta-derminga.de\/wp-content\/uploads\/2024\/03\/431989222_7267882033306459_199746774789569670_n-300x153.jpg 300w, https:\/\/echta-derminga.de\/wp-content\/uploads\/2024\/03\/431989222_7267882033306459_199746774789569670_n-768x391.jpg 768w, https:\/\/echta-derminga.de\/wp-content\/uploads\/2024\/03\/431989222_7267882033306459_199746774789569670_n-1536x782.jpg 1536w, https:\/\/echta-derminga.de\/wp-content\/uploads\/2024\/03\/431989222_7267882033306459_199746774789569670_n.jpg 2048w\" sizes=\"auto, (max-width: 700px) 100vw, 700px\" \/><\/figure>\n<\/div>\n\n\n<p class=\"has-medium-font-size wp-block-paragraph\"><strong>ASF Dirmingen feiert zum &#8222;Vaddataach&#8220; wieder an der Sauerwies<\/strong><\/p>\n\n\n\n<p class=\"has-medium-font-size wp-block-paragraph\">Das Fischerfest des ASF Dirmingen hat seit vielen Jahren gro\u00dfe Tradition. Der Verein wird auch in diesem Jahr das beliebte Fest an der Sauerwies durchf\u00fchren. Angelscheine kann man bereits im Vorverkauf ergattern. Informationen beziehen Sie bitte \u00fcber das unten beigef\u00fcgte Plakat des ASV Dirmingen. Ich w\u00fcnsche den Verein schon heute viel Spa\u00df und Erfolg !<\/p>\n\n\n<div class=\"wp-block-image\">\n<figure class=\"aligncenter size-full\"><img loading=\"lazy\" decoding=\"async\" width=\"573\" height=\"808\" src=\"https:\/\/echta-derminga.de\/wp-content\/uploads\/2024\/04\/435293469_7562848077111770_7625585679544821417_n.jpg\" alt=\"\" class=\"wp-image-17207\" srcset=\"https:\/\/echta-derminga.de\/wp-content\/uploads\/2024\/04\/435293469_7562848077111770_7625585679544821417_n.jpg 573w, https:\/\/echta-derminga.de\/wp-content\/uploads\/2024\/04\/435293469_7562848077111770_7625585679544821417_n-213x300.jpg 213w\" sizes=\"auto, (max-width: 573px) 100vw, 573px\" \/><\/figure>\n<\/div>\n\n\n<p class=\"has-medium-font-size wp-block-paragraph\"><strong>Maibaumstellen des KKV Dirmingen in der Ortsmitte<\/strong><\/p>\n\n\n\n<p class=\"has-medium-font-size wp-block-paragraph\">Am Dienstag, 30. April 2024 wird der KKV Dirmingen mit vereinten Kr\u00e4ften wieder einen Maibaum in unsere Ortsmitte setzen. Die Bev\u00f6lkerung ist herzlich eingeladen zur Imbissbude &#8222;zur Linde&#8220; zu kommen und ab 17:00 Uhr dem Schauspiel beizuwohnen.  Der KKV Dirmingen freut sich auf Ihren Besuch. Feiern Sie in der Dorfgemeinschaft in den Mai und genie\u00dfen Sie eine sch\u00f6ne Zeit. F\u00fcr Spei\u00df und Trank ist bestens gesorgt. Ich m\u00f6chte mich schon heute ganz herzlich bei unserem KKV Dirmingen bedanken.<\/p>\n\n\n<div class=\"wp-block-image\">\n<figure class=\"aligncenter size-large\"><img loading=\"lazy\" decoding=\"async\" width=\"700\" height=\"525\" src=\"https:\/\/echta-derminga.de\/wp-content\/uploads\/2024\/04\/ffff-700x525.jpg\" alt=\"\" class=\"wp-image-17209\" srcset=\"https:\/\/echta-derminga.de\/wp-content\/uploads\/2024\/04\/ffff-700x525.jpg 700w, https:\/\/echta-derminga.de\/wp-content\/uploads\/2024\/04\/ffff-300x225.jpg 300w, https:\/\/echta-derminga.de\/wp-content\/uploads\/2024\/04\/ffff-768x576.jpg 768w, https:\/\/echta-derminga.de\/wp-content\/uploads\/2024\/04\/ffff-1536x1152.jpg 1536w, https:\/\/echta-derminga.de\/wp-content\/uploads\/2024\/04\/ffff-2048x1536.jpg 2048w\" sizes=\"auto, (max-width: 700px) 100vw, 700px\" \/><\/figure>\n<\/div>\n\n\n<p class=\"has-medium-font-size wp-block-paragraph\">Liebe Mitb\u00fcrgerinnen und Mitb\u00fcrger, die Zeit vergeht im Fluge und wir alle hoffen auf einen sch\u00f6nen Fr\u00fchling. Ich m\u00f6chte Sie wiederum einladen sich an unserer Dorfgemeinschaft zu beteiligen. Besuchen Sie die Veranstaltungen unserer Vereine und erleben Sie Dirminger Kultur und Natur hautnah,<\/p>\n\n\n\n<p class=\"has-medium-font-size wp-block-paragraph\"><strong>Am Ende ver\u00e4ndert sich auch in unserem Dorf \u00fcberhaupt nichts, wenn WIR es nicht ver\u00e4ndern.<\/strong><\/p>\n\n\n\n<p class=\"has-medium-font-size wp-block-paragraph\">In diesem Sinne<\/p>\n\n\n\n<p class=\"has-medium-font-size wp-block-paragraph\">Ihr Ortsvorsteher <\/p>\n\n\n\n<p class=\"has-medium-font-size wp-block-paragraph\">Frank Klein<\/p>\n\n\n\n<div class=\"wp-block-columns is-layout-flex wp-container-core-columns-is-layout-8f761849 wp-block-columns-is-layout-flex\">\n<div class=\"wp-block-column is-layout-flow wp-block-column-is-layout-flow\">\n<figure class=\"wp-block-image size-large\"><img loading=\"lazy\" decoding=\"async\" width=\"700\" height=\"875\" src=\"https:\/\/echta-derminga.de\/wp-content\/uploads\/2024\/03\/431490671_859576079548488_2613431150639077133_n-700x875.jpg\" alt=\"\" class=\"wp-image-17044\" srcset=\"https:\/\/echta-derminga.de\/wp-content\/uploads\/2024\/03\/431490671_859576079548488_2613431150639077133_n-700x875.jpg 700w, https:\/\/echta-derminga.de\/wp-content\/uploads\/2024\/03\/431490671_859576079548488_2613431150639077133_n-240x300.jpg 240w, https:\/\/echta-derminga.de\/wp-content\/uploads\/2024\/03\/431490671_859576079548488_2613431150639077133_n-768x960.jpg 768w, https:\/\/echta-derminga.de\/wp-content\/uploads\/2024\/03\/431490671_859576079548488_2613431150639077133_n.jpg 1080w\" sizes=\"auto, (max-width: 700px) 100vw, 700px\" \/><\/figure>\n<\/div>\n\n\n\n<div class=\"wp-block-column is-layout-flow wp-block-column-is-layout-flow\">\n<figure class=\"wp-block-image size-large\"><img loading=\"lazy\" decoding=\"async\" width=\"700\" height=\"990\" src=\"https:\/\/echta-derminga.de\/wp-content\/uploads\/2024\/03\/430685270_919494936500360_7616062741743655813_n-700x990.jpg\" alt=\"\" class=\"wp-image-17045\" srcset=\"https:\/\/echta-derminga.de\/wp-content\/uploads\/2024\/03\/430685270_919494936500360_7616062741743655813_n-700x990.jpg 700w, https:\/\/echta-derminga.de\/wp-content\/uploads\/2024\/03\/430685270_919494936500360_7616062741743655813_n-212x300.jpg 212w, https:\/\/echta-derminga.de\/wp-content\/uploads\/2024\/03\/430685270_919494936500360_7616062741743655813_n-768x1086.jpg 768w, https:\/\/echta-derminga.de\/wp-content\/uploads\/2024\/03\/430685270_919494936500360_7616062741743655813_n-1086x1536.jpg 1086w, https:\/\/echta-derminga.de\/wp-content\/uploads\/2024\/03\/430685270_919494936500360_7616062741743655813_n.jpg 1123w\" sizes=\"auto, (max-width: 700px) 100vw, 700px\" \/><\/figure>\n<\/div>\n<\/div>\n\n\n<div class=\"wp-block-image\">\n<figure class=\"aligncenter size-large\"><img loading=\"lazy\" decoding=\"async\" width=\"700\" height=\"700\" src=\"https:\/\/echta-derminga.de\/wp-content\/uploads\/2024\/03\/430781242_18045931393620885_3037604021892695685_n-700x700.jpg\" alt=\"\" class=\"wp-image-17048\" srcset=\"https:\/\/echta-derminga.de\/wp-content\/uploads\/2024\/03\/430781242_18045931393620885_3037604021892695685_n-700x700.jpg 700w, https:\/\/echta-derminga.de\/wp-content\/uploads\/2024\/03\/430781242_18045931393620885_3037604021892695685_n-300x300.jpg 300w, https:\/\/echta-derminga.de\/wp-content\/uploads\/2024\/03\/430781242_18045931393620885_3037604021892695685_n-150x150.jpg 150w, https:\/\/echta-derminga.de\/wp-content\/uploads\/2024\/03\/430781242_18045931393620885_3037604021892695685_n-768x768.jpg 768w, https:\/\/echta-derminga.de\/wp-content\/uploads\/2024\/03\/430781242_18045931393620885_3037604021892695685_n-90x90.jpg 90w, https:\/\/echta-derminga.de\/wp-content\/uploads\/2024\/03\/430781242_18045931393620885_3037604021892695685_n-75x75.jpg 75w, https:\/\/echta-derminga.de\/wp-content\/uploads\/2024\/03\/430781242_18045931393620885_3037604021892695685_n.jpg 1400w\" sizes=\"auto, (max-width: 700px) 100vw, 700px\" \/><\/figure>\n<\/div>","protected":false},"excerpt":{"rendered":"<p>Es scheint, als h\u00e4tten wir das schlimmste \u00fcberstanden. Nach Ostern setzte sich zusehends ein Hochdruckgebiet durch und sorgte f\u00fcr das erste sommerliche Wochenende. W\u00e4hrenddessen hat auch in Dirmingen die erste, hei\u00dfe Phase des Kommunalwahlkampfs 2024 begonnen. In Dirmingen werden neben der CDU und der SPD auch die &#8222;Gr\u00fcnen&#8220; um den Einzug in den Dirminger Ortsrat k\u00e4mpfen. Die Kommunalwahlen finden am<\/p>\n","protected":false},"author":1,"featured_media":17212,"comment_status":"open","ping_status":"closed","sticky":false,"template":"","format":"standard","meta":{"_crdt_document":"","footnotes":""},"categories":[1,9,812],"tags":[5,618,127,795,310,1131,1132],"class_list":["post-17187","post","type-post","status-publish","format-standard","has-post-thumbnail","hentry","category-allgemein","category-dorfgetratsche","category-ortsvorsteher-dirmingen","tag-dirmingen","tag-gemeinde-eppelborn","tag-landkreis-neunkirchen","tag-ortsvorsteher-dirmingen","tag-saarland","tag-unser-dorf-spielt-fussball","tag-unser-dorf-spielt-handball"],"_links":{"self":[{"href":"https:\/\/echta-derminga.de\/index.php?rest_route=\/wp\/v2\/posts\/17187","targetHints":{"allow":["GET"]}}],"collection":[{"href":"https:\/\/echta-derminga.de\/index.php?rest_route=\/wp\/v2\/posts"}],"about":[{"href":"https:\/\/echta-derminga.de\/index.php?rest_route=\/wp\/v2\/types\/post"}],"author":[{"embeddable":true,"href":"https:\/\/echta-derminga.de\/index.php?rest_route=\/wp\/v2\/users\/1"}],"replies":[{"embeddable":true,"href":"https:\/\/echta-derminga.de\/index.php?rest_route=%2Fwp%2Fv2%2Fcomments&post=17187"}],"version-history":[{"count":14,"href":"https:\/\/echta-derminga.de\/index.php?rest_route=\/wp\/v2\/posts\/17187\/revisions"}],"predecessor-version":[{"id":17215,"href":"https:\/\/echta-derminga.de\/index.php?rest_route=\/wp\/v2\/posts\/17187\/revisions\/17215"}],"wp:featuredmedia":[{"embeddable":true,"href":"https:\/\/echta-derminga.de\/index.php?rest_route=\/wp\/v2\/media\/17212"}],"wp:attachment":[{"href":"https:\/\/echta-derminga.de\/index.php?rest_route=%2Fwp%2Fv2%2Fmedia&parent=17187"}],"wp:term":[{"taxonomy":"category","embeddable":true,"href":"https:\/\/echta-derminga.de\/index.php?rest_route=%2Fwp%2Fv2%2Fcategories&post=17187"},{"taxonomy":"post_tag","embeddable":true,"href":"https:\/\/echta-derminga.de\/index.php?rest_route=%2Fwp%2Fv2%2Ftags&post=17187"}],"curies":[{"name":"wp","href":"https:\/\/api.w.org\/{rel}","templated":true}]}}