{"id":17263,"date":"2024-04-16T14:07:26","date_gmt":"2024-04-16T13:07:26","guid":{"rendered":"https:\/\/echta-derminga.de\/?p=17263"},"modified":"2024-04-16T14:15:38","modified_gmt":"2024-04-16T13:15:38","slug":"das-wirtshaus-zum-wutze-walter-ist-ein-stueck-dirminger-kulturgut","status":"publish","type":"post","link":"https:\/\/echta-derminga.de\/?p=17263","title":{"rendered":"Das Wirtshaus zum &#8222;Wutze Walter&#8220; ist ein St\u00fcck Dirminger Kulturgut"},"content":{"rendered":"\n<p class=\"has-medium-font-size wp-block-paragraph\"><strong>Etliche Mythen und Legenden berichten vom Leben des Walter Lauer, alias \u201eWutze Walter\u201c, aus Dirmingen. Der Mann war schon Zeit seines Lebens eine Legende und noch heute erz\u00e4hlt man sich gerne die vielen Geschichte und Anekdoten des \u201eWutze Walters\u201c. Der gute Walter Lauer lebte von der Schweinezucht und vom Verkauf seiner Ferkel. Einer der vielen Sagen handelt von seinem Pferdegespann, dass laut Volksmund immer allein den Weg Nachhause fand.<\/strong><\/p>\n\n\n\n<p class=\"has-medium-font-size wp-block-paragraph\">Inmitten der idyllischen Natur unseres wundersch\u00f6nen Heimatortes findet man die kleine, recht feine, gem\u00fctliche Gastst\u00e4tte \u201eWutze Walter\u201c. Die Gastst\u00e4tte hat ihren Namen von den sagenumwobenen Walter Lauer, der genau an dieser Stelle seinen Aussiedlerhof betrieb. Seit einigen Jahren wird die Gastst\u00e4tte von Marion Burtscheid und dem selbsternannten K\u00fcchenbulle Andreas Trenz gef\u00fchrt. Vor der Gastst\u00e4tte findet man einen sch\u00f6nen Biergarten, in dem man in entspannter Atmosph\u00e4re sein k\u00fchles Blondes genie\u00dfen kann. Beim \u201eWutze Walter\u201c kann man gut, b\u00fcrgerlich essen und in Ruhe die Seele baumeln lassen. Obwohl die kleine Kneipe nur wenig Platz bietet, verf\u00fcgt sie \u00fcber ein ganz spezielles Flair.<\/p>\n\n\n\n<div class=\"wp-block-columns is-layout-flex wp-container-core-columns-is-layout-8f761849 wp-block-columns-is-layout-flex\">\n<div class=\"wp-block-column is-layout-flow wp-block-column-is-layout-flow\">\n<figure class=\"wp-block-image size-large\"><img loading=\"lazy\" decoding=\"async\" width=\"700\" height=\"525\" src=\"https:\/\/echta-derminga.de\/wp-content\/uploads\/2024\/04\/22-1-700x525.jpg\" alt=\"\" class=\"wp-image-17266\" srcset=\"https:\/\/echta-derminga.de\/wp-content\/uploads\/2024\/04\/22-1-700x525.jpg 700w, https:\/\/echta-derminga.de\/wp-content\/uploads\/2024\/04\/22-1-300x225.jpg 300w, https:\/\/echta-derminga.de\/wp-content\/uploads\/2024\/04\/22-1-768x576.jpg 768w, https:\/\/echta-derminga.de\/wp-content\/uploads\/2024\/04\/22-1.jpg 1024w\" sizes=\"auto, (max-width: 700px) 100vw, 700px\" \/><\/figure>\n<\/div>\n\n\n\n<div class=\"wp-block-column is-layout-flow wp-block-column-is-layout-flow\">\n<figure class=\"wp-block-image size-large\"><img loading=\"lazy\" decoding=\"async\" width=\"700\" height=\"525\" src=\"https:\/\/echta-derminga.de\/wp-content\/uploads\/2024\/04\/11-1-700x525.jpg\" alt=\"\" class=\"wp-image-17265\" srcset=\"https:\/\/echta-derminga.de\/wp-content\/uploads\/2024\/04\/11-1-700x525.jpg 700w, https:\/\/echta-derminga.de\/wp-content\/uploads\/2024\/04\/11-1-300x225.jpg 300w, https:\/\/echta-derminga.de\/wp-content\/uploads\/2024\/04\/11-1-768x576.jpg 768w, https:\/\/echta-derminga.de\/wp-content\/uploads\/2024\/04\/11-1.jpg 960w\" sizes=\"auto, (max-width: 700px) 100vw, 700px\" \/><\/figure>\n<\/div>\n<\/div>\n\n\n\n<p class=\"has-medium-font-size wp-block-paragraph\"><strong>In Dirmingen kann man sich gut und gerne gastronomisch fallen lassen. In unserem \u00d6rtchen gibt es immerhin noch einige Anlaufstellen f\u00fcr durstige Kehlen und hungrige Leiber. Andreas Trenz ist gelernter Metzger und liebt seine Arbeit in der K\u00fcche. In der Abgeschiedenheit der Natur treffen sich Wanderer, Spazierg\u00e4nger aber auch Stammkunden und Vereine.<\/strong><\/p>\n\n\n\n<p class=\"has-medium-font-size wp-block-paragraph\">In regelm\u00e4\u00dfigen Abst\u00e4nden bietet der \u201eWutze Walter\u201c besondere Veranstaltungen wie zum Beispiel Bierverk\u00f6stigungen, Tastings, Wildabende und einmal im Jahr ein gro\u00dfangelegtes Waldfest an. Letztgenannter es lockte im vergangenen Oktober zahlreiche Besucherinnen und Besucher an. W\u00e4hrend Marion Burtscheid als r\u00fchrige Wirtsfrau den Laden schmei\u00dft, setzt Andreas Trenz die ein oder andere Idee in die Tatsache um. Die angebotenen Events werden in jedem Fall sehr gut angenommen. Gerade die K\u00fcche des gelernten Metzgers begeistert den ein oder anderen Stammgast. &nbsp;Immerhin sorgt das Waldfest als Gro\u00dfveranstaltung auch f\u00fcr Aufkl\u00e4rung und poliert zudem unser Verh\u00e4ltnis zur Natur. Neben Waldf\u00fchrungen und Infost\u00e4nden gibt es auch Angebote f\u00fcr Naturkundler und Kinder.<\/p>\n\n\n<div class=\"wp-block-image\">\n<figure class=\"aligncenter size-large\"><img loading=\"lazy\" decoding=\"async\" width=\"700\" height=\"525\" src=\"https:\/\/echta-derminga.de\/wp-content\/uploads\/2024\/04\/33-1-700x525.jpg\" alt=\"\" class=\"wp-image-17268\" srcset=\"https:\/\/echta-derminga.de\/wp-content\/uploads\/2024\/04\/33-1-700x525.jpg 700w, https:\/\/echta-derminga.de\/wp-content\/uploads\/2024\/04\/33-1-300x225.jpg 300w, https:\/\/echta-derminga.de\/wp-content\/uploads\/2024\/04\/33-1-768x576.jpg 768w, https:\/\/echta-derminga.de\/wp-content\/uploads\/2024\/04\/33-1.jpg 1024w\" sizes=\"auto, (max-width: 700px) 100vw, 700px\" \/><\/figure>\n<\/div>\n\n\n<p class=\"has-medium-font-size wp-block-paragraph\"><strong>Das Gasthaus \u201eWutze Walter\u201c sollte man schonmal erlebt und genossen haben. Die urige Kneipe lockt mit einem besonderen Charme und einer guten K\u00fcche. Hier beim \u201eWutze Walter\u201c kann man vorz\u00fcglich Essen und seine Zeit genie\u00dfen. Wenn drau\u00dfen die V\u00f6gel zwitschern und der Fr\u00fchling die ersten Bl\u00fcten austreibt, sollte man ein gutes, frischgezapftes Bier beim \u201eWutze Walter\u201c genie\u00dfen und vielleicht auch einen kleinen Happen Essen. Es lohnt sich !<\/strong><\/p>\n\n\n<div class=\"wp-block-image\">\n<figure class=\"aligncenter size-large\"><img loading=\"lazy\" decoding=\"async\" width=\"700\" height=\"592\" src=\"https:\/\/echta-derminga.de\/wp-content\/uploads\/2024\/04\/B-Wutze-Walter-700x592.jpg\" alt=\"\" class=\"wp-image-17271\" srcset=\"https:\/\/echta-derminga.de\/wp-content\/uploads\/2024\/04\/B-Wutze-Walter-700x592.jpg 700w, https:\/\/echta-derminga.de\/wp-content\/uploads\/2024\/04\/B-Wutze-Walter-300x254.jpg 300w, https:\/\/echta-derminga.de\/wp-content\/uploads\/2024\/04\/B-Wutze-Walter-768x649.jpg 768w, https:\/\/echta-derminga.de\/wp-content\/uploads\/2024\/04\/B-Wutze-Walter.jpg 1156w\" sizes=\"auto, (max-width: 700px) 100vw, 700px\" \/><\/figure>\n<\/div>\n\n<div class=\"wp-block-image\">\n<figure class=\"aligncenter size-large\"><img loading=\"lazy\" decoding=\"async\" width=\"700\" height=\"254\" src=\"https:\/\/echta-derminga.de\/wp-content\/uploads\/2024\/04\/44-1-700x254.jpg\" alt=\"\" class=\"wp-image-17270\" srcset=\"https:\/\/echta-derminga.de\/wp-content\/uploads\/2024\/04\/44-1-700x254.jpg 700w, https:\/\/echta-derminga.de\/wp-content\/uploads\/2024\/04\/44-1-300x109.jpg 300w, https:\/\/echta-derminga.de\/wp-content\/uploads\/2024\/04\/44-1-768x279.jpg 768w, https:\/\/echta-derminga.de\/wp-content\/uploads\/2024\/04\/44-1.jpg 1024w\" sizes=\"auto, (max-width: 700px) 100vw, 700px\" \/><\/figure>\n<\/div>","protected":false},"excerpt":{"rendered":"<p>Etliche Mythen und Legenden berichten vom Leben des Walter Lauer, alias \u201eWutze Walter\u201c, aus Dirmingen. Der Mann war schon Zeit seines Lebens eine Legende und noch heute erz\u00e4hlt man sich gerne die vielen Geschichte und Anekdoten des \u201eWutze Walters\u201c. Der gute Walter Lauer lebte von der Schweinezucht und vom Verkauf seiner Ferkel. Einer der vielen Sagen handelt von seinem Pferdegespann,<\/p>\n","protected":false},"author":1,"featured_media":17271,"comment_status":"open","ping_status":"closed","sticky":false,"template":"","format":"standard","meta":{"_crdt_document":"","footnotes":""},"categories":[1,9,8],"tags":[5,1137,618,127,310,1136],"class_list":["post-17263","post","type-post","status-publish","format-standard","has-post-thumbnail","hentry","category-allgemein","category-dorfgetratsche","category-sellemols-und-awweile","tag-dirmingen","tag-gasthaus-wutze-walter","tag-gemeinde-eppelborn","tag-landkreis-neunkirchen","tag-saarland","tag-wutzt-walter"],"_links":{"self":[{"href":"https:\/\/echta-derminga.de\/index.php?rest_route=\/wp\/v2\/posts\/17263","targetHints":{"allow":["GET"]}}],"collection":[{"href":"https:\/\/echta-derminga.de\/index.php?rest_route=\/wp\/v2\/posts"}],"about":[{"href":"https:\/\/echta-derminga.de\/index.php?rest_route=\/wp\/v2\/types\/post"}],"author":[{"embeddable":true,"href":"https:\/\/echta-derminga.de\/index.php?rest_route=\/wp\/v2\/users\/1"}],"replies":[{"embeddable":true,"href":"https:\/\/echta-derminga.de\/index.php?rest_route=%2Fwp%2Fv2%2Fcomments&post=17263"}],"version-history":[{"count":6,"href":"https:\/\/echta-derminga.de\/index.php?rest_route=\/wp\/v2\/posts\/17263\/revisions"}],"predecessor-version":[{"id":17275,"href":"https:\/\/echta-derminga.de\/index.php?rest_route=\/wp\/v2\/posts\/17263\/revisions\/17275"}],"wp:featuredmedia":[{"embeddable":true,"href":"https:\/\/echta-derminga.de\/index.php?rest_route=\/wp\/v2\/media\/17271"}],"wp:attachment":[{"href":"https:\/\/echta-derminga.de\/index.php?rest_route=%2Fwp%2Fv2%2Fmedia&parent=17263"}],"wp:term":[{"taxonomy":"category","embeddable":true,"href":"https:\/\/echta-derminga.de\/index.php?rest_route=%2Fwp%2Fv2%2Fcategories&post=17263"},{"taxonomy":"post_tag","embeddable":true,"href":"https:\/\/echta-derminga.de\/index.php?rest_route=%2Fwp%2Fv2%2Ftags&post=17263"}],"curies":[{"name":"wp","href":"https:\/\/api.w.org\/{rel}","templated":true}]}}