{"id":17299,"date":"2024-04-28T12:37:01","date_gmt":"2024-04-28T11:37:01","guid":{"rendered":"https:\/\/echta-derminga.de\/?p=17299"},"modified":"2024-04-28T12:40:11","modified_gmt":"2024-04-28T11:40:11","slug":"in-sachen-ortsvorsteher-7","status":"publish","type":"post","link":"https:\/\/echta-derminga.de\/?p=17299","title":{"rendered":"In Sachen Ortsvorsteher: Von einer abgest\u00fcrzten Friedhofsmauer, gepflegten Dorfgemeinschaft, einem traumhaften Abend und dem Tanz in den Mai"},"content":{"rendered":"\n<p class=\"has-medium-font-size wp-block-paragraph\"><strong>Liebe Mitb\u00fcrgerinnen und Mitb\u00fcrger,<\/strong><\/p>\n\n\n\n<p class=\"has-medium-font-size wp-block-paragraph\"><strong>in knapp 6 Wochen finden in unserem Land die Kommunalwahlen statt. Die Ortsr\u00e4te in unserer Gemeinde und auch der Gemeinderat Eppelborn haben sich zuletzt zu ihren wahrscheinlich letzten Sitzungen in dieser Wahlperiode zusammengefunden. \u00dcberschattet wurde die letzte Gemeinderatssitzung durch die schreckliche verbale Entgleisung eines Gemeinderatsmitgliedes. Neben dem laufenden Wahlkampf und den pers\u00f6nlichen Empfindungen so manchen Kommunalpolitikers ging es auch in dieser Sitzung um wichtige Themen, die auch unseren Heimatort betreffen. Von daher ist es schade, dass durch solche Vorkommnisse das Wesentliche auf der Strecke bleibt. Letztendlich setzten alle demokratischen Parteien mit einer gemeinsamen Resolution ein deutliches Zeichen gegen jede Form von Extremismus.<\/strong><\/p>\n\n\n\n<p class=\"has-medium-font-size wp-block-paragraph\"><strong>Teil der Friedhofsmauer eingest\u00fcrzt<\/strong> <strong>!<\/strong><\/p>\n\n\n\n<p class=\"has-medium-font-size wp-block-paragraph\">Letztendlich haben Regen und  Wasser der \u00fcber 120- j\u00e4hrigen Friedhofsmauer den Rest gegeben. Ein Teil der Friedhofsmauer konnte am Ende dem Druck nicht mehr Standhalten und rutschte ab. Die Gemeindeverwaltung hatte bereits im Vorfeld Vorkehrungen getroffen, um schlimmeres zu verhindern. Zuf\u00e4lligerweise war ich kurz nach dem Mauereinsturz selbst vor Ort und habe sofort unseren B\u00fcrgermeister und die Verwaltung informiert. Gottlob ist niemand zu Schaden gekommen. Gemeinsam mit B\u00fcrgermeister Dr Andreas Feld konnte ich mir ein genaues Bild des Schadens machen. Der Bauhof war schnell vor Ort und sperrte und sicherte gro\u00dfr\u00e4umig ab. Mittlerweile hat die Gemeindeverwaltung reagiert und der Bauhof konnte die entsprechende Stelle abriegeln und sicherstellen. Nun wird an einer baldigen L\u00f6sung und dem Neubau einer Mauer gearbeitet.<\/p>\n\n\n<div class=\"wp-block-image\">\n<figure class=\"aligncenter size-large\"><img loading=\"lazy\" decoding=\"async\" width=\"700\" height=\"525\" src=\"https:\/\/echta-derminga.de\/wp-content\/uploads\/2024\/04\/435669157_7390033414424653_8217817411451153957_n-700x525.jpg\" alt=\"\" class=\"wp-image-17301\" srcset=\"https:\/\/echta-derminga.de\/wp-content\/uploads\/2024\/04\/435669157_7390033414424653_8217817411451153957_n-700x525.jpg 700w, https:\/\/echta-derminga.de\/wp-content\/uploads\/2024\/04\/435669157_7390033414424653_8217817411451153957_n-300x225.jpg 300w, https:\/\/echta-derminga.de\/wp-content\/uploads\/2024\/04\/435669157_7390033414424653_8217817411451153957_n-768x576.jpg 768w, https:\/\/echta-derminga.de\/wp-content\/uploads\/2024\/04\/435669157_7390033414424653_8217817411451153957_n-1536x1153.jpg 1536w, https:\/\/echta-derminga.de\/wp-content\/uploads\/2024\/04\/435669157_7390033414424653_8217817411451153957_n.jpg 1599w\" sizes=\"auto, (max-width: 700px) 100vw, 700px\" \/><\/figure>\n<\/div>\n\n\n<p class=\"has-medium-font-size wp-block-paragraph\">&#8222;<strong>Derminga Treff&#8220; mit Kaffee und Kuchen<\/strong><\/p>\n\n\n\n<p class=\"has-medium-font-size wp-block-paragraph\">Am Samstag, 27. April fand unser Dorfgemeinschaftstreffen \u201eDerminga Treff\u201c im evangelischen Gemeindehaus Dirmingen statt. Auch diesmal folgten ca.50 B\u00fcrgerinnen und B\u00fcrger der Einladung unseres Helferkreises. Bei Kaffee und Kuchen wurde \u201egesproocht\u201c und unsere Dorfgemeinschaft gepflegt. Zu den Ehreng\u00e4sten geh\u00f6rten der Bundestagsabgeordnete Christian Petry, Martin Kauth von der VDK und Benno Fries vom Seniorenbeirat der Gemeinde Eppelborn. Ich habe die Gelegenheit genutzt um Benno Fries einmal ausdr\u00fccklich f\u00fcr sein ehrenamtliches Engagement und seine wertvolle T\u00e4tigkeit im Seniorenbeirat zu danken. Vielen Dank an den Helferkreis sowie an alle Kuchenspender\/innen und G\u00f6nner unseres \u201eDerminga Treffs\u201c. Abschlie\u00dfend m\u00f6chten wir auch diesmal der Evangelischen Kirchengemeinde St. Wendel- Illtal danken. Das n\u00e4chste &#8222;Derminga Treff&#8220; finden am 25. Mai 2024 mit einem Volksliedersingen statt.<\/p>\n\n\n\n<div class=\"wp-block-columns is-layout-flex wp-container-core-columns-is-layout-8f761849 wp-block-columns-is-layout-flex\">\n<div class=\"wp-block-column is-layout-flow wp-block-column-is-layout-flow\">\n<figure class=\"wp-block-image size-large\"><img loading=\"lazy\" decoding=\"async\" width=\"700\" height=\"525\" src=\"https:\/\/echta-derminga.de\/wp-content\/uploads\/2024\/04\/439966659_7447521472009180_7533039345450750763_n-700x525.jpg\" alt=\"\" class=\"wp-image-17303\" srcset=\"https:\/\/echta-derminga.de\/wp-content\/uploads\/2024\/04\/439966659_7447521472009180_7533039345450750763_n-700x525.jpg 700w, https:\/\/echta-derminga.de\/wp-content\/uploads\/2024\/04\/439966659_7447521472009180_7533039345450750763_n-300x225.jpg 300w, https:\/\/echta-derminga.de\/wp-content\/uploads\/2024\/04\/439966659_7447521472009180_7533039345450750763_n-768x576.jpg 768w, https:\/\/echta-derminga.de\/wp-content\/uploads\/2024\/04\/439966659_7447521472009180_7533039345450750763_n-1536x1152.jpg 1536w, https:\/\/echta-derminga.de\/wp-content\/uploads\/2024\/04\/439966659_7447521472009180_7533039345450750763_n.jpg 2048w\" sizes=\"auto, (max-width: 700px) 100vw, 700px\" \/><\/figure>\n<\/div>\n\n\n\n<div class=\"wp-block-column is-layout-flow wp-block-column-is-layout-flow\">\n<figure class=\"wp-block-image size-large\"><img loading=\"lazy\" decoding=\"async\" width=\"700\" height=\"525\" src=\"https:\/\/echta-derminga.de\/wp-content\/uploads\/2024\/04\/440239358_7447523382008989_601623039305346700_n-700x525.jpg\" alt=\"\" class=\"wp-image-17304\" srcset=\"https:\/\/echta-derminga.de\/wp-content\/uploads\/2024\/04\/440239358_7447523382008989_601623039305346700_n-700x525.jpg 700w, https:\/\/echta-derminga.de\/wp-content\/uploads\/2024\/04\/440239358_7447523382008989_601623039305346700_n-300x225.jpg 300w, https:\/\/echta-derminga.de\/wp-content\/uploads\/2024\/04\/440239358_7447523382008989_601623039305346700_n-768x576.jpg 768w, https:\/\/echta-derminga.de\/wp-content\/uploads\/2024\/04\/440239358_7447523382008989_601623039305346700_n-1536x1152.jpg 1536w, https:\/\/echta-derminga.de\/wp-content\/uploads\/2024\/04\/440239358_7447523382008989_601623039305346700_n.jpg 2048w\" sizes=\"auto, (max-width: 700px) 100vw, 700px\" \/><\/figure>\n<\/div>\n<\/div>\n\n\n\n<p class=\"has-medium-font-size wp-block-paragraph\"><strong>Neues Verkehrsschild in der Humeserstra\u00dfe<\/strong> <strong>angebracht<\/strong> <strong>!<\/strong><\/p>\n\n\n\n<p class=\"has-medium-font-size wp-block-paragraph\">Die Bewohner der \u201eHardt\u201c und der \u201eHumeserstra\u00dfe\u201c haben zuletzt keine leichte Zeiten erlebt. Der R\u00fcckbau der Eisenbahnbr\u00fccke wurde von vielen Unannehmlichkeiten und Problemen begleitet. Zahlreiche Vorkehrungen mussten getroffen und eingerichtet werden. Vieles befindet sich weiterhin auf dem Weg oder in Planung.&nbsp;Grunds\u00e4tzlich m\u00f6chte ich den Menschen im betreffenden Wohngebiet herzlich f\u00fcr ihre Geduld und das Verst\u00e4ndnis danken. Die Gemeindeverwaltung ist immer noch damit besch\u00e4ftigt eventuelle Erleichterungen oder Verbesserungen zu pr\u00fcfen und einzurichten. Dabei wird am Ende des Tages nicht alles m\u00f6glich sein. Nun wurde am Eingang \u201eHumeserstra\u00dfe\u201c, an der L112, ein neues Umleitungsschild angebracht. Auch die entsprechenden Beh\u00f6rden und Rettungskr\u00e4fte wurden nochmals eindringlich auf diese Umleitung hingewiesen. Nat\u00fcrlich muss im Notfall eine schnelle Versorgung der Anwohner im entsprechenden Wohngebiet sichergestellt sein. Ich bin diesbez\u00fcglich im engen Austausch mit B\u00fcrgermeister Dr. Andreas Feld und der zust\u00e4ndigen Beh\u00f6rde. Vieles liegt jedoch nicht in meinen H\u00e4nden. Ich bitte Sie weiterhin um Geduld und einen engen Gedankenaustausch. Sollten Sie Fragen oder Anregungen haben k\u00f6nnen sie mich gerne jederzeit kontaktieren.<\/p>\n\n\n<div class=\"wp-block-image\">\n<figure class=\"aligncenter size-large\"><img loading=\"lazy\" decoding=\"async\" width=\"700\" height=\"534\" src=\"https:\/\/echta-derminga.de\/wp-content\/uploads\/2024\/04\/20240426_085537-700x534.jpg\" alt=\"\" class=\"wp-image-17322\" srcset=\"https:\/\/echta-derminga.de\/wp-content\/uploads\/2024\/04\/20240426_085537-700x534.jpg 700w, https:\/\/echta-derminga.de\/wp-content\/uploads\/2024\/04\/20240426_085537-300x229.jpg 300w, https:\/\/echta-derminga.de\/wp-content\/uploads\/2024\/04\/20240426_085537-768x585.jpg 768w, https:\/\/echta-derminga.de\/wp-content\/uploads\/2024\/04\/20240426_085537-1536x1171.jpg 1536w, https:\/\/echta-derminga.de\/wp-content\/uploads\/2024\/04\/20240426_085537-2048x1561.jpg 2048w\" sizes=\"auto, (max-width: 700px) 100vw, 700px\" \/><\/figure>\n<\/div>\n\n\n<p class=\"has-medium-font-size wp-block-paragraph\"><strong>Musik &amp; Texte &#8211; Ein traumhafter Abend mit Mac und Meng\u00a0<\/strong><\/p>\n\n\n\n<p class=\"has-medium-font-size wp-block-paragraph\">Der Landrat des Landkreises Neunkirchen S\u00f6ren Meng und der Dirminger Musiker Mac Gabler hatten auf meine Einladung hin, am Freitag, 19. April einen stimmungsvollen Abend mit Musik und Lesungen durchgef\u00fchrt. Landrat S\u00f6ren Meng gab Geschichten und Lyrisches aus seinen eigenen B\u00fcchern zum Besten. Begleitet wurde unser Landrat von dem Dirminger Liedermacher Manfred \u201cMac\u201d Gabler. In diesen turbulenten Zeiten sorgte dieser besinnliche Abend f\u00fcr etwas Abwechslung und Entspannung. Die ca. 50 G\u00e4ste genossen die besondere Atmosph\u00e4re und die gute Mischung aus Texten und Musik.&nbsp; Unsere historische Kirche bot einen optimalen Rahmen. Bei freiem Eintritt erlebten die G\u00e4ste eine sch\u00f6ne Zeit. Eine freiwillige Spende konnte am Ende der Veranstaltung zu Gunsten des Kulturvereines Dirmingen entrichtet werden. Ich danke unserem Landrat S\u00f6ren Meng und Mac Gabler f\u00fcr diesen wundervollen Abend in Dirmingen. Ein besonderer Dank geht an die Evangelische Kirchengemeinde St. Wendel-Illtal.<\/p>\n\n\n\n<div class=\"wp-block-columns is-layout-flex wp-container-core-columns-is-layout-8f761849 wp-block-columns-is-layout-flex\">\n<div class=\"wp-block-column is-layout-flow wp-block-column-is-layout-flow\">\n<figure class=\"wp-block-image size-large\"><img loading=\"lazy\" decoding=\"async\" width=\"700\" height=\"525\" src=\"https:\/\/echta-derminga.de\/wp-content\/uploads\/2024\/04\/436481183_18305728909199244_2662365402788291302_n-700x525.jpg\" alt=\"\" class=\"wp-image-17306\" srcset=\"https:\/\/echta-derminga.de\/wp-content\/uploads\/2024\/04\/436481183_18305728909199244_2662365402788291302_n-700x525.jpg 700w, https:\/\/echta-derminga.de\/wp-content\/uploads\/2024\/04\/436481183_18305728909199244_2662365402788291302_n-300x225.jpg 300w, https:\/\/echta-derminga.de\/wp-content\/uploads\/2024\/04\/436481183_18305728909199244_2662365402788291302_n-768x576.jpg 768w, https:\/\/echta-derminga.de\/wp-content\/uploads\/2024\/04\/436481183_18305728909199244_2662365402788291302_n.jpg 1440w\" sizes=\"auto, (max-width: 700px) 100vw, 700px\" \/><\/figure>\n<\/div>\n\n\n\n<div class=\"wp-block-column is-layout-flow wp-block-column-is-layout-flow\">\n<figure class=\"wp-block-image size-large\"><img loading=\"lazy\" decoding=\"async\" width=\"700\" height=\"525\" src=\"https:\/\/echta-derminga.de\/wp-content\/uploads\/2024\/04\/437953712_18305728900199244_7960630748019710154_n-700x525.jpg\" alt=\"\" class=\"wp-image-17307\" srcset=\"https:\/\/echta-derminga.de\/wp-content\/uploads\/2024\/04\/437953712_18305728900199244_7960630748019710154_n-700x525.jpg 700w, https:\/\/echta-derminga.de\/wp-content\/uploads\/2024\/04\/437953712_18305728900199244_7960630748019710154_n-300x225.jpg 300w, https:\/\/echta-derminga.de\/wp-content\/uploads\/2024\/04\/437953712_18305728900199244_7960630748019710154_n-768x576.jpg 768w, https:\/\/echta-derminga.de\/wp-content\/uploads\/2024\/04\/437953712_18305728900199244_7960630748019710154_n.jpg 1200w\" sizes=\"auto, (max-width: 700px) 100vw, 700px\" \/><\/figure>\n<\/div>\n<\/div>\n\n\n\n<p class=\"has-medium-font-size wp-block-paragraph\"><strong>Absage \u201eFr\u00fchling auf Finkenrech\u201c sorgt f\u00fcr allgemeine Ern\u00fcchterung<\/strong><\/p>\n\n\n\n<p class=\"has-medium-font-size wp-block-paragraph\">Schade! Der Saisonauftakt auf Finkenrech fiel buchst\u00e4blich ins Wasser. Die Gro\u00dfveranstaltung \u201eFr\u00fchling auf Finkenrech&#8220; musste leider kurzfristig abgesagt werden. Aufgrund der angespannten Wettersituation war die Parkfl\u00e4che, eine Rasenfl\u00e4che, nicht mehr befahrbar. Der Regen hat die Rasenfl\u00e4che so sehr aufgeweicht, dass ein Befahren der Parkfl\u00e4che aus Sicherheitsgr\u00fcnden nicht mehr zu verantworten war. Bereits gekaufte Tickets werden selbstverst\u00e4ndlich zur\u00fcckerstattet. Der TKN des Landkreises bittet um Verst\u00e4ndnis und m\u00f6chte schon jetzt auf die Sommersession im Naherholungsgebiet Finkenrech mit den vielen einzelnen Veranstaltung hinweisen.<\/p>\n\n\n\n<p class=\"has-medium-font-size wp-block-paragraph\"><strong>R\u00e4umungs\u00fcbung der Feuerwehr an der Rothenbergschule<\/strong><\/p>\n\n\n\n<p class=\"has-medium-font-size wp-block-paragraph\">Am Samstagmorgen, 27.04.24 fand eine angesetzte R\u00e4umungs\u00fcbung an der Rothenbergschule Dirmingen statt. Die L\u00f6schbezirksf\u00fchrung des L\u00f6schbezirks Dirmingen hatte gemeinsam mit den L\u00f6schbezirken Eppelborn, Bubach\/Calmesweiler und Wiesbach (ELW) eingeladen. Gerne bin ich als Ortsvorsteher der Einladung meines L\u00f6schbezirks gefolgt. Gemeinsam mit B\u00fcrgermeister Dr. Andreas Feld durfte ich mir vor Ort ein genaues Bild der \u00dcbungsabl\u00e4ufe machen. Ziel der \u00dcbung war es, die Zusammenarbeit der einzelnen L\u00f6schbezirke mit der Schulleitung, sowie der F\u00fchrungsgruppe des ELW f\u00fcr den Ernstfall zu proben. Auch die DRK Eppelborn und auch die Jugendfeuerwehr in der Gemeinde beteiligte sich an dieser wichtigen Gro\u00df\u00fcbung. Besonders spannend und f\u00fcr mich neu war der Einblick in die feuerwehrtechnische Arbeit mit den Drohnen. Aufgrund der Vielzahl von Gro\u00dffahrzeugen und Einsatzkr\u00e4ften entstand im direkten Umfeld der Schule ein gro\u00dfes Verkehrsaufkommen. Ein gro\u00dfes Dankesch\u00f6n geht an die Schulleitung der Rothenbergschule, das Betreuungs- und Lehrpersonal, den Hausmeister und die Evakuierungshelfer sowie an alle Kinder und Jugendliche, die den Ernstfall toll mit \u00fcbten. Vielen Dank auch an die Eltern und den Tr\u00e4ger der Schule die Lebenshilfe. Mein pers\u00f6nlicher Dank geht an den stellvertretenden Wehrf\u00fchrer der Gemeinde Torsten Fuchs und an Christian Holz f\u00fcr die vielen guten Erkl\u00e4rungen und Informationen. Gerade als Mandatstr\u00e4ger ist es wichtig hinter die Kulissen zu blicken und zu verstehen, warum es so wichtig ist, weiteres Geld in unsere Feuerwehr zu investieren. Die notwendigen Investitionen in unsere Feuerwehr dienen dem Schutz unserer Bev\u00f6lkerung. Abschlie\u00dfend durfte ich mich auch pers\u00f6nlich bei allen teilnehmenden Feuerwehrfrauen und Feuerwehrm\u00e4nnern f\u00fcr ihr ehrenamtliches Engagement und diese tolle \u00dcbung bedanken. Ich w\u00fcnsche f\u00fcr die Zukunft alles erdenklich Gute und vor allen Dingen Gesundheit. Gut Wehr!<\/p>\n\n\n\n<div class=\"wp-block-columns is-layout-flex wp-container-core-columns-is-layout-8f761849 wp-block-columns-is-layout-flex\">\n<div class=\"wp-block-column is-layout-flow wp-block-column-is-layout-flow\">\n<figure class=\"wp-block-image size-large\"><img loading=\"lazy\" decoding=\"async\" width=\"700\" height=\"525\" src=\"https:\/\/echta-derminga.de\/wp-content\/uploads\/2024\/04\/438802853_7446578675436793_3797744752734790739_n-700x525.jpg\" alt=\"\" class=\"wp-image-17309\" srcset=\"https:\/\/echta-derminga.de\/wp-content\/uploads\/2024\/04\/438802853_7446578675436793_3797744752734790739_n-700x525.jpg 700w, https:\/\/echta-derminga.de\/wp-content\/uploads\/2024\/04\/438802853_7446578675436793_3797744752734790739_n-300x225.jpg 300w, https:\/\/echta-derminga.de\/wp-content\/uploads\/2024\/04\/438802853_7446578675436793_3797744752734790739_n-768x576.jpg 768w, https:\/\/echta-derminga.de\/wp-content\/uploads\/2024\/04\/438802853_7446578675436793_3797744752734790739_n-1536x1152.jpg 1536w, https:\/\/echta-derminga.de\/wp-content\/uploads\/2024\/04\/438802853_7446578675436793_3797744752734790739_n.jpg 2048w\" sizes=\"auto, (max-width: 700px) 100vw, 700px\" \/><\/figure>\n<\/div>\n\n\n\n<div class=\"wp-block-column is-layout-flow wp-block-column-is-layout-flow\">\n<figure class=\"wp-block-image size-large\"><img loading=\"lazy\" decoding=\"async\" width=\"700\" height=\"511\" src=\"https:\/\/echta-derminga.de\/wp-content\/uploads\/2024\/04\/438858466_7446582258769768_8866186650084460392_n-700x511.jpg\" alt=\"\" class=\"wp-image-17310\" srcset=\"https:\/\/echta-derminga.de\/wp-content\/uploads\/2024\/04\/438858466_7446582258769768_8866186650084460392_n-700x511.jpg 700w, https:\/\/echta-derminga.de\/wp-content\/uploads\/2024\/04\/438858466_7446582258769768_8866186650084460392_n-300x219.jpg 300w, https:\/\/echta-derminga.de\/wp-content\/uploads\/2024\/04\/438858466_7446582258769768_8866186650084460392_n-768x561.jpg 768w, https:\/\/echta-derminga.de\/wp-content\/uploads\/2024\/04\/438858466_7446582258769768_8866186650084460392_n-1536x1121.jpg 1536w, https:\/\/echta-derminga.de\/wp-content\/uploads\/2024\/04\/438858466_7446582258769768_8866186650084460392_n.jpg 2048w\" sizes=\"auto, (max-width: 700px) 100vw, 700px\" \/><\/figure>\n<\/div>\n<\/div>\n\n\n\n<p class=\"has-medium-font-size wp-block-paragraph\"><strong>Kolpingfamilie Dirmingen stellt Maibaum in die Ortsmitte &#8211; Bitte keine Sachbesch\u00e4digung zur Hexennacht<\/strong><\/p>\n\n\n\n<p class=\"has-medium-font-size wp-block-paragraph\">Die Kolpingfamilie Dirmingen veranstaltet am Dienstagnachmittag, 30. April 2024 (Hexennacht) um 17.00 Uhr auf dem freien Gel\u00e4nde (Imbiss Schnebele) neben dem Friseurladen \u201eHairdesign Team Kani\u201c, Marktplatz 14 das traditionelle Maibaumsetzen. Ich m\u00f6chte mich schon im Vorfeld bei der Kolpingfamilie Dirmingen, dem KKV Dirmingen, Imbiss Schnebele, der Apothekerfamilie Bungert und bei Hairdesign Team Kani f\u00fcr das Engagement und die Zusammenarbeit bedanken. Wie schon im vergangenen Jahr m\u00f6chte ich darauf hinweisen, dass die traditionelle Hexennacht nichts mit Sachbesch\u00e4digung oder Vandalismus zu tun hat. Bitte seien Sie bei der Durchf\u00fchrung dieses Brauchtums kreativ und vorsichtig. Schmierereien, Verschmutzungen und Zerst\u00f6rungen haben nichts mit dem alten Hexenbrauchtum zu tun. Ansonsten w\u00fcnsche Ich Ihnen und vor allen Dingen den Kindern viel Spa\u00df und eine sch\u00f6ne Zeit.<\/p>\n\n\n<div class=\"wp-block-image\">\n<figure class=\"aligncenter size-large\"><img loading=\"lazy\" decoding=\"async\" width=\"700\" height=\"702\" src=\"https:\/\/echta-derminga.de\/wp-content\/uploads\/2024\/04\/436308791_7399452826816045_6495145362623625334_n-700x702.jpg\" alt=\"\" class=\"wp-image-17312\" srcset=\"https:\/\/echta-derminga.de\/wp-content\/uploads\/2024\/04\/436308791_7399452826816045_6495145362623625334_n-700x702.jpg 700w, https:\/\/echta-derminga.de\/wp-content\/uploads\/2024\/04\/436308791_7399452826816045_6495145362623625334_n-300x300.jpg 300w, https:\/\/echta-derminga.de\/wp-content\/uploads\/2024\/04\/436308791_7399452826816045_6495145362623625334_n-150x150.jpg 150w, https:\/\/echta-derminga.de\/wp-content\/uploads\/2024\/04\/436308791_7399452826816045_6495145362623625334_n-90x90.jpg 90w, https:\/\/echta-derminga.de\/wp-content\/uploads\/2024\/04\/436308791_7399452826816045_6495145362623625334_n-75x75.jpg 75w, https:\/\/echta-derminga.de\/wp-content\/uploads\/2024\/04\/436308791_7399452826816045_6495145362623625334_n.jpg 726w\" sizes=\"auto, (max-width: 700px) 100vw, 700px\" \/><\/figure>\n<\/div>\n\n\n<p class=\"has-medium-font-size wp-block-paragraph\"><strong>Herzlichen Gl\u00fcckwunsch zur heiligen Kommunion und zur Konfirmation<\/strong><\/p>\n\n\n\n<p class=\"has-medium-font-size wp-block-paragraph\">In unseren beiden Kirchen wird im Mai die erste heilige Kommunion und die Konfirmation gefeiert. W\u00e4hrend in der Evangelischen Kirchengemeinde St. Wendel-Illtal am 05. Mai (Rogate) Konfirmation gefeiert wird, findet das Fest der ersten heiligen Kommunion in der katholischen Pfarreiengemeinschaft Eppelborn-Dirmingen am 11. Mai statt. Ich w\u00fcnsche den Kindern, Jugendlichen und ihren Familien schon heute einen gesegneten Gottesdienst oder heilige Messe. Herzlichen Gl\u00fcckwunsch zu diesem besonderen pers\u00f6nlichen Festtag und allzeit Gottes Segen.<\/p>\n\n\n<div class=\"wp-block-image\">\n<figure class=\"aligncenter size-large\"><img loading=\"lazy\" decoding=\"async\" width=\"700\" height=\"579\" src=\"https:\/\/echta-derminga.de\/wp-content\/uploads\/2023\/05\/20230509_200157-700x579.jpg\" alt=\"\" class=\"wp-image-15150\" srcset=\"https:\/\/echta-derminga.de\/wp-content\/uploads\/2023\/05\/20230509_200157-700x579.jpg 700w, https:\/\/echta-derminga.de\/wp-content\/uploads\/2023\/05\/20230509_200157-300x248.jpg 300w, https:\/\/echta-derminga.de\/wp-content\/uploads\/2023\/05\/20230509_200157-768x636.jpg 768w, https:\/\/echta-derminga.de\/wp-content\/uploads\/2023\/05\/20230509_200157-1536x1271.jpg 1536w, https:\/\/echta-derminga.de\/wp-content\/uploads\/2023\/05\/20230509_200157-2048x1695.jpg 2048w\" sizes=\"auto, (max-width: 700px) 100vw, 700px\" \/><\/figure>\n<\/div>\n\n\n<p class=\"has-medium-font-size wp-block-paragraph\"><strong>Liebe Mitb\u00fcrgerinnen und Mitb\u00fcrger, wir alle hoffen, dass der Fr\u00fchling bald endlich mal so richtig durchstartet. Ich w\u00fcnsche Ihnen bei allem was Sie tun und lassen eine sch\u00f6ne Zeit. Sollten Sie Anregungen oder Anfragen haben, k\u00f6nnen Sie mich jederzeit kontaktieren. <\/strong><\/p>\n\n\n\n<p class=\"has-medium-font-size wp-block-paragraph\">Ihr Ortsvorsteher <\/p>\n\n\n\n<p class=\"has-medium-font-size wp-block-paragraph\">Frank Klein<\/p>\n\n\n\n<div class=\"wp-block-columns is-layout-flex wp-container-core-columns-is-layout-8f761849 wp-block-columns-is-layout-flex\">\n<div class=\"wp-block-column is-layout-flow wp-block-column-is-layout-flow\">\n<figure class=\"wp-block-image size-full\"><img loading=\"lazy\" decoding=\"async\" width=\"573\" height=\"808\" src=\"https:\/\/echta-derminga.de\/wp-content\/uploads\/2024\/04\/435293469_7562848077111770_7625585679544821417_n-1.jpg\" alt=\"\" class=\"wp-image-17315\" srcset=\"https:\/\/echta-derminga.de\/wp-content\/uploads\/2024\/04\/435293469_7562848077111770_7625585679544821417_n-1.jpg 573w, https:\/\/echta-derminga.de\/wp-content\/uploads\/2024\/04\/435293469_7562848077111770_7625585679544821417_n-1-213x300.jpg 213w\" sizes=\"auto, (max-width: 573px) 100vw, 573px\" \/><\/figure>\n<\/div>\n\n\n\n<div class=\"wp-block-column is-layout-flow wp-block-column-is-layout-flow\">\n<figure class=\"wp-block-image size-large\"><img loading=\"lazy\" decoding=\"async\" width=\"700\" height=\"875\" src=\"https:\/\/echta-derminga.de\/wp-content\/uploads\/2024\/04\/431490671_859576079548488_2613431150639077133_n-700x875.jpg\" alt=\"\" class=\"wp-image-17316\" srcset=\"https:\/\/echta-derminga.de\/wp-content\/uploads\/2024\/04\/431490671_859576079548488_2613431150639077133_n-700x875.jpg 700w, https:\/\/echta-derminga.de\/wp-content\/uploads\/2024\/04\/431490671_859576079548488_2613431150639077133_n-240x300.jpg 240w, https:\/\/echta-derminga.de\/wp-content\/uploads\/2024\/04\/431490671_859576079548488_2613431150639077133_n-768x960.jpg 768w, https:\/\/echta-derminga.de\/wp-content\/uploads\/2024\/04\/431490671_859576079548488_2613431150639077133_n.jpg 1080w\" sizes=\"auto, (max-width: 700px) 100vw, 700px\" \/><\/figure>\n<\/div>\n<\/div>\n\n\n\n<div class=\"wp-block-columns is-layout-flex wp-container-core-columns-is-layout-8f761849 wp-block-columns-is-layout-flex\">\n<div class=\"wp-block-column is-layout-flow wp-block-column-is-layout-flow\">\n<figure class=\"wp-block-image size-large\"><img loading=\"lazy\" decoding=\"async\" width=\"700\" height=\"700\" src=\"https:\/\/echta-derminga.de\/wp-content\/uploads\/2024\/04\/430758999_18045931402620885_42674706371718833_n-700x700.jpg\" alt=\"\" class=\"wp-image-17317\" srcset=\"https:\/\/echta-derminga.de\/wp-content\/uploads\/2024\/04\/430758999_18045931402620885_42674706371718833_n-700x700.jpg 700w, https:\/\/echta-derminga.de\/wp-content\/uploads\/2024\/04\/430758999_18045931402620885_42674706371718833_n-300x300.jpg 300w, https:\/\/echta-derminga.de\/wp-content\/uploads\/2024\/04\/430758999_18045931402620885_42674706371718833_n-150x150.jpg 150w, https:\/\/echta-derminga.de\/wp-content\/uploads\/2024\/04\/430758999_18045931402620885_42674706371718833_n-768x768.jpg 768w, https:\/\/echta-derminga.de\/wp-content\/uploads\/2024\/04\/430758999_18045931402620885_42674706371718833_n-90x90.jpg 90w, https:\/\/echta-derminga.de\/wp-content\/uploads\/2024\/04\/430758999_18045931402620885_42674706371718833_n-75x75.jpg 75w, https:\/\/echta-derminga.de\/wp-content\/uploads\/2024\/04\/430758999_18045931402620885_42674706371718833_n.jpg 1415w\" sizes=\"auto, (max-width: 700px) 100vw, 700px\" \/><\/figure>\n<\/div>\n\n\n\n<div class=\"wp-block-column is-layout-flow wp-block-column-is-layout-flow\">\n<figure class=\"wp-block-image size-large\"><img loading=\"lazy\" decoding=\"async\" width=\"700\" height=\"700\" src=\"https:\/\/echta-derminga.de\/wp-content\/uploads\/2024\/04\/430706993_18045931420620885_7806531769628604326_n-700x700.jpg\" alt=\"\" class=\"wp-image-17318\" srcset=\"https:\/\/echta-derminga.de\/wp-content\/uploads\/2024\/04\/430706993_18045931420620885_7806531769628604326_n-700x700.jpg 700w, https:\/\/echta-derminga.de\/wp-content\/uploads\/2024\/04\/430706993_18045931420620885_7806531769628604326_n-300x300.jpg 300w, https:\/\/echta-derminga.de\/wp-content\/uploads\/2024\/04\/430706993_18045931420620885_7806531769628604326_n-150x150.jpg 150w, https:\/\/echta-derminga.de\/wp-content\/uploads\/2024\/04\/430706993_18045931420620885_7806531769628604326_n-768x768.jpg 768w, https:\/\/echta-derminga.de\/wp-content\/uploads\/2024\/04\/430706993_18045931420620885_7806531769628604326_n-90x90.jpg 90w, https:\/\/echta-derminga.de\/wp-content\/uploads\/2024\/04\/430706993_18045931420620885_7806531769628604326_n-75x75.jpg 75w, https:\/\/echta-derminga.de\/wp-content\/uploads\/2024\/04\/430706993_18045931420620885_7806531769628604326_n.jpg 1415w\" sizes=\"auto, (max-width: 700px) 100vw, 700px\" \/><\/figure>\n<\/div>\n<\/div>\n\n\n\n<div class=\"wp-block-columns is-layout-flex wp-container-core-columns-is-layout-8f761849 wp-block-columns-is-layout-flex\">\n<div class=\"wp-block-column is-layout-flow wp-block-column-is-layout-flow\">\n<figure class=\"wp-block-image size-full\"><img loading=\"lazy\" decoding=\"async\" width=\"679\" height=\"960\" src=\"https:\/\/echta-derminga.de\/wp-content\/uploads\/2024\/04\/429935012_716796173904191_7629294401782092035_n.jpg\" alt=\"\" class=\"wp-image-17319\" srcset=\"https:\/\/echta-derminga.de\/wp-content\/uploads\/2024\/04\/429935012_716796173904191_7629294401782092035_n.jpg 679w, https:\/\/echta-derminga.de\/wp-content\/uploads\/2024\/04\/429935012_716796173904191_7629294401782092035_n-212x300.jpg 212w\" sizes=\"auto, (max-width: 679px) 100vw, 679px\" \/><\/figure>\n<\/div>\n\n\n\n<div class=\"wp-block-column is-layout-flow wp-block-column-is-layout-flow\">\n<figure class=\"wp-block-image size-large\"><img loading=\"lazy\" decoding=\"async\" width=\"700\" height=\"990\" src=\"https:\/\/echta-derminga.de\/wp-content\/uploads\/2024\/04\/430685270_919494936500360_7616062741743655813_n-700x990.jpg\" alt=\"\" class=\"wp-image-17320\" srcset=\"https:\/\/echta-derminga.de\/wp-content\/uploads\/2024\/04\/430685270_919494936500360_7616062741743655813_n-700x990.jpg 700w, https:\/\/echta-derminga.de\/wp-content\/uploads\/2024\/04\/430685270_919494936500360_7616062741743655813_n-212x300.jpg 212w, https:\/\/echta-derminga.de\/wp-content\/uploads\/2024\/04\/430685270_919494936500360_7616062741743655813_n-768x1086.jpg 768w, https:\/\/echta-derminga.de\/wp-content\/uploads\/2024\/04\/430685270_919494936500360_7616062741743655813_n-1086x1536.jpg 1086w, https:\/\/echta-derminga.de\/wp-content\/uploads\/2024\/04\/430685270_919494936500360_7616062741743655813_n.jpg 1123w\" sizes=\"auto, (max-width: 700px) 100vw, 700px\" \/><\/figure>\n<\/div>\n<\/div>\n","protected":false},"excerpt":{"rendered":"<p>Liebe Mitb\u00fcrgerinnen und Mitb\u00fcrger, in knapp 6 Wochen finden in unserem Land die Kommunalwahlen statt. Die Ortsr\u00e4te in unserer Gemeinde und auch der Gemeinderat Eppelborn haben sich zuletzt zu ihren wahrscheinlich letzten Sitzungen in dieser Wahlperiode zusammengefunden. \u00dcberschattet wurde die letzte Gemeinderatssitzung durch die schreckliche verbale Entgleisung eines Gemeinderatsmitgliedes. Neben dem laufenden Wahlkampf und den pers\u00f6nlichen Empfindungen so manchen Kommunalpolitikers<\/p>\n","protected":false},"author":1,"featured_media":17324,"comment_status":"open","ping_status":"closed","sticky":false,"template":"","format":"standard","meta":{"_crdt_document":"","footnotes":""},"categories":[1,812],"tags":[5,618,127,634,795,310],"class_list":["post-17299","post","type-post","status-publish","format-standard","has-post-thumbnail","hentry","category-allgemein","category-ortsvorsteher-dirmingen","tag-dirmingen","tag-gemeinde-eppelborn","tag-landkreis-neunkirchen","tag-ortsvorsteher","tag-ortsvorsteher-dirmingen","tag-saarland"],"_links":{"self":[{"href":"https:\/\/echta-derminga.de\/index.php?rest_route=\/wp\/v2\/posts\/17299","targetHints":{"allow":["GET"]}}],"collection":[{"href":"https:\/\/echta-derminga.de\/index.php?rest_route=\/wp\/v2\/posts"}],"about":[{"href":"https:\/\/echta-derminga.de\/index.php?rest_route=\/wp\/v2\/types\/post"}],"author":[{"embeddable":true,"href":"https:\/\/echta-derminga.de\/index.php?rest_route=\/wp\/v2\/users\/1"}],"replies":[{"embeddable":true,"href":"https:\/\/echta-derminga.de\/index.php?rest_route=%2Fwp%2Fv2%2Fcomments&post=17299"}],"version-history":[{"count":12,"href":"https:\/\/echta-derminga.de\/index.php?rest_route=\/wp\/v2\/posts\/17299\/revisions"}],"predecessor-version":[{"id":17329,"href":"https:\/\/echta-derminga.de\/index.php?rest_route=\/wp\/v2\/posts\/17299\/revisions\/17329"}],"wp:featuredmedia":[{"embeddable":true,"href":"https:\/\/echta-derminga.de\/index.php?rest_route=\/wp\/v2\/media\/17324"}],"wp:attachment":[{"href":"https:\/\/echta-derminga.de\/index.php?rest_route=%2Fwp%2Fv2%2Fmedia&parent=17299"}],"wp:term":[{"taxonomy":"category","embeddable":true,"href":"https:\/\/echta-derminga.de\/index.php?rest_route=%2Fwp%2Fv2%2Fcategories&post=17299"},{"taxonomy":"post_tag","embeddable":true,"href":"https:\/\/echta-derminga.de\/index.php?rest_route=%2Fwp%2Fv2%2Ftags&post=17299"}],"curies":[{"name":"wp","href":"https:\/\/api.w.org\/{rel}","templated":true}]}}