{"id":17382,"date":"2024-05-25T12:40:55","date_gmt":"2024-05-25T11:40:55","guid":{"rendered":"https:\/\/echta-derminga.de\/?p=17382"},"modified":"2024-05-25T12:45:18","modified_gmt":"2024-05-25T11:45:18","slug":"kommunalwahlkampf-2024-warum-tun-wir-uns-das-an","status":"publish","type":"post","link":"https:\/\/echta-derminga.de\/?p=17382","title":{"rendered":"Kommunalwahlkampf 2024 &#8211; Warum tun WIR uns das an ?"},"content":{"rendered":"\n<p class=\"has-medium-font-size wp-block-paragraph\"><strong>Kommunalwahlkampf 2024. Warum brauchen wir eigentlich Kommunalpolitiker und was regelt eigentlich ein Orts -oder Gemeinderat? Gute Frage. In den letzten Tagen habe auch ich mir pers\u00f6nlich \u00f6fters diese Frage gestellt. Um was k\u00e4mpfen wir hier eigentlich und warum tun wir uns diesen Stress an. Warum streiten wir \u00fcber des &#8222;Kaisers Bart&#8220; und feinden uns wegen verschiedener Parteib\u00fccher an? Angesichts der vielen Anfeindungen aus der Bev\u00f6lkerung sollten wir vielmehr die Kr\u00e4fte b\u00fcndeln. Einer Umfrage zufolge f\u00fchlen sich die meisten Menschen schlecht \u00fcber die Arbeit eines Orts -oder Gemeinderates informiert. W\u00e4hrend meiner Hausbesuche durfte ich genau das ebenfalls feststellen. Was genau macht der Gemeinde- oder Ortsrat und Kreistag? Geht es da nicht nur um eigene Profilierung und ein pers\u00f6nliches &#8222;Standing&#8220;.<\/strong><\/p>\n\n\n\n<p class=\"has-medium-font-size wp-block-paragraph\">Naja, k\u00f6nnte schon sein, dass der ein oder andere genau das im Sinn hat. Tats\u00e4chlich k\u00fcmmert sich der Orts- oder Gemeinderat um Dinge, die das t\u00e4gliche Leben betreffen. Eigentlich ist die Position eines kommunalen Mandatstr\u00e4gers eine undankbare Aufgabe. Kein Wunder, dass wir in manchen Ortseilen niemanden mehr finden, der diese Arbeit verrichten m\u00f6chte. Das &#8222;Standing&#8220; in der Bev\u00f6lkerung ist durchwachsen. Ein Mandatstr\u00e4ger ist Spielball zwischen B\u00fcrgermeister, Verwaltung und Bev\u00f6lkerung. L\u00e4uft es gut war es der B\u00fcrgermeister und die Veraltung l\u00e4uft es schlecht, hat man sowieso nichts mehr von DIR erwartet.<\/p>\n\n\n\n<p class=\"has-medium-font-size wp-block-paragraph\"><strong>Was hat ein Ortsvorsteher oder Orts -und Gemeinderat zu entscheiden? In den letzten Tagen habe ich mir \u00f6fters genau diese Frage gestellt. Warum betreiben wir Wahlkampf wegen einem Ehrenamt, in dem man mehr auf die Fresse bekommt, als man Lob einf\u00e4hrt. Die Entscheidungsgewalt liegt allein beim B\u00fcrgermeister und der Verwaltung. Der Gemeinderat trifft in der Regel die richtungsweisenden Entscheidungen. Der Ortsrat und sein Ortsvorsteher dienen mehr denn je als Punchingball. Um b\u00fcrgernah Kommunalpolitik zu betreiben, br\u00e4uchten wir eigentlich mehr Entscheidungsgewalt im Ortsrat. Bestimmt ist auch dass ein Grund, warum wir immer weniger Leute finden, die bereit sind, sich auf eine Liste aufstellen lassen.<\/strong><\/p>\n\n\n\n<p class=\"has-medium-font-size wp-block-paragraph\">Ein anderer Grund ist der aufkommende Hass gegen die Politik. Warum soll ich mir das noch antun? Laut einer aktuellen Umfrage werden in den letzten Jahren immer mehr Kommunalpolitiker zumindest verbal attackiert. K\u00f6rperliche Angriffe auf Politiker hat es im aktuellen Wahlkampf im Saarland gottlob bislang noch nicht gegeben. Die Umfrage des saarl\u00e4ndischen Rundfunks zeigt jedoch, dass B\u00fcrgermeister, Ortsvorsteher und Mitglieder von Stadt,- Orts &#8211; und Gemeinder\u00e4ten beschimpft, beleidigt und bedroht werden. Ich selbst habe, dass auch schon am eigenen Leibe erfahren.<\/p>\n\n\n\n<p class=\"has-medium-font-size wp-block-paragraph\"><strong>Angesichts des aktuellen Standings der Politik und insbesondere der Kommunalpolitik stellt sich mir die Frage, warum wir eigentlich Wahlkampf betreiben. Sollten wir nicht besser genau hinschauen und die demokratischen Kr\u00e4fte b\u00fcndeln. Wir k\u00e4mpfen f\u00fcr ein Mandat, dass in der Regel mehr \u00c4rger als Erf\u00fcllung mit sich bringt.<\/strong> <strong>Sollten wir uns deswegen wirklich streiten ? Klar, Meinungsverschiedenheit und verschiedene politische Ansichten sind wichtig und bringen uns am Ende alle voran. M\u00fcssen wir uns deswegen jedoch pers\u00f6nlich diffamieren ?<\/strong><\/p>\n\n\n\n<p class=\"has-medium-font-size wp-block-paragraph\">Die Hemmschwelle sinkt immer mehr und der Ton wird stetig rauer. Verleumdungen, Diffamierungen und Bedrohungen in den Sozialen Medien sind an der Tagesordnung. Ich pers\u00f6nliche nehme mir das sehr zu Herzen. F\u00fcr viele Kommunalpolitiker wird der Umgang mit den eigenen W\u00e4hlern zur Belastung. Wenn das so weiter geht, wird es immer schwerer Leute zu finden die politische Verantwortung \u00fcbernehmen. Nat\u00fcrlich geh\u00f6rt es zu unserer Demokratie auch eine anst\u00e4ndige Form der Kritik. Kommunalpolitiker m\u00fcssen das auszuhalten.<\/p>\n\n\n\n<p class=\"has-medium-font-size wp-block-paragraph\"><strong>Warum kandidiere ich dennoch f\u00fcr ein kommunalpolitisches Mandat? Ganz einfach: Ich liebe dieses Dorf und scheue auch zuk\u00fcnftig keinen Kampf gegen b\u00fcrokratische Windm\u00fchlen. Wir m\u00fcssen Verantwortung f\u00fcr unseren Heimatort \u00fcbernehmen. Wenn ich von anderen erwarte, dass sie sich mehr einbringen, muss ich mit gutem Beispiel voraus gehen. Genau das m\u00f6chte ich tun!<\/strong> <strong>Das Amt des Ortsvorstehers beinhaltet viel mehr als nur Gratulationen auf Jubelhochzeiten  oder Jubil\u00e4umsfeiern. Es ist eine t\u00e4gliche Auseinandersetzung mit den Problemen unseres Dorfes. Ich bin bereit weiterzumachen und habe l\u00e4ngst noch nicht fertig!<\/strong><\/p>\n\n\n\n<p class=\"has-medium-font-size wp-block-paragraph\">Kommunalwahlkampf 2024! Ich bin nicht besser als alle anderen. Auch ich laufe von Haus zu Haus und verkaufe meine Farben. Ich poste auf Teufel komm raus und \u00fcbersehe all&#8216; zu oft die Menschlichkeit.<strong> <\/strong>Ich hoffe, dass wir als Dorfgemeinschaft gut durch diese harte Zeit kommen.<\/p>\n\n\n\n<p class=\"has-medium-font-size wp-block-paragraph\"><strong>Kommunalwahlkampf 2024! In Dirmingen haben wir uns auf die jeweilige politische Fahne geschrieben, fair und ordentlich miteinander umzugehen. Bisweilen gelingt uns, dass ganz gut. Ich w\u00fcrde sogar behaupten, besser als in vielen anderen D\u00f6rfern. Wir sind sogar in der Lage drohende Missverst\u00e4ndnisse auszur\u00e4umen.<\/strong><\/p>\n\n\n\n<p class=\"has-medium-font-size wp-block-paragraph\"><strong>Beispiel gef\u00e4llig? Hier ein Dialog aus den sozialen Medien:<\/strong><\/p>\n\n\n\n<p class=\"has-medium-font-size wp-block-paragraph\"><em><strong>Kommentar:<\/strong><\/em><\/p>\n\n\n\n<p class=\"has-medium-font-size wp-block-paragraph\"><strong>Teilnehmer\/in<\/strong>;<em>\u2026\u2026danke f\u00fcr das Telefonat heute Nachmittag! Zur Info an alle wir konnten uns telefonisch aussprechen und dadurch entstandene Missverst\u00e4ndnisse ausr\u00e4umen. Schlussendlich sind wir beide zum Entschluss gekommen, uns verbindet \u00fcber Parteigrenzen hinweg, das Engagement f\u00fcr unser Dorf etwas zu erreichen. Das ist gut so und das sollte auch so bleiben. Danke nochmal an ALLE die geholfen haben!<\/em><\/p>\n\n\n\n<p class=\"has-medium-font-size wp-block-paragraph\"><em><strong>Kommentar:<\/strong><\/em><\/p>\n\n\n\n<p class=\"has-medium-font-size wp-block-paragraph\"><strong>Teilnehmer\/in<\/strong><em>\u2026\u2026auch wir k\u00f6nnen uns bei einem n\u00e4chsten Treffen gerne unterhalten. Nat\u00fcrlich geht&#8217;s genauso weiter &#8211; Hand in Hand gemeinsam f\u00fcr unser Dorf<\/em><\/p>\n\n\n\n<p class=\"has-medium-font-size wp-block-paragraph\"><em><strong>Kommentar:<\/strong><\/em><\/p>\n\n\n\n<p class=\"has-medium-font-size wp-block-paragraph\"><strong>Teilnehmer\/in<\/strong>&#8230;<em>\u2026um ein beliebtes Fu\u00dfballzitat zu nutzen: In den Farben getrennt in der Sache vereint.<\/em><\/p>\n\n\n\n<p class=\"has-medium-font-size wp-block-paragraph\"><strong>Sch\u00f6n, oder? Fazit: Es geht auch anders!<\/strong><\/p>\n\n\n\n<p class=\"has-medium-font-size wp-block-paragraph\">Kommunalwahlkampf 2024! Nat\u00fcrlich werden die n\u00e4chsten Wochen sehr stressig und hart. Wir sollten jedoch alle sehr gut auf uns aufpassen und das Wesentliche im Auge behalten. Bei aller Konkurrenz und dem politischen Diskurs d\u00fcrfen wir eines nie vergessen:<\/p>\n\n\n\n<p class=\"has-medium-font-size wp-block-paragraph\"><strong>Am Ende geht es allein um unsere demokratischen Grundwerte!<\/strong><\/p>\n\n\n\n<p class=\"has-medium-font-size wp-block-paragraph\"><strong>Wir feiern in diesen Tagen 75 Jahre Grundgesetz. Das bedeutet 75 Jahre Freiheit, Frieden und Demokratie. Meine Oma hat immer gesagt: \u201eWenn die M\u00e4us satt senn, es et Meehl birra\u201c<\/strong><\/p>\n\n\n\n<p class=\"has-medium-font-size wp-block-paragraph\">Ich glaube da ist was dran! Bei allen Problemen und pers\u00f6nlichen Dramen d\u00fcrfen nie vergessen, wie gut es uns eigentlich in diesem sch\u00f6nen Land geht. Nat\u00fcrlich haben wir Probleme und viel zu viele unbeantwortete Fragen. Demokratie ist ein hohes Gut! Wir brauchen Menschen, auch Kommunalpolitiker, die daf\u00fcr einstehen und f\u00fcr diese wertvolle Errungenschaft k\u00e4mpfen. Daf\u00fcr lohnt es sich in jedem Fall ein Mandat in einem kommunalen Gremium anzustreben. Danke an alle die bereit waren sich auf eine politische Liste eintragen zu lassen. <\/p>\n\n\n\n<p class=\"has-medium-font-size wp-block-paragraph\"><strong>Ich bin bereit f\u00fcr mein Dorf einzustehen!<\/strong><\/p>\n\n\n\n<p class=\"has-medium-font-size wp-block-paragraph\"><strong>Gl\u00fcck auf!<\/strong><\/p>\n","protected":false},"excerpt":{"rendered":"<p>Kommunalwahlkampf 2024. Warum brauchen wir eigentlich Kommunalpolitiker und was regelt eigentlich ein Orts -oder Gemeinderat? Gute Frage. In den letzten Tagen habe auch ich mir pers\u00f6nlich \u00f6fters diese Frage gestellt. Um was k\u00e4mpfen wir hier eigentlich und warum tun wir uns diesen Stress an. Warum streiten wir \u00fcber des &#8222;Kaisers Bart&#8220; und feinden uns wegen verschiedener Parteib\u00fccher an? Angesichts der<\/p>\n","protected":false},"author":1,"featured_media":17004,"comment_status":"closed","ping_status":"closed","sticky":false,"template":"","format":"standard","meta":{"_crdt_document":"","footnotes":""},"categories":[1,9,902],"tags":[5,618,1117,127,634,795],"class_list":["post-17382","post","type-post","status-publish","format-standard","has-post-thumbnail","hentry","category-allgemein","category-dorfgetratsche","category-meine-meinung","tag-dirmingen","tag-gemeinde-eppelborn","tag-kommunalwahlen-2024","tag-landkreis-neunkirchen","tag-ortsvorsteher","tag-ortsvorsteher-dirmingen"],"_links":{"self":[{"href":"https:\/\/echta-derminga.de\/index.php?rest_route=\/wp\/v2\/posts\/17382","targetHints":{"allow":["GET"]}}],"collection":[{"href":"https:\/\/echta-derminga.de\/index.php?rest_route=\/wp\/v2\/posts"}],"about":[{"href":"https:\/\/echta-derminga.de\/index.php?rest_route=\/wp\/v2\/types\/post"}],"author":[{"embeddable":true,"href":"https:\/\/echta-derminga.de\/index.php?rest_route=\/wp\/v2\/users\/1"}],"replies":[{"embeddable":true,"href":"https:\/\/echta-derminga.de\/index.php?rest_route=%2Fwp%2Fv2%2Fcomments&post=17382"}],"version-history":[{"count":7,"href":"https:\/\/echta-derminga.de\/index.php?rest_route=\/wp\/v2\/posts\/17382\/revisions"}],"predecessor-version":[{"id":17390,"href":"https:\/\/echta-derminga.de\/index.php?rest_route=\/wp\/v2\/posts\/17382\/revisions\/17390"}],"wp:featuredmedia":[{"embeddable":true,"href":"https:\/\/echta-derminga.de\/index.php?rest_route=\/wp\/v2\/media\/17004"}],"wp:attachment":[{"href":"https:\/\/echta-derminga.de\/index.php?rest_route=%2Fwp%2Fv2%2Fmedia&parent=17382"}],"wp:term":[{"taxonomy":"category","embeddable":true,"href":"https:\/\/echta-derminga.de\/index.php?rest_route=%2Fwp%2Fv2%2Fcategories&post=17382"},{"taxonomy":"post_tag","embeddable":true,"href":"https:\/\/echta-derminga.de\/index.php?rest_route=%2Fwp%2Fv2%2Ftags&post=17382"}],"curies":[{"name":"wp","href":"https:\/\/api.w.org\/{rel}","templated":true}]}}