{"id":17416,"date":"2024-06-13T17:54:14","date_gmt":"2024-06-13T16:54:14","guid":{"rendered":"https:\/\/echta-derminga.de\/?p=17416"},"modified":"2024-06-13T17:59:46","modified_gmt":"2024-06-13T16:59:46","slug":"kommunalwahl-2024-danke-fuer-euer-vertrauen-und-den-rueckenwind","status":"publish","type":"post","link":"https:\/\/echta-derminga.de\/?p=17416","title":{"rendered":"Kommunalwahl 2024 &#8211; Danke f\u00fcr euer Vertrauen und den R\u00fcckenwind"},"content":{"rendered":"\n<p class=\"has-medium-font-size wp-block-paragraph\"><strong>Am Ende hat es ein paar Tage gedauert, bis ich den Ausgang der Kommunalwahlen verdaut und richtig eingeordnet hatte. Keine Frage, 68,19 % sind ein sehr gutes Ergebnis. Ehrlichgesagt hatte ich mit einem solchen Erfolg nicht gerechnet. Dieses Resultat macht mich nicht nur gl\u00fccklich und stolz, sondern auch dem\u00fctig. Auf der anderen Seite beinhaltet dieses Ergebnis ganz klar den Auftrag, dass es genauso weitergehen muss : &#8222;Aus gro\u00dfer Kraft, erw\u00e4chst gro\u00dfe Verantwortung&#8220;(Spiderman-Autor Stan Lee)<\/strong><\/p>\n\n\n\n<p class=\"has-medium-font-size wp-block-paragraph\"><strong>Als ich am sp\u00e4ten Sonntagabend das Wahllokal in der Borrwieshalle in Richtung Ortsmitte ganz allein verlies, schossen mir viele Gedanken durch meinen Kopf. Jegliche Anstrengung hatte sich gelohnt. Ich konnte dieses Ergebnis zun\u00e4chst \u00fcberhaupt nicht fassen und wusste \u00fcberhaupt nicht wohin mit meiner Euphorie. Ich freue mich auf eine neue Amtszeit und auf viele interessante Begegnungen und Ereignisse. Die letzten Wochen und Monate waren kr\u00e4fteraubend und zeitintensiv. Gut, dass meine Familie diesen Terror mitgemacht hat. Ich m\u00f6chte mich ausdr\u00fccklich bei meiner meiner Frau Melanie Klein, und unseren Kindern Annika, Vanessa, Tristan, Frederic und Jonathan sowie meinem Bruder Micha Klein und meinen Eltern bedanken. Meine Leute haben mich schlie\u00dflich zu dem gemacht, der ich heute bin.<\/strong><\/p>\n\n\n\n<p class=\"has-medium-font-size wp-block-paragraph\">Meine Gedanken waren auch bei unserem ehemaligen Ortsvorsteher Manfred Klein. Bei seiner letzten Wahl, kurz vor seiner Erkrankung, mussten wir herbe Verluste hinnehmen und konnten die Kommunalwahlen nur knapp gewinnen. Manne, hat das damals sehr wehgetan! Irgendwie ist es uns damals nicht gelungen, die Menschen mitzunehmen. Eigentlich unbegreiflich! Ortsvorsteher Manfred Klein hatte w\u00e4hrend dieser Amtsperiode ma\u00dfgeblichen Anteil am Kita- Neubau in Dirmingen und an der Bew\u00e4ltigung der vielen Sch\u00e4den des Starkregenereignisses 2016. Gebracht hat ihm das am Ende nicht allzu viel. Das damalige Ergebnis von knapp \u00fcber 50 % hat nicht nur am eigenen Ego genagt.<\/p>\n\n\n\n<p class=\"has-medium-font-size wp-block-paragraph\"><strong>Ich habe daraus gelernt, dass basis -und b\u00fcrgernahe zu den wichtigsten Eigenschaften eines Ortsvorstehers geh\u00f6ren sollten. Manchmal gen\u00fcgt es eben nicht aus, sein Bestes gegeben zu haben. Wir leben in einer schnelllebigen Zeit, in der die Menschlichkeit ab und an am Boden liegt. Man sollte als Ortsvorsteher immer genau hinh\u00f6ren und die Menschen versuchen mitzunehmen. Ich widme diesen Wahlerfolg meinen Freund, Mentor und Vorg\u00e4nger Manfred Klein. Vieles habe ich von meinem Vorg\u00e4nger gelernt. Dabei war es nie meine Absicht dem guten Manne zu kopieren. Ich m\u00f6chte schon selbst meine eigenen Spuren hinterlassen.<\/strong><\/p>\n\n\n\n<p class=\"has-medium-font-size wp-block-paragraph\">Die Europa -und Kommunalwahlen 2024 sind Geschichte. In den letzten Monaten haben wir alles dieser Wahl untergeordnet. Mein SPD-Ortsverband ist in dieser Zeit zusammengewachsen und sollte diesen Schwung in die bevorstehende Kommunalarbeit mitnehmen. Ich denke zur\u00fcck an viele intensive Diskussion und Gespr\u00e4che. Wie begehen wir den Wahlkampf? Welche Schwerpunkte setzen wir und welche Akzente setzen wir zu welchem Zeitpunkt? Am Ende hat sich jede Diskussion gelohnt. Die Dirminger SPD wird zuk\u00fcnftig \u00fcber 8 Ortsratsmandate und 3 Gemeinderatsmandate sowie ein Kreistagsmandat verf\u00fcgen.<\/p>\n\n\n<div class=\"wp-block-image\">\n<figure class=\"aligncenter size-large\"><img loading=\"lazy\" decoding=\"async\" width=\"700\" height=\"700\" src=\"https:\/\/echta-derminga.de\/wp-content\/uploads\/2024\/06\/IMG-20231118-WA0013-700x700.jpg\" alt=\"\" class=\"wp-image-17420\" srcset=\"https:\/\/echta-derminga.de\/wp-content\/uploads\/2024\/06\/IMG-20231118-WA0013-700x700.jpg 700w, https:\/\/echta-derminga.de\/wp-content\/uploads\/2024\/06\/IMG-20231118-WA0013-300x300.jpg 300w, https:\/\/echta-derminga.de\/wp-content\/uploads\/2024\/06\/IMG-20231118-WA0013-150x150.jpg 150w, https:\/\/echta-derminga.de\/wp-content\/uploads\/2024\/06\/IMG-20231118-WA0013-768x768.jpg 768w, https:\/\/echta-derminga.de\/wp-content\/uploads\/2024\/06\/IMG-20231118-WA0013-1536x1536.jpg 1536w, https:\/\/echta-derminga.de\/wp-content\/uploads\/2024\/06\/IMG-20231118-WA0013-90x90.jpg 90w, https:\/\/echta-derminga.de\/wp-content\/uploads\/2024\/06\/IMG-20231118-WA0013-75x75.jpg 75w, https:\/\/echta-derminga.de\/wp-content\/uploads\/2024\/06\/IMG-20231118-WA0013.jpg 1600w\" sizes=\"auto, (max-width: 700px) 100vw, 700px\" \/><\/figure>\n<\/div>\n\n\n<p class=\"has-medium-font-size wp-block-paragraph\"><strong>Seit 1979 stellt die Dirminger SPD die Mehrheit im Ortsrat und somit auch den Ortsvorsteher. Die Dirminger SPD geh\u00f6rt zu den \u00e4ltesten politischen Gliederungen im Illtal. Das Amt des Ortsvorstehers erf\u00fcllt mich mit Stolz und Ehrfurcht. Ich denke zur\u00fcck an meine Vorg\u00e4nger Gerhard Wagner, Rudi Hell oder Manfred Klein. Diese M\u00e4nner haben unseren Heimatort gepr\u00e4gt. Von jedem einzelnen meiner Vorg\u00e4nger habe ich gelernt. Es ist wichtig t\u00e4glich seine Lehren zu ziehen und sich f\u00fcr neue Dinge zu \u00f6ffnen. Der Auftrag lautet: Das BESTE f\u00fcr unseren Heimatort herauszuholen. Menschen mitnehmen und Chancen suchen!<\/strong><\/p>\n\n\n\n<p class=\"has-medium-font-size wp-block-paragraph\">Das Kommunalverwaltungsgesetz sagt aus:<\/p>\n\n\n\n<p class=\"has-medium-font-size wp-block-paragraph\">\u201eDer Ortsvorsteher ist Vorsitzender des Ortsrates des jeweiligen Ortsbezirks und vertritt die Belange seines Heimatortes gegen\u00fcber der Gemeindeverwaltung. Die Aufgabe der Ortsvorsteher ist es, die W\u00fcnsche und Anliegen der Einwohner des Ortsteiles gegen\u00fcber dem Rat und der Verwaltung zu vertreten. Der Ortsvorsteher kann in allen Angelegenheiten, die seinen Heimatort betreffen, Vorschl\u00e4ge machen und vom B\u00fcrgermeister Ausk\u00fcnfte verlangen. Dar\u00fcber hinaus hat er ein Anh\u00f6rungsrecht und Rederecht im Gemeinderat. Der Ortsvorsteher ist ein Ehrenbeamter und bekommt f\u00fcr seine Arbeit eine Aufwandsentsch\u00e4digung, die sich nach der Gr\u00f6\u00dfe seines Heimatortes richtet. Die Partei, die bei der Wahl des Orts- oder Gemeinderates die meisten Stimmen erhalten hat, benennt den Kandidaten, der anschlie\u00dfend vom Rat gew\u00e4hlt wird. Es ist ein ungeschriebenes Gesetz, dass der jeweilige Ortsrat sich stets an das Votum der W\u00e4hlerinnen und W\u00e4hler h\u00e4lt.&#8220;<\/p>\n\n\n<div class=\"wp-block-image\">\n<figure class=\"aligncenter size-large\"><img loading=\"lazy\" decoding=\"async\" width=\"700\" height=\"505\" src=\"https:\/\/echta-derminga.de\/wp-content\/uploads\/2024\/06\/20240531_171442-700x505.jpg\" alt=\"\" class=\"wp-image-17423\" srcset=\"https:\/\/echta-derminga.de\/wp-content\/uploads\/2024\/06\/20240531_171442-700x505.jpg 700w, https:\/\/echta-derminga.de\/wp-content\/uploads\/2024\/06\/20240531_171442-300x217.jpg 300w, https:\/\/echta-derminga.de\/wp-content\/uploads\/2024\/06\/20240531_171442-768x555.jpg 768w, https:\/\/echta-derminga.de\/wp-content\/uploads\/2024\/06\/20240531_171442-1536x1109.jpg 1536w, https:\/\/echta-derminga.de\/wp-content\/uploads\/2024\/06\/20240531_171442-2048x1479.jpg 2048w\" sizes=\"auto, (max-width: 700px) 100vw, 700px\" \/><\/figure>\n<\/div>\n\n\n<p class=\"has-medium-font-size wp-block-paragraph\"><strong>Die Wahl des neuen Ortsvorstehers wird voraussichtlich nach den Sommerferien stattfinden. Bis dahin bleibe ich im Amt und warte auf meine Wiederwahl. Der Ortsrat hingegen wird am 03. Juli aufgel\u00f6st. In der Zeit bis zu der konstituierenden Sitzung des Ortsrates mit Neuwahl des Ortsvorstehers wird der Ortsvorsteher allein in Zusammenarbeit mit dem B\u00fcrgermeister und dem Gemeinderat die Interessen seines Heimatortes vertreten.<\/strong><\/p>\n\n\n\n<p class=\"has-medium-font-size wp-block-paragraph\">Es geht mir gut! Meine Gef\u00fchlswelt hat sich beruhigt und ich freue mich auf die n\u00e4chste Zeit. Wichtig ist ohnehin, dass man gesund bleibt. Da sind so viel Ideen und Visionen. Viele werde ich am Ende nicht umsetzen k\u00f6nnen. Man darf nie seinen Glauben verlieren. Wichtig ist, dass man es versucht und dabei gerne auch mal einen Fehler macht. Ich m\u00f6chte meine H\u00e4nde allen zur Zusammenarbeit reichen: Den Vereinen, Organisationen, Verb\u00e4nden und in erster Linie nat\u00fcrlich den Menschen unseres Dorfes. Ich m\u00f6chte aber auch eine enge Zusammenarbeit mit dem politischen Mitbewerber pflegen. Am Ende ist es unser gemeinsames Dorf. Jeder ist herzlich eingeladen mitzumachen und anzupacken.<\/p>\n\n\n\n<p class=\"has-medium-font-size wp-block-paragraph\">Mit Sorge habe ich jede einzelne AFD-Stimme zur Kenntnis genommen. Wie weit darf eine Protestwahl gehen ? Soll es nicht irgendwann auch mal auf Antworten und produktive Mitarbeit ankommen ? Das Verhalten der AFD im Eppelborner Gemeinderat war zuletzt unter aller Kanone. Obwohl ich die Entt\u00e4uschung  \u00fcber die ehemals gro\u00dfen Parteien in unserem Land verstehe, muss ich den verst\u00e4rkten Einzug der AFD in unseren Gemeinderat f\u00fcr nicht gut befinden.<\/p>\n\n\n<div class=\"wp-block-image\">\n<figure class=\"aligncenter size-large\"><img loading=\"lazy\" decoding=\"async\" width=\"700\" height=\"525\" src=\"https:\/\/echta-derminga.de\/wp-content\/uploads\/2024\/06\/20240609_231614-700x525.jpg\" alt=\"\" class=\"wp-image-17421\" srcset=\"https:\/\/echta-derminga.de\/wp-content\/uploads\/2024\/06\/20240609_231614-700x525.jpg 700w, https:\/\/echta-derminga.de\/wp-content\/uploads\/2024\/06\/20240609_231614-300x225.jpg 300w, https:\/\/echta-derminga.de\/wp-content\/uploads\/2024\/06\/20240609_231614-768x576.jpg 768w, https:\/\/echta-derminga.de\/wp-content\/uploads\/2024\/06\/20240609_231614-1536x1152.jpg 1536w, https:\/\/echta-derminga.de\/wp-content\/uploads\/2024\/06\/20240609_231614-2048x1536.jpg 2048w\" sizes=\"auto, (max-width: 700px) 100vw, 700px\" \/><\/figure>\n<\/div>\n\n\n<p class=\"has-medium-font-size wp-block-paragraph\"><strong>Ich m\u00f6chte mich herzlich bei meinem Konkurrenten Fabian Schlicher und dem CDU Ortsverband Dirmingen f\u00fcr den fairen Wahlkampf bedanken. Am Ende sind wir ohne gr\u00f6\u00dfere Blessuren durch diesen hei\u00dfen Wahlkampf gekommen. Ein paar Sch\u00fcrfwunden sind nicht nennenswert. Das gleiche gilt f\u00fcr den B\u00fcrgermeister und seine Verwaltung. Nat\u00fcrlich bekommt man im Wahlkampf den ein oder anderen Zweifel. Wichtig ist jedoch, dass man sich nach dem Kr\u00e4ftemessen den Mund abputzt und weitermacht. Genau dass, sind wir den Menschen in unserer Gemeinde schuldig.&nbsp; Vielen lieben Dank f\u00fcr eurer Vertrauen und den R\u00fcckenwind. Ich gebe mein BESTES !<\/strong><\/p>\n","protected":false},"excerpt":{"rendered":"<p>Am Ende hat es ein paar Tage gedauert, bis ich den Ausgang der Kommunalwahlen verdaut und richtig eingeordnet hatte. Keine Frage, 68,19 % sind ein sehr gutes Ergebnis. Ehrlichgesagt hatte ich mit einem solchen Erfolg nicht gerechnet. Dieses Resultat macht mich nicht nur gl\u00fccklich und stolz, sondern auch dem\u00fctig. Auf der anderen Seite beinhaltet dieses Ergebnis ganz klar den Auftrag,<\/p>\n","protected":false},"author":1,"featured_media":17419,"comment_status":"closed","ping_status":"closed","sticky":false,"template":"","format":"standard","meta":{"_crdt_document":"","footnotes":""},"categories":[1,9,902,46],"tags":[5,1142,618,1061,127],"class_list":["post-17416","post","type-post","status-publish","format-standard","has-post-thumbnail","hentry","category-allgemein","category-dorfgetratsche","category-meine-meinung","category-meine-politik","tag-dirmingen","tag-europawahl-2024","tag-gemeinde-eppelborn","tag-kommunalwahl-2024","tag-landkreis-neunkirchen"],"_links":{"self":[{"href":"https:\/\/echta-derminga.de\/index.php?rest_route=\/wp\/v2\/posts\/17416","targetHints":{"allow":["GET"]}}],"collection":[{"href":"https:\/\/echta-derminga.de\/index.php?rest_route=\/wp\/v2\/posts"}],"about":[{"href":"https:\/\/echta-derminga.de\/index.php?rest_route=\/wp\/v2\/types\/post"}],"author":[{"embeddable":true,"href":"https:\/\/echta-derminga.de\/index.php?rest_route=\/wp\/v2\/users\/1"}],"replies":[{"embeddable":true,"href":"https:\/\/echta-derminga.de\/index.php?rest_route=%2Fwp%2Fv2%2Fcomments&post=17416"}],"version-history":[{"count":7,"href":"https:\/\/echta-derminga.de\/index.php?rest_route=\/wp\/v2\/posts\/17416\/revisions"}],"predecessor-version":[{"id":17428,"href":"https:\/\/echta-derminga.de\/index.php?rest_route=\/wp\/v2\/posts\/17416\/revisions\/17428"}],"wp:featuredmedia":[{"embeddable":true,"href":"https:\/\/echta-derminga.de\/index.php?rest_route=\/wp\/v2\/media\/17419"}],"wp:attachment":[{"href":"https:\/\/echta-derminga.de\/index.php?rest_route=%2Fwp%2Fv2%2Fmedia&parent=17416"}],"wp:term":[{"taxonomy":"category","embeddable":true,"href":"https:\/\/echta-derminga.de\/index.php?rest_route=%2Fwp%2Fv2%2Fcategories&post=17416"},{"taxonomy":"post_tag","embeddable":true,"href":"https:\/\/echta-derminga.de\/index.php?rest_route=%2Fwp%2Fv2%2Ftags&post=17416"}],"curies":[{"name":"wp","href":"https:\/\/api.w.org\/{rel}","templated":true}]}}