{"id":17472,"date":"2024-06-22T08:47:04","date_gmt":"2024-06-22T07:47:04","guid":{"rendered":"https:\/\/echta-derminga.de\/?p=17472"},"modified":"2024-06-22T08:53:39","modified_gmt":"2024-06-22T07:53:39","slug":"in-sachen-ortsvorsteher-8","status":"publish","type":"post","link":"https:\/\/echta-derminga.de\/?p=17472","title":{"rendered":"In Sachen Ortsvorsteher: Von gro\u00dfer Solidarit\u00e4t, einem Wahlergebnis und der Hoffnung auf einen sch\u00f6nen Sommer"},"content":{"rendered":"\n<p class=\"has-medium-font-size wp-block-paragraph\"><strong>Liebe Mitb\u00fcrgerinnen, liebe Mitb\u00fcrger, mit ein paar Tagen Abstand m\u00f6chte ich mich noch einmal ganz herzlich bei allen W\u00e4hlerinnen und W\u00e4hlern und bei allen Wahlhelferinnen und Wahlhelfern bedanken. Die Kommunalwahlen 2024 haben daf\u00fcr gesorgt, dass die SPD Dirmingen mit 68,19 % der Stimmen weiterhin die st\u00e4rkste Kraft in unserem Heimatort bleibt. Vielen lieben Dank f\u00fcr das Vertrauen, die Unterst\u00fctzung und den R\u00fcckenwind. Ich pers\u00f6nlich habe das Wahlergebnis mit viel Demut, Liebe, Dankbarkeit und Stolz entgegengenommen. Ich freue mich unheimlich \u00fcber das mir entgegengebrachte Vertrauen und m\u00f6chte nochmals ganz herzlich allen W\u00e4hlerinnen und W\u00e4hlern danken. &#8222;Aus gro\u00dfer Kraft, erw\u00e4chst gro\u00dfe Verantwortung&#8220;(Spiderman-Autor Stan Lee)<\/strong><\/p>\n\n\n\n<p class=\"has-medium-font-size wp-block-paragraph\">Ich danke allen politischen Ortsverb\u00e4nden die sich einem fairen und auch attraktiven Wahlkampf gestellt haben. Ein besonderer Dank geht an alle Kandidatinnen und Kandidaten die bereit waren, sich f\u00fcr ein politisches Ehrenamt w\u00e4hlen zu lassen. Alle Ergebnisse zur Kommunalwahl finden Sie hier:  <a href=\"https:\/\/wahlen.ego-saar.de\/vm_prod\/prod\/20240609\/10043111\/praesentation\/index.html\">https:\/\/wahlen.ego-saar.de\/vm_prod\/prod\/20240609\/10043111\/praesentation\/index.html<\/a><\/p>\n\n\n<div class=\"wp-block-image\">\n<figure class=\"aligncenter size-large\"><img loading=\"lazy\" decoding=\"async\" width=\"700\" height=\"349\" src=\"https:\/\/echta-derminga.de\/wp-content\/uploads\/2024\/06\/448072690_860896562745300_1610983758364221524_n-1-700x349.jpg\" alt=\"\" class=\"wp-image-17492\" srcset=\"https:\/\/echta-derminga.de\/wp-content\/uploads\/2024\/06\/448072690_860896562745300_1610983758364221524_n-1-700x349.jpg 700w, https:\/\/echta-derminga.de\/wp-content\/uploads\/2024\/06\/448072690_860896562745300_1610983758364221524_n-1-300x149.jpg 300w, https:\/\/echta-derminga.de\/wp-content\/uploads\/2024\/06\/448072690_860896562745300_1610983758364221524_n-1-768x382.jpg 768w, https:\/\/echta-derminga.de\/wp-content\/uploads\/2024\/06\/448072690_860896562745300_1610983758364221524_n-1-1536x765.jpg 1536w, https:\/\/echta-derminga.de\/wp-content\/uploads\/2024\/06\/448072690_860896562745300_1610983758364221524_n-1.jpg 1872w\" sizes=\"auto, (max-width: 700px) 100vw, 700px\" \/><\/figure>\n<\/div>\n\n\n<p class=\"has-medium-font-size wp-block-paragraph\">Der Dirminger Ortsrat verteilt sich zuk\u00fcnftig auf 8 SPD- Mandaten und 3 CDU Mandate. Die Partei die &#8222;Gr\u00fcnen&#8220; befinden sich nicht mehr im Ortsrat. Unser Heimatort wird in der kommenden Legislaturperiode 4 Mandate im Gemeinderat besetzen. Dabei fallen mit Frank Klein, Susanne Pesch und Arian Islami 3 Mandate auf die SPD und mit Thomas Bost 1 Mandat auf die CDU. Zudem darf sich unser Heimatort \u00fcber ein SPD Mandat im Kreistag freuen. Ich m\u00f6chte allen neu gew\u00e4hlten Mandatstr\u00e4gern ganz herzlich gratulieren. Wie man h\u00f6rt sollen die konstituierenden Sitzungen des Orts-und Gemeinderates im September durchgef\u00fchrt werden. <\/p>\n\n\n<div class=\"wp-block-image\">\n<figure class=\"aligncenter size-large\"><img loading=\"lazy\" decoding=\"async\" width=\"700\" height=\"819\" src=\"https:\/\/echta-derminga.de\/wp-content\/uploads\/2024\/06\/IMG-20240610-WA0000-700x819.jpg\" alt=\"\" class=\"wp-image-17495\" srcset=\"https:\/\/echta-derminga.de\/wp-content\/uploads\/2024\/06\/IMG-20240610-WA0000-700x819.jpg 700w, https:\/\/echta-derminga.de\/wp-content\/uploads\/2024\/06\/IMG-20240610-WA0000-257x300.jpg 257w, https:\/\/echta-derminga.de\/wp-content\/uploads\/2024\/06\/IMG-20240610-WA0000.jpg 738w\" sizes=\"auto, (max-width: 700px) 100vw, 700px\" \/><\/figure>\n<\/div>\n\n\n<p class=\"has-medium-font-size wp-block-paragraph\"><strong>Festkommers zum 120- Jubil\u00e4um des TV 04 Dirmingen<\/strong><\/p>\n\n\n\n<p class=\"has-medium-font-size wp-block-paragraph\">Am Samstag, 15. Juni fand anl\u00e4sslich des 120-j\u00e4hrigen Jubil\u00e4ums des TV 04 Dirmingen ein Festkommers auf der Kleinfeldanlage statt. Unter den zahlreichen G\u00e4sten waren auch einige Ehreng\u00e4ste aus der Politik und Wirtschaft. Neben B\u00fcrgermeister Dr. Andreas Feld folgte auch der saarl\u00e4ndische Innenminister Reinhold Jost der Einladung des Vereins. In meinem Gru\u00dfwort lobte ich den hohen Stellenwert des Jubelvereins in unserer Dorfgemeinschaft. Nach dem offiziellen Fassanstich durch Innenminister Jost und B\u00fcrgermeister Feld wurden zahlreiche Jubilare f\u00fcr ihr langj\u00e4hriges Engagement im Verein ausgezeichnet. In der Zeit vom 19. Juni bis zum 29. Juni 2024 findet die Jubil\u00e4umsausgabe des diesj\u00e4hrigen Hobby-Handballturniers \u201eUnser Dorf spielt Fu\u00dfball\u201c statt. Das Kleinspielfeld und das frischsanierte Au\u00dfengel\u00e4nde des Clubheims befinden sich in einem wunderbaren Zustand. Vielen herzlichen Dank an alle eifrigen Helferinnen und Helfer. Ich m\u00f6chte dem TV 04 Dirmingen um seine Vorsitzende Birgit Vogel auch an dieser Stelle ganz herzlich zum 120-j\u00e4hrigen Jubil\u00e4um gratulieren.<\/p>\n\n\n\n<div class=\"wp-block-columns is-layout-flex wp-container-core-columns-is-layout-8f761849 wp-block-columns-is-layout-flex\">\n<div class=\"wp-block-column is-layout-flow wp-block-column-is-layout-flow\">\n<figure class=\"wp-block-image size-large\"><img loading=\"lazy\" decoding=\"async\" width=\"700\" height=\"467\" src=\"https:\/\/echta-derminga.de\/wp-content\/uploads\/2024\/06\/Scheck-Ortsvorsteher-1-700x467.jpg\" alt=\"\" class=\"wp-image-17480\" srcset=\"https:\/\/echta-derminga.de\/wp-content\/uploads\/2024\/06\/Scheck-Ortsvorsteher-1-700x467.jpg 700w, https:\/\/echta-derminga.de\/wp-content\/uploads\/2024\/06\/Scheck-Ortsvorsteher-1-300x200.jpg 300w, https:\/\/echta-derminga.de\/wp-content\/uploads\/2024\/06\/Scheck-Ortsvorsteher-1-768x512.jpg 768w, https:\/\/echta-derminga.de\/wp-content\/uploads\/2024\/06\/Scheck-Ortsvorsteher-1-1536x1024.jpg 1536w, https:\/\/echta-derminga.de\/wp-content\/uploads\/2024\/06\/Scheck-Ortsvorsteher-1-2048x1365.jpg 2048w\" sizes=\"auto, (max-width: 700px) 100vw, 700px\" \/><\/figure>\n<\/div>\n\n\n\n<div class=\"wp-block-column is-layout-flow wp-block-column-is-layout-flow\">\n<figure class=\"wp-block-image size-large\"><img loading=\"lazy\" decoding=\"async\" width=\"700\" height=\"525\" src=\"https:\/\/echta-derminga.de\/wp-content\/uploads\/2024\/06\/FB_IMG_1718551211626-2-700x525.jpg\" alt=\"\" class=\"wp-image-17482\" srcset=\"https:\/\/echta-derminga.de\/wp-content\/uploads\/2024\/06\/FB_IMG_1718551211626-2-700x525.jpg 700w, https:\/\/echta-derminga.de\/wp-content\/uploads\/2024\/06\/FB_IMG_1718551211626-2-300x225.jpg 300w, https:\/\/echta-derminga.de\/wp-content\/uploads\/2024\/06\/FB_IMG_1718551211626-2-768x576.jpg 768w, https:\/\/echta-derminga.de\/wp-content\/uploads\/2024\/06\/FB_IMG_1718551211626-2.jpg 1080w\" sizes=\"auto, (max-width: 700px) 100vw, 700px\" \/><\/figure>\n<\/div>\n<\/div>\n\n\n\n<p class=\"has-medium-font-size wp-block-paragraph\"><strong>Veteranenfest am Reservistenheim des RK Illtal<\/strong><\/p>\n\n\n\n<p class=\"has-medium-font-size wp-block-paragraph\">Im April 2024 hat der Bundestag beschlossen, den 15. Juni zum j\u00e4hrlichen nationalen Veteranentag zu erkl\u00e4ren. Damit sollen der Einsatz und der Dienst aktiver und ehemaliger Soldatinnen und Soldaten der Bundeswehr gew\u00fcrdigt werden. Die Einf\u00fchrung des nationalen Veteranentages durch den Bundestag ist ein wichtiges Zeichen. Der Stellenwert der aktiven und ehemalige Soldatinnen und Soldaten soll gehoben werden. Seit den fr\u00fchen 1970-er Jahren ist die RK Illtal ein fester Bestandteil unserer Dorfgemeinschaft. \u00dcber viele Jahre hinweg haben sich die Reservisten am Dirminger Ortsgeschehen beteiligt. Ich nutzte diesen ersten Veteranentag, um meine Wertsch\u00e4tzung mit einer kleinen Spende zu unterstreichen. Ich m\u00f6chte mich auch an dieser Stelle beim Vorstand des RK Illtal ganz herzlich f\u00fcr die Organisation und Durchf\u00fchrung der Veranstaltung bedanken.<\/p>\n\n\n<div class=\"wp-block-image\">\n<figure class=\"aligncenter size-large\"><img loading=\"lazy\" decoding=\"async\" width=\"700\" height=\"445\" src=\"https:\/\/echta-derminga.de\/wp-content\/uploads\/2024\/06\/IMG-20240616-WA0011-700x445.jpg\" alt=\"\" class=\"wp-image-17478\" srcset=\"https:\/\/echta-derminga.de\/wp-content\/uploads\/2024\/06\/IMG-20240616-WA0011-700x445.jpg 700w, https:\/\/echta-derminga.de\/wp-content\/uploads\/2024\/06\/IMG-20240616-WA0011-300x191.jpg 300w, https:\/\/echta-derminga.de\/wp-content\/uploads\/2024\/06\/IMG-20240616-WA0011-768x488.jpg 768w, https:\/\/echta-derminga.de\/wp-content\/uploads\/2024\/06\/IMG-20240616-WA0011-1536x976.jpg 1536w, https:\/\/echta-derminga.de\/wp-content\/uploads\/2024\/06\/IMG-20240616-WA0011-2048x1301.jpg 2048w\" sizes=\"auto, (max-width: 700px) 100vw, 700px\" \/><\/figure>\n<\/div>\n\n\n<p class=\"has-medium-font-size wp-block-paragraph\"><strong>Nachbarschaftsfest zum 50-Jubil\u00e4um der Rothenbergschule<\/strong><\/p>\n\n\n\n<p class=\"has-medium-font-size wp-block-paragraph\">Die F\u00f6rderschule f\u00fcr Kinder mit geistiger Behinderung, in der Tr\u00e4gerschaft der Lebenshilfe, feiert in diesem Jahr ihren 50. Geburtstag. Das diesj\u00e4hrige Nachbarschaftsfest stand im Zeichen des 50 Jubil\u00e4ums. Das Schulgeb\u00e4ude wurde 1962 als katholische Volksschule erbaut und bis 1971 auch als solche gef\u00fchrt. Nach dem Neubau der heutigen Grundschule in Dirmingen wurde das Geb\u00e4ude im Jahre 1974 von der Lebenshilfe genutzt und eine Schule f\u00fcr geistig behinderte Kinder eingerichtet. Heute hat die Rothenbergschule einen enorm hohen Stellenwert in unserer Region. Immer wieder beteiligt sich das Lehrpersonal und auch die Sch\u00fclerinnen und Sch\u00fcler am Dirminger Ortsgeschehen. Gerne habe ich an dieser Jubil\u00e4umsveranstaltung teilgenommen und einen sch\u00f6nen Sonntagnachmittag an der Schule verbracht. Vielen lieben herzlichen Dank an die Kolpingfamilie Dirmingen.<\/p>\n\n\n<div class=\"wp-block-image\">\n<figure class=\"aligncenter size-large\"><img loading=\"lazy\" decoding=\"async\" width=\"700\" height=\"525\" src=\"https:\/\/echta-derminga.de\/wp-content\/uploads\/2024\/06\/448549084_880510037449653_1457728659740298630_n-700x525.jpg\" alt=\"\" class=\"wp-image-17486\" srcset=\"https:\/\/echta-derminga.de\/wp-content\/uploads\/2024\/06\/448549084_880510037449653_1457728659740298630_n-700x525.jpg 700w, https:\/\/echta-derminga.de\/wp-content\/uploads\/2024\/06\/448549084_880510037449653_1457728659740298630_n-300x225.jpg 300w, https:\/\/echta-derminga.de\/wp-content\/uploads\/2024\/06\/448549084_880510037449653_1457728659740298630_n-768x576.jpg 768w, https:\/\/echta-derminga.de\/wp-content\/uploads\/2024\/06\/448549084_880510037449653_1457728659740298630_n.jpg 1440w\" sizes=\"auto, (max-width: 700px) 100vw, 700px\" \/><\/figure>\n<\/div>\n\n\n<p class=\"has-medium-font-size wp-block-paragraph\"><strong>Feierabend Klappstuhlkonzert im Dirminger Br\u00fchlpark<\/strong><\/p>\n\n\n\n<p class=\"has-medium-font-size wp-block-paragraph\">In den n\u00e4chsten Wochen finden in unserem Dorf gro\u00dfartige Veranstaltungen statt. Bleibt zu hoffen, dass der Sommer endlich ins Land zieht. Nach dem gro\u00dfartigen Erfolg im vergangenen Jahr setzt die Gemeinde Eppelborn ihre Reihe der Feierabend Klappstuhlkonzerte fort. Am Donnerstag, 27. Juni 2024 ist unser Heimatort Dirmingen an der Reihe. Die Gemeinde Eppelborn veranstaltet das FKK mit Unterst\u00fctzung des Dirminger Kulturvereins im Br\u00fchlpark Dirmingen. Das Konzert mit der Formation \u201eMr. Be &amp; Me\u201c, alias Nina Heidemann und ihr Ehemann Sven Gro\u00df aus Dirmingen beginnt um 19:00 Uhr. Bringen Sie ihren Klappstuhl mit in den Park und erleben Sie ein paar wundersch\u00f6ne Stunden mit toller Live-Musik in einem pr\u00e4chtigen Ambiente. Der Eintritt ist frei! F\u00fcr Essen und Trinken wird wie immer bestens gesorgt sein.<\/p>\n\n\n<div class=\"wp-block-image\">\n<figure class=\"aligncenter size-large\"><img loading=\"lazy\" decoding=\"async\" width=\"700\" height=\"700\" src=\"https:\/\/echta-derminga.de\/wp-content\/uploads\/2024\/06\/443835493_852226190279004_5420376429287680835_n-1-700x700.jpg\" alt=\"\" class=\"wp-image-17488\" srcset=\"https:\/\/echta-derminga.de\/wp-content\/uploads\/2024\/06\/443835493_852226190279004_5420376429287680835_n-1-700x700.jpg 700w, https:\/\/echta-derminga.de\/wp-content\/uploads\/2024\/06\/443835493_852226190279004_5420376429287680835_n-1-300x300.jpg 300w, https:\/\/echta-derminga.de\/wp-content\/uploads\/2024\/06\/443835493_852226190279004_5420376429287680835_n-1-150x150.jpg 150w, https:\/\/echta-derminga.de\/wp-content\/uploads\/2024\/06\/443835493_852226190279004_5420376429287680835_n-1-768x768.jpg 768w, https:\/\/echta-derminga.de\/wp-content\/uploads\/2024\/06\/443835493_852226190279004_5420376429287680835_n-1-90x90.jpg 90w, https:\/\/echta-derminga.de\/wp-content\/uploads\/2024\/06\/443835493_852226190279004_5420376429287680835_n-1-75x75.jpg 75w, https:\/\/echta-derminga.de\/wp-content\/uploads\/2024\/06\/443835493_852226190279004_5420376429287680835_n-1.jpg 1080w\" sizes=\"auto, (max-width: 700px) 100vw, 700px\" \/><\/figure>\n<\/div>\n\n\n<p class=\"has-medium-font-size wp-block-paragraph\"><strong>Jahreshaupt\u00fcbung der Jugendwehr in der Gemeinde Eppelborn<\/strong><\/p>\n\n\n\n<p class=\"has-medium-font-size wp-block-paragraph\">Am Sonntagnachmittag, 16. Juni 2024 fand die Jahreshaupt\u00fcbung aller Jugendfeuerwehren in Bubach-Calmesweiler statt. Am Ende beteiligten sich \u00fcber 60 Kinder der Bambini- und Jugendwehr an dieser \u00dcbung auf dem Gel\u00e4nde der Firma A. Gihl GmbH in Bubach\/Calmesweiler. Der stellvertretende Ortsvorsteher Michael Polotzek nahm in meiner Vertretung an dieser j\u00e4hrlichen Gro\u00df\u00fcbung teil. &nbsp;Ich m\u00f6chte mich an dieser Stelle bei allen Kindern und Jugendlichen ganz herzlich f\u00fcr ihr Engagement bedanken. Ein Dank geht an alle Ausbilderinnen und Ausbildern in den verschiedenen Ortsteilen.&nbsp; Vielen lieben Dank auch an alle Eltern. &nbsp;Der L\u00f6schbezirk Dirmingen verf\u00fcgt wir seit vielen Jahren \u00fcber eine sehr gute Jugendarbeit. Vielen Dank und gut Wehr!<\/p>\n\n\n<div class=\"wp-block-image\">\n<figure class=\"aligncenter size-large\"><img loading=\"lazy\" decoding=\"async\" width=\"700\" height=\"525\" src=\"https:\/\/echta-derminga.de\/wp-content\/uploads\/2024\/06\/448348555_984509423682029_3139293187689517940_n-700x525.jpg\" alt=\"\" class=\"wp-image-17490\" srcset=\"https:\/\/echta-derminga.de\/wp-content\/uploads\/2024\/06\/448348555_984509423682029_3139293187689517940_n-700x525.jpg 700w, https:\/\/echta-derminga.de\/wp-content\/uploads\/2024\/06\/448348555_984509423682029_3139293187689517940_n-300x225.jpg 300w, https:\/\/echta-derminga.de\/wp-content\/uploads\/2024\/06\/448348555_984509423682029_3139293187689517940_n-768x576.jpg 768w, https:\/\/echta-derminga.de\/wp-content\/uploads\/2024\/06\/448348555_984509423682029_3139293187689517940_n-1536x1152.jpg 1536w, https:\/\/echta-derminga.de\/wp-content\/uploads\/2024\/06\/448348555_984509423682029_3139293187689517940_n.jpg 2048w\" sizes=\"auto, (max-width: 700px) 100vw, 700px\" \/><\/figure>\n<\/div>\n\n\n<p class=\"has-medium-font-size wp-block-paragraph\"><strong>Wasserversorgung Ostsaar GmbH erneuert Versorgungsleitungen in Dirmingen (An der Hardt) <\/strong><\/p>\n\n\n\n<p class=\"has-medium-font-size wp-block-paragraph\">Sicher und zuverl\u00e4ssig versorgt die Wasserversorgung Ostsaar GmbH ihre Kunden seit Jahren mit Trinkwasser. Damit das auch in Zukunft so bleibt, wird das Leitungs-netz in der Gemeinde Eppelborn zur Sicherstellung des hohen Versorgungsstandards auf dem neuesten Stand gehalten. Ab Mitte Juni 2024 werden f\u00fcr die Dauer von etwa drei Monaten Erneuerungsarbeiten in der Stra\u00dfe \u201eAn der Hardt\u201c in Dirmingen durchgef\u00fchrt. Hierbei werden von der Einm\u00fcndung Humeser Stra\u00dfe bis Stra\u00dfenende etwa 150 Meter Trinkwasser-Versorgungsleitungen neu verlegt und 12 Hausanschl\u00fcsse ganz oder teilweise erneuert. Zur Durchf\u00fchrung der Bauarbeiten m\u00fcssen umfassende Verkehrssicherungsma\u00dfnahmen eingerichtet werden. Die Arbeiten m\u00fcssen unter Vollsperrung der Stra\u00dfe \u201eAn der Hardt\u201c erfolgen. Im Nachgang dieser Arbeiten wird die Asphaltdecke durch die Gemeinde Eppelborn komplett saniert. Die Anwohner werden gebeten Ihre Fahrzeuge au\u00dferhalb des Baufelds zu parken. F\u00fcr die durch die Bauarbeiten entstehenden Unannehmlichkeiten und Beeintr\u00e4chtigungen der Anlieger bittet Ihr Versorger um Verst\u00e4ndnis. In diesem Zusammenhang weist die Wasserversorgung Ostsaar GmbH darauf hin, dass entsprechend den g\u00fcltigen Vorschriften die elektrischen Netze der Hausinstallation nicht mehr am Wasserrohrnetz geerdet sein d\u00fcrfen. Die betroffenen Hauseigent\u00fcmer wurden durch die WVO in Kenntnis gesetzt. Bei R\u00fcckfragen steht Ihnen Herr Niklas Wolter (Tel. 06824\/9002-41) von der Wasserversorgung Ostsaar GmbH in Ottweiler gerne zur Verf\u00fcgung.<\/p>\n\n\n\n<p class=\"has-medium-font-size wp-block-paragraph\"><strong>Park- Strandfest im Dirminger Br\u00fchlpark<\/strong><\/p>\n\n\n\n<p class=\"has-medium-font-size wp-block-paragraph\">Am Samstag, 13. Juli und Sonntag, 14, Juli 2014 ist es wieder soweit! Der Kulturverein Dirmingen pr\u00e4sentiert das diesj\u00e4hrige \u201ePark- und Strandfest\u201c im Br\u00fchlpark. An beiden Festtagen wird dem feierw\u00fctigen Volk ein buntes, knackiges B\u00fchnenprogramm mit vielen Highlight angeboten. Der Kulturverein Dirmingen und die teilnehmenden Vereine und Organisationen freuen sich auf Euren Besuch. Besuchen Sie das Park- und Strandfest 2024 und erleben Sie Natur und Kultur hautnah!!<\/p>\n\n\n<div class=\"wp-block-image\">\n<figure class=\"aligncenter size-large\"><img loading=\"lazy\" decoding=\"async\" width=\"700\" height=\"692\" src=\"https:\/\/echta-derminga.de\/wp-content\/uploads\/2024\/06\/Parkfeschd-700x692.png\" alt=\"\" class=\"wp-image-17473\" srcset=\"https:\/\/echta-derminga.de\/wp-content\/uploads\/2024\/06\/Parkfeschd-700x692.png 700w, https:\/\/echta-derminga.de\/wp-content\/uploads\/2024\/06\/Parkfeschd-300x297.png 300w, https:\/\/echta-derminga.de\/wp-content\/uploads\/2024\/06\/Parkfeschd-768x759.png 768w, https:\/\/echta-derminga.de\/wp-content\/uploads\/2024\/06\/Parkfeschd-90x90.png 90w, https:\/\/echta-derminga.de\/wp-content\/uploads\/2024\/06\/Parkfeschd-75x75.png 75w, https:\/\/echta-derminga.de\/wp-content\/uploads\/2024\/06\/Parkfeschd.png 948w\" sizes=\"auto, (max-width: 700px) 100vw, 700px\" \/><\/figure>\n<\/div>\n\n\n<p class=\"has-medium-font-size wp-block-paragraph\"><strong>Top- Act: Andreas Nagel &amp; Band &#8222;Schlager und Pop&#8220;<\/strong><\/p>\n\n\n\n<p class=\"has-medium-font-size wp-block-paragraph\">Das musikalische Programm des Schlager-Abends bestreitet der saarl\u00e4ndische Musiker und Songwriter Andreas Nagel mit seiner Band. Die Besucher d\u00fcrfen sich auf ein Programm freuen, das viele Facetten des Schlagers zeigt. Darunter zahlreiche gro\u00dfe und bekannte Songs von den 1970er- bis zu den 2000er Jahren. Die Musikauswahl l\u00e4sst das Publikum bei Songs wie \u201eHello Again\u201c unweigerlich mitsingen oder bei \u201eDas ist unser Tag\u201c von Helene Fischer unweigerlich tanzen. \u201eWunder gibt es immer wieder\u201c und so steht \u201eEine neue Liebe\u201c an diesem Abend vielleicht v\u00f6llig unerwartet mit im Publikum, um bei \u201eWhat a Feeling\u201c v\u00f6llig \u201eAtemlos\u201c \u201eImmer wieder dieses Fieber\u201c sp\u00fcren zu wollen. Und vielleicht folgt auf ein \u201eBett im Kornfeld\u201c eine gedankliche Reise \u201e\u00dcber den Wolken\u201c nach \u201eNew York, Rio, Tokyo\u201c um an diesem Abend einfach die \u201eDancing Queen\u201c zu sein, die voller Freude singt \u201eEr geh\u00f6rt zu mir\u201c. Mit bekannten Schlagern und Evergreens der Pop-Musik l\u00e4dt die Formation ein, einen wundersch\u00f6nen musikalischen Abend miteinander zu verbringen. Die bezaubernde S\u00e4ngerin Myriam Keller aus Homburg und der S\u00e4nger und Saxophonist Rainer Dietrich stehen mit Andreas Nagel und der Rhythmusgruppe auf der B\u00fchne und geben wieder alles, um mit dem musikbegeisterten Publikum einen wundervollen Abend zu verbringen!<\/p>\n\n\n<div class=\"wp-block-image\">\n<figure class=\"aligncenter size-large\"><img loading=\"lazy\" decoding=\"async\" width=\"700\" height=\"467\" src=\"https:\/\/echta-derminga.de\/wp-content\/uploads\/2024\/06\/442500098_832793488880667_8830308454366572053_n-700x467.jpg\" alt=\"\" class=\"wp-image-17474\" srcset=\"https:\/\/echta-derminga.de\/wp-content\/uploads\/2024\/06\/442500098_832793488880667_8830308454366572053_n-700x467.jpg 700w, https:\/\/echta-derminga.de\/wp-content\/uploads\/2024\/06\/442500098_832793488880667_8830308454366572053_n-300x200.jpg 300w, https:\/\/echta-derminga.de\/wp-content\/uploads\/2024\/06\/442500098_832793488880667_8830308454366572053_n-768x512.jpg 768w, https:\/\/echta-derminga.de\/wp-content\/uploads\/2024\/06\/442500098_832793488880667_8830308454366572053_n.jpg 1500w\" sizes=\"auto, (max-width: 700px) 100vw, 700px\" \/><\/figure>\n<\/div>\n\n\n<p class=\"has-medium-font-size wp-block-paragraph\">Top-Act: CHANGES<\/p>\n\n\n\n<p class=\"has-medium-font-size wp-block-paragraph\">Die Rheinpfalz meint \u201eEs ist schon ein halbes Musical, das die Jungs und M\u00e4dels von CHANGES auf die B\u00fchne bringen\u201c und daher: \u201ePackt eure Tanzschuhe ein und tanzt zu den besten Pop-, Rock oder auch Club-Tracks der letzten Jahrzehnte.\u201c. CHANGES steht f\u00fcr den \u201eden Wandel\u201c und daher werden die 6 Vollblutmusiker auch 2024 wieder etwas Neues aus dem Hut zaubern\u2026 sei es ein neues Medley oder eine neue Tanzperformance \u2013 CHANGES l\u00e4sst sich immer etwas Neues einfallen\u2026 Nicht \u00e4ndern wird sich die Besetzung, denn CHANGES versteht sich seit nunmehr 15 Jahren als eingespieltes Team und einen unvergesslichen Abend verbringen und genau das werden wir!!!<\/p>\n\n\n<div class=\"wp-block-image\">\n<figure class=\"aligncenter size-large\"><img loading=\"lazy\" decoding=\"async\" width=\"700\" height=\"467\" src=\"https:\/\/echta-derminga.de\/wp-content\/uploads\/2024\/06\/448603514_858636212963061_1169437903435095799_n-700x467.jpg\" alt=\"\" class=\"wp-image-17475\" srcset=\"https:\/\/echta-derminga.de\/wp-content\/uploads\/2024\/06\/448603514_858636212963061_1169437903435095799_n-700x467.jpg 700w, https:\/\/echta-derminga.de\/wp-content\/uploads\/2024\/06\/448603514_858636212963061_1169437903435095799_n-300x200.jpg 300w, https:\/\/echta-derminga.de\/wp-content\/uploads\/2024\/06\/448603514_858636212963061_1169437903435095799_n-768x512.jpg 768w, https:\/\/echta-derminga.de\/wp-content\/uploads\/2024\/06\/448603514_858636212963061_1169437903435095799_n-1536x1024.jpg 1536w, https:\/\/echta-derminga.de\/wp-content\/uploads\/2024\/06\/448603514_858636212963061_1169437903435095799_n.jpg 1600w\" sizes=\"auto, (max-width: 700px) 100vw, 700px\" \/><figcaption class=\"wp-element-caption\">Foto: Salvatore Tabone<\/figcaption><\/figure>\n<\/div>\n\n\n<p class=\"has-medium-font-size wp-block-paragraph\">Auch wenn es in Punkto Hochwasser nach au\u00dfen hin ruhiger geworden ist, passiert hinter den Kulissen sehr viel ! Wir k\u00f6nnen sehr stolz auf die Solidarit\u00e4t innerhalb unserer Dorfgemeinschaft sein. Vielen lieben Dank an ALLE die immer noch Anpacken, Spenden, Unterst\u00fctzen oder Helfen. Es gibt viele Firmen, Institutionen, Organisationen, Einrichtungen und B\u00fcrgerinnen und B\u00fcrger die sehr viel leisten und geben. Viele Menschen haben einen sehr hohen Schaden an ihrem Haus zu beklagen. Wir brauchen noch so manche Anstrengung bis das Gr\u00f6bste \u00fcberstanden ist. Solidarit\u00e4t und Zusammenhalt ist weiterhin erforderlich. Gottlob haben alle unser Gesch\u00e4fte wieder ihre Pforten ge\u00f6ffnet. In der vergangenen Woche habe ich gemeinsam mit B\u00fcrgermeister Dr. Feld unser &#8222;Dirminger Eisauto&#8220; besucht. Dirmingen l\u00e4sst sich nicht unterkriegen. Gut so !<\/p>\n\n\n<div class=\"wp-block-image\">\n<figure class=\"aligncenter size-large\"><img loading=\"lazy\" decoding=\"async\" width=\"700\" height=\"525\" src=\"https:\/\/echta-derminga.de\/wp-content\/uploads\/2024\/06\/448870248_7708397005921624_4772978476626863806_n-700x525.jpg\" alt=\"\" class=\"wp-image-17498\" srcset=\"https:\/\/echta-derminga.de\/wp-content\/uploads\/2024\/06\/448870248_7708397005921624_4772978476626863806_n-700x525.jpg 700w, https:\/\/echta-derminga.de\/wp-content\/uploads\/2024\/06\/448870248_7708397005921624_4772978476626863806_n-300x225.jpg 300w, https:\/\/echta-derminga.de\/wp-content\/uploads\/2024\/06\/448870248_7708397005921624_4772978476626863806_n-768x576.jpg 768w, https:\/\/echta-derminga.de\/wp-content\/uploads\/2024\/06\/448870248_7708397005921624_4772978476626863806_n-1536x1152.jpg 1536w, https:\/\/echta-derminga.de\/wp-content\/uploads\/2024\/06\/448870248_7708397005921624_4772978476626863806_n.jpg 1600w\" sizes=\"auto, (max-width: 700px) 100vw, 700px\" \/><figcaption class=\"wp-element-caption\">Quelle: Gemeinde Eppelborn<\/figcaption><\/figure>\n<\/div>\n\n\n<p class=\"has-medium-font-size wp-block-paragraph\"><strong>Hier noch eine Bitte des L\u00f6schbezirks Dirmingen an die Besucher des &#8222;UDSH&#8220;:<\/strong><\/p>\n\n\n\n<p class=\"has-medium-font-size wp-block-paragraph\">&#8222;<em>Das Wochenende steht vor der T\u00fcr und die Handballer des TV 04 Dirmingen haben wieder ein tolles Abendprogramm f\u00fcr die Festwochenenden auf die Beine gestellt. Wir h\u00e4tten da nur eine kleine Bitte: Bitte nutzt den Platz an der Borrwieshalle um eure Fahrzeuge zu parken und nicht den Schulhof. Im Einsatzfall steht dieser als Parkplatz f\u00fcr die anr\u00fcckenden Kr\u00e4fte der Feuerwehr zur Verf\u00fcgung. Durch zus\u00e4tzlich geparkte Fahrzeuge wird der zur Verf\u00fcgung stehende Platz noch weniger und man muss, jenachdem wie die Autos abgestellt sind, mit den Einsatzfahrzeugen erst rangieren um ausfahren zu k\u00f6nnen. Ebenfalls bitten wir um etwas Umsicht beim Parken in der B\u00f6llinger Stra\u00dfe aus selbigem Grund. Somit geht kostbare Zeit verloren. Bitte beachtet den Hinweis. Viel Spa\u00df am Wochenende auf dem Kleinfeld!<\/em>&#8222;<\/p>\n\n\n\n<p class=\"has-medium-font-size wp-block-paragraph\"><strong>Bei Fragen oder Anregungen k\u00f6nnen sie mich jederzeit kontaktieren. Ich w\u00fcnsche Ihnen eine sch\u00f6ne Zeit im &#8222;Derminga D\u00f6rfche&#8220;<\/strong><\/p>\n\n\n\n<p class=\"has-medium-font-size wp-block-paragraph\">Ihr Ortsvorsteher <\/p>\n\n\n\n<p class=\"has-medium-font-size wp-block-paragraph\">Frank Klein<\/p>\n","protected":false},"excerpt":{"rendered":"<p>Liebe Mitb\u00fcrgerinnen, liebe Mitb\u00fcrger, mit ein paar Tagen Abstand m\u00f6chte ich mich noch einmal ganz herzlich bei allen W\u00e4hlerinnen und W\u00e4hlern und bei allen Wahlhelferinnen und Wahlhelfern bedanken. Die Kommunalwahlen 2024 haben daf\u00fcr gesorgt, dass die SPD Dirmingen mit 68,19 % der Stimmen weiterhin die st\u00e4rkste Kraft in unserem Heimatort bleibt. Vielen lieben Dank f\u00fcr das Vertrauen, die Unterst\u00fctzung und<\/p>\n","protected":false},"author":1,"featured_media":17324,"comment_status":"closed","ping_status":"closed","sticky":false,"template":"","format":"standard","meta":{"_crdt_document":"","footnotes":""},"categories":[1,9,812],"tags":[5,618,127,634,1145,310],"class_list":["post-17472","post","type-post","status-publish","format-standard","has-post-thumbnail","hentry","category-allgemein","category-dorfgetratsche","category-ortsvorsteher-dirmingen","tag-dirmingen","tag-gemeinde-eppelborn","tag-landkreis-neunkirchen","tag-ortsvorsteher","tag-park-und-strandfest-2024","tag-saarland"],"_links":{"self":[{"href":"https:\/\/echta-derminga.de\/index.php?rest_route=\/wp\/v2\/posts\/17472","targetHints":{"allow":["GET"]}}],"collection":[{"href":"https:\/\/echta-derminga.de\/index.php?rest_route=\/wp\/v2\/posts"}],"about":[{"href":"https:\/\/echta-derminga.de\/index.php?rest_route=\/wp\/v2\/types\/post"}],"author":[{"embeddable":true,"href":"https:\/\/echta-derminga.de\/index.php?rest_route=\/wp\/v2\/users\/1"}],"replies":[{"embeddable":true,"href":"https:\/\/echta-derminga.de\/index.php?rest_route=%2Fwp%2Fv2%2Fcomments&post=17472"}],"version-history":[{"count":18,"href":"https:\/\/echta-derminga.de\/index.php?rest_route=\/wp\/v2\/posts\/17472\/revisions"}],"predecessor-version":[{"id":17507,"href":"https:\/\/echta-derminga.de\/index.php?rest_route=\/wp\/v2\/posts\/17472\/revisions\/17507"}],"wp:featuredmedia":[{"embeddable":true,"href":"https:\/\/echta-derminga.de\/index.php?rest_route=\/wp\/v2\/media\/17324"}],"wp:attachment":[{"href":"https:\/\/echta-derminga.de\/index.php?rest_route=%2Fwp%2Fv2%2Fmedia&parent=17472"}],"wp:term":[{"taxonomy":"category","embeddable":true,"href":"https:\/\/echta-derminga.de\/index.php?rest_route=%2Fwp%2Fv2%2Fcategories&post=17472"},{"taxonomy":"post_tag","embeddable":true,"href":"https:\/\/echta-derminga.de\/index.php?rest_route=%2Fwp%2Fv2%2Ftags&post=17472"}],"curies":[{"name":"wp","href":"https:\/\/api.w.org\/{rel}","templated":true}]}}