{"id":17558,"date":"2024-07-07T14:26:17","date_gmt":"2024-07-07T13:26:17","guid":{"rendered":"https:\/\/echta-derminga.de\/?p=17558"},"modified":"2024-07-07T14:28:57","modified_gmt":"2024-07-07T13:28:57","slug":"man-soll-die-feste-feiern-wie-sie-fallen-derminga-park-und-strandfest-2024-gewiss-on-graad-se-laeaeds","status":"publish","type":"post","link":"https:\/\/echta-derminga.de\/?p=17558","title":{"rendered":"\u201eMan soll die Feste feiern, wie sie fallen\u201c \u2013 &#8222;Derminga Park- und Strandfest\u201c 2024 \u2013 \u201eGewiss on graad se l\u00e4\u00e4ds\u201c!"},"content":{"rendered":"\n<p class=\"has-medium-font-size wp-block-paragraph\"><strong>An Krisen und einer gewissen Weltuntergangsstimmung mangelt es uns diese schweren Tagen ganz bestimmt nicht. Krieg, Klimakrise, Inflation und zudem r\u00fcckt Europa immer mehr an den rechten Rand. Wohin mit dem ganzen Frust und der immer gr\u00f6\u00dfer werdenden Angst? Ganz Europa verf\u00e4llt in ein kollektives Trauma. Ganz Europa? Nicht ganz, tief im S\u00fcdwesten im Herzen des Illtals liegt ein kleines saarl\u00e4ndisches D\u00f6rfchen, dass sich gegen diesen Wahnsinn stemmt:\u201c On brauch ma aach manchmol e Schluck Alkohol, bei uus an der Ill, f\u00fchlt jerra sich wohl\u201c.<\/strong><\/p>\n\n\n\n<p class=\"has-medium-font-size wp-block-paragraph\">\u201eDerminge\u201c feiert am 13. Und 14. Juli 2024 sein Park- und Strandfest im sch\u00f6nen Br\u00fchlpark. Was kann es Sch\u00f6neres geben, als gemeinsam zu feiern und die Sorgen zu vergessen? Zugegebenerma\u00dfen gibt es auch in unserem D\u00f6rfchen die ein oder andere Sorge und ungekl\u00e4rte Frage: Wann kommt endlich der langersehnte Verbrauchermarkt und wann k\u00f6nnen wir mit dem Neubau der \u201eHaardter Br\u00fcck\u201c rechnen? Das Wetter wird auch immer schlechter und hoffentlich \u201er\u00e4\u00e4nt et net ball nommo so stark\u201c. Es liegt jedoch in der Natur des Dirmingers sich von solchen qu\u00e4lenden Fragen nicht unterkriegen zu lassen.<\/p>\n\n\n\n<div class=\"wp-block-columns is-layout-flex wp-container-core-columns-is-layout-8f761849 wp-block-columns-is-layout-flex\">\n<div class=\"wp-block-column is-layout-flow wp-block-column-is-layout-flow\">\n<figure class=\"wp-block-image size-large\"><img loading=\"lazy\" decoding=\"async\" width=\"700\" height=\"315\" src=\"https:\/\/echta-derminga.de\/wp-content\/uploads\/2022\/07\/20220716_214624-1-700x315.jpg\" alt=\"\" class=\"wp-image-13204\" srcset=\"https:\/\/echta-derminga.de\/wp-content\/uploads\/2022\/07\/20220716_214624-1-700x315.jpg 700w, https:\/\/echta-derminga.de\/wp-content\/uploads\/2022\/07\/20220716_214624-1-300x135.jpg 300w, https:\/\/echta-derminga.de\/wp-content\/uploads\/2022\/07\/20220716_214624-1-768x346.jpg 768w, https:\/\/echta-derminga.de\/wp-content\/uploads\/2022\/07\/20220716_214624-1.jpg 1000w\" sizes=\"auto, (max-width: 700px) 100vw, 700px\" \/><\/figure>\n<\/div>\n\n\n\n<div class=\"wp-block-column is-layout-flow wp-block-column-is-layout-flow\">\n<figure class=\"wp-block-image size-large\"><img loading=\"lazy\" decoding=\"async\" width=\"700\" height=\"315\" src=\"https:\/\/echta-derminga.de\/wp-content\/uploads\/2022\/07\/20220716_230056-700x315.jpg\" alt=\"\" class=\"wp-image-13202\" srcset=\"https:\/\/echta-derminga.de\/wp-content\/uploads\/2022\/07\/20220716_230056-700x315.jpg 700w, https:\/\/echta-derminga.de\/wp-content\/uploads\/2022\/07\/20220716_230056-300x135.jpg 300w, https:\/\/echta-derminga.de\/wp-content\/uploads\/2022\/07\/20220716_230056-768x346.jpg 768w, https:\/\/echta-derminga.de\/wp-content\/uploads\/2022\/07\/20220716_230056.jpg 1000w\" sizes=\"auto, (max-width: 700px) 100vw, 700px\" \/><\/figure>\n<\/div>\n<\/div>\n\n\n\n<p class=\"has-medium-font-size wp-block-paragraph\"><strong>Aufstehen,\u201cdabba ebbes esse on trenke\u201c, Mund abputzen und weitermachen! Blo\u00df nicht verzagen und nie den Mut verlieren. Immerhin muss man die \u201eFeste feiern, wie sie fallen\u201c. Der Alltagsschwermut darf uns nicht in seinen Bann ziehen. Gefeiert wird in unserem Dorf mehr als nur genug. Wir Dirminger wissen, wie man Feste feiert. Genau das beweisen wir im Laufe eines Jahres in regelm\u00e4\u00dfigen Abst\u00e4nden zu Gen\u00fcge. \u201eOn wenn dat Werra noch so trieb, emma hoch die Gellerieb.\u201c<\/strong><\/p>\n\n\n\n<p class=\"has-medium-font-size wp-block-paragraph\">Zugegeben:  Vorrausetzungen f\u00fcr ein sch\u00f6nes, buntes und schrilles Dorffest waren schon mal besser. Unser Dorf leckt noch die Wunden des Pfingsthochwassers und der Taler sitzt l\u00e4ngst nicht mehr zu locken wie vor Jahr und Tag. Trotzdem birgt genau dieses Fest eine gro\u00dfe Chance f\u00fcr unsere Dorfgemeinschaft. W\u00e4hrend des Hochwassers haben die Menschen in unserem Dorf bewiesen, wie stark der Zusammenhalt innerhalb unserer Dorfgemeinschaft tats\u00e4chlich ist. Gemeinsam wurde geschuftet, geholfen, angepackt und Mut zugesprochen. Wir Dirminger wissen, wie man nach schweren Stunden immer wieder aufsteht und sich neuen Herausforderungen stellt.<\/p>\n\n\n\n<div class=\"wp-block-columns is-layout-flex wp-container-core-columns-is-layout-8f761849 wp-block-columns-is-layout-flex\">\n<div class=\"wp-block-column is-layout-flow wp-block-column-is-layout-flow\">\n<figure class=\"wp-block-image size-large is-resized\"><img loading=\"lazy\" decoding=\"async\" width=\"700\" height=\"368\" src=\"https:\/\/echta-derminga.de\/wp-content\/uploads\/2022\/07\/20220717_172344-700x368.jpg\" alt=\"\" class=\"wp-image-13205\" style=\"width:457px;height:auto\" srcset=\"https:\/\/echta-derminga.de\/wp-content\/uploads\/2022\/07\/20220717_172344-700x368.jpg 700w, https:\/\/echta-derminga.de\/wp-content\/uploads\/2022\/07\/20220717_172344-300x158.jpg 300w, https:\/\/echta-derminga.de\/wp-content\/uploads\/2022\/07\/20220717_172344-768x403.jpg 768w, https:\/\/echta-derminga.de\/wp-content\/uploads\/2022\/07\/20220717_172344.jpg 1000w\" sizes=\"auto, (max-width: 700px) 100vw, 700px\" \/><\/figure>\n<\/div>\n\n\n\n<div class=\"wp-block-column is-layout-flow wp-block-column-is-layout-flow\">\n<figure class=\"wp-block-image size-large is-resized\"><img loading=\"lazy\" decoding=\"async\" width=\"700\" height=\"382\" src=\"https:\/\/echta-derminga.de\/wp-content\/uploads\/2022\/07\/20220717_210634-700x382.jpg\" alt=\"\" class=\"wp-image-13194\" style=\"width:440px;height:auto\" srcset=\"https:\/\/echta-derminga.de\/wp-content\/uploads\/2022\/07\/20220717_210634-700x382.jpg 700w, https:\/\/echta-derminga.de\/wp-content\/uploads\/2022\/07\/20220717_210634-300x164.jpg 300w, https:\/\/echta-derminga.de\/wp-content\/uploads\/2022\/07\/20220717_210634-768x419.jpg 768w, https:\/\/echta-derminga.de\/wp-content\/uploads\/2022\/07\/20220717_210634.jpg 1000w\" sizes=\"auto, (max-width: 700px) 100vw, 700px\" \/><\/figure>\n<\/div>\n<\/div>\n\n\n\n<p class=\"has-medium-font-size wp-block-paragraph\"><strong>Dabei l\u00e4uft l\u00e4ngst nicht immer alles so reibungslos wie gew\u00fcnscht. Aber genau das, macht es am Ende aus! In Dirmingen versteht man es gegen alle Widerst\u00e4nde eine L\u00f6sung zu finden und das Beste herauszuholen. Zugegebenerma\u00dfen wird im Vorfeld immer viel geschimpft und geflucht. Am Ende rauft man sich jedoch immer wieder zusammen und steht gemeinsam an der Theke.<\/strong> <strong>Dort an der Theke sind wir alle gleich, ganz egal welche Hautfarbe oder Nationalit\u00e4t du hast.<\/strong> <\/p>\n\n\n\n<p class=\"has-medium-font-size wp-block-paragraph\">In den letzten Jahren geriet die Feierlaune der Dirmingerinnen und Dirminger zusehends in Gefahr. Zuerst raubte uns die Pandemie, dann der Krieg und schlie\u00dflich die Inflation die Lust am Feiern. Sicherlich gab es in den letzten Jahren auch das ein oder andere Fest, dass nicht wie gew\u00fcnscht verlief. Aufgeben ist jedoch keine Option. Man muss die Feste feiern, wie sie fallen. Jetzt haben wieder mal die Chance dazu unser Dorf und unsere Gemeinschaft zu feiern. Dabei denken wir an all\u2018 die sch\u00f6nen vergangenen Dorffeste und an diejenigen die daf\u00fcr Verantwortung trugen. Schon unsere V\u00e4ter und M\u00fctter haben unsere Dorffeste zelebriert und ausgiebig gefeiert. Die M\u00e4nner kamen nach der Schicht, ohne zu murren zum Aufbauen und die Frauen kochten zusammen und backten Kuchen. Das war gelebte Dorfgemeinschaft, die den Menschen ein gutes Gef\u00fchl vermittelte. Ein Gef\u00fchl des Zuhauses seins, ein Gef\u00fchl des Ankommens, ein Gef\u00fchl wie ein \u201eGeheischniss\u201c. Das ist Heimat, das ist \u201eDehemm\u201c.<\/p>\n\n\n\n<div class=\"wp-block-columns is-layout-flex wp-container-core-columns-is-layout-8f761849 wp-block-columns-is-layout-flex\">\n<div class=\"wp-block-column is-layout-flow wp-block-column-is-layout-flow\">\n<figure class=\"wp-block-image size-large\"><img loading=\"lazy\" decoding=\"async\" width=\"700\" height=\"454\" src=\"https:\/\/echta-derminga.de\/wp-content\/uploads\/2022\/07\/20220715_173553-700x454.jpg\" alt=\"\" class=\"wp-image-13211\" srcset=\"https:\/\/echta-derminga.de\/wp-content\/uploads\/2022\/07\/20220715_173553-700x454.jpg 700w, https:\/\/echta-derminga.de\/wp-content\/uploads\/2022\/07\/20220715_173553-300x195.jpg 300w, https:\/\/echta-derminga.de\/wp-content\/uploads\/2022\/07\/20220715_173553-768x498.jpg 768w, https:\/\/echta-derminga.de\/wp-content\/uploads\/2022\/07\/20220715_173553.jpg 1000w\" sizes=\"auto, (max-width: 700px) 100vw, 700px\" \/><\/figure>\n<\/div>\n\n\n\n<div class=\"wp-block-column is-layout-flow wp-block-column-is-layout-flow\">\n<figure class=\"wp-block-image size-large is-resized\"><img loading=\"lazy\" decoding=\"async\" width=\"700\" height=\"437\" src=\"https:\/\/echta-derminga.de\/wp-content\/uploads\/2022\/07\/20220717_155956-700x437.jpg\" alt=\"\" class=\"wp-image-13221\" style=\"width:466px;height:auto\" srcset=\"https:\/\/echta-derminga.de\/wp-content\/uploads\/2022\/07\/20220717_155956-700x437.jpg 700w, https:\/\/echta-derminga.de\/wp-content\/uploads\/2022\/07\/20220717_155956-300x187.jpg 300w, https:\/\/echta-derminga.de\/wp-content\/uploads\/2022\/07\/20220717_155956-768x479.jpg 768w, https:\/\/echta-derminga.de\/wp-content\/uploads\/2022\/07\/20220717_155956.jpg 1000w\" sizes=\"auto, (max-width: 700px) 100vw, 700px\" \/><\/figure>\n<\/div>\n<\/div>\n\n\n\n<p class=\"has-medium-font-size wp-block-paragraph\"><strong>Genau das gilt es nun zu feiern: \u201eDehemm\u201c. Die Jahre des Volksfestes oder des \u201eFolxfeschd\u201c sind Geschichte. Das Park- und Strandfest ist unser neues Heimatfest. Hier trifft sich unsere Dorfgemeinschaft, um gemeinsam die Heimat zu feiern. Auch wenn das W\u00f6rtchen Heimat f\u00fcr den ein oder anderen etwas befremdlich klingt, sollte man mir diesen kleinen \u201eDorfpatriotismus\u201c nicht \u00fcbelnehmen.<\/strong><\/p>\n\n\n\n<p class=\"has-medium-font-size wp-block-paragraph\">Der Kulturverein Dirmingen hat sich wieder viel M\u00fche gemacht, um uns allen ein gro\u00dfartiges Fest zu bereiten. Musik, gutes Essen, k\u00fchle Getr\u00e4nke und ein herrliches Ambiente im Br\u00fchlpark. Wir sollten dieses Fest nutzen, um uns geneseitig zu ermutigen und aufzumuntern: \u201eDehemm es Dehemm\u201c.<\/p>\n\n\n\n<div class=\"wp-block-columns is-layout-flex wp-container-core-columns-is-layout-8f761849 wp-block-columns-is-layout-flex\">\n<div class=\"wp-block-column is-layout-flow wp-block-column-is-layout-flow\">\n<figure class=\"wp-block-image size-large\"><img loading=\"lazy\" decoding=\"async\" width=\"644\" height=\"429\" src=\"https:\/\/echta-derminga.de\/wp-content\/uploads\/2019\/07\/Kultur-Blog-5-644x429.jpg\" alt=\"\" class=\"wp-image-4090\" srcset=\"https:\/\/echta-derminga.de\/wp-content\/uploads\/2019\/07\/Kultur-Blog-5-644x429.jpg 644w, https:\/\/echta-derminga.de\/wp-content\/uploads\/2019\/07\/Kultur-Blog-5-300x200.jpg 300w, https:\/\/echta-derminga.de\/wp-content\/uploads\/2019\/07\/Kultur-Blog-5-768x512.jpg 768w, https:\/\/echta-derminga.de\/wp-content\/uploads\/2019\/07\/Kultur-Blog-5.jpg 800w\" sizes=\"auto, (max-width: 644px) 100vw, 644px\" \/><\/figure>\n<\/div>\n\n\n\n<div class=\"wp-block-column is-layout-flow wp-block-column-is-layout-flow\">\n<figure class=\"wp-block-image size-large is-resized\"><img loading=\"lazy\" decoding=\"async\" width=\"644\" height=\"483\" src=\"https:\/\/echta-derminga.de\/wp-content\/uploads\/2019\/07\/Echt-3-644x483.jpg\" alt=\"\" class=\"wp-image-4084\" style=\"width:404px;height:auto\" srcset=\"https:\/\/echta-derminga.de\/wp-content\/uploads\/2019\/07\/Echt-3-644x483.jpg 644w, https:\/\/echta-derminga.de\/wp-content\/uploads\/2019\/07\/Echt-3-300x225.jpg 300w, https:\/\/echta-derminga.de\/wp-content\/uploads\/2019\/07\/Echt-3-768x576.jpg 768w, https:\/\/echta-derminga.de\/wp-content\/uploads\/2019\/07\/Echt-3.jpg 800w\" sizes=\"auto, (max-width: 644px) 100vw, 644px\" \/><\/figure>\n<\/div>\n<\/div>\n\n\n\n<p class=\"has-medium-font-size wp-block-paragraph\"><strong>Schon w\u00e4hrend den vielen Vereinsveranstaltungen in den letzten Wochen und Monaten haben unsere Vereine Zusammenhalt und Gemeinschaft gepflegt. W\u00e4hrend unseres Feuerwehrfestes oder den beiden Dorfturnieren waren irgendwie alle unsere Vereine und Organisationen aktiv am Start. Da wurden Dienste geschoben, Mannschaften gemeldet, Eigentum verliehen und tatkr\u00e4ftig unterst\u00fctzt. So soll es sein!<\/strong><\/p>\n\n\n\n<p class=\"has-medium-font-size wp-block-paragraph\">Und jetzt ? Jetzt ist es an der Zeit UNS zu feiern ! Wir feiern unsere Dorfgemeinschaft, unsere Herkunft und unsere gemeinsame Heimat. Wir feiern, dass wir im sch\u00f6nsten D\u00f6rfchen des Landes leben. Wer verf\u00fcgt schon \u00fcber ein solches Festgel\u00e4nde wie den Br\u00fchlpark ? Lasst uns zusammenkommen und gemeinsam ein sch\u00f6nes Wochenende erleben. Wo ? Im Herzen des Saarlandes, inmitten des Illtals, im &#8222;Derminga D\u00f6rfche&#8220;<\/p>\n\n\n\n<div class=\"wp-block-columns is-layout-flex wp-container-core-columns-is-layout-8f761849 wp-block-columns-is-layout-flex\">\n<div class=\"wp-block-column is-layout-flow wp-block-column-is-layout-flow\">\n<figure class=\"wp-block-image size-large\"><img loading=\"lazy\" decoding=\"async\" width=\"700\" height=\"473\" src=\"https:\/\/echta-derminga.de\/wp-content\/uploads\/2022\/07\/20220716_220417-700x473.jpg\" alt=\"\" class=\"wp-image-13209\" srcset=\"https:\/\/echta-derminga.de\/wp-content\/uploads\/2022\/07\/20220716_220417-700x473.jpg 700w, https:\/\/echta-derminga.de\/wp-content\/uploads\/2022\/07\/20220716_220417-300x203.jpg 300w, https:\/\/echta-derminga.de\/wp-content\/uploads\/2022\/07\/20220716_220417-768x519.jpg 768w, https:\/\/echta-derminga.de\/wp-content\/uploads\/2022\/07\/20220716_220417.jpg 1000w\" sizes=\"auto, (max-width: 700px) 100vw, 700px\" \/><\/figure>\n<\/div>\n\n\n\n<div class=\"wp-block-column is-layout-flow wp-block-column-is-layout-flow\">\n<figure class=\"wp-block-image size-large is-resized\"><img loading=\"lazy\" decoding=\"async\" width=\"700\" height=\"525\" src=\"https:\/\/echta-derminga.de\/wp-content\/uploads\/2024\/07\/449203455_7753853101376014_2989162023414492319_n-700x525.jpg\" alt=\"\" class=\"wp-image-17577\" style=\"width:400px;height:auto\" srcset=\"https:\/\/echta-derminga.de\/wp-content\/uploads\/2024\/07\/449203455_7753853101376014_2989162023414492319_n-700x525.jpg 700w, https:\/\/echta-derminga.de\/wp-content\/uploads\/2024\/07\/449203455_7753853101376014_2989162023414492319_n-300x225.jpg 300w, https:\/\/echta-derminga.de\/wp-content\/uploads\/2024\/07\/449203455_7753853101376014_2989162023414492319_n-768x576.jpg 768w, https:\/\/echta-derminga.de\/wp-content\/uploads\/2024\/07\/449203455_7753853101376014_2989162023414492319_n-1536x1152.jpg 1536w, https:\/\/echta-derminga.de\/wp-content\/uploads\/2024\/07\/449203455_7753853101376014_2989162023414492319_n.jpg 2048w\" sizes=\"auto, (max-width: 700px) 100vw, 700px\" \/><\/figure>\n<\/div>\n<\/div>\n\n\n\n<blockquote class=\"wp-block-quote is-layout-flow wp-block-quote-is-layout-flow\">\n<p class=\"has-medium-font-size wp-block-paragraph\"><strong>Man hat et faschd mette ins Saarland gebaut an Ill und Alsbach entlang, Ein Dorf, dessen Sch\u00f6hnheit nat\u00fcrlicher Art, met em Kurort vergleiche ma kann. Ob Finkenrech, Denkmal, ob Steinrutschgebiet, Erholung on Ruhe ma fend, E Park mem e Golfplatz es aach noch do for&nbsp; Mamme on Babbe on Kend.<\/strong><\/p>\n<\/blockquote>\n\n\n<div class=\"wp-block-image\">\n<figure class=\"aligncenter size-large\"><img loading=\"lazy\" decoding=\"async\" width=\"700\" height=\"692\" src=\"https:\/\/echta-derminga.de\/wp-content\/uploads\/2024\/06\/Parkfeschd-700x692.png\" alt=\"\" class=\"wp-image-17473\" srcset=\"https:\/\/echta-derminga.de\/wp-content\/uploads\/2024\/06\/Parkfeschd-700x692.png 700w, https:\/\/echta-derminga.de\/wp-content\/uploads\/2024\/06\/Parkfeschd-300x297.png 300w, https:\/\/echta-derminga.de\/wp-content\/uploads\/2024\/06\/Parkfeschd-768x759.png 768w, https:\/\/echta-derminga.de\/wp-content\/uploads\/2024\/06\/Parkfeschd-90x90.png 90w, https:\/\/echta-derminga.de\/wp-content\/uploads\/2024\/06\/Parkfeschd-75x75.png 75w, https:\/\/echta-derminga.de\/wp-content\/uploads\/2024\/06\/Parkfeschd.png 948w\" sizes=\"auto, (max-width: 700px) 100vw, 700px\" \/><\/figure>\n<\/div>","protected":false},"excerpt":{"rendered":"<p>An Krisen und einer gewissen Weltuntergangsstimmung mangelt es uns diese schweren Tagen ganz bestimmt nicht. Krieg, Klimakrise, Inflation und zudem r\u00fcckt Europa immer mehr an den rechten Rand. Wohin mit dem ganzen Frust und der immer gr\u00f6\u00dfer werdenden Angst? Ganz Europa verf\u00e4llt in ein kollektives Trauma. Ganz Europa? Nicht ganz, tief im S\u00fcdwesten im Herzen des Illtals liegt ein kleines<\/p>\n","protected":false},"author":1,"featured_media":17569,"comment_status":"closed","ping_status":"closed","sticky":false,"template":"","format":"standard","meta":{"_crdt_document":"","footnotes":""},"categories":[1],"tags":[909,5,618,127,1146,1147,310],"class_list":["post-17558","post","type-post","status-publish","format-standard","has-post-thumbnail","hentry","category-allgemein","tag-bruehlpark-dirmingen","tag-dirmingen","tag-gemeinde-eppelborn","tag-landkreis-neunkirchen","tag-parek-und-strandfest-2024","tag-park-und-strandfest-2024-2","tag-saarland"],"_links":{"self":[{"href":"https:\/\/echta-derminga.de\/index.php?rest_route=\/wp\/v2\/posts\/17558","targetHints":{"allow":["GET"]}}],"collection":[{"href":"https:\/\/echta-derminga.de\/index.php?rest_route=\/wp\/v2\/posts"}],"about":[{"href":"https:\/\/echta-derminga.de\/index.php?rest_route=\/wp\/v2\/types\/post"}],"author":[{"embeddable":true,"href":"https:\/\/echta-derminga.de\/index.php?rest_route=\/wp\/v2\/users\/1"}],"replies":[{"embeddable":true,"href":"https:\/\/echta-derminga.de\/index.php?rest_route=%2Fwp%2Fv2%2Fcomments&post=17558"}],"version-history":[{"count":16,"href":"https:\/\/echta-derminga.de\/index.php?rest_route=\/wp\/v2\/posts\/17558\/revisions"}],"predecessor-version":[{"id":17586,"href":"https:\/\/echta-derminga.de\/index.php?rest_route=\/wp\/v2\/posts\/17558\/revisions\/17586"}],"wp:featuredmedia":[{"embeddable":true,"href":"https:\/\/echta-derminga.de\/index.php?rest_route=\/wp\/v2\/media\/17569"}],"wp:attachment":[{"href":"https:\/\/echta-derminga.de\/index.php?rest_route=%2Fwp%2Fv2%2Fmedia&parent=17558"}],"wp:term":[{"taxonomy":"category","embeddable":true,"href":"https:\/\/echta-derminga.de\/index.php?rest_route=%2Fwp%2Fv2%2Fcategories&post=17558"},{"taxonomy":"post_tag","embeddable":true,"href":"https:\/\/echta-derminga.de\/index.php?rest_route=%2Fwp%2Fv2%2Ftags&post=17558"}],"curies":[{"name":"wp","href":"https:\/\/api.w.org\/{rel}","templated":true}]}}