{"id":17563,"date":"2024-07-07T14:10:46","date_gmt":"2024-07-07T13:10:46","guid":{"rendered":"https:\/\/echta-derminga.de\/?p=17563"},"modified":"2024-07-07T14:11:31","modified_gmt":"2024-07-07T13:11:31","slug":"im-derminga-doerfche-do-senn-mir-dehemm-hier-liebt-ma-et-laeaewe-hat-selten-die-flemm","status":"publish","type":"post","link":"https:\/\/echta-derminga.de\/?p=17563","title":{"rendered":"&#8222;Im Derminga D\u00f6rfche, do senn mir Dehemm, hier liebt ma et L\u00e4\u00e4we, hat selten die Flemm&#8220;"},"content":{"rendered":"\n<p class=\"has-medium-font-size wp-block-paragraph\"><strong>Welche Stadt oder Dorf verf\u00fcgt schon \u00fcber eine eigene Hymne? Die Dirminger Gruppe RASTLOS ver\u00f6ffentlichte bereits ganz zu Beginn ihrer Karriere in den 1980-er Jahren die Vinyl-Single \u201dDerminga D\u00f6rfche\u201d. Mit diesem Mundart-Lied wuchs bei den Einwohnern die Identifikation mit ihrem Heimatort. &nbsp;Nach der Gr\u00fcndung der Gruppe RASTLOS wurde das Lied w\u00e4hrend eines Volksfestes im Jahre 1984 uraufgef\u00fchrt. Seitdem ist das Lied fester Bestandteil unserer Dorfidentit\u00e4t.<\/strong><\/p>\n\n\n\n<p class=\"has-medium-font-size wp-block-paragraph\">Im Jahre 1958 zogen die ersten Gruppen als Nerother Wanderv\u00f6gel durch den Hunsr\u00fcck und die Eifel. St\u00e4ndiger Begleiter war schon zu dieser Zeit die Gitarre, die Mundharmonika und die Mundorgel. Mit den Wanderungen wuchs das Repertoire an Wander-und Volksliedern. RASTLOS verk\u00f6rperten: Freud und Leid, \u00dcbermut und Wehmut, Heim- und Fernweh und nat\u00fcrlich immer auch die Sehnsucht nach harmonischer Gemeinschaft. Als aus den jungen Nerothern gestandene M\u00e4nner wurden war es an der Zeit neue Wege zu beschreiten. Die Gr\u00fcndung der Gruppe RASTLOS war nur logisch.<\/p>\n\n\n\n<p class=\"has-medium-font-size wp-block-paragraph\"><strong>Irgendwann sa\u00df man gemeinsam beim Bier, um zu erz\u00e4hlen und zu singen. Irgendwer sagte einmal: &#8220; Macht doch eine Gruppe und macht eine Platte&#8220;. Kein Problem, gesagt, getan ! Nach der Gr\u00fcndung der Gruppe wurde die erste Single auf Vinyl gepresst und der \u00d6ffentlichkeit vorgestellt. Im Jahre 1984 wurde das Lied &#8222;Derminga D\u00f6rfche&#8220; w\u00e4hrend eines S\u00e4ngerwettbewerbs auf einem Volksfest in Dirmingen vorgestellt. Die Gruppe RASTLOS gewann diesen Wettbewerb und Dirmingen hatte seine eigene Hymne.<\/strong><\/p>\n\n\n<div class=\"wp-block-image\">\n<figure class=\"aligncenter size-full\"><img loading=\"lazy\" decoding=\"async\" width=\"500\" height=\"482\" src=\"https:\/\/echta-derminga.de\/wp-content\/uploads\/2018\/08\/juzk8.jpg\" alt=\"\" class=\"wp-image-2030\" srcset=\"https:\/\/echta-derminga.de\/wp-content\/uploads\/2018\/08\/juzk8.jpg 500w, https:\/\/echta-derminga.de\/wp-content\/uploads\/2018\/08\/juzk8-300x289.jpg 300w\" sizes=\"auto, (max-width: 500px) 100vw, 500px\" \/><\/figure>\n<\/div>\n\n\n<p class=\"has-medium-font-size wp-block-paragraph\"><strong>Derminga D\u00f6rfche<\/strong><\/p>\n\n\n\n<blockquote class=\"wp-block-quote is-layout-flow wp-block-quote-is-layout-flow\">\n<p class=\"has-medium-font-size wp-block-paragraph\"><strong>Man hat et faschd mette ins Saarland gebaut an Ill und Alsbach entlang, Ein Dorf, dessen Sch\u00f6hnheit nat\u00fcrlicher Art, met em Kurort vergleiche ma kann. Ob Finkenrech, Denkmal, ob Steinrutschgebiet, Erholung on Ruhe ma fend, E Park mem e Golfplatz es aach noch do for Mamme on Babbe on Kend.<\/strong><\/p>\n<\/blockquote>\n\n\n\n<blockquote class=\"wp-block-quote is-layout-flow wp-block-quote-is-layout-flow\">\n<p class=\"has-medium-font-size wp-block-paragraph\"><strong>Dat Herz unseres Dorfes, dat weiss jedes Kend, dass es die Bierbrauerei, dort braut man schon lange nach altem Rezept das k\u00f6stliche Sch\u00e4fer -Br\u00e4u, Ein Heilwasser es es f\u00fcr alle em Ort, es jede Seele erquickt und jeden Anfang von Kummer und Schmerz schon gleich im Keime erstickt.<\/strong><\/p>\n<\/blockquote>\n\n\n\n<blockquote class=\"wp-block-quote is-layout-flow wp-block-quote-is-layout-flow\">\n<p class=\"has-medium-font-size wp-block-paragraph\"><strong>Gesch\u00e4fte on Handwerker hamma genuch, auch Kirche on Schule senn do, E Zahnarzt, e Doktor, e Psychiater sogar mache Kranke sogleich werra froh, E Musik- on e Gesangsverein, der Akkordeon-Club f\u00fcr uns spielt, so dass ein jeder in unserem Ort im Musentempel sich f\u00fchlt.<\/strong><\/p>\n<\/blockquote>\n\n\n\n<blockquote class=\"wp-block-quote is-layout-flow wp-block-quote-is-layout-flow\">\n<p class=\"has-medium-font-size wp-block-paragraph\"><strong>Auch sportlich gesehen senn mir uff der H\u00f6h, ma biet hier verschiedenes aan, Ob Fu\u00dfball, ob Handball, ob Brieftaubenzucht oder Tennis in der N\u00e4h von der Bahn. Es sp\u00fcrt ein jeder, der dieses Lied h\u00f6rt, dass leicht man sein Gl\u00fcck bei uns fend. En Derminge do es f\u00fcr alle gesorschd, f\u00fcr Mamme, Babbe und Kend.<\/strong><\/p>\n<\/blockquote>\n\n\n\n<p class=\"has-medium-font-size wp-block-paragraph\"><strong>Refrain:<\/strong><\/p>\n\n\n\n<blockquote class=\"wp-block-quote is-layout-flow wp-block-quote-is-layout-flow\">\n<p class=\"has-medium-font-size wp-block-paragraph\"><strong>Em Derminga D\u00f6rfche do senn mir dehemm, hier liebt ma es L\u00e4we, hat selten die Flemm. On brauch ma ach manchmo e Schluck Alkohol, bei uus an der Ill f\u00fchlt jeder sich wohl.<\/strong><\/p>\n<\/blockquote>\n\n\n<div class=\"wp-block-image\">\n<figure class=\"aligncenter size-full\"><img loading=\"lazy\" decoding=\"async\" width=\"450\" height=\"506\" src=\"https:\/\/echta-derminga.de\/wp-content\/uploads\/2023\/01\/Rastlos.jpg\" alt=\"\" class=\"wp-image-14554\" srcset=\"https:\/\/echta-derminga.de\/wp-content\/uploads\/2023\/01\/Rastlos.jpg 450w, https:\/\/echta-derminga.de\/wp-content\/uploads\/2023\/01\/Rastlos-267x300.jpg 267w\" sizes=\"auto, (max-width: 450px) 100vw, 450px\" \/><\/figure>\n<\/div>","protected":false},"excerpt":{"rendered":"<p>Welche Stadt oder Dorf verf\u00fcgt schon \u00fcber eine eigene Hymne? Die Dirminger Gruppe RASTLOS ver\u00f6ffentlichte bereits ganz zu Beginn ihrer Karriere in den 1980-er Jahren die Vinyl-Single \u201dDerminga D\u00f6rfche\u201d. Mit diesem Mundart-Lied wuchs bei den Einwohnern die Identifikation mit ihrem Heimatort. &nbsp;Nach der Gr\u00fcndung der Gruppe RASTLOS wurde das Lied w\u00e4hrend eines Volksfestes im Jahre 1984 uraufgef\u00fchrt. Seitdem ist das<\/p>\n","protected":false},"author":1,"featured_media":2028,"comment_status":"open","ping_status":"closed","sticky":false,"template":"","format":"standard","meta":{"_crdt_document":"","footnotes":""},"categories":[1,9,318],"tags":[39,5,618,127,38],"class_list":["post-17563","post","type-post","status-publish","format-standard","has-post-thumbnail","hentry","category-allgemein","category-dorfgetratsche","category-uff-da-schnerr","tag-derminga-doerfche","tag-dirmingen","tag-gemeinde-eppelborn","tag-landkreis-neunkirchen","tag-rastlos"],"_links":{"self":[{"href":"https:\/\/echta-derminga.de\/index.php?rest_route=\/wp\/v2\/posts\/17563","targetHints":{"allow":["GET"]}}],"collection":[{"href":"https:\/\/echta-derminga.de\/index.php?rest_route=\/wp\/v2\/posts"}],"about":[{"href":"https:\/\/echta-derminga.de\/index.php?rest_route=\/wp\/v2\/types\/post"}],"author":[{"embeddable":true,"href":"https:\/\/echta-derminga.de\/index.php?rest_route=\/wp\/v2\/users\/1"}],"replies":[{"embeddable":true,"href":"https:\/\/echta-derminga.de\/index.php?rest_route=%2Fwp%2Fv2%2Fcomments&post=17563"}],"version-history":[{"count":5,"href":"https:\/\/echta-derminga.de\/index.php?rest_route=\/wp\/v2\/posts\/17563\/revisions"}],"predecessor-version":[{"id":17568,"href":"https:\/\/echta-derminga.de\/index.php?rest_route=\/wp\/v2\/posts\/17563\/revisions\/17568"}],"wp:featuredmedia":[{"embeddable":true,"href":"https:\/\/echta-derminga.de\/index.php?rest_route=\/wp\/v2\/media\/2028"}],"wp:attachment":[{"href":"https:\/\/echta-derminga.de\/index.php?rest_route=%2Fwp%2Fv2%2Fmedia&parent=17563"}],"wp:term":[{"taxonomy":"category","embeddable":true,"href":"https:\/\/echta-derminga.de\/index.php?rest_route=%2Fwp%2Fv2%2Fcategories&post=17563"},{"taxonomy":"post_tag","embeddable":true,"href":"https:\/\/echta-derminga.de\/index.php?rest_route=%2Fwp%2Fv2%2Ftags&post=17563"}],"curies":[{"name":"wp","href":"https:\/\/api.w.org\/{rel}","templated":true}]}}