{"id":17618,"date":"2024-07-21T13:10:50","date_gmt":"2024-07-21T12:10:50","guid":{"rendered":"https:\/\/echta-derminga.de\/?p=17618"},"modified":"2024-07-21T13:10:51","modified_gmt":"2024-07-21T12:10:51","slug":"sorge-um-den-grabstein-von-konrad-schaefer-wie-wichtig-ist-uns-der-erhalt-unsere-dorfkultur","status":"publish","type":"post","link":"https:\/\/echta-derminga.de\/?p=17618","title":{"rendered":"Sorge um den Grabstein von Konrad Sch\u00e4fer &#8211; Wie wichtig ist uns der Erhalt unsere Dorfkultur ?"},"content":{"rendered":"\n<p class=\"has-medium-font-size wp-block-paragraph\"><strong>Leute, wir brauchen eine Idee !<\/strong> <strong>Ich mache mir wirklich Sorgen um den Erhalt des Grabstein des Brauereigr\u00fcnders Konrad Sch\u00e4fer.<\/strong> <strong>Der Geruch von Hopfen, Malz und Biermaische steckt immer noch in meiner Nase. Wie die meisten Einheimischen bin ich mit diesem Geruch der heimischen Sch\u00e4fer Brauerei aufgewachsen. Schon als kleiner Junge spazierte ich auf meinem Weg in den Kindergarten sorglos an dem m\u00e4chtigen Grabstein, am Kirchhang, vorbei. Sp\u00e4ter als Jugendlicher und Erwachsener nahm ich weiterhin gedankenlos meinen Weg und schenkte dem gro\u00dfen Kreuz kaum Beachtung. Im Laufe der Jahre begann ich zu hinterfragen und widmete dem Grabstein schlie\u00dflich mehr Aufmerksamkeit. Nat\u00fcrlich wurde ich schon als kleiner Junge dar\u00fcber informiert welches Grab einst dieser m\u00e4chtige Stein zierte. F\u00fcr mich pers\u00f6nlich geh\u00f6rt dieser Stein schon immer zu unserer Ortsmitte. Inzwischen nehmen jedoch immer weniger Leute von diesem Grabmal Kenntnis und gehen unbek\u00fcmmert ihren Weg.<\/strong><\/p>\n\n\n\n<p class=\"has-medium-font-size wp-block-paragraph\">F\u00fcr einen \u201eechten Dirminga\u201c geh\u00f6rt der alte Grabstein des Brauereigr\u00fcnders Konrad Sch\u00e4fer, an der evangelischen Kirche, irgendwie dazu. Das Dorf hat sich in den letzten Jahren jedoch stark ver\u00e4ndert und viele der gerade \u00e4lteren Bewohner haben uns naturgem\u00e4\u00df verlassen. Wer h\u00fctet die Geschichte der Brauerei und wer erz\u00e4hlt es den jungen oder neuen Dorfbewohnern weiter? Heute wissen viele neue Dorfbewohner nichts mit diesem historischen Grabstein anzufangen. Ich glaube, dass die wenigsten Dorfbewohner auch nichts mit dem Namen Konrad Sch\u00e4fer anfangen k\u00f6nnen. Nach der Schlie\u00dfung der Brauerei, im Jahre 1991, gibt es in unserem Heimatort inzwischen immer mehr Menschen, die unsere \u201eSch\u00e4fer Brauerei \u201c nicht kannten und denen logischerweise auch der Zusammenhang zu Konrad Sch\u00e4fer und seinem Grabstein fehlt. Meistens kommt man bei der Frage nach dem gro\u00dfen, klaffenden Loch in der Ortsmitte zu der Erkenntnis: &#8222;Aha, da war ja irgendwann mal etwas und davon hab ich mal geh\u00f6rt&#8220;. Das ganze Dilemma wurde mir bei meinen eigenen Kindern verdeutlicht. Als meine \u00e4lteste Tochter geboren wurde, war die Brauerei immerhin schon fast 5. Jahre Geschichte. Nat\u00fcrlich war ich als &#8222;Dorfpatriot&#8220; stets bem\u00fcht, meine Kinder aufzukl\u00e4ren. Ob mir das jedoch am Ende tats\u00e4chlich gelang, wird die Zukunft zeigen. Die \u00c4lteren unter uns stellen die J\u00fcngeren immer \u00f6fter vor die Frage: &#8222;Hast du \u00fcberhaupt noch Sch\u00e4fer Bier getrunken&#8220; ? Um m\u00f6glichen Irritationen vorzubauen: Ja, ich pers\u00f6nlich habe Sch\u00e4fer Bier getrunken und ich war einst auch in der Brauerei zugegen. Naturgem\u00e4\u00df verf\u00fcge ich aber aber auch \u00fcber das entsprechende Alter f\u00fcr diese Erfahrung. Es w\u00e4re unfair den j\u00fcngeren Dorfbewohnern ihre Unkenntnis vorzuwerfen. Wie aber gelingt es uns, die vorhandene Dorfkultur zu bewahren und weiterzugeben?<\/p>\n\n\n\n<div class=\"wp-block-columns is-layout-flex wp-container-core-columns-is-layout-8f761849 wp-block-columns-is-layout-flex\">\n<div class=\"wp-block-column is-layout-flow wp-block-column-is-layout-flow\">\n<figure class=\"wp-block-image size-full\"><img loading=\"lazy\" decoding=\"async\" width=\"600\" height=\"386\" src=\"https:\/\/echta-derminga.de\/wp-content\/uploads\/2019\/01\/Sch\u00e4fer-2.jpg\" alt=\"\" class=\"wp-image-3021\" srcset=\"https:\/\/echta-derminga.de\/wp-content\/uploads\/2019\/01\/Sch\u00e4fer-2.jpg 600w, https:\/\/echta-derminga.de\/wp-content\/uploads\/2019\/01\/Sch\u00e4fer-2-300x193.jpg 300w\" sizes=\"auto, (max-width: 600px) 100vw, 600px\" \/><\/figure>\n<\/div>\n\n\n\n<div class=\"wp-block-column is-layout-flow wp-block-column-is-layout-flow\">\n<figure class=\"wp-block-image size-large\"><img loading=\"lazy\" decoding=\"async\" width=\"700\" height=\"481\" src=\"https:\/\/echta-derminga.de\/wp-content\/uploads\/2024\/07\/32-700x481.jpg\" alt=\"\" class=\"wp-image-17623\" srcset=\"https:\/\/echta-derminga.de\/wp-content\/uploads\/2024\/07\/32-700x481.jpg 700w, https:\/\/echta-derminga.de\/wp-content\/uploads\/2024\/07\/32-300x206.jpg 300w, https:\/\/echta-derminga.de\/wp-content\/uploads\/2024\/07\/32-768x527.jpg 768w, https:\/\/echta-derminga.de\/wp-content\/uploads\/2024\/07\/32-1536x1055.jpg 1536w, https:\/\/echta-derminga.de\/wp-content\/uploads\/2024\/07\/32-2048x1406.jpg 2048w\" sizes=\"auto, (max-width: 700px) 100vw, 700px\" \/><\/figure>\n<\/div>\n<\/div>\n\n\n\n<p class=\"has-medium-font-size wp-block-paragraph\"><strong>Unsere historischen Quellen berichten:\u201c Am 08.Mai 1843 heiratete der 22-j\u00e4hrige Ackerer Johann Konrad Sch\u00e4fer seine gleichaltrige Braut Luise Heintz aus \u201eUnerscht Schmiddjere\u201c. Luise Heintz hatte lange Zeit in der Gastst\u00e4tte ihres Onkels Valentin gearbeitet. Diese Gastst\u00e4tte und das Haus Veltes wurde dem jungen Ehepaar von Onkel Valentin und Tante Luise geschenkt. Die Gastst\u00e4tte \u201eVeltes\u201c war zun\u00e4chst keine herk\u00f6mmliche Gastst\u00e4tte, sondern vielmehr eine Rastst\u00e4tte f\u00fcr den Fuhrverkehr. Am 07.02.1862 stellt Konrad Sch\u00e4fer an das k\u00f6nigliche B\u00fcrgermeisteramt Eppelborn den Antrag zur Errichtung einer Bierbrauerei in seinem Hause. Dem Antrag wurde im Jahre 1862 stattgegeben. Der \u00e4lteste Sohn des Conrad Sch\u00e4fer hatte Bierbrauer gelernt und braute in bescheidenem Umfang das Bier f\u00fcr die eigene Gastwirtschaft. Dies war die eigentliche Geburtsstunde der sp\u00e4teren \u201eSch\u00e4fer Brauerei\u201c. Bis zu diesem Zeitpunkt wurde das Bier im heimischen Anwesen gebraut.<\/strong><\/p>\n\n\n<div class=\"wp-block-image\">\n<figure class=\"aligncenter size-full\"><img loading=\"lazy\" decoding=\"async\" width=\"640\" height=\"476\" src=\"https:\/\/echta-derminga.de\/wp-content\/uploads\/2024\/06\/dirmingen406.jpg\" alt=\"\" class=\"wp-image-17541\" srcset=\"https:\/\/echta-derminga.de\/wp-content\/uploads\/2024\/06\/dirmingen406.jpg 640w, https:\/\/echta-derminga.de\/wp-content\/uploads\/2024\/06\/dirmingen406-300x223.jpg 300w\" sizes=\"auto, (max-width: 640px) 100vw, 640px\" \/><figcaption class=\"wp-element-caption\">Altes Veltes Haus- Heute ungef\u00e4hr Getr\u00e4nke Babu<\/figcaption><\/figure>\n<\/div>\n\n\n<p class=\"has-medium-font-size wp-block-paragraph\"><strong>Konrad Sch\u00e4fer starb am 17.Juli 1889 im Alter von 67 Jahren. Bei der Anfertigung des Grabsteines ber\u00fccksichtigte die Familie Sch\u00e4fer die W\u00fcnsche des Verstorbenen. Das Grabmal zeigt daher ein Kreuz, einen Anker und eine Rose. Diese drei Gegenst\u00e4nde symbolisieren Glaube, Hoffnung und Liebe. Hinzu findet man auf dem Grabstein einen Vers des 2. Timotheus-Briefes, der verk\u00fcndet: \u201eIch habe den guten Kampf gek\u00e4mpft, ich habe den Lauf vollendet, ich habe Glauben gehalten\u201c.<\/strong> <strong>Sch\u00f6n, orra ?<\/strong> <\/p>\n\n\n\n<div class=\"wp-block-columns is-layout-flex wp-container-core-columns-is-layout-8f761849 wp-block-columns-is-layout-flex\">\n<div class=\"wp-block-column is-layout-flow wp-block-column-is-layout-flow\">\n<figure class=\"wp-block-image size-full\"><img loading=\"lazy\" decoding=\"async\" width=\"600\" height=\"605\" src=\"https:\/\/echta-derminga.de\/wp-content\/uploads\/2019\/01\/Sch\u00e4fer-3.jpg\" alt=\"\" class=\"wp-image-3023\" srcset=\"https:\/\/echta-derminga.de\/wp-content\/uploads\/2019\/01\/Sch\u00e4fer-3.jpg 600w, https:\/\/echta-derminga.de\/wp-content\/uploads\/2019\/01\/Sch\u00e4fer-3-150x150.jpg 150w, https:\/\/echta-derminga.de\/wp-content\/uploads\/2019\/01\/Sch\u00e4fer-3-298x300.jpg 298w\" sizes=\"auto, (max-width: 600px) 100vw, 600px\" \/><\/figure>\n<\/div>\n\n\n\n<div class=\"wp-block-column is-layout-flow wp-block-column-is-layout-flow\">\n<figure class=\"wp-block-image size-full\"><img loading=\"lazy\" decoding=\"async\" width=\"600\" height=\"800\" src=\"https:\/\/echta-derminga.de\/wp-content\/uploads\/2018\/09\/444.jpg\" alt=\"\" class=\"wp-image-2114\" srcset=\"https:\/\/echta-derminga.de\/wp-content\/uploads\/2018\/09\/444.jpg 600w, https:\/\/echta-derminga.de\/wp-content\/uploads\/2018\/09\/444-225x300.jpg 225w\" sizes=\"auto, (max-width: 600px) 100vw, 600px\" \/><\/figure>\n<\/div>\n<\/div>\n\n\n\n<p class=\"has-medium-font-size wp-block-paragraph\"><strong>Zur Zeit des Brauereigr\u00fcnders lag der Friedhof noch rund um die Kirche. Heute findet man auf dem Gel\u00e4nde des ehemaligen evangelischen Kindergartens immer noch einige alte Grabsteine aus dem 19.Jahrhundert. Das urspr\u00fcngliche Grab von Konrad Sch\u00e4fer war keineswegs dort, wo es heute zu finden ist. Um es f\u00fcr die Nachwelt zu erhalten, hat man das Kreuz beim Neubau des damaligen evangelischen Kindergartens kurzerhand versetzt. Ich glaube, dass auch die Wenigsten wissen, dass die alte historische Friedhofsmauer noch heute zu sehen ist und entlang des ehemaligen evangelischen Kindergartens verl\u00e4uft.<\/strong><\/p>\n\n\n<div class=\"wp-block-image\">\n<figure class=\"aligncenter size-full\"><img loading=\"lazy\" decoding=\"async\" width=\"600\" height=\"334\" src=\"https:\/\/echta-derminga.de\/wp-content\/uploads\/2018\/09\/222.jpg\" alt=\"\" class=\"wp-image-2116\" srcset=\"https:\/\/echta-derminga.de\/wp-content\/uploads\/2018\/09\/222.jpg 600w, https:\/\/echta-derminga.de\/wp-content\/uploads\/2018\/09\/222-300x167.jpg 300w\" sizes=\"auto, (max-width: 600px) 100vw, 600px\" \/><\/figure>\n<\/div>\n\n\n<p class=\"has-medium-font-size wp-block-paragraph\">Alte Gr\u00e4ber von bekannten Pers\u00f6nlichkeiten zu erhalten ist keineswegs eine Seltenheit. Auch auf dem heutigen Friedhof befinden sich einige historische Grabsteine. Neben dem Familiengrab der Familie H\u00f6ll findet man dort au\u00dferdem das Familiengrab der Sch\u00e4fer\u2018s. Der Brauereigr\u00fcnder Konrad Sch\u00e4fer war zur Zeit der Entstehung des neuen Friedhofes schon viele Jahre verstorben. Die damalige Bev\u00f6lkerung wollte Konrad Sch\u00e4fer ein w\u00fcrdiges Andenken bewahren und lie\u00df den Grabstein neben der evangelischen Kirche stehen. Dort steht das alte Grabmal auch heute noch. Mittlerweile ist es in guter Gesellschaft. Unmittelbar vor der Kirche finden wir das Grabkreuz des evangelischen Pfarrers Wilhelm Engel und seiner Ehefrau. \u00dcber viele Jahre k\u00fcmmerte sich die Familie Br\u00fcck- Sch\u00e4fer um das historische Grabkreuz von Konrad Sch\u00e4fer. Nachdem auch die letzten Nachfahren verstorben waren, \u00fcberlie\u00df man das Kreuz seinem Schicksal.<\/p>\n\n\n\n<div class=\"wp-block-columns is-layout-flex wp-container-core-columns-is-layout-8f761849 wp-block-columns-is-layout-flex\">\n<div class=\"wp-block-column is-layout-flow wp-block-column-is-layout-flow\">\n<figure class=\"wp-block-image size-full\"><img loading=\"lazy\" decoding=\"async\" width=\"600\" height=\"450\" src=\"https:\/\/echta-derminga.de\/wp-content\/uploads\/2018\/09\/333.jpg\" alt=\"\" class=\"wp-image-2117\" srcset=\"https:\/\/echta-derminga.de\/wp-content\/uploads\/2018\/09\/333.jpg 600w, https:\/\/echta-derminga.de\/wp-content\/uploads\/2018\/09\/333-300x225.jpg 300w\" sizes=\"auto, (max-width: 600px) 100vw, 600px\" \/><\/figure>\n<\/div>\n\n\n\n<div class=\"wp-block-column is-layout-flow wp-block-column-is-layout-flow\">\n<figure class=\"wp-block-image size-large\"><img loading=\"lazy\" decoding=\"async\" width=\"700\" height=\"525\" src=\"https:\/\/echta-derminga.de\/wp-content\/uploads\/2024\/07\/zttt-1-700x525.jpg\" alt=\"\" class=\"wp-image-17648\" srcset=\"https:\/\/echta-derminga.de\/wp-content\/uploads\/2024\/07\/zttt-1-700x525.jpg 700w, https:\/\/echta-derminga.de\/wp-content\/uploads\/2024\/07\/zttt-1-300x225.jpg 300w, https:\/\/echta-derminga.de\/wp-content\/uploads\/2024\/07\/zttt-1-768x576.jpg 768w, https:\/\/echta-derminga.de\/wp-content\/uploads\/2024\/07\/zttt-1-1536x1152.jpg 1536w, https:\/\/echta-derminga.de\/wp-content\/uploads\/2024\/07\/zttt-1-2048x1536.jpg 2048w\" sizes=\"auto, (max-width: 700px) 100vw, 700px\" \/><\/figure>\n<\/div>\n<\/div>\n\n\n\n<p class=\"has-medium-font-size wp-block-paragraph\"><strong>Und nun? Was geschieht nun mit dem Kreuz. \u00dcberlassen wir es dem Verfall? Wir stehen vor der Frage, was mit dem Grabstein des verstorbenen Brauereigr\u00fcnders Konrad Sch\u00e4fer geschehen soll. Ist uns der Grabstein wichtig oder sollen wir den Stein seinem Schicksal \u00fcberlassen? Wenn wir nichts unternehmen, wird der Stein im Laufe der Zeit immer mehr zerfallen. Immerhin ist der Grabstein l\u00e4ngst nicht mehr taufrisch und der Zahn der Zeit hat seine Spuren hinterlassen. Damit kein falscher Eindruck entsteht: Der Kirchengemeinde kann man hierbei nicht die Verantwortung in die Schuhe schieben. Die Kirche hat damals der Gemeinde Dirmingen und der Familie Sch\u00e4fer erlaubt das Kreuz stehen zu lassen. Jetzt die Verantwortung abzuschieben w\u00e4re nicht in Ordnung. Nein, das Grabmal geht uns alle etwas an. Wir sollten versuchen die Erinnerung zu bewahren und den Stein zu retten. Immerhin handelt es sich bei diesem Grabmal um das letzte Erinnerungsst\u00fcck an unsere ehemalige Brauerei. Wer tr\u00e4gt jedoch die Verantwortung und wer zahlt die Rechnung einer m\u00f6glichen Sanierung des Steins? Wir k\u00f6nnen die Pflege und den Erhalt des Grabsteins nicht der Verantwortung hiesigen Kirchengemeinde \u00fcberlassen. Vermutlich wird auch Kommune bei einer Anfrage ihre H\u00e4nde in Unschuld waschen. Die Kassen sind klamm und es gibt wahrhaftig wichtigeres. Guter Rat ist teuer!<\/strong><\/p>\n\n\n\n<p class=\"has-medium-font-size wp-block-paragraph\">Seit einigen Jahren w\u00e4chst bei mir die Sorge, dass dieses historische Andenken an den Brauereigr\u00fcnder irgendwann verloren geht. Der Zeit kennt keine Gnade und die Witterung setzt dem alten Kreuz zusehends zu. Der alte Grabstein ist aus Sandstein und ben\u00f6tigt aus meiner Sicht eine dringend notwendige Denkmalpflege. Ansonsten wird der Stein uns nicht mehr bis in alle Ewigkeit erhalten bleiben. Diese Denkmalpflege kostet viel Geld und wer investiert schon gerne in die Vergangenheit? Wie gesagt, WIR brauchen eine Idee !<\/p>\n\n\n\n<div class=\"wp-block-columns is-layout-flex wp-container-core-columns-is-layout-8f761849 wp-block-columns-is-layout-flex\">\n<div class=\"wp-block-column is-layout-flow wp-block-column-is-layout-flow\">\n<figure class=\"wp-block-image size-large\"><img loading=\"lazy\" decoding=\"async\" width=\"700\" height=\"1167\" src=\"https:\/\/echta-derminga.de\/wp-content\/uploads\/2024\/07\/20150316_082548-700x1167.jpg\" alt=\"\" class=\"wp-image-17632\" srcset=\"https:\/\/echta-derminga.de\/wp-content\/uploads\/2024\/07\/20150316_082548-700x1167.jpg 700w, https:\/\/echta-derminga.de\/wp-content\/uploads\/2024\/07\/20150316_082548-180x300.jpg 180w, https:\/\/echta-derminga.de\/wp-content\/uploads\/2024\/07\/20150316_082548-768x1280.jpg 768w, https:\/\/echta-derminga.de\/wp-content\/uploads\/2024\/07\/20150316_082548-922x1536.jpg 922w, https:\/\/echta-derminga.de\/wp-content\/uploads\/2024\/07\/20150316_082548-1229x2048.jpg 1229w, https:\/\/echta-derminga.de\/wp-content\/uploads\/2024\/07\/20150316_082548-rotated.jpg 1536w\" sizes=\"auto, (max-width: 700px) 100vw, 700px\" \/><\/figure>\n<\/div>\n\n\n\n<div class=\"wp-block-column is-layout-flow wp-block-column-is-layout-flow\">\n<figure class=\"wp-block-image size-large\"><img loading=\"lazy\" decoding=\"async\" width=\"700\" height=\"1084\" src=\"https:\/\/echta-derminga.de\/wp-content\/uploads\/2024\/07\/schaefer1-700x1084.jpg\" alt=\"\" class=\"wp-image-17633\" srcset=\"https:\/\/echta-derminga.de\/wp-content\/uploads\/2024\/07\/schaefer1-700x1084.jpg 700w, https:\/\/echta-derminga.de\/wp-content\/uploads\/2024\/07\/schaefer1-194x300.jpg 194w, https:\/\/echta-derminga.de\/wp-content\/uploads\/2024\/07\/schaefer1-768x1189.jpg 768w, https:\/\/echta-derminga.de\/wp-content\/uploads\/2024\/07\/schaefer1.jpg 824w\" sizes=\"auto, (max-width: 700px) 100vw, 700px\" \/><\/figure>\n<\/div>\n<\/div>\n\n\n\n<p class=\"has-medium-font-size wp-block-paragraph\"><strong>Die \u201eSch\u00e4fer Brauerei\u201c hat unserem Heimatort einst viel Wohlstand beschert. Durch die &#8222;Sch\u00e4fer Brauerei&#8220; erhielt unser Dorf einen bundesweiten Bekanntheitsgrad. Die Familie Sch\u00e4fer stand Zeit ihres Lebens eng an der Seite der Dirminger Bev\u00f6lkerung. Dies war besonders nach dem zweiten Weltkrieg zu sp\u00fcren. Die Quelle der Brauerei versorgte damals unser Dorf mit frischem Wasser und linderten somit die schlimmste Not. Wir sollten das Andenken an dieses St\u00fcck Dirminger Geschichte bewahren. Dies sind wir der Familie Sch\u00e4fer und allen nachfolgenden Generationen schuldig.<\/strong><\/p>\n\n\n\n<p class=\"has-medium-font-size wp-block-paragraph\"><strong>Wie sagte einst der Dichter Heinrich Heine: \u201eUnter jedem Grabstein liegt eine Weltgeschichte&#8220;.<\/strong><\/p>\n\n\n\n<p class=\"has-medium-font-size wp-block-paragraph\"><strong>Ich erg\u00e4nze: \u201c\u2026.oder ein St\u00fcck Dirminger Geschichte\u201c<\/strong><\/p>\n","protected":false},"excerpt":{"rendered":"<p>Leute, wir brauchen eine Idee ! Ich mache mir wirklich Sorgen um den Erhalt des Grabstein des Brauereigr\u00fcnders Konrad Sch\u00e4fer. Der Geruch von Hopfen, Malz und Biermaische steckt immer noch in meiner Nase. Wie die meisten Einheimischen bin ich mit diesem Geruch der heimischen Sch\u00e4fer Brauerei aufgewachsen. Schon als kleiner Junge spazierte ich auf meinem Weg in den Kindergarten sorglos<\/p>\n","protected":false},"author":1,"featured_media":17644,"comment_status":"open","ping_status":"closed","sticky":false,"template":"","format":"standard","meta":{"_crdt_document":"","footnotes":""},"categories":[1,9,902,8],"tags":[5,618,1148,127,310,431],"class_list":["post-17618","post","type-post","status-publish","format-standard","has-post-thumbnail","hentry","category-allgemein","category-dorfgetratsche","category-meine-meinung","category-sellemols-und-awweile","tag-dirmingen","tag-gemeinde-eppelborn","tag-konrad-schaefer-grabmal","tag-landkreis-neunkirchen","tag-saarland","tag-schaefer-brauerei-2"],"_links":{"self":[{"href":"https:\/\/echta-derminga.de\/index.php?rest_route=\/wp\/v2\/posts\/17618","targetHints":{"allow":["GET"]}}],"collection":[{"href":"https:\/\/echta-derminga.de\/index.php?rest_route=\/wp\/v2\/posts"}],"about":[{"href":"https:\/\/echta-derminga.de\/index.php?rest_route=\/wp\/v2\/types\/post"}],"author":[{"embeddable":true,"href":"https:\/\/echta-derminga.de\/index.php?rest_route=\/wp\/v2\/users\/1"}],"replies":[{"embeddable":true,"href":"https:\/\/echta-derminga.de\/index.php?rest_route=%2Fwp%2Fv2%2Fcomments&post=17618"}],"version-history":[{"count":26,"href":"https:\/\/echta-derminga.de\/index.php?rest_route=\/wp\/v2\/posts\/17618\/revisions"}],"predecessor-version":[{"id":17654,"href":"https:\/\/echta-derminga.de\/index.php?rest_route=\/wp\/v2\/posts\/17618\/revisions\/17654"}],"wp:featuredmedia":[{"embeddable":true,"href":"https:\/\/echta-derminga.de\/index.php?rest_route=\/wp\/v2\/media\/17644"}],"wp:attachment":[{"href":"https:\/\/echta-derminga.de\/index.php?rest_route=%2Fwp%2Fv2%2Fmedia&parent=17618"}],"wp:term":[{"taxonomy":"category","embeddable":true,"href":"https:\/\/echta-derminga.de\/index.php?rest_route=%2Fwp%2Fv2%2Fcategories&post=17618"},{"taxonomy":"post_tag","embeddable":true,"href":"https:\/\/echta-derminga.de\/index.php?rest_route=%2Fwp%2Fv2%2Ftags&post=17618"}],"curies":[{"name":"wp","href":"https:\/\/api.w.org\/{rel}","templated":true}]}}