{"id":1772,"date":"2018-07-24T11:35:31","date_gmt":"2018-07-24T10:35:31","guid":{"rendered":"http:\/\/echta-derminga.de\/?p=1772"},"modified":"2018-07-24T11:48:16","modified_gmt":"2018-07-24T10:48:16","slug":"nach-dem-derminga-waldfeschd-von-guten-nachrichten-in-schweren-zeiten","status":"publish","type":"post","link":"https:\/\/echta-derminga.de\/?p=1772","title":{"rendered":"Nach dem &#8222;Derminga Waldfeschd&#8220; &#8211; Von guten Nachrichten in schweren Zeiten"},"content":{"rendered":"<p><strong>Die Zeiten sind schlecht &#8211; so sagt man, geschieht uns nur recht &#8211; so sagt man, die Miesmacher f\u00fchren wiedermal &#8211; die Regie, Ich kann sie nicht teilen diese Philosophie (Liedtext Udo J\u00fcrgens: Jetzt oder Nie )<\/strong><\/p>\n<p>Guten Morgen Welt \u2013 Urlaubszeit \u2013 Ich schlage die Augen auf und w\u00e4lze mich aus dem Bett.<\/p>\n<p>Meine Frau ist l\u00e4ngst wach und hat bereits den Kaffee gekocht. W\u00e4hrend ich ins Dorf schlendere, um mir beim \u201eZigarette Walter\u201c die Zeitung zu kaufen, begegnen mir viele nette und freundliche Gesichter. Alles ist leicht &#8211; die Sonne scheint!<\/p>\n<p>Wieder Zuhause, schlage ich die Zeitung auf und finde schon auf der Hauptseite nur schlechte Nachrichten.- Selber schuld denke ich mir, warum kaufe ich auch dieses Blatt.<\/p>\n<p><strong>Ich frage mich, wie w\u00e4re ein Tag ohne schlechte Nachrichten und ohne schlechte Energie?<\/strong><\/p>\n<p>Ich trifte ins Netz und klicke die sozialen Medien an. Es regiert der Hass! Die \u201eWut-B\u00fcrger\u201c f\u00fchren Krieg gegen die \u201eGut-menschen\u201c. Ich denke mir, was sind das f\u00fcr seltsame Schimpfw\u00f6rter und lese mir die neusten Posts und Nachrichten durch. Wieder frage ich mich, warum gibt es zu wenig gute Nachrichten. Wir brauchen mehr positive Energie. Die Miesmacher f\u00fchren die Regie!<\/p>\n<p><img loading=\"lazy\" decoding=\"async\" class=\"alignleft size-medium wp-image-1779\" src=\"https:\/\/echta-derminga.de\/wp-content\/uploads\/2018\/07\/Echt-1-1-300x225.jpg\" alt=\"\" width=\"300\" height=\"225\" srcset=\"https:\/\/echta-derminga.de\/wp-content\/uploads\/2018\/07\/Echt-1-1-300x225.jpg 300w, https:\/\/echta-derminga.de\/wp-content\/uploads\/2018\/07\/Echt-1-1-768x576.jpg 768w, https:\/\/echta-derminga.de\/wp-content\/uploads\/2018\/07\/Echt-1-1-644x483.jpg 644w, https:\/\/echta-derminga.de\/wp-content\/uploads\/2018\/07\/Echt-1-1.jpg 960w\" sizes=\"auto, (max-width: 300px) 100vw, 300px\" \/>Das \u201eDerminga Waldfeschd\u201c ist Geschichte und am Rande der diesj\u00e4hrigen Feierlichkeiten gab es viele sch\u00f6ne Momente.<\/p>\n<p>Warum reden wir so selten \u00fcber das Gute?<\/p>\n<p><strong>D&#8217;rum lass uns die Sonne fangen, dem Gl\u00fcck in die Bluse langen, Lass sie zur H\u00f6lle fahr\u2018n &#8211; die Melancholie, vor uns, da liegt so viel Zukunft, Erobern wir sie! Wir leben doch jetzt oder nie\u00a0<\/strong><strong>(Liedtext Udo J\u00fcrgens: Jetzt oder Nie )<\/strong><\/p>\n<p>Manchmal glaube ich der Mensch braucht schlechte Nachrichten um sich am Elend der Anderen zu erfreuen.<\/p>\n<p><strong>Heute nicht- Heute mache ich mir die Welt, wie sie mir gef\u00e4llt!\u00a0Ich nehme mir fest vor, dass ich heute nur gute Nachrichten und gute Energie verbreiten m\u00f6chte.<\/strong><\/p>\n<p>Als ich mir so meine Gedanken mache, l\u00e4utet das Telefon. Meine Arztpraxis meldet sich und teilt mir mit, ich soll weiterhin meine Tabletten absetzen! Das sind doch gute Nachrichten, oder?<\/p>\n<p>Das diesj\u00e4hrige \u201eDerminga Waldfeschd\u201c verlief durchaus erfolgreich. Dabei machen sich die Kulturaner seit Monaten dar\u00fcber Gedanken, wie man die eigene Bev\u00f6lkerung noch mehr f\u00fcr ein Dorffest solcher Art begeistern kann. Ist die Zeit der Dorffeste vieleicht vorbei ? <strong>Stopp ! Keine schlechte Energie !<\/strong><\/p>\n<p><strong>Am Ende war das Fest doch gut und vieles macht Hoffnung.<\/strong><\/p>\n<p><img loading=\"lazy\" decoding=\"async\" class=\"alignleft wp-image-1780 size-medium\" src=\"https:\/\/echta-derminga.de\/wp-content\/uploads\/2018\/07\/Echt-4-300x225.jpg\" alt=\"\" width=\"300\" height=\"225\" srcset=\"https:\/\/echta-derminga.de\/wp-content\/uploads\/2018\/07\/Echt-4-300x225.jpg 300w, https:\/\/echta-derminga.de\/wp-content\/uploads\/2018\/07\/Echt-4-768x576.jpg 768w, https:\/\/echta-derminga.de\/wp-content\/uploads\/2018\/07\/Echt-4-644x483.jpg 644w, https:\/\/echta-derminga.de\/wp-content\/uploads\/2018\/07\/Echt-4.jpg 800w\" sizes=\"auto, (max-width: 300px) 100vw, 300px\" \/><\/p>\n<p><strong>Ich sah Menschen die sich gerne in den Dienst der Allgemeinheit stellen und dort anpacken wo andere wegsehen. Ich sah junge Menschen die mithelfen und die echtes Interesse an unserer Dorfkultur haben. Ich sah Menschen die sich gegenseitig respektieren und gemeinsam feiern. Ich sah Menschen die den Anderen am Rand der Gesellschaft sehen und diesen auch mit einbeziehen. Nein, es ist nicht alles schlecht! Vielleicht m\u00fcssen wir lernen das Gute zu sehen und zu verstehen.<\/strong><\/p>\n<p>Ich w\u00fcnsche mir einen Tag mit ausschlie\u00dflich guten Nachrichten &#8211; Gibt es so etwas? Allen N\u00f6rglern zum trotz nehme ich mir vor, heute ausschlie\u00dflich gute Nachrichten zu verbreiten:<\/p>\n<p><em><strong>Echte gute Nachrichten:<\/strong><\/em><\/p>\n<p><strong>Top \u2013 Dirmingen:<\/strong> Das \u201eDerminga Waldfeschd\u201c wurde im Gegensatz zu der letzten Veranstaltung dieser Art gut angenommen &#8211; zu den Auf- und Abbauarbeiten meldeten sich mehr Helferinnen und Helfer an als in den Jahren zuvor &#8211; besonders erfreulich war die Mitarbeit von einigen Jugendlichen.<\/p>\n<p><strong>Top \u2013 Dirmingen:<\/strong> Die Gemeinde Eppelborn teilt mit, dass die im Jahre 2017 erfolgten Ma\u00dfnahmen nach den Starkregenereignissen 2016 gegriffen haben und das somit bei den letzten Unwetterereignissen schlimmeres verhindert wurde.<\/p>\n<p><strong>Top \u2013 Dirmingen:<\/strong> Die evangelische Kirchengemeinde Dirmingen w\u00e4hlt am Sonntag, 19.August einen neuen Pfarrer\/in &#8211; nach fast zwei Jahren endet f\u00fcr die Gemeinde somit eine schwere Zeit &#8211; die Zahl der \u00f6kumenischen Veranstaltungen in Dirmingen ist in den letzten beiden Jahren gestiegen.<\/p>\n<p><strong>Top- Dirmingen:<\/strong> Der bekannte Musiker Michael Hirte wird im November ein Konzert in der evangelischen Kirche Dirmingen geben \u2013 der Vorverkauf startet in K\u00fcrze.<\/p>\n<p><strong>Top- Dirmingen:<\/strong> An der Dirminger Grundschule werden im Herbst erstmals Jalousien an den Fenstern angebracht \u2013 somit f\u00e4llt den Kindern zuk\u00fcnftig, gerade bei gro\u00dfer Sonneneinwirkung, das Lernen leichter.<\/p>\n<p><strong>Top-Dirmingen:<\/strong> Im August wird in der Dirminger Ortsmitte ein neuer Kebab-Laden er\u00f6ffnet- dies ist endlich wieder eine gute Meldung f\u00fcr das Gewerbe in Dirmingen.<\/p>\n<p><strong>Top-Dirmingen:<\/strong> Trotz schlechter Umfragewerte der etablierten Parteien in unserem Land d\u00fcrfen sich die beiden gro\u00dfen politischen Ortsvereine in Dirmingen \u00fcber Zuwachs freuen \u2013 w\u00e4hrend der CDU Ortsverband ohnehin \u00fcber einem jungen Vorstand verf\u00fcgt, konnte der SPD Ortsverein zuletzt ebenfalls viele neue junge Mitglieder gewinnen.<\/p>\n<p><em><strong>Sport:<\/strong><\/em><\/p>\n<p><strong>Top- Dirmingen:<\/strong> Der SV Dirmingen veranstaltet am 28.Juli 2018 nach einigen Jahren endlich wieder ein Jugendturnier im Belkerstadion \u2013 zu diesem Turnier haben sich unter anderem namhafte Vereine wie z.B der 1.FC Saarbr\u00fccken oder Eintracht Trier angemeldet.<\/p>\n<p><strong>Top-Dirmingen:<\/strong> Die erste Mannschaft des SV Dirmingen nahm sich im Laufe der Vorbereitung, zur neuen Saison, Zeit f\u00fcr die eigene Kameradschaftspflege \u2013 w\u00e4hrend des diesj\u00e4hrigen \u201eWaldfeschdes\u201c zeigte das Team eine geschlossene Mannschaftsleistung.<\/p>\n<p><em><strong>Wetter:<\/strong><\/em><\/p>\n<p><strong>Top-Dirmingen:<\/strong> Der deutsche Wetterdienst sieht f\u00fcr die kommenden Tage auch f\u00fcr den S\u00fcdwesten und das Saarland ein starkes Hochdruckgebiet voraus \u2013 die n\u00e4chsten Tage werden hochsommerlich und hei\u00df \u2013 Experten prophezeien ein Rekordsommer- im Saarland werden es voraussichtlich die hei\u00dfesten Sommerferien seit Jahren werden.<\/p>\n<p><em><strong>Verkehr:<\/strong><\/em><\/p>\n<p><strong>Top -Dirmingen:<\/strong> In den n\u00e4chsten Wochen sollte sich die Verkehrssituation in der Dirminger Ortsmitte etwas entspannen- die zust\u00e4ndige Baufirma teilte mit, dass in den Sommerferien auf Sparflamme gearbeitet wird.<\/p>\n<p><img loading=\"lazy\" decoding=\"async\" class=\"alignleft size-medium wp-image-1781\" src=\"https:\/\/echta-derminga.de\/wp-content\/uploads\/2018\/07\/Echt-3-300x225.jpg\" alt=\"\" width=\"300\" height=\"225\" srcset=\"https:\/\/echta-derminga.de\/wp-content\/uploads\/2018\/07\/Echt-3-300x225.jpg 300w, https:\/\/echta-derminga.de\/wp-content\/uploads\/2018\/07\/Echt-3-768x576.jpg 768w, https:\/\/echta-derminga.de\/wp-content\/uploads\/2018\/07\/Echt-3-644x483.jpg 644w, https:\/\/echta-derminga.de\/wp-content\/uploads\/2018\/07\/Echt-3.jpg 800w\" sizes=\"auto, (max-width: 300px) 100vw, 300px\" \/><em>Die Welt k\u00f6nnte so sch\u00f6n sein, wenn wir es nur wollen!<\/em><\/p>\n<p><strong>Wir m\u00fcssen das Fliegen wagen, dann wird uns der Mut auch tragen, Und wenn vor uns Wolken sind &#8211; vertreiben wir sie, Und wenn mal was schiefgeht, na dann, c&#8217;est la vie (Liedtext Udo J\u00fcrgens: Jetzt oder Nie )<\/strong><\/p>\n<p>Ich w\u00fcnsche allen ECHTEN DERMINGA und allen Freunden eine sch\u00f6ne, entspannte, sonnige und sorgenfreie Zeit. Lasst die Sonne in das Herz !<\/p>\n<p>In diesem Zusammenhang f\u00e4llt mir ein Lied von Hermann van Veen ein.<\/p>\n<p>Anh\u00f6ren, Lesen und nachdenken kann nicht schaden:<\/p>\n<p><em><strong>Die Bombe f\u00e4llt nie: ( Text und Musik: Herman van Veen)<\/strong><\/em><\/p>\n<p>Die Nachricht warf mich aus dem Gleis<br \/>\nMir zittern noch vor Schreck die Knie<br \/>\nSoeben las ich schwarz auf wei\u00df<br \/>\nDie Bombe f\u00e4llt nie<br \/>\nHat das nicht schlimme Konsequenzen?<br \/>\nDie Zukunft hatte bislang grenzen<br \/>\nDoch wenn man wieder planen kann<br \/>\nWas f\u00e4ngt man mit der Zukunft an?<\/p>\n<p>Wir f\u00fchlten uns ganz sch\u00f6n bedroht<br \/>\nUnd das, wei\u00df Gott, nicht ohne Grund<br \/>\nUnd nun schreibt pl\u00f6tzlich ein Idiot<br \/>\nDie ganze Welt ist kerngesund<\/p>\n<p>Hei\u00dft das, es gibt jetzt doch ein Morgen?<br \/>\nDamit verbunden, neue Sorgen<br \/>\nIrrt nun der Mensch ziellos umher<br \/>\nSo wie ein Lemming ohne Meer?<\/p>\n<p>Die Welt ist auf den Kopf gestellt<br \/>\nDurch diesen schrecklichen Bericht<br \/>\nDenn, wenn die Bombe doch nie f\u00e4llt<br \/>\nBringt uns das aus dem Gleichgewicht<\/p>\n<p>Jetzt wird mir wieder angst und bang&#8216;<br \/>\nwo f\u00fchrt das hin, wo geht &#8217;s jetzt lang?<br \/>\nWo bleibt die Lust am Untergang?<\/p>\n","protected":false},"excerpt":{"rendered":"<p>Die Zeiten sind schlecht &#8211; so sagt man, geschieht uns nur recht &#8211; so sagt man, die Miesmacher f\u00fchren wiedermal &#8211; die Regie, Ich kann sie nicht teilen diese Philosophie (Liedtext Udo J\u00fcrgens: Jetzt oder Nie ) Guten Morgen Welt \u2013 Urlaubszeit \u2013 Ich schlage die Augen auf und w\u00e4lze mich aus dem Bett. Meine Frau ist l\u00e4ngst wach und<\/p>\n","protected":false},"author":1,"featured_media":1778,"comment_status":"closed","ping_status":"closed","sticky":false,"template":"","format":"standard","meta":{"_crdt_document":"","footnotes":""},"categories":[1,9,100],"tags":[5,359,355,361,357,356,360,358],"class_list":["post-1772","post","type-post","status-publish","format-standard","has-post-thumbnail","hentry","category-allgemein","category-dorfgetratsche","category-meine-kulturaner","tag-dirmingen","tag-dorffest","tag-dorfkultur","tag-kulturaner","tag-nachrichten","tag-waldfeschd","tag-waldfest","tag-zukunft"],"_links":{"self":[{"href":"https:\/\/echta-derminga.de\/index.php?rest_route=\/wp\/v2\/posts\/1772","targetHints":{"allow":["GET"]}}],"collection":[{"href":"https:\/\/echta-derminga.de\/index.php?rest_route=\/wp\/v2\/posts"}],"about":[{"href":"https:\/\/echta-derminga.de\/index.php?rest_route=\/wp\/v2\/types\/post"}],"author":[{"embeddable":true,"href":"https:\/\/echta-derminga.de\/index.php?rest_route=\/wp\/v2\/users\/1"}],"replies":[{"embeddable":true,"href":"https:\/\/echta-derminga.de\/index.php?rest_route=%2Fwp%2Fv2%2Fcomments&post=1772"}],"version-history":[{"count":12,"href":"https:\/\/echta-derminga.de\/index.php?rest_route=\/wp\/v2\/posts\/1772\/revisions"}],"predecessor-version":[{"id":1793,"href":"https:\/\/echta-derminga.de\/index.php?rest_route=\/wp\/v2\/posts\/1772\/revisions\/1793"}],"wp:featuredmedia":[{"embeddable":true,"href":"https:\/\/echta-derminga.de\/index.php?rest_route=\/wp\/v2\/media\/1778"}],"wp:attachment":[{"href":"https:\/\/echta-derminga.de\/index.php?rest_route=%2Fwp%2Fv2%2Fmedia&parent=1772"}],"wp:term":[{"taxonomy":"category","embeddable":true,"href":"https:\/\/echta-derminga.de\/index.php?rest_route=%2Fwp%2Fv2%2Fcategories&post=1772"},{"taxonomy":"post_tag","embeddable":true,"href":"https:\/\/echta-derminga.de\/index.php?rest_route=%2Fwp%2Fv2%2Ftags&post=1772"}],"curies":[{"name":"wp","href":"https:\/\/api.w.org\/{rel}","templated":true}]}}