{"id":17722,"date":"2024-08-14T14:24:33","date_gmt":"2024-08-14T13:24:33","guid":{"rendered":"https:\/\/echta-derminga.de\/?p=17722"},"modified":"2024-08-14T14:30:30","modified_gmt":"2024-08-14T13:30:30","slug":"baustoffe-hell-schreibt-nach-ueber-125-jahre-ihre-eigene-erfolgsgeschichte","status":"publish","type":"post","link":"https:\/\/echta-derminga.de\/?p=17722","title":{"rendered":"Baustoffe Hell schreibt nach \u00fcber 125 Jahre ihre eigene Erfolgsgeschichte"},"content":{"rendered":"\n<p class=\"has-medium-font-size wp-block-paragraph\"><strong>Das \u00f6rtliche Gewerbe leidet seit Jahrzehnten unter dem Konkurrenzkampf mit den gro\u00dfen Unternehmen dieses Landes. In Dirmingen gibt es gottlob noch einige wenige Betriebe die dem Druck Standhalten k\u00f6nnen und mit guter Qualit\u00e4t ihre Kunden \u00fcberzeugen. Das Unternehmen &#8222;Baustoffe Hell&#8220; leistet seit \u00fcber 125 Jahren wichtige Arbeit und st\u00e4rkt ganz nebenbei die vorhandene Infrastruktur unseres Heimatortes. Es lohnt sich einen Blick auf die Geschichte und Entwicklung des Familienunternehmens zu werfen.<\/strong><\/p>\n\n\n\n<p class=\"has-medium-font-size wp-block-paragraph\">Johann Valentin Hell, geboren am 02.05.1849 gr\u00fcndet im Jahre 1897 eine Baumaterialien-. Kunstd\u00fcnger- und Kohlehandlung. Hell war ein pensionierter Bergmann und Gastwirt. Mit ihm begann die Geschichte des Dirminger Familienunternehmens. Im selben Jahr (15.05.1897) wurde die Eisenbahnlinie \u2013Illtalbahn- er\u00f6ffnet. Beste Voraussetzungen f\u00fcr die junge Firma, deren Firmengel\u00e4nde in direkter Nachbarschaft zum neuen Bahnhof Dirmingen liegt.&nbsp;Der Bahnhof Dirmingen und somit auch die Firma Valentin Hell entwickelten sich im Laufe der Jahre schnell zum Umschlagplatz f\u00fcr die umliegenden Ortschaften (Marpingen, Berschweiler und Urexweiler) &nbsp;<\/p>\n\n\n\n<p class=\"has-text-align-left has-medium-font-size wp-block-paragraph\"><strong>Valentin Hell, geboren am 13.11.1873, \u00fcbernimmt nach 10 Jahren, im Januar 1907, den v\u00e4terlichen Betrieb. Aus dem Notariatsvertrag vom 02.12.1906 geht hervor, dass er seinen Eltern eine Rente von 20% des Reingewinns aber mindestens 600RM monatlich zu zahlen hatte. Im Jahr 1906 wurde es zur Pflicht, Firmen ins Handelsregister einzutragen. So wurde am 15.05.1906 die Firma im Handelsregister in Tholey eingetragen. Mit der Handelsregisternummer 15 und dem Firmennamen:&nbsp;\u201eValentin Hell, Baumaterialien-, Kunstd\u00fcnger- und Kohlehandlung in Dirmingen\u201c<\/strong><\/p>\n\n\n<div class=\"wp-block-image\">\n<figure class=\"aligncenter size-large\"><img loading=\"lazy\" decoding=\"async\" width=\"700\" height=\"494\" src=\"https:\/\/echta-derminga.de\/wp-content\/uploads\/2024\/08\/Firmengelaendeca1920-1-700x494.png\" alt=\"\" class=\"wp-image-17739\" srcset=\"https:\/\/echta-derminga.de\/wp-content\/uploads\/2024\/08\/Firmengelaendeca1920-1-700x494.png 700w, https:\/\/echta-derminga.de\/wp-content\/uploads\/2024\/08\/Firmengelaendeca1920-1-300x212.png 300w, https:\/\/echta-derminga.de\/wp-content\/uploads\/2024\/08\/Firmengelaendeca1920-1-768x541.png 768w, https:\/\/echta-derminga.de\/wp-content\/uploads\/2024\/08\/Firmengelaendeca1920-1-1536x1083.png 1536w, https:\/\/echta-derminga.de\/wp-content\/uploads\/2024\/08\/Firmengelaendeca1920-1.png 1868w\" sizes=\"auto, (max-width: 700px) 100vw, 700px\" \/><\/figure>\n<\/div>\n\n\n<p class=\"has-medium-font-size wp-block-paragraph\">Mit 61 Jahren verstarb Valentin Hell unerwartet am 02.04.1934 und so \u00fcbernahm sein Sohn Erich Otto, geboren am 20.09.1904, die Leitung der Firma.&nbsp;Er hatte die schwierige Aufgabe die Firma durch den 2. Weltkrieg zu f\u00fchren und die schwere Zeit danach. Nach dem Krieg waren nicht nur die Gesch\u00e4ftsgeb\u00e4ude verfallen sondern alle Baumaterialien wurden zum Wiederaufbau der besch\u00e4digten Wohngeb\u00e4ude in Dirmingen beschlagnahmt. Die Not der Bev\u00f6lkerung hatte nat\u00fcrlich Vorrang. Zum Gl\u00fcck sorgte die langj\u00e4hrige Erfahrung Erich Ottos daf\u00fcr, dass nach und nach wieder gen\u00fcgend Baumaterial und Baumaschinen zur Verf\u00fcgung standen um den Betrieb der Firma wieder aufzunehmen. Die M\u00fchen und N\u00f6te dieser Zeit kann man sich heute nicht mehr vorstellen. Die N\u00e4he zur Dorfgemeinschaft hat seit vielen Jahren einen hohen Stellenwert f\u00fcr das Familienunternehmen. Auf verschiedene Art und Weise werden immer wieder die verschiedenen Aktivit\u00e4ten im Dorf unterst\u00fctzt.<\/p>\n\n\n<div class=\"wp-block-image\">\n<figure class=\"aligncenter size-large\"><img loading=\"lazy\" decoding=\"async\" width=\"700\" height=\"775\" src=\"https:\/\/echta-derminga.de\/wp-content\/uploads\/2024\/08\/Zeitungsbericht100Jahre3-700x775.jpg\" alt=\"\" class=\"wp-image-17730\" srcset=\"https:\/\/echta-derminga.de\/wp-content\/uploads\/2024\/08\/Zeitungsbericht100Jahre3-700x775.jpg 700w, https:\/\/echta-derminga.de\/wp-content\/uploads\/2024\/08\/Zeitungsbericht100Jahre3-271x300.jpg 271w, https:\/\/echta-derminga.de\/wp-content\/uploads\/2024\/08\/Zeitungsbericht100Jahre3-768x851.jpg 768w, https:\/\/echta-derminga.de\/wp-content\/uploads\/2024\/08\/Zeitungsbericht100Jahre3-1387x1536.jpg 1387w, https:\/\/echta-derminga.de\/wp-content\/uploads\/2024\/08\/Zeitungsbericht100Jahre3.jpg 1439w\" sizes=\"auto, (max-width: 700px) 100vw, 700px\" \/><\/figure>\n<\/div>\n\n\n<p class=\"has-medium-font-size wp-block-paragraph\"><strong>Im Jahr 1971 \u00fcbernahm Erich Valentin Hell, geboren am 13.08.1937, die Firma die sein Vater nun seit 34 Jahren f\u00fchrte. Sein Leitsatz \u201eKein Wachstum und Gewinn ohne Investition und Engagement\u201c nahm Erich Valentin Hell ernst und begann noch im Jahr darauf mit dem Bau einer neuen Halle und vergr\u00f6\u00dferte die Grenzen des Grundst\u00fcckes um mehr Lagerfl\u00e4che zu erzeugen.<\/strong><\/p>\n\n\n<div class=\"wp-block-image\">\n<figure class=\"aligncenter size-large\"><img loading=\"lazy\" decoding=\"async\" width=\"700\" height=\"473\" src=\"https:\/\/echta-derminga.de\/wp-content\/uploads\/2024\/08\/ErichundGuido1984-700x473.png\" alt=\"\" class=\"wp-image-17729\" srcset=\"https:\/\/echta-derminga.de\/wp-content\/uploads\/2024\/08\/ErichundGuido1984-700x473.png 700w, https:\/\/echta-derminga.de\/wp-content\/uploads\/2024\/08\/ErichundGuido1984-300x203.png 300w, https:\/\/echta-derminga.de\/wp-content\/uploads\/2024\/08\/ErichundGuido1984-768x519.png 768w, https:\/\/echta-derminga.de\/wp-content\/uploads\/2024\/08\/ErichundGuido1984-1536x1038.png 1536w, https:\/\/echta-derminga.de\/wp-content\/uploads\/2024\/08\/ErichundGuido1984.png 1920w\" sizes=\"auto, (max-width: 700px) 100vw, 700px\" \/><\/figure>\n<\/div>\n\n\n<p class=\"has-medium-font-size wp-block-paragraph\">Am 1. September 1978 beginnt Guido Valentin Hell im Betrieb seines Vaters die Ausbildung zum Gro\u00df- und Einzelh\u00e4ndler, welche er 1981 erfolgreich beendet. Schon in j\u00fcngeren Jahren Guido Hell nach der Schule immer wieder in der der Firma zu finden. <\/p>\n\n\n\n<p class=\"has-medium-font-size wp-block-paragraph\"><strong>Nach einem verheerenden Brand im Jahre 1979 auf dem Firmengel\u00e4nde, der diverse Unterst\u00e4nde und Lagerfl\u00e4chen samt Material zerst\u00f6rte, &nbsp;blieb Erich Valentin Hell keine Wahl, als mit Hilfe seiner Angestellten, Vereinskollegen und Freunden eine neue Lagerhalle wieder aufzubauen.<\/strong> <strong>Ich pers\u00f6nlich kann mich noch sehr gut an diesen schlimmen Brandt erinnern. F\u00fcr unsere Feuerwehr bildete das \u00dcbergreifen auf einen \u00d6ltank die gr\u00f6\u00dfte Gefahr.<\/strong><\/p>\n\n\n\n<div class=\"wp-block-columns is-layout-flex wp-container-core-columns-is-layout-8f761849 wp-block-columns-is-layout-flex\">\n<div class=\"wp-block-column is-layout-flow wp-block-column-is-layout-flow\">\n<figure class=\"wp-block-image size-large\"><img loading=\"lazy\" decoding=\"async\" width=\"700\" height=\"479\" src=\"https:\/\/echta-derminga.de\/wp-content\/uploads\/2024\/08\/Brand1980-700x479.png\" alt=\"\" class=\"wp-image-17732\" srcset=\"https:\/\/echta-derminga.de\/wp-content\/uploads\/2024\/08\/Brand1980-700x479.png 700w, https:\/\/echta-derminga.de\/wp-content\/uploads\/2024\/08\/Brand1980-300x205.png 300w, https:\/\/echta-derminga.de\/wp-content\/uploads\/2024\/08\/Brand1980-768x526.png 768w, https:\/\/echta-derminga.de\/wp-content\/uploads\/2024\/08\/Brand1980-1536x1051.png 1536w, https:\/\/echta-derminga.de\/wp-content\/uploads\/2024\/08\/Brand1980-2048x1402.png 2048w\" sizes=\"auto, (max-width: 700px) 100vw, 700px\" \/><\/figure>\n<\/div>\n\n\n\n<div class=\"wp-block-column is-layout-flow wp-block-column-is-layout-flow\">\n<figure class=\"wp-block-image size-large\"><img loading=\"lazy\" decoding=\"async\" width=\"700\" height=\"461\" src=\"https:\/\/echta-derminga.de\/wp-content\/uploads\/2024\/08\/BauneueHalle-700x461.png\" alt=\"\" class=\"wp-image-17733\" srcset=\"https:\/\/echta-derminga.de\/wp-content\/uploads\/2024\/08\/BauneueHalle-700x461.png 700w, https:\/\/echta-derminga.de\/wp-content\/uploads\/2024\/08\/BauneueHalle-300x198.png 300w, https:\/\/echta-derminga.de\/wp-content\/uploads\/2024\/08\/BauneueHalle-768x506.png 768w, https:\/\/echta-derminga.de\/wp-content\/uploads\/2024\/08\/BauneueHalle-1536x1012.png 1536w, https:\/\/echta-derminga.de\/wp-content\/uploads\/2024\/08\/BauneueHalle-2048x1350.png 2048w\" sizes=\"auto, (max-width: 700px) 100vw, 700px\" \/><\/figure>\n<\/div>\n<\/div>\n\n\n\n<p class=\"has-medium-font-size wp-block-paragraph\">Schon w\u00e4hrend seines Wehrdienstes bei den Fallschirmj\u00e4gern steigt Guido Valentin Hell in den v\u00e4terlichen Betrieb ein um seinem Vater unter die Arme zu greifen und seine Erfahrungen zu sammeln. Als er dann 1983 seinen Dienst beendete widmete er sich Vollzeit dem Familienunternehmen Baustoffe Hell. Am 01.07.1983 trat Guido Hell die Stelle als Gesch\u00e4ftsf\u00fchrer an. Doch vom Lagerarbeiter \u00fcber den LKW-Fahrer bis hin zum Verkauf und der Buchhaltung arbeitete er in allen Positionen.<\/p>\n\n\n\n<p class=\"has-medium-font-size wp-block-paragraph\"><strong>Durch den Kauf des alten Bahnhofgeb\u00e4udes, mit dem umliegenden Grundst\u00fcck, wurden die Grenzen der Firma ein letztes mal erweitert. Im Jahr 1988 entschied sich Guido Valentin Hell neben der Position als Gesch\u00e4ftsf\u00fchrer noch ein Studium als Betriebswirt zu beginnen. Nebenberuflich beendet er erfolgreich sein Studium 1991 mit einem Diplom. Mit dem neu erlernten Wissen war er bestens gewappnet die Firma seines Vaters in G\u00e4nze zu \u00fcbernehmen.<\/strong><\/p>\n\n\n\n<p class=\"has-medium-font-size wp-block-paragraph\">Durch den neu gewonnen Platz auf dem Firmengel\u00e4nde entschieden sich Erich Valentin Hell und sein Sohn Guido Valentin einen neuen Baumarkt zu bauen. Im Fr\u00fchjahr 1994 wurde der Grundstein daf\u00fcr gelegt. Schon im September konnte schon die Neuer\u00f6ffnung des Baustoff-Fachmarktes gefeiert werden.<\/p>\n\n\n<div class=\"wp-block-image\">\n<figure class=\"aligncenter size-large\"><img loading=\"lazy\" decoding=\"async\" width=\"700\" height=\"492\" src=\"https:\/\/echta-derminga.de\/wp-content\/uploads\/2024\/08\/EroeffnungBaumarkt003-700x492.png\" alt=\"\" class=\"wp-image-17734\" srcset=\"https:\/\/echta-derminga.de\/wp-content\/uploads\/2024\/08\/EroeffnungBaumarkt003-700x492.png 700w, https:\/\/echta-derminga.de\/wp-content\/uploads\/2024\/08\/EroeffnungBaumarkt003-300x211.png 300w, https:\/\/echta-derminga.de\/wp-content\/uploads\/2024\/08\/EroeffnungBaumarkt003-768x540.png 768w, https:\/\/echta-derminga.de\/wp-content\/uploads\/2024\/08\/EroeffnungBaumarkt003.png 976w\" sizes=\"auto, (max-width: 700px) 100vw, 700px\" \/><\/figure>\n<\/div>\n\n\n<p class=\"has-medium-font-size wp-block-paragraph\"><strong>Am 15.08.1997 Feiert die Firma Valentin Hell ihr 100 J\u00e4hriges Bestehen. Wie es der Zufall will wird Erich Valentin Hell an diesem Tage auch noch 60 Jahre alt und so wird es zu einer gro\u00dfen Feier. Alle Geschenke spendet Erich Valentin Hell. Beispielsweise zum Neubau eines Spielplatzes in Dirmingen, aber auch die Kinderhilfe bekommt eine Spende. Gefeiert wurde auf dem gesamten Betriebsgel\u00e4nde, samt Ausstellung des Fuhrparks sowie Sonderausstellungen verschiedenster Lieferanten. <\/strong><\/p>\n\n\n\n<p class=\"has-medium-font-size wp-block-paragraph\" id=\"isPasted\">Nach \u00fcber 36 Jahren \u00fcbergab Erich Valentin Hell die Firma am 5. Januar 2007 an seinen Sohn Guido Valentin Hell. Erich Valentin Hell blieb aber weiterhin im Betrieb und unterst\u00fctzt nach Leibeskr\u00e4ften. Noch im selben Jahr tritt Guido Valentin Hell dem H\u00e4ndlerverband ZEB &#8211; Zentral Einkauf f\u00fcr Baubedarf &#8211; aus Paderborn bei. In dem das Unternehmen bis heute aktiv Mitglied ist. Somit wurde das Warenangebot und die Gestaltung der Verkaufspreise konkurrenzf\u00e4higer und die Ums\u00e4tze konnten gesteigert werden. <\/p>\n\n\n<div class=\"wp-block-image\">\n<figure class=\"aligncenter size-large\"><img loading=\"lazy\" decoding=\"async\" width=\"700\" height=\"478\" src=\"https:\/\/echta-derminga.de\/wp-content\/uploads\/2024\/08\/Acrtos2022-700x478.jpg\" alt=\"\" class=\"wp-image-17735\" srcset=\"https:\/\/echta-derminga.de\/wp-content\/uploads\/2024\/08\/Acrtos2022-700x478.jpg 700w, https:\/\/echta-derminga.de\/wp-content\/uploads\/2024\/08\/Acrtos2022-300x205.jpg 300w, https:\/\/echta-derminga.de\/wp-content\/uploads\/2024\/08\/Acrtos2022-768x524.jpg 768w, https:\/\/echta-derminga.de\/wp-content\/uploads\/2024\/08\/Acrtos2022.jpg 873w\" sizes=\"auto, (max-width: 700px) 100vw, 700px\" \/><\/figure>\n<\/div>\n\n\n<p class=\"has-medium-font-size wp-block-paragraph\" id=\"isPasted\"><strong>Am 01.05.2017 stieg mit Simon Valentin Hell, nach dem absolvierten Bauingenieursstudium, dass j\u00fcngste Familienmitglied in das Unternehmen ein. Aufgrund seiner Erfahrung im Familienbetrieb fand Simon Hell sofort seinen festen Platz und wurde gleich zum wichtigen Bestandteil des Teams.&nbsp;Um die Firma Zukunftsf\u00e4hig zu halten hat sich Guido Valentin Hell dazu entschieden Schritt f\u00fcr Schritt den Fuhrpark zu erneuern. Die erste Investition war ein Kranfahrzeug. Ein Jahr sp\u00e4ter folgte mit einer weiteren Investition ein Kipper. <\/strong><\/p>\n\n\n\n<p class=\"has-medium-font-size wp-block-paragraph\">Nach den Schwierigkeiten die die Corona-Pandemie mit sich brachte, entschloss sich Guido Hell dazu mal wieder eine Fest zu feiern. Er musste auch nicht lange suchen, denn das n\u00e4chste Jubil\u00e4um stand an. Die 125 Jahr Feier war als Idee geboren. Um seinen Vater zu ehren w\u00e4hlte er den Geburtstag wie auch schon bei der 100 Jahr Feier aus.&nbsp;Wie auch schon beim letzte Jubil\u00e4um zeigte sich die Firma Valentin Hell von ihrer besten Seite.<\/p>\n\n\n<div class=\"wp-block-image\">\n<figure class=\"aligncenter size-large\"><img loading=\"lazy\" decoding=\"async\" width=\"700\" height=\"462\" src=\"https:\/\/echta-derminga.de\/wp-content\/uploads\/2024\/08\/Luftbild-Kopie-700x462.jpg\" alt=\"\" class=\"wp-image-17737\" srcset=\"https:\/\/echta-derminga.de\/wp-content\/uploads\/2024\/08\/Luftbild-Kopie-700x462.jpg 700w, https:\/\/echta-derminga.de\/wp-content\/uploads\/2024\/08\/Luftbild-Kopie-300x198.jpg 300w, https:\/\/echta-derminga.de\/wp-content\/uploads\/2024\/08\/Luftbild-Kopie-768x507.jpg 768w, https:\/\/echta-derminga.de\/wp-content\/uploads\/2024\/08\/Luftbild-Kopie.jpg 1396w\" sizes=\"auto, (max-width: 700px) 100vw, 700px\" \/><\/figure>\n<\/div>\n\n\n<p class=\"has-medium-font-size wp-block-paragraph\"><strong>Heute stellt die Firma &#8222;Baustoffe Hell&#8220; das \u00e4lteste Familienunternehmen von Dirmingen. Die Menschen in unserem Heimatort k\u00f6nnen sich gl\u00fccklich sch\u00e4tzen ein solches Unternehmen im eigenen Ort aufzufinden. Die Firma Baustoffe Hell beweist tagt\u00e4glich, dass Qualit\u00e4t und Kundenn\u00e4he sich auf Dauer immer noch durchsetzen k\u00f6nnen. Gut so !<\/strong><\/p>\n\n\n\n<p class=\"has-white-color has-primary-background-color has-text-color has-background has-link-color has-medium-font-size wp-elements-59f9d7314b04708e66b00ca4d7bd98ca wp-block-paragraph\"><strong>Die Informationen und Bilder zu diesem Blog stammten zu gr\u00f6\u00dftenteils von der Homepage des Unternehmens Baustoffe Hell<\/strong>: <a href=\"https:\/\/www.baustoffe-hell.de\/\">https:\/\/www.baustoffe-hell.de\/<\/a><\/p>\n","protected":false},"excerpt":{"rendered":"<p>Das \u00f6rtliche Gewerbe leidet seit Jahrzehnten unter dem Konkurrenzkampf mit den gro\u00dfen Unternehmen dieses Landes. In Dirmingen gibt es gottlob noch einige wenige Betriebe die dem Druck Standhalten k\u00f6nnen und mit guter Qualit\u00e4t ihre Kunden \u00fcberzeugen. Das Unternehmen &#8222;Baustoffe Hell&#8220; leistet seit \u00fcber 125 Jahren wichtige Arbeit und st\u00e4rkt ganz nebenbei die vorhandene Infrastruktur unseres Heimatortes. Es lohnt sich einen<\/p>\n","protected":false},"author":1,"featured_media":17726,"comment_status":"closed","ping_status":"closed","sticky":false,"template":"","format":"standard","meta":{"_crdt_document":"","footnotes":""},"categories":[1,9,8],"tags":[],"class_list":["post-17722","post","type-post","status-publish","format-standard","has-post-thumbnail","hentry","category-allgemein","category-dorfgetratsche","category-sellemols-und-awweile"],"_links":{"self":[{"href":"https:\/\/echta-derminga.de\/index.php?rest_route=\/wp\/v2\/posts\/17722","targetHints":{"allow":["GET"]}}],"collection":[{"href":"https:\/\/echta-derminga.de\/index.php?rest_route=\/wp\/v2\/posts"}],"about":[{"href":"https:\/\/echta-derminga.de\/index.php?rest_route=\/wp\/v2\/types\/post"}],"author":[{"embeddable":true,"href":"https:\/\/echta-derminga.de\/index.php?rest_route=\/wp\/v2\/users\/1"}],"replies":[{"embeddable":true,"href":"https:\/\/echta-derminga.de\/index.php?rest_route=%2Fwp%2Fv2%2Fcomments&post=17722"}],"version-history":[{"count":11,"href":"https:\/\/echta-derminga.de\/index.php?rest_route=\/wp\/v2\/posts\/17722\/revisions"}],"predecessor-version":[{"id":17746,"href":"https:\/\/echta-derminga.de\/index.php?rest_route=\/wp\/v2\/posts\/17722\/revisions\/17746"}],"wp:featuredmedia":[{"embeddable":true,"href":"https:\/\/echta-derminga.de\/index.php?rest_route=\/wp\/v2\/media\/17726"}],"wp:attachment":[{"href":"https:\/\/echta-derminga.de\/index.php?rest_route=%2Fwp%2Fv2%2Fmedia&parent=17722"}],"wp:term":[{"taxonomy":"category","embeddable":true,"href":"https:\/\/echta-derminga.de\/index.php?rest_route=%2Fwp%2Fv2%2Fcategories&post=17722"},{"taxonomy":"post_tag","embeddable":true,"href":"https:\/\/echta-derminga.de\/index.php?rest_route=%2Fwp%2Fv2%2Ftags&post=17722"}],"curies":[{"name":"wp","href":"https:\/\/api.w.org\/{rel}","templated":true}]}}