{"id":17761,"date":"2024-08-19T12:54:38","date_gmt":"2024-08-19T11:54:38","guid":{"rendered":"https:\/\/echta-derminga.de\/?p=17761"},"modified":"2024-08-20T09:36:47","modified_gmt":"2024-08-20T08:36:47","slug":"in-sachen-ortsvorsteher-von-einem-aufregenden-schulbeginn-einem-neuen-ortsrat-und-vielen-wichtigen-terminen","status":"publish","type":"post","link":"https:\/\/echta-derminga.de\/?p=17761","title":{"rendered":"In Sachen Ortsvorsteher: Von einem aufregenden Schulbeginn, einem neuen Ortsrat und vielen wichtigen Terminen"},"content":{"rendered":"\n<p class=\"has-medium-font-size wp-block-paragraph\">Die Sommerferien neigen sich dem Ende zu und am Montag, 26. August beginnt f\u00fcr die Sch\u00fclerinnen und Sch\u00fcler unseres Bundeslandes wieder der Schulalltag. Zeitgleich werden viele neue ABC- Sch\u00fctzen neu eingeschult. F\u00fcr die Kinder und deren Familien ganz bestimmt ein aufregender Tag. Mit dem Ende der Schulferien beginnt f\u00fcr unsere Dorfgemeinschaft eine ereignisreiche Zeit. Bekannterweise finden gerade im Sp\u00e4tsommer und zu Herbstbeginn zahlreiche Veranstaltungen in Dirmingen und unserer Heimatgemeinde statt. Viel Spa\u00df und Erfolg bei allem was Sie vor haben zu tun.<\/p>\n\n\n\n<p class=\"has-medium-font-size wp-block-paragraph\"><strong>Alles Gute zum Schulbeginn !<\/strong><\/p>\n\n\n\n<p class=\"has-medium-font-size wp-block-paragraph\">Der erste Schultag ist nicht nur f\u00fcr die Kinder, sondern auch f\u00fcr die ganze Familie, ein aufregender Moment. Es&nbsp;beginnt&nbsp;ein neuer, spannender Lebensabschnitt.&nbsp;Am 26. August 2024 findet an den meisten Schulen im Saarland der erste Schultag f\u00fcr Erstkl\u00e4ssler statt. Ich w\u00fcnsche allen Kindern einen sch\u00f6nen Tag der&nbsp;Einschulung und allen Eltern viel Freude und Zuversicht. Das Gleiche gilt f\u00fcr alle Sch\u00fclerinnen und Sch\u00fcler und alle Lehrer unseres Heimatortes und der Gemeinde Eppelborn. Ich w\u00fcnsche allen einen sch\u00f6nen und ruhigen Start in ein neues, spannendes Schuljahr. <strong>Meine Bitte an die Verkehrsteilnehmer: Bitte seien Sie vorsichtig und drosseln Sie ihr Tempo !<\/strong><\/p>\n\n\n<div class=\"wp-block-image\">\n<figure class=\"aligncenter size-large\"><img loading=\"lazy\" decoding=\"async\" width=\"700\" height=\"700\" src=\"https:\/\/echta-derminga.de\/wp-content\/uploads\/2022\/09\/305218209_5402331503194864_7474058228820708894_n-700x700.jpg\" alt=\"\" class=\"wp-image-13555\" srcset=\"https:\/\/echta-derminga.de\/wp-content\/uploads\/2022\/09\/305218209_5402331503194864_7474058228820708894_n-700x700.jpg 700w, https:\/\/echta-derminga.de\/wp-content\/uploads\/2022\/09\/305218209_5402331503194864_7474058228820708894_n-300x300.jpg 300w, https:\/\/echta-derminga.de\/wp-content\/uploads\/2022\/09\/305218209_5402331503194864_7474058228820708894_n-150x150.jpg 150w, https:\/\/echta-derminga.de\/wp-content\/uploads\/2022\/09\/305218209_5402331503194864_7474058228820708894_n-768x768.jpg 768w, https:\/\/echta-derminga.de\/wp-content\/uploads\/2022\/09\/305218209_5402331503194864_7474058228820708894_n-90x90.jpg 90w, https:\/\/echta-derminga.de\/wp-content\/uploads\/2022\/09\/305218209_5402331503194864_7474058228820708894_n-75x75.jpg 75w, https:\/\/echta-derminga.de\/wp-content\/uploads\/2022\/09\/305218209_5402331503194864_7474058228820708894_n.jpg 1153w\" sizes=\"auto, (max-width: 700px) 100vw, 700px\" \/><\/figure>\n<\/div>\n\n\n<p class=\"has-medium-font-size wp-block-paragraph\"><strong>Konstituierung des Ortsrates Dirmingen<\/strong><\/p>\n\n\n\n<p class=\"has-medium-font-size wp-block-paragraph\">Nach den Kommunalwahlen 2024 finden am <strong>Dienstag, 27. August 2024 um 18:00 Uhr in der Borrwieshalle Dirmingen <\/strong>die konstituierende Sitzung des neuen Ortsrates statt. Nach der Verpflichtung der neuen Ortsratsmitglieder wird der&nbsp;neue Ortsvorsteher gew\u00e4hlt und vereidigt. Die Sitzung ist \u00f6ffentlich und kann von allen B\u00fcrgerinnen und B\u00fcrgern besucht werden.&nbsp;Nach der Sitzung wird zu einem kleinen Umtrunk eingeladen.<\/p>\n\n\n<div class=\"wp-block-image\">\n<figure class=\"aligncenter size-large\"><img loading=\"lazy\" decoding=\"async\" width=\"700\" height=\"349\" src=\"https:\/\/echta-derminga.de\/wp-content\/uploads\/2024\/06\/448072690_860896562745300_1610983758364221524_n-1-700x349.jpg\" alt=\"\" class=\"wp-image-17492\" srcset=\"https:\/\/echta-derminga.de\/wp-content\/uploads\/2024\/06\/448072690_860896562745300_1610983758364221524_n-1-700x349.jpg 700w, https:\/\/echta-derminga.de\/wp-content\/uploads\/2024\/06\/448072690_860896562745300_1610983758364221524_n-1-300x149.jpg 300w, https:\/\/echta-derminga.de\/wp-content\/uploads\/2024\/06\/448072690_860896562745300_1610983758364221524_n-1-768x382.jpg 768w, https:\/\/echta-derminga.de\/wp-content\/uploads\/2024\/06\/448072690_860896562745300_1610983758364221524_n-1-1536x765.jpg 1536w, https:\/\/echta-derminga.de\/wp-content\/uploads\/2024\/06\/448072690_860896562745300_1610983758364221524_n-1.jpg 1872w\" sizes=\"auto, (max-width: 700px) 100vw, 700px\" \/><\/figure>\n<\/div>\n\n\n<p class=\"has-medium-font-size wp-block-paragraph\"><strong>&#8222;Ja ist denn heut schon Weihnachten?!?&#8220;- Ticketverkauf \u201eZimtkl\u00e4nge 2024\u201c<\/strong><\/p>\n\n\n\n<p class=\"has-medium-font-size wp-block-paragraph\">Nat\u00fcrlich nicht, Aber schon in 150 Tagen und bis zu der ersten Zimtkl\u00e4nge- Show ist es nicht mehr allzu lange. Der Ticketverkauf f\u00fcr die diesj\u00e4hrigen \u201eZimtkl\u00e4nge-Konzerte\u201c in der Evangelischen Kirche Dirmingen hat bereits begonnen.&nbsp;Die Eintrittskarten sind online \u00fcber Eventfrog Deutschland auf https:\/\/www.zimtklaenge.de\/ich-will-euch-sehen\/&nbsp;zu beziehen. Erstmals wird es in Dirmingen feste Platzkarten geben. Eintrittskarten k\u00f6nnen auch bei mir als Ortsvorsteher k\u00e4uflich&nbsp;erworben werden. Aufgrund der Tatsache, dass unser Ortsvorsteherb\u00fcro immer noch wegen des Unwetters geschlossen ist, bitte ich bei Interesse um ein Telefonanruf.&nbsp;<strong>Termine:&nbsp;SA. 21.12.2024 &#8211; 19:31 UHR &#8211; EV. KIRCHE DIRMINGEN, SO. 22.12.2024 &#8211; 17 UHR &#8211; EV. KIRCHE DIRMINGEN<\/strong><\/p>\n\n\n<div class=\"wp-block-image\">\n<figure class=\"aligncenter size-large\"><img loading=\"lazy\" decoding=\"async\" width=\"700\" height=\"700\" src=\"https:\/\/echta-derminga.de\/wp-content\/uploads\/2024\/08\/453245962_1129503458542613_6549620437741110879_n-700x700.jpg\" alt=\"\" class=\"wp-image-17771\" srcset=\"https:\/\/echta-derminga.de\/wp-content\/uploads\/2024\/08\/453245962_1129503458542613_6549620437741110879_n-700x700.jpg 700w, https:\/\/echta-derminga.de\/wp-content\/uploads\/2024\/08\/453245962_1129503458542613_6549620437741110879_n-300x300.jpg 300w, https:\/\/echta-derminga.de\/wp-content\/uploads\/2024\/08\/453245962_1129503458542613_6549620437741110879_n-150x150.jpg 150w, https:\/\/echta-derminga.de\/wp-content\/uploads\/2024\/08\/453245962_1129503458542613_6549620437741110879_n-768x768.jpg 768w, https:\/\/echta-derminga.de\/wp-content\/uploads\/2024\/08\/453245962_1129503458542613_6549620437741110879_n-90x90.jpg 90w, https:\/\/echta-derminga.de\/wp-content\/uploads\/2024\/08\/453245962_1129503458542613_6549620437741110879_n-75x75.jpg 75w, https:\/\/echta-derminga.de\/wp-content\/uploads\/2024\/08\/453245962_1129503458542613_6549620437741110879_n.jpg 1080w\" sizes=\"auto, (max-width: 700px) 100vw, 700px\" \/><\/figure>\n<\/div>\n\n\n<p class=\"has-medium-font-size wp-block-paragraph\"><strong>Herzlichen Gl\u00fcckwunsch zum 95. Wiegenfest&nbsp;<\/strong><\/p>\n\n\n\n<p class=\"has-medium-font-size wp-block-paragraph\">Die liebe Erna Gebhardt aus Dirmingen feierte am 25.Juli 2024 im Kreise ihrer Familie und Freunde ihren nunmehr 95. Geburtstag. Neben meinen pers\u00f6nlichen Gl\u00fcckw\u00fcnschen \u00fcberbrachte ich die Gratulation der Ministerpr\u00e4sidentin Anke Rehlinger, des Landrates S\u00f6ren Meng, unseres B\u00fcrgermeisters Dr. Andreas Feld sowie des Dirminger Ortsrates. Ich m\u00f6chte Erna Gebhardt auch an dieser Stelle ganz herzlich zu diesem besonderen Geburtstag gratulieren. Vielen Dank f\u00fcr die freundliche Einladung und die beeindruckende Gastfreundschaft.<\/p>\n\n\n<div class=\"wp-block-image\">\n<figure class=\"aligncenter size-large\"><img loading=\"lazy\" decoding=\"async\" width=\"700\" height=\"714\" src=\"https:\/\/echta-derminga.de\/wp-content\/uploads\/2024\/08\/452874342_7890347597726563_1492121093502517158_n-700x714.jpg\" alt=\"\" class=\"wp-image-17773\" srcset=\"https:\/\/echta-derminga.de\/wp-content\/uploads\/2024\/08\/452874342_7890347597726563_1492121093502517158_n-700x714.jpg 700w, https:\/\/echta-derminga.de\/wp-content\/uploads\/2024\/08\/452874342_7890347597726563_1492121093502517158_n-294x300.jpg 294w, https:\/\/echta-derminga.de\/wp-content\/uploads\/2024\/08\/452874342_7890347597726563_1492121093502517158_n-768x784.jpg 768w, https:\/\/echta-derminga.de\/wp-content\/uploads\/2024\/08\/452874342_7890347597726563_1492121093502517158_n-1505x1536.jpg 1505w, https:\/\/echta-derminga.de\/wp-content\/uploads\/2024\/08\/452874342_7890347597726563_1492121093502517158_n.jpg 2007w\" sizes=\"auto, (max-width: 700px) 100vw, 700px\" \/><\/figure>\n<\/div>\n\n\n<h2 class=\"wp-block-heading has-medium-font-size\">Neue Geschwindigkeitsmessanlage der Gemeinde Eppelborn in Betrieb genommen- Info der Gemeinde Eppelborn<\/h2>\n\n\n\n<p class=\"has-medium-font-size wp-block-paragraph\">Die Gemeinde Eppelborn hat bereits im letzten Jahr eine Geschwindigkeitsmessanlage in Betrieb genommen und nun ist eine weitere dazu gekommen, die ebenfalls in allen Ortsteilen der Gemeinde zum Einsatz kommen wird. Letzte Woche wurde die Anlage zum ersten Mal in der Ko\u00dfmannstra\u00dfe, h\u00f6he Kindergarten, aufgestellt. Die Standorte, an denen die beiden Anlagen aufgestellt werden, wurden dabei nach Erfahrungswerten ausgew\u00e4hlt. Der Bauhof hat hierf\u00fcr bereits letztes Jahr mehrere H\u00fclsen gesetzt, in welche die Anlagen hineingesetzt werden k\u00f6nnen. Auch diese Anlage wird voraussichtlich alle 2-3 Wochen versetzt, um in verschiedenen Bereichen Daten zu sammeln. Die Auswertung der Geschwindigkeiten erfolgt durch das Ordnungsamt. Werden erhebliche Geschwindigkeits\u00fcberschreitungen festgestellt, wird die Verkehrs\u00fcberwachung Schiffweiler gebeten, an den entsprechenden Stellen den semistation\u00e4ren Blitzer aufzustellen.&nbsp; Die Gemeinde Eppelborn hofft, dass durch die Geschwindigkeitsmessanlage die Verkehrssicherheit in allen Ortsteilen gesteigert werden kann. <strong>(Quelle: Gemeinde Eppelborn)<\/strong><\/p>\n\n\n\n<p class=\"has-medium-font-size wp-block-paragraph\"><strong>Imkerfest an der Zeidlerh\u00fctte<\/strong><\/p>\n\n\n\n<p class=\"has-medium-font-size wp-block-paragraph\">Seit vielen Jahrzehnten l\u00e4dt der Bienenzuchtverein Dirmingen an &#8222;Maria Himmelfahrt&#8220; zum Imkerfest an die Zeidlerh\u00fctte Dirmingen ein. Auch in diesem Jahr waren zahlreiche G\u00e4ste der Einladung des Vereins gefolgt. An beiden Festtagen wurde den G\u00e4sten neben einer reichhaltigen Tombola auch ein vielf\u00e4ltiges kulinarisches Angebot unterbreitet. Ich danke dem Bienenverein Dirmingen f\u00fcr die Bereicherung und Aufwertung unseres Dorfkalenders.<\/p>\n\n\n<div class=\"wp-block-image\">\n<figure class=\"aligncenter size-large\"><img loading=\"lazy\" decoding=\"async\" width=\"700\" height=\"336\" src=\"https:\/\/echta-derminga.de\/wp-content\/uploads\/2024\/08\/20220815_154252-700x336.jpg\" alt=\"\" class=\"wp-image-17775\" srcset=\"https:\/\/echta-derminga.de\/wp-content\/uploads\/2024\/08\/20220815_154252-700x336.jpg 700w, https:\/\/echta-derminga.de\/wp-content\/uploads\/2024\/08\/20220815_154252-300x144.jpg 300w, https:\/\/echta-derminga.de\/wp-content\/uploads\/2024\/08\/20220815_154252-768x368.jpg 768w, https:\/\/echta-derminga.de\/wp-content\/uploads\/2024\/08\/20220815_154252-1536x736.jpg 1536w, https:\/\/echta-derminga.de\/wp-content\/uploads\/2024\/08\/20220815_154252.jpg 1744w\" sizes=\"auto, (max-width: 700px) 100vw, 700px\" \/><\/figure>\n<\/div>\n\n\n<p class=\"has-medium-font-size wp-block-paragraph\"><strong>Aufruf zur Grababr\u00e4umung auf den Friedh\u00f6fen der Gemeinde Eppelborn in der Zeit vom 26.08.-20.09.<\/strong><\/p>\n\n\n\n<p class=\"has-medium-font-size wp-block-paragraph\">Die Ruhefrist f\u00fcr Grabst\u00e4tten betr\u00e4gt auf den Friedh\u00f6fen der Gemeinde Eppelborn 25 Jahre (bei K\u00f6rperbestattungen) und 20 Jahre (bei Urnenbestattungen). Dementsprechend endet auch das Nutzungsrecht f\u00fcr diese Grabst\u00e4tten, wobei bei Wahlgr\u00e4bern das Datum der letzten Beisetzung ma\u00dfgeblich ist. Auf den gemeindeeigenen Friedh\u00f6fen in Bubach, Calmesweiler, Dirmingen, Eppelborn, Humes und Wiesbach werden demnach die unter nachfolgendem Link aufgef\u00fchrten Gr\u00e4ber zur Abr\u00e4umung durch die Angeh\u00f6rigen aufgerufen: Das Abr\u00e4umen von Grabst\u00e4tten, deren Nutzungsrecht bis zum Jahresende 2024 ausl\u00e4uft, ist in diesem Zusammenhang ebenfalls m\u00f6glich. Zur Entsorgung von Grabdenkm\u00e4lern und Einfassungen werden in der Zeit vom 26. August bis 20. September 2024 gesonderte Ablagefl\u00e4chen auf den Friedh\u00f6fen ausgewiesen. Grabschmuck sowie Pflanzen k\u00f6nnen in den daf\u00fcr vorgesehenen Abfallbeh\u00e4ltern entsorgt werden. Auf Wunsch der Angeh\u00f6rigen k\u00f6nnen die Gr\u00e4ber durch den Baubetriebshof der Gemeinde Eppelborn (gegen Geb\u00fchr &#8211; n\u00e4here Infos auf der Homepage) abger\u00e4umt werden Bei Fragen wenden Sie sich bitte an Katja v. B\u00fcnau, Fachgebiet Friedhofs- und Bestattungswesen, Tel.: 06881\/969-257. <strong>(Quelle Gemeinde Eppelborn)<\/strong><\/p>\n\n\n\n<p class=\"has-medium-font-size wp-block-paragraph\"><strong>50 Jahre Reservistenheim des RK Illtal<\/strong><\/p>\n\n\n\n<p class=\"has-medium-font-size wp-block-paragraph\">Am Samstag, 17. August feierte die Reservistenkameradschaft Illtal das 50-j\u00e4hrige Bestehen des vereinseigenen Reservistenheims auf dem Rotenberg. Von den Gr\u00fcndungsmitgliedern des RK Illtals war Erwin Zimmer mit seiner Frau Elfriede der Einladung gefolgt. Der Vorsitzende des Vereins   Peter Schuhmacher begr\u00fc\u00dfte die G\u00e4ste und freut sich \u00fcber den guten Zuspruch aus der Bev\u00f6lkerung. Gerne bin ich als Ortsvorsteher der Einladung des RK Illtals gefolgt. Ich w\u00fcnsche dem Verein weiterhin alles erdenklich Gute.<\/p>\n\n\n<div class=\"wp-block-image\">\n<figure class=\"aligncenter size-large\"><img loading=\"lazy\" decoding=\"async\" width=\"700\" height=\"525\" src=\"https:\/\/echta-derminga.de\/wp-content\/uploads\/2024\/08\/456257243_8029574987137156_6199448201397678980_n-700x525.jpg\" alt=\"\" class=\"wp-image-17777\" srcset=\"https:\/\/echta-derminga.de\/wp-content\/uploads\/2024\/08\/456257243_8029574987137156_6199448201397678980_n-700x525.jpg 700w, https:\/\/echta-derminga.de\/wp-content\/uploads\/2024\/08\/456257243_8029574987137156_6199448201397678980_n-300x225.jpg 300w, https:\/\/echta-derminga.de\/wp-content\/uploads\/2024\/08\/456257243_8029574987137156_6199448201397678980_n-768x576.jpg 768w, https:\/\/echta-derminga.de\/wp-content\/uploads\/2024\/08\/456257243_8029574987137156_6199448201397678980_n-1536x1152.jpg 1536w, https:\/\/echta-derminga.de\/wp-content\/uploads\/2024\/08\/456257243_8029574987137156_6199448201397678980_n.jpg 2048w\" sizes=\"auto, (max-width: 700px) 100vw, 700px\" \/><\/figure>\n<\/div>\n\n\n<p class=\"has-medium-font-size wp-block-paragraph\"><strong>Eppelborner Hellbergbad bis zum Jahreswechsel geschlossen &#8211; Information der Gemeinde Eppelborn<\/strong><\/p>\n\n\n\n<p class=\"has-medium-font-size wp-block-paragraph\">Seit Anfang April 2024 laufen die Bauarbeiten zur umfassenden Sanierung unseres Hellbergbades. Zur Erneuerung der Regelungs-, L\u00fcftungs- und Badewassertechnik sowie der Sanierung der Unterdecke, waren zun\u00e4chst umfangreiche Abbruch, Demontage und Entsorgungsarbeiten notwendig. Diese sind mittlerweile abgeschlossen und es wurde mit dem Wiederaufbau begonnen. Allerdings sind w\u00e4hrend der bisherigen Arbeiten zum Teil unerwartete Probleme aufgetreten. Es waren zus\u00e4tzliche Demontagen, Schadstoffsanierungen, Elektroarbeiten und unvorhergesehene Heizungs- und Sanit\u00e4rarbeiten notwendig, die im urspr\u00fcnglichen Zeitplan nat\u00fcrlich noch nicht ber\u00fccksichtigt werden konnten, weshalb sich dieser nun leider um mehrere Wochen verz\u00f6gern wird. Zus\u00e4tzlich kam es am 01.07.2024 bei einem Starkregen zu einem Wassereintritt ins Geb\u00e4ude, wodurch die Unterdecken in den Nebenr\u00e4umen, besonders in den Umkleiden, besch\u00e4digt wurden. Eine Schadensaufnahme und die Meldung an unsere Versicherung wurden umgehend veranlasst und notwendige Gegenma\u00dfnahmen ergriffen, um weitere Sch\u00e4den zu verhindern. Die Wiederherstellung des betroffenen Bereichs wird jedoch umfangreiche Ma\u00dfnahmen und Zeit in Anspruch nehmen. Aktuell planen wir, das Hellbergbad zum Jahresbeginn 2025 wieder zu er\u00f6ffnen. Uns ist bewusst, dass dies eine entt\u00e4uschende Nachricht f\u00fcr die Vereine, Schulen und die vielen Besucherinnen und Besucher ist, die sich auf die baldige Wiederer\u00f6ffnung unseres Hallenbades gefreut hatten. Auch f\u00fcr die Gemeinde bedeutet die Situation eine gro\u00dfe Herausforderung, da die zus\u00e4tzlichen Ma\u00dfnahmen zeitgleich auch mit h\u00f6heren Kosten verbunden sind. Die Beteiligung der Versicherung an den entstandenen Sch\u00e4den kann derzeit noch nicht genau beziffert werden. Wir bitten alle Betroffenen um Verst\u00e4ndnis und Geduld. Mitte Oktober werden wir erneut informieren und hoffen, Ihnen dann ein genaues Er\u00f6ffnungsdatum mitteilen zu k\u00f6nnen. Die Sanierungsarbeiten in der Hellberghalle sind von der Problematik ausgeschlossen. \u00dcber den genauen Termin der \u00d6ffnung der Halle werden wir zeitnah informieren. (Quelle: Gemeinde Eppelborn)<\/p>\n\n\n\n<p class=\"has-medium-font-size wp-block-paragraph\"><strong>Herbst auf Finkenrech<\/strong><\/p>\n\n\n\n<p class=\"has-medium-font-size wp-block-paragraph\">Am 21. und 22. September ist es endlich wieder soweit! Unser beliebtes Fest &#8222;Herbst auf Finkenrech&#8220; findet statt. Freuen Sie sich samstags und sonntags zwischen 11 und 18 Uhr auf rund 60 H\u00e4ndler, eine Menge kulinarische K\u00f6stlichkeiten sowie regionale Handwerkskunst und tolle Live-Musik! Tickets zum Preis von 4,00 \u20ac p. P. und weitere Infos erhalten Sie hier:<a href=\"https:\/\/www.regionneunkirchen.de\/...\/veranstaltungen...\">https:\/\/www.regionneunkirchen.de\/&#8230;\/veranstaltungen&#8230;<\/a> Kinder unter 12 Jahren sind frei. (Achtung: hier bitte trotzdem ein entsprechendes Ticket f\u00fcr 0,00 \u20ac buchen.) Eine Vorverkaufsstelle findet sich au\u00dferdem immer mittwochs von 18-19:30 Uhr im Ortsvorsteherb\u00fcro in Dirmingen oder nach telefonischer Vereinbarung.<\/p>\n\n\n<div class=\"wp-block-image\">\n<figure class=\"aligncenter size-large\"><img loading=\"lazy\" decoding=\"async\" width=\"700\" height=\"323\" src=\"https:\/\/echta-derminga.de\/wp-content\/uploads\/2023\/09\/379987913_6587414454686557_6935840930357871129_n-1-700x323.jpg\" alt=\"\" class=\"wp-image-15744\" srcset=\"https:\/\/echta-derminga.de\/wp-content\/uploads\/2023\/09\/379987913_6587414454686557_6935840930357871129_n-1-700x323.jpg 700w, https:\/\/echta-derminga.de\/wp-content\/uploads\/2023\/09\/379987913_6587414454686557_6935840930357871129_n-1-300x139.jpg 300w, https:\/\/echta-derminga.de\/wp-content\/uploads\/2023\/09\/379987913_6587414454686557_6935840930357871129_n-1-768x355.jpg 768w, https:\/\/echta-derminga.de\/wp-content\/uploads\/2023\/09\/379987913_6587414454686557_6935840930357871129_n-1-1536x710.jpg 1536w, https:\/\/echta-derminga.de\/wp-content\/uploads\/2023\/09\/379987913_6587414454686557_6935840930357871129_n-1.jpg 2048w\" sizes=\"auto, (max-width: 700px) 100vw, 700px\" \/><\/figure>\n<\/div>\n\n\n<h3 class=\"wp-block-heading\">Das Illtaler Land tischt Auf! &#8211; \u201eKulinarisches Wanderwegefest\u201c<\/h3>\n\n\n\n<p class=\"has-medium-font-size wp-block-paragraph\">Samstag, 14.09.2024 \/ von 09 Uhr bis 18:00 Uhr zwischen Eppelborn-Bubach und Illingen &#8211; mit etlichen einladenden Stationen an der Strecke. Wer die Natur im Illtal und die Feste in der Region kennt, fuer den ist dieses Wanderwegefest ein echter Leckerbissen. Das kulinarische Wanderwegefest durch das idyllische Illtaler Land ist ein Streifzug durch Land und Kueche und bietet seinen Besuchern pures Wandererlebnis mit regionalen Spezialitaeten an der Strecke. Herrliche Wanderwege durch Waldgebiete und die umliegenden Felder, stimmungsvolle Natur auf Schritt und Tritt und herzhaft deftige Spezialit\u00e4ten zu moderaten Preisen erwarten den Wanderer. Eine Wanderung durch die wundervolle Landschaft zwischen Eppelborn-Bubach und Illingen &#8211; jedoch auf saarl\u00e4ndische Art: gem\u00fctlich, vergn\u00fcglich und vor allem gen\u00fcsslich. Denn auf der ca. 20 Kilometer langen Strecke \u00fcber den gut markierten Wanderweg findet der Wanderer 12 verschiedene Stationen vor. Da kommen auf jeder Etappe Leib und Seele in Stimmung. Hin-\/R\u00fcckfahrt kann optimalerweise mit der Illtal-Bahn erfolgen, wo st\u00fcndlich in jede Richtung ein Zug f\u00e4hrt. Details finden Sie im Flyer! Strecke \/ Laenge: ca. 20 km Dauer: ganztaegig, von 9:00 bis 18:00 Uhr Auskunft: Manfred Holz, Tel. 0 151 111 666 50 <strong>(Quelle Infos: Verein IlltalerLand -Homepage)<\/strong><\/p>\n\n\n<div class=\"wp-block-image\">\n<figure class=\"aligncenter size-large\"><img loading=\"lazy\" decoding=\"async\" width=\"700\" height=\"525\" src=\"https:\/\/echta-derminga.de\/wp-content\/uploads\/2023\/09\/374637412_6557743140987022_8936160937006327231_n-700x525.jpg\" alt=\"\" class=\"wp-image-15678\" srcset=\"https:\/\/echta-derminga.de\/wp-content\/uploads\/2023\/09\/374637412_6557743140987022_8936160937006327231_n-700x525.jpg 700w, https:\/\/echta-derminga.de\/wp-content\/uploads\/2023\/09\/374637412_6557743140987022_8936160937006327231_n-300x225.jpg 300w, https:\/\/echta-derminga.de\/wp-content\/uploads\/2023\/09\/374637412_6557743140987022_8936160937006327231_n-768x576.jpg 768w, https:\/\/echta-derminga.de\/wp-content\/uploads\/2023\/09\/374637412_6557743140987022_8936160937006327231_n.jpg 960w\" sizes=\"auto, (max-width: 700px) 100vw, 700px\" \/><\/figure>\n<\/div>\n\n\n<p class=\"has-medium-font-size wp-block-paragraph\"><strong>Derminga Treff \u00f6ffnet erstmals wieder nach Pfingsthochwasser<\/strong><\/p>\n\n\n\n<p class=\"has-medium-font-size wp-block-paragraph\">Am Samstag, 27. September 2024 \u00f6ffnet das &#8222;Derminga Treff&#8220; erstmals wieder nach dem Pfingsthochwasser seine Pforten. Leider hatte auch das Evangelische Gemeindehaus, das als Austragungsort dient, m\u00e4chtig etwas vom Hochwasser abbekommen. Nun stehen am 27. September um 14:00 Uhr die Zeichen auf Neustart. Herzliche Einladung an alle die einen sch\u00f6nen Nachmittag erleben m\u00f6chten. Wir freuen uns auf Euren Besuch !!!<\/p>\n\n\n<div class=\"wp-block-image\">\n<figure class=\"aligncenter size-large\"><img loading=\"lazy\" decoding=\"async\" width=\"700\" height=\"624\" src=\"https:\/\/echta-derminga.de\/wp-content\/uploads\/2023\/09\/20230923_143753-700x624.jpg\" alt=\"\" class=\"wp-image-15737\" srcset=\"https:\/\/echta-derminga.de\/wp-content\/uploads\/2023\/09\/20230923_143753-700x624.jpg 700w, https:\/\/echta-derminga.de\/wp-content\/uploads\/2023\/09\/20230923_143753-300x268.jpg 300w, https:\/\/echta-derminga.de\/wp-content\/uploads\/2023\/09\/20230923_143753-768x685.jpg 768w, https:\/\/echta-derminga.de\/wp-content\/uploads\/2023\/09\/20230923_143753-1536x1370.jpg 1536w, https:\/\/echta-derminga.de\/wp-content\/uploads\/2023\/09\/20230923_143753-2048x1827.jpg 2048w\" sizes=\"auto, (max-width: 700px) 100vw, 700px\" \/><\/figure>\n<\/div>\n\n\n<p class=\"has-medium-font-size wp-block-paragraph\"><strong>Musikpicknick auf Finkenrech<\/strong><\/p>\n\n\n\n<p class=\"has-medium-font-size wp-block-paragraph\">Am Dienstag, 27. August, laden wir euch ab 18.30 Uhr herzlich zu einem weiteren Musikpicknick auf Finkenrech ein. Packt eure Picknickdecken ein und genie\u00dft einen entspannten Abend mit Live-Musik von Yannisha. Der Eintritt ist frei. Wer also Lust auf einen tollen Abend im Freizeitzentrum Finkenrech hat, muss unbedingt vorbeikommen. Das Botanico Finkenrech bietet zudem Snacks und Getr\u00e4nke an.<\/p>\n\n\n<div class=\"wp-block-image\">\n<figure class=\"aligncenter size-large\"><img loading=\"lazy\" decoding=\"async\" width=\"700\" height=\"700\" src=\"https:\/\/echta-derminga.de\/wp-content\/uploads\/2024\/08\/453160062_1030382115755517_5554012274967391711_n-700x700.jpg\" alt=\"\" class=\"wp-image-17784\" srcset=\"https:\/\/echta-derminga.de\/wp-content\/uploads\/2024\/08\/453160062_1030382115755517_5554012274967391711_n-700x700.jpg 700w, https:\/\/echta-derminga.de\/wp-content\/uploads\/2024\/08\/453160062_1030382115755517_5554012274967391711_n-300x300.jpg 300w, https:\/\/echta-derminga.de\/wp-content\/uploads\/2024\/08\/453160062_1030382115755517_5554012274967391711_n-150x150.jpg 150w, https:\/\/echta-derminga.de\/wp-content\/uploads\/2024\/08\/453160062_1030382115755517_5554012274967391711_n-768x768.jpg 768w, https:\/\/echta-derminga.de\/wp-content\/uploads\/2024\/08\/453160062_1030382115755517_5554012274967391711_n-90x90.jpg 90w, https:\/\/echta-derminga.de\/wp-content\/uploads\/2024\/08\/453160062_1030382115755517_5554012274967391711_n-75x75.jpg 75w, https:\/\/echta-derminga.de\/wp-content\/uploads\/2024\/08\/453160062_1030382115755517_5554012274967391711_n.jpg 1080w\" sizes=\"auto, (max-width: 700px) 100vw, 700px\" \/><\/figure>\n<\/div>\n\n\n<p class=\"has-medium-font-size wp-block-paragraph\"><strong>Viel geboten im sch\u00f6nsten Dorf der Welt ! Ich hoffe wir sehen uns auf einer der vielen Veranstaltungen im &#8222;Derminga D\u00f6rfche&#8220;. \u00dcbrigens, auch der Oktober hat es in sich und kommt mit zahlreichen Veranstaltungen um die Ecke.<\/strong><\/p>\n\n\n\n<p class=\"has-medium-font-size wp-block-paragraph\">Ihr Ortsvorsteher<\/p>\n\n\n\n<p class=\"has-medium-font-size wp-block-paragraph\">Frank Klein&nbsp;<\/p>\n","protected":false},"excerpt":{"rendered":"<p>Die Sommerferien neigen sich dem Ende zu und am Montag, 26. August beginnt f\u00fcr die Sch\u00fclerinnen und Sch\u00fcler unseres Bundeslandes wieder der Schulalltag. Zeitgleich werden viele neue ABC- Sch\u00fctzen neu eingeschult. F\u00fcr die Kinder und deren Familien ganz bestimmt ein aufregender Tag. Mit dem Ende der Schulferien beginnt f\u00fcr unsere Dorfgemeinschaft eine ereignisreiche Zeit. Bekannterweise finden gerade im Sp\u00e4tsommer und<\/p>\n","protected":false},"author":1,"featured_media":17324,"comment_status":"open","ping_status":"closed","sticky":false,"template":"","format":"standard","meta":{"_crdt_document":"","footnotes":""},"categories":[1,9,812],"tags":[5,618,127,634,795,310],"class_list":["post-17761","post","type-post","status-publish","format-standard","has-post-thumbnail","hentry","category-allgemein","category-dorfgetratsche","category-ortsvorsteher-dirmingen","tag-dirmingen","tag-gemeinde-eppelborn","tag-landkreis-neunkirchen","tag-ortsvorsteher","tag-ortsvorsteher-dirmingen","tag-saarland"],"_links":{"self":[{"href":"https:\/\/echta-derminga.de\/index.php?rest_route=\/wp\/v2\/posts\/17761","targetHints":{"allow":["GET"]}}],"collection":[{"href":"https:\/\/echta-derminga.de\/index.php?rest_route=\/wp\/v2\/posts"}],"about":[{"href":"https:\/\/echta-derminga.de\/index.php?rest_route=\/wp\/v2\/types\/post"}],"author":[{"embeddable":true,"href":"https:\/\/echta-derminga.de\/index.php?rest_route=\/wp\/v2\/users\/1"}],"replies":[{"embeddable":true,"href":"https:\/\/echta-derminga.de\/index.php?rest_route=%2Fwp%2Fv2%2Fcomments&post=17761"}],"version-history":[{"count":25,"href":"https:\/\/echta-derminga.de\/index.php?rest_route=\/wp\/v2\/posts\/17761\/revisions"}],"predecessor-version":[{"id":17833,"href":"https:\/\/echta-derminga.de\/index.php?rest_route=\/wp\/v2\/posts\/17761\/revisions\/17833"}],"wp:featuredmedia":[{"embeddable":true,"href":"https:\/\/echta-derminga.de\/index.php?rest_route=\/wp\/v2\/media\/17324"}],"wp:attachment":[{"href":"https:\/\/echta-derminga.de\/index.php?rest_route=%2Fwp%2Fv2%2Fmedia&parent=17761"}],"wp:term":[{"taxonomy":"category","embeddable":true,"href":"https:\/\/echta-derminga.de\/index.php?rest_route=%2Fwp%2Fv2%2Fcategories&post=17761"},{"taxonomy":"post_tag","embeddable":true,"href":"https:\/\/echta-derminga.de\/index.php?rest_route=%2Fwp%2Fv2%2Ftags&post=17761"}],"curies":[{"name":"wp","href":"https:\/\/api.w.org\/{rel}","templated":true}]}}