{"id":17853,"date":"2024-09-04T12:34:45","date_gmt":"2024-09-04T11:34:45","guid":{"rendered":"https:\/\/echta-derminga.de\/?p=17853"},"modified":"2024-09-04T12:57:12","modified_gmt":"2024-09-04T11:57:12","slug":"ortsratswahl-2024-mit-mehr-mut-und-zuversicht-in-die-zukunft-mein-traum-von-einem-mitmach-dorf","status":"publish","type":"post","link":"https:\/\/echta-derminga.de\/?p=17853","title":{"rendered":"Ortsratswahl 2024 \u2013 Mit MEHR Mut und Zuversicht in die Zukunft &#8211; Mein Traum von einem &#8222;Mitmach-Dorf&#8220;"},"content":{"rendered":"\n<p class=\"has-medium-font-size wp-block-paragraph\"><strong>Im August und September 2024 fanden in unserer Heimatgemeinde die konstituierenden Sitzungen der einzelnen Ortsr\u00e4te statt. Dabei wurde in Dirmingen am 27. August 2024 der erste Ortsrat der neuen Legislaturperiode verpflichtet. Im Laufe dieser Sitzung wurden die Mitglieder des Ortsrates in ihrem Amt verpflichtet. B\u00fcrgermeister Dr. Andreas Feld f\u00fchrte durch die konstituierende Sitzung des Ortsrates und handelte auch die anstehenden Wahlhandlungen ab. Nach der Verpflichtung der Ortsratsmitglieder musste ein neuer Ortsvorsteher gew\u00e4hlt werden. In der Regel h\u00e4lt sich der Ortsrat bei seiner Wahl an das Votum der vorausgehenden Kommunalwahl. Die Wahl der B\u00fcrgerinnen und B\u00fcrger sollte sich in jedem Fall im Wahlverhalten der Ortsratsmitglieder widerspiegeln. Grunds\u00e4tzlich ist der Ortsrat jedoch nicht verpflichtet dem Votum des Wahlergebnisses zu folgen.<\/strong><\/p>\n\n\n\n<p class=\"has-medium-font-size wp-block-paragraph\">Meine erste Wahl zum Ortsvorsteher im Jahre 2020 verlief \u00e4u\u00dferst emotional. Nach dem pl\u00f6tzlichen Tod unseres langj\u00e4hrigen Ortsvorstehers Manfred Klein musste ich mich schnellstm\u00f6glich mit der neuen Aufgabe vertraut machen. Bei der diesj\u00e4hrigen Wahl hingegen versp\u00fcrte ich eine gro\u00dfe Erleichterung. Ich habe mich unheimlich dar\u00fcber gefreut, dass zahlreiche B\u00fcrgerinnen und B\u00fcrger den Weg in die Borrwieshalle gefunden hatten und der \u00f6ffentlichen Sitzung als Gast beiwohnten.<\/p>\n\n\n\n<p class=\"has-medium-font-size wp-block-paragraph\"><strong>In tiefer Dankbarkeit blicke ich zur\u00fcck auf die Kommunalwahlen 2024. H\u00e4tte mir jemand dieses Ergebnis mit fast 70 % vorausgesagt, h\u00e4tte ich ihn f\u00fcr verr\u00fcckt erkl\u00e4rt. Nochmals vielen herzlichen Dank an alle W\u00e4hlerinnen und W\u00e4hler f\u00fcr das uns entgegengebrachte Vertrauen. Ich werte dieses Ergebnis als eine Best\u00e4tigung meiner bisherigen Arbeit und einen Auftrag diesen Weg weiterzugehen. <\/strong><\/p>\n\n\n\n<div class=\"wp-block-columns is-layout-flex wp-container-core-columns-is-layout-8f761849 wp-block-columns-is-layout-flex\">\n<div class=\"wp-block-column is-layout-flow wp-block-column-is-layout-flow\">\n<figure class=\"wp-block-image size-large\"><img loading=\"lazy\" decoding=\"async\" width=\"700\" height=\"525\" src=\"https:\/\/echta-derminga.de\/wp-content\/uploads\/2024\/09\/IMG-20240827-WA0058-1-700x525.jpg\" alt=\"\" class=\"wp-image-17856\" srcset=\"https:\/\/echta-derminga.de\/wp-content\/uploads\/2024\/09\/IMG-20240827-WA0058-1-700x525.jpg 700w, https:\/\/echta-derminga.de\/wp-content\/uploads\/2024\/09\/IMG-20240827-WA0058-1-300x225.jpg 300w, https:\/\/echta-derminga.de\/wp-content\/uploads\/2024\/09\/IMG-20240827-WA0058-1-768x576.jpg 768w, https:\/\/echta-derminga.de\/wp-content\/uploads\/2024\/09\/IMG-20240827-WA0058-1-1536x1152.jpg 1536w, https:\/\/echta-derminga.de\/wp-content\/uploads\/2024\/09\/IMG-20240827-WA0058-1.jpg 2048w\" sizes=\"auto, (max-width: 700px) 100vw, 700px\" \/><\/figure>\n<\/div>\n\n\n\n<div class=\"wp-block-column is-layout-flow wp-block-column-is-layout-flow\">\n<figure class=\"wp-block-image size-large\"><img loading=\"lazy\" decoding=\"async\" width=\"700\" height=\"536\" src=\"https:\/\/echta-derminga.de\/wp-content\/uploads\/2024\/09\/33344-700x536.jpg\" alt=\"\" class=\"wp-image-17857\" srcset=\"https:\/\/echta-derminga.de\/wp-content\/uploads\/2024\/09\/33344-700x536.jpg 700w, https:\/\/echta-derminga.de\/wp-content\/uploads\/2024\/09\/33344-300x230.jpg 300w, https:\/\/echta-derminga.de\/wp-content\/uploads\/2024\/09\/33344-768x588.jpg 768w, https:\/\/echta-derminga.de\/wp-content\/uploads\/2024\/09\/33344.jpg 1353w\" sizes=\"auto, (max-width: 700px) 100vw, 700px\" \/><\/figure>\n<\/div>\n<\/div>\n\n\n\n<p class=\"has-medium-font-size wp-block-paragraph\">Am Ende wurde ich mit den Stimmen der SPD-Fraktion (8 Mandate) und bei Enthaltung der CDU-Fraktion (3 Mandate) in meinem Amt best\u00e4tigt. Aufgrund der Tatsache, dass die Wahlen geheim durchgef\u00fchrt wurden, k\u00f6nnte es nat\u00fcrlich auch sein, dass die Enthaltungen ganz woanders herkamen. Vorstellen kann ich mir diese Vorgehensweise jedoch beim besten Willen nicht. Ich w\u00fcsste auch nicht welche Logik damit verbunden w\u00e4re. Letztendlich spielt es aber auch \u00fcberhaupt keine Rolle. Ich wusste, dass ich mich auf meine Kolleginnen und Kollegen der SPD Ortsratsfraktion verlassen konnte. Angesichts der gegebenen Mehrheitsverh\u00e4ltnisse ging ich dieser Ortsvorsteherwahl sehr zuversichtlich entgegen. Ich habe auch kein Problem mit den drei Enthaltungen. Wir leben in einer Demokratie und jede oder jeder hat ein Recht auf Meinungsfreiheit. Wer das nicht aush\u00e4lt, hat in der Politik nicht zu suchen. Immerhin gelten auch Enthaltungen bei solchen Wahlen als Einvernehmen. Somit wurde ich praktische Einstimmig gew\u00e4hlt. Was will man mehr ? Nat\u00fcrlich h\u00e4tte ich als harmoniebed\u00fcrftiger Mensch mich \u00fcber \u201e11- Ja-Stimmen\u201c gefreut. Immerhin w\u00e4re das ein starkes politisches Statement gewesen. In anderen Ortsteilen wurden Ortsvorsteher mit den Stimmen des politischen Mitbewerbers gew\u00e4hlt. Macht&#8216; nix ! Letztendlich ist das alles kein Beinbruch. Ich bin sehr dankbar f\u00fcr diesen reibungslosen Wahlverlauf, mit einem wirklich sch\u00f6nen Ende. Michael Polotzek wurde mit dem gleichen Ergebnis wie meine Wenigkeit zum stellvertretenden Ortsvorsteher von Dirmingen gew\u00e4hlt. Gl\u00fcckwunsch an meinen Freund und Weggef\u00e4hrten.<\/p>\n\n\n\n<p class=\"has-medium-font-size wp-block-paragraph\"><strong>Egal um welche Partei es sich handelt, in unserem Ortsrat befinden sich viele gute Leute. Ich glaube unser Ortsrat ist f\u00fcr die Zukunft ger\u00fcstet und gut aufgestellt. Sch\u00f6n ist auch die Tatsache, dass es im neuen Ortsrat 3 Frauen gibt, die ein Mandat gewonnen haben. Au\u00dferdem hat sich der Rat durchaus verj\u00fcngt. In den letzten Jahren hat der Dirminger Ortsrat bewiesen, dass eine partei\u00fcbergreifende Zusammenarbeit gut funktionieren kann. Respektvoller Umgang und ein freundliches Miteinander sollten bei Landsleuten immer im Vordergrund stehen. Schlie\u00dflich verbindet uns alle die Liebe zu unserem Heimatort. Das Ziel ist ganz oft das Gleiche. Der Weg dorthin, strebt jede Partei gerne einmal anders an.<\/strong><\/p>\n\n\n<div class=\"wp-block-image\">\n<figure class=\"aligncenter size-large\"><img loading=\"lazy\" decoding=\"async\" width=\"700\" height=\"495\" src=\"https:\/\/echta-derminga.de\/wp-content\/uploads\/2024\/09\/457059093_8083313418429979_2769313604296504746_n-700x495.jpg\" alt=\"\" class=\"wp-image-17859\" srcset=\"https:\/\/echta-derminga.de\/wp-content\/uploads\/2024\/09\/457059093_8083313418429979_2769313604296504746_n-700x495.jpg 700w, https:\/\/echta-derminga.de\/wp-content\/uploads\/2024\/09\/457059093_8083313418429979_2769313604296504746_n-300x212.jpg 300w, https:\/\/echta-derminga.de\/wp-content\/uploads\/2024\/09\/457059093_8083313418429979_2769313604296504746_n-768x543.jpg 768w, https:\/\/echta-derminga.de\/wp-content\/uploads\/2024\/09\/457059093_8083313418429979_2769313604296504746_n.jpg 1350w\" sizes=\"auto, (max-width: 700px) 100vw, 700px\" \/><\/figure>\n<\/div>\n\n\n<p class=\"has-medium-font-size wp-block-paragraph\"><strong>Nach meiner Vereidigung zum Ortsvorsteher unseres Heimatortes Dirmingen schossen mir viele Gedanken durch den Kopf. Vor uns liegen gro\u00dfe Herausforderungen. Ehrlichgesagt wei\u00df ich nicht wo ich anfangen oder enden soll. Das meiste ist auch nicht allein zu bew\u00e4ltigen. Wir brauchen auch im Gemeinderat und in der Verwaltungsspitze eine partei\u00fcbergreifende Zusammenarbeit. Es gibt vieles zu tun. In unserem Heimatort befinden sich viele Baustellen:<\/strong><\/p>\n\n\n\n<p class=\"has-medium-font-size wp-block-paragraph\">Was ist mit dem geplanten Bau eines Nahversorgers? Was ist mit der l\u00e4ngst \u00fcberf\u00e4lligen Ortskernsanierung? Was ist mit der Verwirklichung eines Dorfgemeinschaftszentrums? Wie machen wir unseren Ort attraktiver f\u00fcr junge Familien und Investoren? Wann bekommen wir ein neues Jugendzentrum? Wie schaffen wir guten Wohnraum und wie halten wir unsere Infrastruktur zusammen? Viele Fragen und wenige Antworten. Ich glaube nicht, dass wir alle diese Probleme in den n\u00e4chsten f\u00fcnf Jahren l\u00f6sen k\u00f6nnen. Wir k\u00f6nnen und werden es aber versuchen und m\u00fcssen uns nach allen Regeln bem\u00fchen. Wer k\u00e4mpft kann verlieren, wer nicht k\u00e4mpft hat bereits verloren.<\/p>\n\n\n\n<p class=\"has-medium-font-size wp-block-paragraph\">&#8222;<strong>Denke ich an Dirmingen in der Nacht, bin ich um den Schlaf gebracht&#8220;. Ja, das Zitat ist geklaut und am Ende uns doch allen so vertraut. Dieses Dorf hat mir schon etliche schlaflose N\u00e4chte bereitet. Da sind so viele Ideen, Talente, M\u00f6glichkeiten und ehrenamtliches Engagement. Dennoch wirkt es ganz oft so, als w\u00fcrden wir uns im Kreis drehen und nicht vorankommen. Wir brauchen Gl\u00fcck, Geld, Investitionen und vor allen Dingen den Mut etwas bewegen zu wollen.<\/strong><\/p>\n\n\n\n<div class=\"wp-block-columns is-layout-flex wp-container-core-columns-is-layout-8f761849 wp-block-columns-is-layout-flex\">\n<div class=\"wp-block-column is-layout-flow wp-block-column-is-layout-flow\">\n<figure class=\"wp-block-image size-large\"><img loading=\"lazy\" decoding=\"async\" width=\"700\" height=\"1051\" src=\"https:\/\/echta-derminga.de\/wp-content\/uploads\/2024\/09\/457050048_8083312428430078_4502489429823065491_n-700x1051.jpg\" alt=\"\" class=\"wp-image-17861\" srcset=\"https:\/\/echta-derminga.de\/wp-content\/uploads\/2024\/09\/457050048_8083312428430078_4502489429823065491_n-700x1051.jpg 700w, https:\/\/echta-derminga.de\/wp-content\/uploads\/2024\/09\/457050048_8083312428430078_4502489429823065491_n-200x300.jpg 200w, https:\/\/echta-derminga.de\/wp-content\/uploads\/2024\/09\/457050048_8083312428430078_4502489429823065491_n-768x1153.jpg 768w, https:\/\/echta-derminga.de\/wp-content\/uploads\/2024\/09\/457050048_8083312428430078_4502489429823065491_n.jpg 834w\" sizes=\"auto, (max-width: 700px) 100vw, 700px\" \/><\/figure>\n<\/div>\n\n\n\n<div class=\"wp-block-column is-layout-flow wp-block-column-is-layout-flow\">\n<figure class=\"wp-block-image size-large\"><img loading=\"lazy\" decoding=\"async\" width=\"700\" height=\"933\" src=\"https:\/\/echta-derminga.de\/wp-content\/uploads\/2024\/09\/457276439_8083313268429994_2184226158258904530_n-700x933.jpg\" alt=\"\" class=\"wp-image-17862\" srcset=\"https:\/\/echta-derminga.de\/wp-content\/uploads\/2024\/09\/457276439_8083313268429994_2184226158258904530_n-700x933.jpg 700w, https:\/\/echta-derminga.de\/wp-content\/uploads\/2024\/09\/457276439_8083313268429994_2184226158258904530_n-225x300.jpg 225w, https:\/\/echta-derminga.de\/wp-content\/uploads\/2024\/09\/457276439_8083313268429994_2184226158258904530_n-768x1024.jpg 768w, https:\/\/echta-derminga.de\/wp-content\/uploads\/2024\/09\/457276439_8083313268429994_2184226158258904530_n-1152x1536.jpg 1152w, https:\/\/echta-derminga.de\/wp-content\/uploads\/2024\/09\/457276439_8083313268429994_2184226158258904530_n.jpg 1536w\" sizes=\"auto, (max-width: 700px) 100vw, 700px\" \/><\/figure>\n<\/div>\n<\/div>\n\n\n\n<p class=\"has-medium-font-size wp-block-paragraph\">Der aktuelle Zeitgeist geht mir geh\u00f6rig auf die Nerven. Eine uns\u00e4gliche Verrohung und Miesepeter ei macht sich breit im Land der Dichter und Denker. Nat\u00fcrlich kann und darf man von der Politik entt\u00e4uscht sein und gerne auch mal w\u00fctend \u00fcber die da oben schimpfen. Am Ende sollte man jedoch den Mundabputzen und versuchen anzupacken und mitzugestalten. Auch ich habe meine Probleme mit der Politik in diesem Land und generell auf diesem Planeten. Macht und Gier waren noch nie gute Voraussetzungen f\u00fcr ein politisches Mandat. Wer stellt sich in diesen Zeiten noch der Verantwortung und strebt ein politisches Mandat an? In Dirmingen haben wir Menschen gefunden, die bereit waren ein Mandat im Ortsrat oder Gemeinderat anzunehmen. Wo w\u00e4re unsere Gesellschaft, wenn niemand mehr eine solche Aufgabe \u00fcbernehmen m\u00f6chte?<\/p>\n\n\n\n<p class=\"has-medium-font-size wp-block-paragraph\"><strong>Ich danke allen Mitgliedern des Dirminger Ortsrates f\u00fcr ihr Engagement und ihren Mut Verantwortung \u00fcbernehmen zu wollen. Danke f\u00fcr jede Idee, jede Kritik und jeden Einwand der uns am Ende einen Schritt weiterbringt.<\/strong> <strong>Ich danke aber auch all denjenigen, die sich f\u00fcr ein politisches Amt beworben haben.<\/strong> <strong>Leider haben viele gute Leute kein Mandat gewonnen. Genau dass ist jedoch Demokratie und genau damit gilt es umzugehen.<\/strong><\/p>\n\n\n<div class=\"wp-block-image\">\n<figure class=\"aligncenter size-large\"><img loading=\"lazy\" decoding=\"async\" width=\"700\" height=\"487\" src=\"https:\/\/echta-derminga.de\/wp-content\/uploads\/2024\/09\/458224886_8120994094661911_5826182949397894088_n-700x487.jpg\" alt=\"\" class=\"wp-image-17864\" srcset=\"https:\/\/echta-derminga.de\/wp-content\/uploads\/2024\/09\/458224886_8120994094661911_5826182949397894088_n-700x487.jpg 700w, https:\/\/echta-derminga.de\/wp-content\/uploads\/2024\/09\/458224886_8120994094661911_5826182949397894088_n-300x209.jpg 300w, https:\/\/echta-derminga.de\/wp-content\/uploads\/2024\/09\/458224886_8120994094661911_5826182949397894088_n-768x535.jpg 768w, https:\/\/echta-derminga.de\/wp-content\/uploads\/2024\/09\/458224886_8120994094661911_5826182949397894088_n-1536x1070.jpg 1536w, https:\/\/echta-derminga.de\/wp-content\/uploads\/2024\/09\/458224886_8120994094661911_5826182949397894088_n.jpg 2048w\" sizes=\"auto, (max-width: 700px) 100vw, 700px\" \/><\/figure>\n<\/div>\n\n\n<p class=\"has-medium-font-size wp-block-paragraph\">In meiner Antrittsrede habe ich den Ortsratsmitgliedern, den B\u00fcrgerinnen und B\u00fcrgern und allen Vereinen und Organisationen die Hand zur Zusammenarbeit gereicht. Nur gemeinsam werden wir die Probleme in diesem Dorf l\u00f6sen k\u00f6nnen. Dabei k\u00f6nnte uns allen etwas mehr WIR und weniger ICH guttun.<\/p>\n\n\n\n<p class=\"has-medium-font-size wp-block-paragraph\"><strong>Mein Amtseid ist mir eine wahre Verpflichtung. Ich f\u00fchle mich diesem Dorf zutiefst verbunden und habe gerne geschworen mit Treue und Werten zu dienen. Dirmingen ist mir eine echte Herzensangelegenheit. Ich verstehe mein Amt als Ortsvorsteher auch als Ermutiger und Aufmunterer. Nicht alles ist schlecht und vieles ist bereits auf dem Weg. Wir brauchen mehr Verst\u00e4ndnis, mehr Mut, mehr Innovation und mehr Gelassenheit. Wir brauchen neue Ideen und Inspirationen. Ich tr\u00e4ume von einem &#8222;Mitmach-Dorf&#8220; mit Menschen die ihren Heimatort lieben. Meine Aufgabe ist es zuzuh\u00f6ren, anzunehmen und anzupacken. Das alles ist im gemeinsamen Schulterschluss um ein vielfaches leichter. Komm macht mit, es ist auch DEIN Dorf und DEINE Heimat ! <\/strong><\/p>\n\n\n<div class=\"wp-block-image\">\n<figure class=\"aligncenter size-large\"><img loading=\"lazy\" decoding=\"async\" width=\"700\" height=\"954\" src=\"https:\/\/echta-derminga.de\/wp-content\/uploads\/2024\/09\/457306070_8083312261763428_6926741916097307842_n-700x954.jpg\" alt=\"\" class=\"wp-image-17865\" srcset=\"https:\/\/echta-derminga.de\/wp-content\/uploads\/2024\/09\/457306070_8083312261763428_6926741916097307842_n-700x954.jpg 700w, https:\/\/echta-derminga.de\/wp-content\/uploads\/2024\/09\/457306070_8083312261763428_6926741916097307842_n-220x300.jpg 220w, https:\/\/echta-derminga.de\/wp-content\/uploads\/2024\/09\/457306070_8083312261763428_6926741916097307842_n-768x1046.jpg 768w, https:\/\/echta-derminga.de\/wp-content\/uploads\/2024\/09\/457306070_8083312261763428_6926741916097307842_n-1127x1536.jpg 1127w, https:\/\/echta-derminga.de\/wp-content\/uploads\/2024\/09\/457306070_8083312261763428_6926741916097307842_n.jpg 1503w\" sizes=\"auto, (max-width: 700px) 100vw, 700px\" \/><\/figure>\n<\/div>","protected":false},"excerpt":{"rendered":"<p>Im August und September 2024 fanden in unserer Heimatgemeinde die konstituierenden Sitzungen der einzelnen Ortsr\u00e4te statt. Dabei wurde in Dirmingen am 27. August 2024 der erste Ortsrat der neuen Legislaturperiode verpflichtet. Im Laufe dieser Sitzung wurden die Mitglieder des Ortsrates in ihrem Amt verpflichtet. B\u00fcrgermeister Dr. Andreas Feld f\u00fchrte durch die konstituierende Sitzung des Ortsrates und handelte auch die anstehenden<\/p>\n","protected":false},"author":1,"featured_media":17859,"comment_status":"open","ping_status":"closed","sticky":false,"template":"","format":"standard","meta":{"_crdt_document":"","footnotes":""},"categories":[1,812,46],"tags":[5,618,1117,127,634,795],"class_list":["post-17853","post","type-post","status-publish","format-standard","has-post-thumbnail","hentry","category-allgemein","category-ortsvorsteher-dirmingen","category-meine-politik","tag-dirmingen","tag-gemeinde-eppelborn","tag-kommunalwahlen-2024","tag-landkreis-neunkirchen","tag-ortsvorsteher","tag-ortsvorsteher-dirmingen"],"_links":{"self":[{"href":"https:\/\/echta-derminga.de\/index.php?rest_route=\/wp\/v2\/posts\/17853","targetHints":{"allow":["GET"]}}],"collection":[{"href":"https:\/\/echta-derminga.de\/index.php?rest_route=\/wp\/v2\/posts"}],"about":[{"href":"https:\/\/echta-derminga.de\/index.php?rest_route=\/wp\/v2\/types\/post"}],"author":[{"embeddable":true,"href":"https:\/\/echta-derminga.de\/index.php?rest_route=\/wp\/v2\/users\/1"}],"replies":[{"embeddable":true,"href":"https:\/\/echta-derminga.de\/index.php?rest_route=%2Fwp%2Fv2%2Fcomments&post=17853"}],"version-history":[{"count":14,"href":"https:\/\/echta-derminga.de\/index.php?rest_route=\/wp\/v2\/posts\/17853\/revisions"}],"predecessor-version":[{"id":17881,"href":"https:\/\/echta-derminga.de\/index.php?rest_route=\/wp\/v2\/posts\/17853\/revisions\/17881"}],"wp:featuredmedia":[{"embeddable":true,"href":"https:\/\/echta-derminga.de\/index.php?rest_route=\/wp\/v2\/media\/17859"}],"wp:attachment":[{"href":"https:\/\/echta-derminga.de\/index.php?rest_route=%2Fwp%2Fv2%2Fmedia&parent=17853"}],"wp:term":[{"taxonomy":"category","embeddable":true,"href":"https:\/\/echta-derminga.de\/index.php?rest_route=%2Fwp%2Fv2%2Fcategories&post=17853"},{"taxonomy":"post_tag","embeddable":true,"href":"https:\/\/echta-derminga.de\/index.php?rest_route=%2Fwp%2Fv2%2Ftags&post=17853"}],"curies":[{"name":"wp","href":"https:\/\/api.w.org\/{rel}","templated":true}]}}