{"id":17891,"date":"2024-09-16T16:39:04","date_gmt":"2024-09-16T15:39:04","guid":{"rendered":"https:\/\/echta-derminga.de\/?p=17891"},"modified":"2024-09-16T17:01:18","modified_gmt":"2024-09-16T16:01:18","slug":"entwicklung-der-politischen-ortsgruppierungen-in-dirmingen","status":"publish","type":"post","link":"https:\/\/echta-derminga.de\/?p=17891","title":{"rendered":"Entwicklung der politischen Ortsgruppierungen in Dirmingen"},"content":{"rendered":"\n<p class=\"has-medium-font-size wp-block-paragraph\"><strong>Wir leben in unruhigen Zeiten. Jeden Tag wenden sich entt\u00e4uschte W\u00e4hlerinnen und W\u00e4hler von der Politik und insbesondere von den Gro\u00dfparteien ab, um buchst\u00e4bliche neue Alternativen zu suchen. Dabei hat uns die Geschichte allzu oft bewiesen, dass Zuviel Macht der so wichtigen basisn\u00e4he schadet. Die Menschen lassen ihre Entt\u00e4uschung besonders die Gro\u00dfparteien sp\u00fcren. Wobei, gibt es \u00fcberhaupt noch Gro\u00dfparteien? Tats\u00e4chlich erleben wir die oft zitierte Zeitenwende. Neue Parteien werden gegr\u00fcndet und Altparteien wie eine hei\u00dfe Kartoffel fallen gelassen. Wahlprogramme spielen l\u00e4ngst keine rolle mehr, wir reden von Protest- oder Wut W\u00e4hlern.<\/strong><\/p>\n\n\n\n<p class=\"has-medium-font-size wp-block-paragraph\">Seit nunmehr 25 Jahren bin ich Mitglied in der SPD. Es gibt Tage, in denen ich meine Mitgliedschaft mehr als bereue. Auf der anderen Seite konnte ich im Laufe der Jahre durch meine Parteizugeh\u00f6rigkeit wichtige Akzente setzen. Wir leben in Zeiten, in denen die Parteien echte Probleme damit haben ihre Listen zu besetzen. Wer will heutzutage noch kommunalpolitisch t\u00e4tig sein? Ich habe mich mal mit der Frage besch\u00e4ftigt, wie sich das fr\u00fcher in unserem Dorf mit den Parteien verhielt. Wie war das fr\u00fcher in Dirmingen und wie haben sich unsere Partei entwickelt? Nach Ende des zweiten Weltkrieges erlaubten die franz\u00f6sische Besatzungsbeh\u00f6rde die Gr\u00fcndung politischer Parteien. Allerdings waren im Saarland nur solche politischen Gruppierungen erw\u00fcnscht und erlaubt, die die politischen Bestrebungen der saarl\u00e4ndischen Regierung mit ihrem nach Frankreich orientierten Kurs unterst\u00fctzten. Im Laufe der Zeit wurden durch die R\u00fcckgliederung des Saargebietes an das Deutsche Reich immer mehr Parteien gegr\u00fcndet. Dennoch setzen sich insbesondere in den 1960-er, 1970-er, 1980-er und 1990-er Jahren die sogenannten Volksparteien durch.<\/p>\n\n\n<div class=\"wp-block-image\">\n<figure class=\"aligncenter size-full\"><img loading=\"lazy\" decoding=\"async\" width=\"640\" height=\"609\" src=\"https:\/\/echta-derminga.de\/wp-content\/uploads\/2024\/09\/dirmingen929.jpg\" alt=\"\" class=\"wp-image-17896\" srcset=\"https:\/\/echta-derminga.de\/wp-content\/uploads\/2024\/09\/dirmingen929.jpg 640w, https:\/\/echta-derminga.de\/wp-content\/uploads\/2024\/09\/dirmingen929-300x285.jpg 300w\" sizes=\"auto, (max-width: 640px) 100vw, 640px\" \/><\/figure>\n<\/div>\n\n\n<p class=\"has-medium-font-size wp-block-paragraph\"><strong>Christlich Demokratische Union Deutschlands<\/strong><\/p>\n\n\n\n<p class=\"has-medium-font-size wp-block-paragraph\">Im Gegensatz zu anderen Parteien ist die CDU im Saarland eine noch eher junge Partei. Offiziell wurde die Partei erst nach der Saarabstimmung im Jahre 1955 erlaubt. Die Gr\u00fcndungsversammlung der CDU Ortsgruppe Dirmingen f\u00e4llt genau in dieses Jahr 1955. Ein bereits vorher aktiver Freundeskreis der CDU war zu diesem Zeitpunkt bereits aktiv unterwegs. Zum ersten Vorsitzenden der neuen Ortsgruppe wurde Willi Schm\u00e4deke gew\u00e4hlt. Zu der am 13. Mai 1956 stattgefundenen Kreis- und Gemeinderatswahl erstellte die CDU Dirmingen erstmals eine eigene Kandidatenliste. Nach dieser Wahl konnte die CDU mit Peter Naumann und Jakob Lenz die ersten Gemeinderatsmitglieder in den neugew\u00e4hlten Dirminger Gemeinderat entsenden. Bei der anstehenden B\u00fcrgermeisterwahl wurde das CDU-Gemeinderatsmitglied Jakob Lenz aufgrund einer vorherigen Listenverbindung der CDU mit der DPS und SPD Dirmingen zum 1. Beigeordneten der Gemeinde Dirmingen gew\u00e4hlt. Im Jahre 1958 erfolgte nach langen Verhandlungen der \u00fcberf\u00e4llige Zusammenschluss der CDU mit der CVP zur neuen CDU. Die Dirminger CDU bekam durch diesen Zusammenschluss mehr R\u00fcckenwind und schlie\u00dflich auch mehr Mitglieder. F\u00fcr die CDU Dirmingen begann eine Zeit des Aufbruchs mit vielen gro\u00dfen Erfolgen. M\u00e4nner wie Karl Lauer, Nikolaus Lambert, Eduard Ziegler, Alois Engel, Anton Saar, Edmund Jochem und Hans Baltes pr\u00e4gten die politische Ebene in Dirmingen. Mit dem CDU-B\u00fcrgermeister Alois Engel und dem CDU-Ortsvorsteher Hans Baltes \u00fcbernahm die CDU endlich auch politische Verantwortung in unserem Heimatort. Zu Beginn der 1970 Jahre wurde eine eigene JU Dirmingen gegr\u00fcndet. Am 23. November 1976 wurde zudem eine eigene Frauenvereinigung der CDU Dirmingen ins Leben gerufen. Die beiden Dirmingerinnen Maria Beckh\u00e4user und Monika Lutz leiteten diese Organisation. In den folgenden Jahren setzte die CDU Dirmingen immer wieder auf neue Kr\u00e4fte. Dabei wurden in regelm\u00e4\u00dfigen Abst\u00e4nden vielversprechende Kandidatinnen und Kandidaten f\u00fcr die verschiedene Orts -und Gemeinderatswahlen aufgestellt. Hans Baltes, Ernst Lutz und auch Michael Stoll verdienten sich im Laufe der 1980-er und 1990-er Jahre hohen Respekt und Anerkennung. Nach der Jahrhundertwende setzte die CDU Dirmingen mit Monika Schorr erstmals auf eine Frau als Vorsitzende und Spitzenkandidatin. Auf der Basis erfolgreicher Nachwuchs und Jugendarbeit mit einer starken ortsans\u00e4ssigen jungen Union wurden mit der Zeit viele neue engagierte Mitglieder gefunden. Heute wird die CDU Dirmingen von jungen, engagierten Kommunalpolitikerinnen und Kommunalpolitikern geleitet. Als Vorsitzender und bisheriger Spitzenkandidat leitet aktuell Fabian Schlicher die Geschicke der CDU Dirmingen. Im aktuellen Gemeinderat Eppelborn verf\u00fcgt die Dirminger CDU mit Thomas Bost \u00fcber ein Mandat. Im neugew\u00e4hlten Ortsrat besitzt die CDU Dirmingen mit Fabian Schlicher, Jessica Schlicher und Fabian Schorr drei Mandate. In der vorherigen Legislaturperiode verf\u00fcgte die CDU Dirmingen mit Nathalie Schlicher \u00fcber ein Kreistagsmandat.<\/p>\n\n\n<div class=\"wp-block-image\">\n<figure class=\"aligncenter size-large\"><img loading=\"lazy\" decoding=\"async\" width=\"700\" height=\"490\" src=\"https:\/\/echta-derminga.de\/wp-content\/uploads\/2024\/09\/004-13-700x490.jpg\" alt=\"\" class=\"wp-image-17900\" srcset=\"https:\/\/echta-derminga.de\/wp-content\/uploads\/2024\/09\/004-13-700x490.jpg 700w, https:\/\/echta-derminga.de\/wp-content\/uploads\/2024\/09\/004-13-300x210.jpg 300w, https:\/\/echta-derminga.de\/wp-content\/uploads\/2024\/09\/004-13-768x538.jpg 768w, https:\/\/echta-derminga.de\/wp-content\/uploads\/2024\/09\/004-13.jpg 1333w\" sizes=\"auto, (max-width: 700px) 100vw, 700px\" \/><\/figure>\n<\/div>\n\n\n<p class=\"has-medium-font-size wp-block-paragraph\"><strong><u>Freie Demokratische Partei<\/u><\/strong><\/p>\n\n\n\n<p class=\"has-medium-font-size wp-block-paragraph\">Die DPS gilt Vorg\u00e4ngerpartei der heutigen FDP. \u00a0Bereits im Jahre 1947 zogen die Liberalen im saarl\u00e4ndischen Landtag ein. Durch die gro\u00dfen Aktivit\u00e4ten auf Landesebene in den fr\u00fchen 1950-er Jahren bildeten sich bald im ganzen Land neue DPS-Ortsgruppen.\u00a0 Im Jahre 1951 musste die Partei einen herben R\u00fcckschlag hinnehmen. Die Partei wurde am 21. Mai 1951 aufgrund ihrer \u201epro Deutschen-Einstellung\u201c verboten. Zur gleichen Zeit entstand in Dirmingen eine gro\u00dfe Anh\u00e4ngerschaft, die allerdings wegen dem Verbot nur illegal arbeiten konnte. Die DPS setzte sich massiv f\u00fcr den Wideranschlu\u00df der Saar an Deutschland ein. Die Bindung zum deutschen Mutterland wurde aus Sicht der DPS immer st\u00e4rker gest\u00f6rt. Die Abstimmung am 23. Oktober 1955, die unter europ\u00e4ischer Kontrolle Sache durchgef\u00fchrt wurde, erbrachte einen \u00fcberw\u00e4ltigen Sieg f\u00fcr die Deutsche Sache. Die offizielle Gr\u00fcndung der DPS Dirmingen erfolgte am 29 Oktober 1955 im Nebenzimmer in der Gastwirtschaft Schneider. Zum Vorsitzenden wurde damals Willi Wagner gew\u00e4hlt. Am Tage der Eingliederung des Saarlandes an Deutschland, dem 1. Januar 1956, wurde auf dem Schulhof der Volksschule an der Urexweilerstrasse eine Linde gepflanzt. Bei der Gemeinderatswahl am 16. Juni 1956, erhielt die DPS 9 von 19 Sitzen. Die CVP bekam 5 Sitze, die SPD 3 Sitze und die CDU 2 Sitze. Nach der R\u00fcckgliederung war es f\u00fcr die DPS sehr schwer die W\u00e4hlerschaft zu halten. Mit der R\u00fcckkehr der Saar nach Deutschland war das Hautthema der DPS praktisch &#8222;ad acta&#8220; gelegt. Irgendwann blieb f\u00fcr die DPS nur die M\u00f6glichkeit sich der noch jungen stark liberalen FPD anzuschlie\u00dfen. Allerdings verfolgte die FDP in vielen Dingen eine andere Vorstellung. Immer mehr DPS-W\u00e4hler wandten sich der FDP zu und stimmten sich auf die liberalen Werte ein. Dirmingen hatte einen sehr hohen Anteil an FDP-W\u00e4hlern. Viele Jahre lag der Anteil der W\u00e4hlerschaft \u00fcber dem Bundesdurchschnitt. Willi Wagner blieb bis zum 18 November 1959 Vorsitzender der FDP Dirmingen. Danach \u00fcbernahm Otto Gordner das Zepter. Otto Gordner wurde auch zum ersten B\u00fcrgermeister der FDP der Gemeinde Dirmingen gew\u00e4hlt. Im Jahre 1978 \u00fcbernahm Ludwig Klein den Vorsitz der FDP Dirmingen. Otto Gordner wurde zum Ehrenvorsitzenden gew\u00e4hlt. In den 1970-er Jahren eroberte sich die FDP ihren h\u00f6chsten Stellenwert innerhalb unseres Dorfes. Ludwig Klein und Otto Gordner geh\u00f6rten von 1956 bis 1973 dem Dirminger Gemeinderat an. Otto Gordner vertrat ab der Gebietsreform 1974 bis zum Jahre 1979 die FDP im Eppelboirner Gemeinderat. Albert Gehres, gleichzeitig stellvertretender Ortsvorsteher von Dirmingen, vertrat von 1974 bis 1979 die FDP im Ortsrat Dirmingen. Danach wurde Ludwig Klein im Jahre 1979 in den Ortsrat gew\u00e4hlt. In den 1980-er und 1990-er Jahren hatte es die FDP in Dirmingen zusendest schwieriger.\u00a0Die Ortsgruppe immer mehr mit Nachwuchsproblemen zu k\u00e4mpfen. Gerade die Jugendverb\u00e4nde der Jungsozialisten oder jungen Union sorgten f\u00fcr eine zu gro\u00dfe Konkurrenz. Seit den fr\u00fchen 1980-er Jahren ist die FDP nicht mehr im Ortsrat vertreten. Die T\u00e4tigkeit der FDP-Ortsgruppe kam praktisch zum Erliegen. Heute findet man in unserer Gemeinde nur noch einen orts\u00fcbergreifenden Verband in der Gemeinde Eppelborn. Zuletzt engagierte sich der Dirminger Boris Speicher stark f\u00fcr die Belange der Dirminger Liberalen. Im aktuellen Gemeinderat verf\u00fcgt die FDP \u00fcber ein Mandat.<\/p>\n\n\n\n<div class=\"wp-block-columns is-layout-flex wp-container-core-columns-is-layout-8f761849 wp-block-columns-is-layout-flex\">\n<div class=\"wp-block-column is-layout-flow wp-block-column-is-layout-flow\">\n<figure class=\"wp-block-image size-full\"><img loading=\"lazy\" decoding=\"async\" width=\"686\" height=\"990\" src=\"https:\/\/echta-derminga.de\/wp-content\/uploads\/2024\/09\/001-8.jpg\" alt=\"\" class=\"wp-image-17902\" srcset=\"https:\/\/echta-derminga.de\/wp-content\/uploads\/2024\/09\/001-8.jpg 686w, https:\/\/echta-derminga.de\/wp-content\/uploads\/2024\/09\/001-8-208x300.jpg 208w\" sizes=\"auto, (max-width: 686px) 100vw, 686px\" \/><\/figure>\n<\/div>\n\n\n\n<div class=\"wp-block-column is-layout-flow wp-block-column-is-layout-flow\">\n<figure class=\"wp-block-image size-full\"><img loading=\"lazy\" decoding=\"async\" width=\"400\" height=\"600\" src=\"https:\/\/echta-derminga.de\/wp-content\/uploads\/2024\/09\/20101106_03.jpg\" alt=\"\" class=\"wp-image-17903\" srcset=\"https:\/\/echta-derminga.de\/wp-content\/uploads\/2024\/09\/20101106_03.jpg 400w, https:\/\/echta-derminga.de\/wp-content\/uploads\/2024\/09\/20101106_03-200x300.jpg 200w\" sizes=\"auto, (max-width: 400px) 100vw, 400px\" \/><\/figure>\n<\/div>\n<\/div>\n\n\n\n<p class=\"has-medium-font-size wp-block-paragraph\"><strong><u>B\u00fcndnis 90\/Die Gr\u00fcnen<\/u><\/strong><\/p>\n\n\n\n<p class=\"has-medium-font-size wp-block-paragraph\">Am 6. Oktober 1979 wurde die Partei die \u201eGr\u00fcnen-Saar\u201c in Dillingen\/Saar gegr\u00fcndet. W\u00e4hrend dieser Gr\u00fcndungsversammlung, im Tagungssaal des Hotels Waldeck, trugen sich 36 Personen als Mitglieder ein. Als Erster Vorsitzender wurde Wilfried Osterkampf aus Saarbr\u00fccken gew\u00e4hlt, sein Stellvertreter wurde Herbert Gantner aus Dillingen. Um den Natur- und Umweltschutz als besonderes politisches Ziel der Partei Die Gr\u00fcnen ins \u00f6ffentliche Bewusstsein zu bringen, w\u00e4hlten diese Gr\u00fcndungsmitglieder mit Dieter Ulrich aus Merzig erstmals in der Geschichte der Bundesrepublik Deutschland einen sogenannten &#8218;\u00d6koreferenten&#8216;, eine Funktion, die sp\u00e4ter zum Amt des heutigen Umweltministers f\u00fchrte. Die neu gew\u00e4hlte F\u00fchrungsspitze des Landesverbandes stand sofort unter enormen Zeitdruck. Die schwere Aufgabe lag darin, landesweit neue Parteistruktur aufzubauen. Zudem mussten die ersten Listen f\u00fcr die anstehenden Wahlen koordiniert und aufgestellt werden. Der Bundespartei &#8222;Die Gr\u00fcnen&#8220;, vom 21.\u201323. M\u00e4rz 1980 in Saarbr\u00fccken sollte eigentlich ein positiver Startschuss in eine gute Zukunft werden.  Am Ende ging dieser Parteitag jedoch als &#8222;moralisch-politischer Schockparteitag&#8220; durch die Medien. Der Bundesparteitag f\u00fchrte im Saarland zu ersten innerparteiischen Zerreisprobe und zahlreichen R\u00fccktritten und Parteiaustritten. Das alles trug zum schlechten Abschneiden bei der anstehenden Landtagswahl am 27. April 1980 bei. Die Gr\u00fcnen-Saar scheiterten mit nur 2,9 % der W\u00e4hlerstimmen vergleichsweise deutlich an der F\u00fcnf-Prozent-H\u00fcrde. Auch bei den beiden folgenden Landtagswahlen 1985 und 1990 wurde der Einzug in den Landtag des Saarlandes verpasst. Bei der Bundestagswahl 1980 scheiterte der Bundespartei ebenfalls am Einzug in den Bundestag. Im Jahre 1983 stellte die Partei eine eigene Bundestagsfraktion, der saarl\u00e4ndische Landesverband wurde jedoch durch keinen Abgeordneten vertreten. Erst 1987 entsandte der Landesverband mit Erika Trenz ein erstes Mitglied des Deutschen Bundestages nach Bonn. Da die Bundespartei 1990 in Westdeutschland den Einzug in den ersten gesamtdeutschen Bundestag verpasste, stellte auch der saarl\u00e4ndische Landesverband keine Abgeordneten. In Dirmingen blicken die \u201eGr\u00fcnen\u201c auf eine junge Geschichte. Die Partei B\u00fcndnis 90\/Die Gr\u00fcnen stellten erstmals im Jahre 2019 eine eigene Ortsratsliste auf. Bei diesen Kommunalwahlen schaffte die Partei auch prompt den Einzug in den Ortsrat Dirmingen. Zeitgleich gewannen B\u00fcndnis 90\/ Die Gr\u00fcnen zwei Mandate im Gemeinderat. Mit Heiko Dinkuhn gewann erstmals ein &#8222;Gr\u00fcner-Kommunalpolitiker&#8220; ein Mandat im Dirminger Ortsrat. Dieses Mandat wurde nach zwei Jahren an den Dirminger Jens Feldmann weitergegeben. Bei den Kommunalwahlen 2024 wurde dieses Mandat leider wieder verloren. Im Gemeinderat wurde ebenfalls eins der beiden vorhandenen Mandate verpasst. Aktuell besitzen die Gr\u00fcnen mit dem Dirminger Mario Bost ein Mandat im Gemeinderat.<\/p>\n\n\n\n<div class=\"wp-block-columns is-layout-flex wp-container-core-columns-is-layout-8f761849 wp-block-columns-is-layout-flex\">\n<div class=\"wp-block-column is-layout-flow wp-block-column-is-layout-flow\">\n<figure class=\"wp-block-image size-large\"><img loading=\"lazy\" decoding=\"async\" width=\"700\" height=\"471\" src=\"https:\/\/echta-derminga.de\/wp-content\/uploads\/2024\/09\/IMG-20240915-WA0007-700x471.jpg\" alt=\"\" class=\"wp-image-17905\" srcset=\"https:\/\/echta-derminga.de\/wp-content\/uploads\/2024\/09\/IMG-20240915-WA0007-700x471.jpg 700w, https:\/\/echta-derminga.de\/wp-content\/uploads\/2024\/09\/IMG-20240915-WA0007-300x202.jpg 300w, https:\/\/echta-derminga.de\/wp-content\/uploads\/2024\/09\/IMG-20240915-WA0007-768x517.jpg 768w, https:\/\/echta-derminga.de\/wp-content\/uploads\/2024\/09\/IMG-20240915-WA0007.jpg 1125w\" sizes=\"auto, (max-width: 700px) 100vw, 700px\" \/><\/figure>\n<\/div>\n\n\n\n<div class=\"wp-block-column is-layout-flow wp-block-column-is-layout-flow\">\n<figure class=\"wp-block-image size-large\"><img loading=\"lazy\" decoding=\"async\" width=\"700\" height=\"467\" src=\"https:\/\/echta-derminga.de\/wp-content\/uploads\/2024\/09\/DSC04841-700x467.jpg\" alt=\"\" class=\"wp-image-17906\" srcset=\"https:\/\/echta-derminga.de\/wp-content\/uploads\/2024\/09\/DSC04841-700x467.jpg 700w, https:\/\/echta-derminga.de\/wp-content\/uploads\/2024\/09\/DSC04841-300x200.jpg 300w, https:\/\/echta-derminga.de\/wp-content\/uploads\/2024\/09\/DSC04841-768x512.jpg 768w, https:\/\/echta-derminga.de\/wp-content\/uploads\/2024\/09\/DSC04841-1536x1024.jpg 1536w, https:\/\/echta-derminga.de\/wp-content\/uploads\/2024\/09\/DSC04841-2048x1365.jpg 2048w\" sizes=\"auto, (max-width: 700px) 100vw, 700px\" \/><\/figure>\n<\/div>\n<\/div>\n\n\n\n<p class=\"has-medium-font-size wp-block-paragraph\"><strong><u>Sozialdemokratische Partei Deutschlands<\/u><\/strong><\/p>\n\n\n\n<p class=\"has-medium-font-size wp-block-paragraph\">Im Fr\u00fchjahr des Jahres 1922 wurde der SPD-Ortsverein Dirmingen im Gasthaus \u201eJohne Saal\u201c gegr\u00fcndet. Im Jahr 2024 geh\u00f6rt die Dirminger SPD zu den Mitgliederst\u00e4rksten Gliederungen im Illtal. Der Verein blickt mit viel Stolz auf seine Entstehung und Geschichte zur\u00fcck. Zu den Gr\u00fcndungsmitgliedern geh\u00f6rten die Bergleute: Valentin Br\u00fcck, Peter Bock, Otto Guth\u00f6rl, Wilhelm Heintz, Fritz Hell, Wilhelm Wagner und Willi Wagner. Der Verein begann in schwierigen Zeiten mit seiner kommunalpolitischen Aufbauarbeit. Im Jahre 1923 beteiligte sich der Ortsverein erstmals aktiv an den Kommunalwahlen, ohne dabei jedoch eine eigene Liste eingereicht zu haben. Zum ersten Ortsvereinsvorsitzenden wurde der Bergmann Peter Bock gew\u00e4hlt. Im Jahre 1927 wurde unter gro\u00dfer Unterst\u00fctzung der Dirminger SPD eine Ortsgruppe der Arbeiterwohlfahrt gegr\u00fcndet. Am 22. Juni 1933 wurde die SPD und auch die freien Gewerkschaften in Deutschland von den Nazis verboten. Auch in Dirmingen wurden viele SPD-Mitglieder verfolgt oder diskriminiert. Zahlreiche Sozialdemokraten wurden in dieser Zeit deportiert, gefoltert oder get\u00f6tet. Saarlandweit verloren fast 50 Sozialdemokraten ihr Leben. Eine politische organisierte Vereinsarbeit war zu Zeiten des Nationalsozialismus nicht m\u00f6glich. Nach dem 2. Weltkrieg begannen die Dirminger Sozialdemokraten mit dem eigenen Wiederaufbau. Der Ortsverein wurde im Jahre 1946 unter dem neuen Namen SPS Ortsgruppe Dirmingen widergegr\u00fcndet. Der Dirminger Bergmann Wilhelm Heintz genannt \u201ede Gerber\u201c wurde zum neuen Vorsitzenden gew\u00e4hlt. Der Bergmann Valentin Br\u00fcck f\u00fchrte von 1946 bis 1956 die SPS-Gemeinderatsfraktion an. Im Jahre 1952 wurde Rudi Wohlfart zum neuen Vorsitzenden der SPS Ortsgruppe Dirmingen gew\u00e4hlt. Im Jahre 1956 l\u00f6ste sich die SPS im Saarland auf. Die Mitglieder gingen nach einem Beschluss auf einem au\u00dferordentlichen Landesparteitag allesamt \u00fcber in die SPD. Zum ersten Vorsitzenden, nach der Namens\u00e4nderung, wurde Richard Bratfisch bestimmt. Nach nur einem Jahr wurde im Jahre 1957 Karl Wagner zum Vorsitzenden gew\u00e4hlt. In den Jahren 1957 bis 1965 \u00fcbernahm erneut Rudi Wohlfart als Vorsitzender die die Geschicke des Vereins. Am 30. Mai 1960 wurde mit Friedrich Schiffler zum ersten Mal ein Sozialdemokrat B\u00fcrgermeister von Dirmingen. Der Gruben Steiger G\u00fcnter Klein \u00fcbernahm von 1965 bis 1967 die Verantwortung als Ortsvereinsvorsitzender. Im Jahre 1967 wurde der sp\u00e4tere Ortvorsteher Gerhard Wagner im Gasthaus \u201eSchuhhannesse\u201c zum neuen Mann an der Spitze der Dirminger SPD gew\u00e4hlt. Bereits zwei Jahre sp\u00e4ter im Jahre 1969 wurde der Polizeidirektor Heintz -Werner Heintz zu der neuen Vorsitzenden erkoren. Die st\u00e4ndigen Wechsel an der Vereinsspitze zeugen von einer unruhigen Zeit. Im September des Jahres 1972 wurde der Sozialdemokrat Hermann Bock neuer B\u00fcrgermeister von Dirmingen. Hans-Georg Wagner \u00fcbernahm im Jahre 1970 die Position des Vorsitzenden des SPD-Ortsvereins Dirmingen. Hermann Bock blieb der letzte B\u00fcrgermeister der Gemeinde Dirmingen. Nach der Gebietsverwaltungsreform im Jahre 1974 wurde Dirmingen zu einem Gemeindebezirk in der Einheitsgemeinde Eppelborn. In diesem Jahr 1974 begann im SPD-Ortsverein die politische Laufbahn des ehemaligen Ortsvorstehers Rudi Hell. Neben Hans-Georg Wagner, der als erster Dirminger Sozialdemokrat als Abgeordneter in den Bundestag einzog, wurden die Geschicke unseres Ortsvereins in den 1970-er und 1980-er Jahren ma\u00dfgeblich von Gerhard Wagner, Rudi Wohlfahrt, Rudi Hell und Ursula Wagner gepr\u00e4gt. Im Jahre 1975 wurde auf Initiative von Ursula Wagner die ASF Dirmingen gegr\u00fcndet. Mit dieser Gr\u00fcndung engagierten sich erstmals zahlreiche Frauen kommunalpolitisch in der SPD Dirmingen. Dem SPD-Ortsvorsteher Gerhard Wagner der seit 1979 im Amt war, folgte im Jahre 1997 Rudi Hell als Ortsvorsteher. Die 1990-er Jahre wurden ma\u00dfgeblich gepr\u00e4gt von dem Vorsitzenden Michael Polotzek, dem sp\u00e4teren Ortsvorsteher Manfred Klein sowie engagierten Kommunalpolitikern wie Heinz-Georg Dinkuhn und Heinz Wagner. In dieser Zeit engagierte sich die Dirminger SPD verst\u00e4rkt am Orts geschehen und an der Wiederbelebung der eigenen Dorfkultur. Im Jahre 2006 wurde Manfred Klein neuer Dirminger Ortsvorsteher. Im gleichen Jahr wurde Frank Klein zum neuen Vorsitzenden des SPD-Ortsvereins gew\u00e4hlt. Die folgenden Jahre wurden von der hervorragenden kommunalpolitischen Arbeit des Ortsvorstehers Manfred Klein gepr\u00e4gt. Im Jahre 2020 verstarb der Dirminger Ortsvorsteher Manfred Klein nach schwerer Krankheit. Am 15. Mai 2020 wurde der Dirminger Frank Klein zum neuen Ortsvorsteher von Dirmingen gew\u00e4hlt.  Der bisherige stellvertretende Vorsitzende Stephan Br\u00fcck wurde zum neuen Vorsitzenden des SPD-Ortsvereins gew\u00e4hlt. Am 15. September 2024 wurde Arian Islami mit nur 25 Jahren zum neuen Vorsitzenden der Dirminger SPD gew\u00e4hlt.<\/p>\n\n\n\n<div class=\"wp-block-columns is-layout-flex wp-container-core-columns-is-layout-8f761849 wp-block-columns-is-layout-flex\">\n<div class=\"wp-block-column is-layout-flow wp-block-column-is-layout-flow\">\n<figure class=\"wp-block-image size-large\"><img loading=\"lazy\" decoding=\"async\" width=\"700\" height=\"547\" src=\"https:\/\/echta-derminga.de\/wp-content\/uploads\/2024\/09\/Foto-2-700x547.jpg\" alt=\"\" class=\"wp-image-17908\" srcset=\"https:\/\/echta-derminga.de\/wp-content\/uploads\/2024\/09\/Foto-2-700x547.jpg 700w, https:\/\/echta-derminga.de\/wp-content\/uploads\/2024\/09\/Foto-2-300x235.jpg 300w, https:\/\/echta-derminga.de\/wp-content\/uploads\/2024\/09\/Foto-2-768x600.jpg 768w, https:\/\/echta-derminga.de\/wp-content\/uploads\/2024\/09\/Foto-2-1536x1201.jpg 1536w, https:\/\/echta-derminga.de\/wp-content\/uploads\/2024\/09\/Foto-2-2048x1601.jpg 2048w\" sizes=\"auto, (max-width: 700px) 100vw, 700px\" \/><\/figure>\n<\/div>\n\n\n\n<div class=\"wp-block-column is-layout-flow wp-block-column-is-layout-flow\">\n<figure class=\"wp-block-image size-large\"><img loading=\"lazy\" decoding=\"async\" width=\"700\" height=\"525\" src=\"https:\/\/echta-derminga.de\/wp-content\/uploads\/2024\/09\/448404974_879904024176921_2550552391839013821_n-700x525.jpg\" alt=\"\" class=\"wp-image-17909\" srcset=\"https:\/\/echta-derminga.de\/wp-content\/uploads\/2024\/09\/448404974_879904024176921_2550552391839013821_n-700x525.jpg 700w, https:\/\/echta-derminga.de\/wp-content\/uploads\/2024\/09\/448404974_879904024176921_2550552391839013821_n-300x225.jpg 300w, https:\/\/echta-derminga.de\/wp-content\/uploads\/2024\/09\/448404974_879904024176921_2550552391839013821_n-768x576.jpg 768w, https:\/\/echta-derminga.de\/wp-content\/uploads\/2024\/09\/448404974_879904024176921_2550552391839013821_n.jpg 1440w\" sizes=\"auto, (max-width: 700px) 100vw, 700px\" \/><\/figure>\n<\/div>\n<\/div>\n\n\n\n<p class=\"has-medium-font-size wp-block-paragraph\"><strong>Heute im Jahre 2024 haben alle Parteien die sich in Dirmingen bewegen mit den aktuellen Problemen wie Personalnot oder Mitgliederschwund zu k\u00e4mpfen.<\/strong> <strong>Im Eppelborner Gemeinderat sitzen mit Christoph Resch, Thomas Bost ( CDU), Mario Bost (Die Gr\u00fcnen), Frank Klein, Arian Islami und Susanne Pesch (SPD) 6 Leute die ihren Wohnort in Dirmingen haben.<\/strong><\/p>\n\n\n<div class=\"wp-block-image\">\n<figure class=\"aligncenter size-large\"><img loading=\"lazy\" decoding=\"async\" width=\"700\" height=\"525\" src=\"https:\/\/echta-derminga.de\/wp-content\/uploads\/2024\/09\/458419265_904629228364695_4634199589264814000_n-700x525.jpg\" alt=\"\" class=\"wp-image-17910\" srcset=\"https:\/\/echta-derminga.de\/wp-content\/uploads\/2024\/09\/458419265_904629228364695_4634199589264814000_n-700x525.jpg 700w, https:\/\/echta-derminga.de\/wp-content\/uploads\/2024\/09\/458419265_904629228364695_4634199589264814000_n-300x225.jpg 300w, https:\/\/echta-derminga.de\/wp-content\/uploads\/2024\/09\/458419265_904629228364695_4634199589264814000_n-768x576.jpg 768w, https:\/\/echta-derminga.de\/wp-content\/uploads\/2024\/09\/458419265_904629228364695_4634199589264814000_n-1536x1152.jpg 1536w, https:\/\/echta-derminga.de\/wp-content\/uploads\/2024\/09\/458419265_904629228364695_4634199589264814000_n.jpg 2048w\" sizes=\"auto, (max-width: 700px) 100vw, 700px\" \/><\/figure>\n<\/div>\n\n\n<p class=\"has-medium-font-size wp-block-paragraph\"><strong>Der Ortsrat Dirmingen wird seit 1978 von einem Ortsvorsteher der SPD angef\u00fchrt.<\/strong> <strong>Im aktuellen Ortsrat befinden sich 11 Mitglieder die sich aus 8 SPD Mandaten: Frank Klein, Michael Polotzek, Stephan Br\u00fcck, Arian Islami, Susanne Pesch, Blerta Islami und Bjorn Krabbe sowie 3 CDU Mandaten: Fabian Schlicher, Fabian Schorr, Jessica Schlicher zusammensetzen. <\/strong><\/p>\n\n\n<div class=\"wp-block-image\">\n<figure class=\"aligncenter size-large\"><img loading=\"lazy\" decoding=\"async\" width=\"700\" height=\"489\" src=\"https:\/\/echta-derminga.de\/wp-content\/uploads\/2024\/09\/das-700x489.jpg\" alt=\"\" class=\"wp-image-17911\" srcset=\"https:\/\/echta-derminga.de\/wp-content\/uploads\/2024\/09\/das-700x489.jpg 700w, https:\/\/echta-derminga.de\/wp-content\/uploads\/2024\/09\/das-300x209.jpg 300w, https:\/\/echta-derminga.de\/wp-content\/uploads\/2024\/09\/das-768x536.jpg 768w, https:\/\/echta-derminga.de\/wp-content\/uploads\/2024\/09\/das-1536x1072.jpg 1536w, https:\/\/echta-derminga.de\/wp-content\/uploads\/2024\/09\/das.jpg 1600w\" sizes=\"auto, (max-width: 700px) 100vw, 700px\" \/><\/figure>\n<\/div>\n\n\n<p class=\"has-medium-font-size wp-block-paragraph\"><strong>Dirmingens Ortsvorsteher seit der Gebietsverwaltungsreform 1974 in der heutigen Gemeinde Eppelborn lauten:<\/strong><\/p>\n\n\n\n<p class=\"has-medium-font-size wp-block-paragraph\"><strong>1974 -1979 Hans Baltes (CDU), 1979 &#8211; 1997 Gerhard Wagner (SPD), 1997- 2006&nbsp;Rudi Hell (SPD), 2006 &#8211; 2020 Manfred Klein (SPD), 2020-  Frank Klein<\/strong>&nbsp;<strong>(SPD)<\/strong><\/p>\n\n\n\n<div class=\"wp-block-columns is-layout-flex wp-container-core-columns-is-layout-8f761849 wp-block-columns-is-layout-flex\">\n<div class=\"wp-block-column is-layout-flow wp-block-column-is-layout-flow\">\n<figure class=\"wp-block-image size-large\"><img loading=\"lazy\" decoding=\"async\" width=\"700\" height=\"483\" src=\"https:\/\/echta-derminga.de\/wp-content\/uploads\/2024\/09\/001-700x483.jpg\" alt=\"\" class=\"wp-image-17913\" srcset=\"https:\/\/echta-derminga.de\/wp-content\/uploads\/2024\/09\/001-700x483.jpg 700w, https:\/\/echta-derminga.de\/wp-content\/uploads\/2024\/09\/001-300x207.jpg 300w, https:\/\/echta-derminga.de\/wp-content\/uploads\/2024\/09\/001-768x530.jpg 768w, https:\/\/echta-derminga.de\/wp-content\/uploads\/2024\/09\/001.jpg 1003w\" sizes=\"auto, (max-width: 700px) 100vw, 700px\" \/><\/figure>\n<\/div>\n\n\n\n<div class=\"wp-block-column is-layout-flow wp-block-column-is-layout-flow\">\n<figure class=\"wp-block-image size-large\"><img loading=\"lazy\" decoding=\"async\" width=\"700\" height=\"525\" src=\"https:\/\/echta-derminga.de\/wp-content\/uploads\/2024\/09\/3-Generationen-OV-700x525.jpg\" alt=\"\" class=\"wp-image-17914\" srcset=\"https:\/\/echta-derminga.de\/wp-content\/uploads\/2024\/09\/3-Generationen-OV-700x525.jpg 700w, https:\/\/echta-derminga.de\/wp-content\/uploads\/2024\/09\/3-Generationen-OV-300x225.jpg 300w, https:\/\/echta-derminga.de\/wp-content\/uploads\/2024\/09\/3-Generationen-OV-768x576.jpg 768w, https:\/\/echta-derminga.de\/wp-content\/uploads\/2024\/09\/3-Generationen-OV-1536x1152.jpg 1536w, https:\/\/echta-derminga.de\/wp-content\/uploads\/2024\/09\/3-Generationen-OV-2048x1536.jpg 2048w\" sizes=\"auto, (max-width: 700px) 100vw, 700px\" \/><\/figure>\n<\/div>\n<\/div>\n\n\n\n<div class=\"wp-block-columns is-layout-flex wp-container-core-columns-is-layout-8f761849 wp-block-columns-is-layout-flex\">\n<div class=\"wp-block-column is-layout-flow wp-block-column-is-layout-flow\">\n<figure class=\"wp-block-image size-full\"><img loading=\"lazy\" decoding=\"async\" width=\"640\" height=\"449\" src=\"https:\/\/echta-derminga.de\/wp-content\/uploads\/2024\/09\/dirmingen376-1.jpg\" alt=\"\" class=\"wp-image-17916\" srcset=\"https:\/\/echta-derminga.de\/wp-content\/uploads\/2024\/09\/dirmingen376-1.jpg 640w, https:\/\/echta-derminga.de\/wp-content\/uploads\/2024\/09\/dirmingen376-1-300x210.jpg 300w\" sizes=\"auto, (max-width: 640px) 100vw, 640px\" \/><\/figure>\n<\/div>\n\n\n\n<div class=\"wp-block-column is-layout-flow wp-block-column-is-layout-flow\">\n<figure class=\"wp-block-image size-full\"><img loading=\"lazy\" decoding=\"async\" width=\"640\" height=\"422\" src=\"https:\/\/echta-derminga.de\/wp-content\/uploads\/2024\/09\/dirmingen926.jpg\" alt=\"\" class=\"wp-image-17895\" srcset=\"https:\/\/echta-derminga.de\/wp-content\/uploads\/2024\/09\/dirmingen926.jpg 640w, https:\/\/echta-derminga.de\/wp-content\/uploads\/2024\/09\/dirmingen926-300x198.jpg 300w\" sizes=\"auto, (max-width: 640px) 100vw, 640px\" \/><\/figure>\n<\/div>\n<\/div>\n\n\n\n<div class=\"wp-block-columns is-layout-flex wp-container-core-columns-is-layout-8f761849 wp-block-columns-is-layout-flex\">\n<div class=\"wp-block-column is-layout-flow wp-block-column-is-layout-flow\">\n<figure class=\"wp-block-image size-large\"><img loading=\"lazy\" decoding=\"async\" width=\"700\" height=\"525\" src=\"https:\/\/echta-derminga.de\/wp-content\/uploads\/2024\/09\/DSCN1462-700x525.jpg\" alt=\"\" class=\"wp-image-17918\" srcset=\"https:\/\/echta-derminga.de\/wp-content\/uploads\/2024\/09\/DSCN1462-700x525.jpg 700w, https:\/\/echta-derminga.de\/wp-content\/uploads\/2024\/09\/DSCN1462-300x225.jpg 300w, https:\/\/echta-derminga.de\/wp-content\/uploads\/2024\/09\/DSCN1462-768x576.jpg 768w, https:\/\/echta-derminga.de\/wp-content\/uploads\/2024\/09\/DSCN1462-1536x1152.jpg 1536w, https:\/\/echta-derminga.de\/wp-content\/uploads\/2024\/09\/DSCN1462-2048x1536.jpg 2048w\" sizes=\"auto, (max-width: 700px) 100vw, 700px\" \/><\/figure>\n<\/div>\n\n\n\n<div class=\"wp-block-column is-layout-flow wp-block-column-is-layout-flow\">\n<figure class=\"wp-block-image size-large\"><img loading=\"lazy\" decoding=\"async\" width=\"700\" height=\"471\" src=\"https:\/\/echta-derminga.de\/wp-content\/uploads\/2024\/09\/IMG-20240915-WA0007-1-700x471.jpg\" alt=\"\" class=\"wp-image-17919\" srcset=\"https:\/\/echta-derminga.de\/wp-content\/uploads\/2024\/09\/IMG-20240915-WA0007-1-700x471.jpg 700w, https:\/\/echta-derminga.de\/wp-content\/uploads\/2024\/09\/IMG-20240915-WA0007-1-300x202.jpg 300w, https:\/\/echta-derminga.de\/wp-content\/uploads\/2024\/09\/IMG-20240915-WA0007-1-768x517.jpg 768w, https:\/\/echta-derminga.de\/wp-content\/uploads\/2024\/09\/IMG-20240915-WA0007-1.jpg 1125w\" sizes=\"auto, (max-width: 700px) 100vw, 700px\" \/><\/figure>\n<\/div>\n<\/div>\n","protected":false},"excerpt":{"rendered":"<p>Wir leben in unruhigen Zeiten. Jeden Tag wenden sich entt\u00e4uschte W\u00e4hlerinnen und W\u00e4hler von der Politik und insbesondere von den Gro\u00dfparteien ab, um buchst\u00e4bliche neue Alternativen zu suchen. Dabei hat uns die Geschichte allzu oft bewiesen, dass Zuviel Macht der so wichtigen basisn\u00e4he schadet. Die Menschen lassen ihre Entt\u00e4uschung besonders die Gro\u00dfparteien sp\u00fcren. Wobei, gibt es \u00fcberhaupt noch Gro\u00dfparteien? Tats\u00e4chlich<\/p>\n","protected":false},"author":1,"featured_media":17895,"comment_status":"open","ping_status":"closed","sticky":false,"template":"","format":"standard","meta":{"_crdt_document":"","footnotes":""},"categories":[1,9,46,8],"tags":[5,618,127,795,666,310],"class_list":["post-17891","post","type-post","status-publish","format-standard","has-post-thumbnail","hentry","category-allgemein","category-dorfgetratsche","category-meine-politik","category-sellemols-und-awweile","tag-dirmingen","tag-gemeinde-eppelborn","tag-landkreis-neunkirchen","tag-ortsvorsteher-dirmingen","tag-parteien","tag-saarland"],"_links":{"self":[{"href":"https:\/\/echta-derminga.de\/index.php?rest_route=\/wp\/v2\/posts\/17891","targetHints":{"allow":["GET"]}}],"collection":[{"href":"https:\/\/echta-derminga.de\/index.php?rest_route=\/wp\/v2\/posts"}],"about":[{"href":"https:\/\/echta-derminga.de\/index.php?rest_route=\/wp\/v2\/types\/post"}],"author":[{"embeddable":true,"href":"https:\/\/echta-derminga.de\/index.php?rest_route=\/wp\/v2\/users\/1"}],"replies":[{"embeddable":true,"href":"https:\/\/echta-derminga.de\/index.php?rest_route=%2Fwp%2Fv2%2Fcomments&post=17891"}],"version-history":[{"count":15,"href":"https:\/\/echta-derminga.de\/index.php?rest_route=\/wp\/v2\/posts\/17891\/revisions"}],"predecessor-version":[{"id":17926,"href":"https:\/\/echta-derminga.de\/index.php?rest_route=\/wp\/v2\/posts\/17891\/revisions\/17926"}],"wp:featuredmedia":[{"embeddable":true,"href":"https:\/\/echta-derminga.de\/index.php?rest_route=\/wp\/v2\/media\/17895"}],"wp:attachment":[{"href":"https:\/\/echta-derminga.de\/index.php?rest_route=%2Fwp%2Fv2%2Fmedia&parent=17891"}],"wp:term":[{"taxonomy":"category","embeddable":true,"href":"https:\/\/echta-derminga.de\/index.php?rest_route=%2Fwp%2Fv2%2Fcategories&post=17891"},{"taxonomy":"post_tag","embeddable":true,"href":"https:\/\/echta-derminga.de\/index.php?rest_route=%2Fwp%2Fv2%2Ftags&post=17891"}],"curies":[{"name":"wp","href":"https:\/\/api.w.org\/{rel}","templated":true}]}}