{"id":17931,"date":"2024-09-17T17:47:11","date_gmt":"2024-09-17T16:47:11","guid":{"rendered":"https:\/\/echta-derminga.de\/?p=17931"},"modified":"2024-09-17T17:47:11","modified_gmt":"2024-09-17T16:47:11","slug":"war-frueher-wirklich-alles-besser-waehlt-gute-saat-gute-saat-bringt-gute-ernte","status":"publish","type":"post","link":"https:\/\/echta-derminga.de\/?p=17931","title":{"rendered":"War fr\u00fcher wirklich alles besser ? &#8211; W\u00e4hlt gute Saat, gute Saat bringt gute Ernte"},"content":{"rendered":"\n<p class=\"has-medium-font-size wp-block-paragraph\"><strong>Fr\u00fcher war alles besser! Wie habe ich diesen Spruch als Kind gehasst! Ich hatte mir so fest vorgenommen, dass mir dieser Satz nie \u00fcber die Lippen kommen wird. Die Zeiten \u00e4ndern sich und irgendwie sorgt die oft zitierte Zeitenwende f\u00fcr einen Sinneswandel. Geredet und gel\u00e4stert wird immer und der Mensch neigt allzu oft dazu alles schlecht zu reden. Der Sittenverfall und die immer schlechter werdende Moral lassen gerade die \u00e4lteren Semester unter uns verzweifeln. Weltweit glauben die Menschen, dass sich unsere Moral im Sturzflug befindet und dass wir die Menschlichkeit mit F\u00fc\u00dfen treten.\u00a0 Fr\u00fcher war alles besser! Ich wollte diesen Spruch niemals aussprechen. Ich erinnere mich an meine Jugendzeit. Ich hasste den erhobenen Zeigefinger die vielen selbsternannten Moralapostel. Fr\u00fcher war alles besser, wenn ich diesen Satz h\u00f6rte, schwoll mir der Kamm. Befehle und Zurechtweisungen waren mir schon immer ein Greul. Mit Belehrungen konnte ich eigentlich nie etwas anfangen. Und heute?<\/strong><\/p>\n\n\n\n<p class=\"has-medium-font-size wp-block-paragraph\">Fr\u00fcher war alles besser! In den letzten Monaten ertappe ich mich immer wieder dabei, wie mir dieser allzu verhassten Satz durch die Gedanken huscht. Was ist los mit mir? Wo ist mein Gewissen? Keine Frage, ich bin \u00e4lter geworden und nicht alles wiegt mehr so leicht wie fr\u00fcher. Die Unbeschwertheit hat mich verlassen und kommt nur noch selten zu Besuch. Ich mache mir viel mehr Gedanken und beobachte die Menschen mit anderen Augen. Irgendwie ist alles im Wandel. War fr\u00fcher tats\u00e4chlich alles besser? Nein, ich will und kann mir das nicht vorstellen. Andere Zeiten, andere Sitten. Jede Zeit hat ihr \u00dcbel oder um es mit dem Prediger Text der Bibel zu sagen: \u201eEin jegliches hat seine Zeit, und alles Vorhaben unter dem Himmel hat seine Stunde\u2026\u201c (Prediger Salomo &#8211; PRED 3,14) Was ist los mit mir? Warum liegt mir dieser Satz in den letzten Tagen so oft auf der Zunge? Bin ich spie\u00dfig oder einfach nur alt geworden?<\/p>\n\n\n\n<p class=\"has-medium-font-size wp-block-paragraph\"><strong>Wer steht f\u00fcr den anderen auf? Letztens begegnete ich in einer Firma einen jungen Mann. Als er mit seiner Laufechse um die Kurve bog, stie\u00df er gegen eine Palette, worauf ihm alles runterfiel. Es lagen gef\u00fchlte 1 Million Teile \u00fcberall auf dem Boden verteilt. Zahlreiche Kolleginnen und Kollegen gingen an dem jungen Mann vorbei. Viele w\u00fcrdigten ihn noch nicht mal eines Blickes. Gespannt beobachte ich die Situation und musste Kopfsch\u00fctteln zur Kenntnis nehmen, dass niemand es f\u00fcr notwendig fand, dem jungen Mann zu helfen. Ich lie\u00df meine Arbeit stehen, ging zu ihm hin\u00fcber und half ihm die \u201eMillionen Teile\u201c aufzuheben. Bin ich nun besser als alle anderen? Nein, ich glaube nicht. Tats\u00e4chlich glaube ich, dass vieles in unserer Erziehung liegt. W\u00e4hrend meiner Lehrzeit \u201eUnter Tage\u201c bekam ich das Helfen eingebl\u00e4ut. \u201eSiehst du nicht, dass dein Kamerad Hilfe braucht?\u201c Ich bin mir gar nicht mehr so sicher, ob wir fr\u00fcher tats\u00e4chlich alle \u201eHeilige\u201c waren.\u00a0<\/strong><\/p>\n\n\n<div class=\"wp-block-image\">\n<figure class=\"aligncenter size-large\"><img loading=\"lazy\" decoding=\"async\" width=\"700\" height=\"700\" src=\"https:\/\/echta-derminga.de\/wp-content\/uploads\/2024\/09\/IMG-20231118-WA0013-700x700.jpg\" alt=\"\" class=\"wp-image-17935\" srcset=\"https:\/\/echta-derminga.de\/wp-content\/uploads\/2024\/09\/IMG-20231118-WA0013-700x700.jpg 700w, https:\/\/echta-derminga.de\/wp-content\/uploads\/2024\/09\/IMG-20231118-WA0013-300x300.jpg 300w, https:\/\/echta-derminga.de\/wp-content\/uploads\/2024\/09\/IMG-20231118-WA0013-150x150.jpg 150w, https:\/\/echta-derminga.de\/wp-content\/uploads\/2024\/09\/IMG-20231118-WA0013-768x768.jpg 768w, https:\/\/echta-derminga.de\/wp-content\/uploads\/2024\/09\/IMG-20231118-WA0013-1536x1536.jpg 1536w, https:\/\/echta-derminga.de\/wp-content\/uploads\/2024\/09\/IMG-20231118-WA0013-90x90.jpg 90w, https:\/\/echta-derminga.de\/wp-content\/uploads\/2024\/09\/IMG-20231118-WA0013-75x75.jpg 75w, https:\/\/echta-derminga.de\/wp-content\/uploads\/2024\/09\/IMG-20231118-WA0013.jpg 1600w\" sizes=\"auto, (max-width: 700px) 100vw, 700px\" \/><\/figure>\n<\/div>\n\n\n<p class=\"has-medium-font-size wp-block-paragraph\">War die Welt fr\u00fcher noch in Ordnung? Gute Frage. Tats\u00e4chlich glaube ich, dass in den letzten Jahren eine gewisse Verrohung stattgefunden hat. Schuld daran ist unter anderem das Internet. Nicht jeder kann mit den neuen Medien umgehen. Es wird gepostet und kommentiert auf Teufel komm raus! Soziale Ungerechtigkeit, Kriege, Hunger und Armut. Die meisten Deutschen glauben tats\u00e4chlich, dass es der Welt fr\u00fcher besser ging als heute.<\/p>\n\n\n\n<p class=\"has-medium-font-size wp-block-paragraph\"><strong>\u201eFr\u00fcher war alles besser.\u201c Tats\u00e4chlich gibt es viele Indizien, die dagegensprechen. Die Entwicklung der Kriminalit\u00e4t, der R\u00fcckgang der Todesopfer im Stra\u00dfenverkehr und tats\u00e4chlich der R\u00fcckgang der Drogendelikte. \u00a0Und dennoch macht sich bei uns der Eindruck breit, dass die Zeiten immer schlimmer werden. Woran liegt es? Ein wahrscheinlicher Grund daf\u00fcr ist die Berichterstattung in den Medien, die sich heutzutage dieser Themen st\u00e4rker annehmen als fr\u00fcher. Dadurch w\u00e4chst bei den Lesern der Eindruck, in Deutschland zu leben w\u00e4re heute schlechter als fr\u00fcher.<\/strong><\/p>\n\n\n\n<p class=\"has-medium-font-size wp-block-paragraph\">Laut einer Studie sehnen sich die Deutschen zur\u00fcck in die 80er Jahre. Erstaunlich, waren die 80er doch die Zeit des kalten Krieges und der Angst vor einem Atomkrieg oder die Zeit des Waldsterbens. Vielleicht haben wir nur einen falschen Blick auf die Dinge. Tats\u00e4chlich glaube ich, dass neben der bereits erw\u00e4hnten Verrohung ein gewisser Egoismus sich breit gemacht hat. Die S\u00e4tze: \u201eIch schau jetzt erstmal nur auf mich\u201c oder \u201eWer fragt nach mir\u201c haben sich in das kollektive Selbstverst\u00e4ndnis der Menschen geschlichen. Wer steht f\u00fcr den anderen auf? Warum tun wir uns so schwer dem anderen zu helfen?\u00a0Ist das nicht Menschenpflicht?<\/p>\n\n\n\n<p class=\"has-medium-font-size wp-block-paragraph\"><strong>Wir leben in Zeiten, in denen es mutig ist, menschlich zu sein. Die Rede ist von den sogenannten \u201eGutmenschen\u201c. In den sozialen Medien wird der \u201eGutmensch\u201c mittlerweile als Schimpfwort benutzt. Muss man sich mal vorstellen?!?<\/strong><\/p>\n\n\n\n<p class=\"has-medium-font-size wp-block-paragraph\">Der Bergbau hat mich gepr\u00e4gt. Wenn heute wieder von der oft zitierten Erinnerungskultur berichtet wird, muss ich immer schmunzeln. Eigentlich brauchen wir keine st\u00e4hlernen Denkm\u00e4ler oder riesige Schachtanlagen, um unsere Erinnerung zu bewahren. Alles liegt in uns selbst: Die Werte, der Stolz, das Herz, das Gef\u00fchl und die Erinnerung. Wir m\u00fcssen uns nur erinnern und diese Eigenschaften unseren Kindern weitergeben. Aufstehen, weg vom PC oder der Playstation. Raus mal raufen, streiten, diskutieren und unterst\u00fctzen. Laufen, Fallen, Aufstehen, Weitermachen. Es ist immer, dass, was wir draus machen. Erzieht eure Kinder gut. Macht sie zu Menschen. Zu Menschen mit Fehlern, einer Macke und mit einem Herz. Das ist ohnehin das Wichtigste: Das Herz!<\/p>\n\n\n\n<p class=\"has-medium-font-size wp-block-paragraph\"><strong>Die Radiozentrale hat unl\u00e4ngst mit der Kampagne \u201eDeutschland, du bist besser als du denkst\u201c einen neuen Impuls gesetzt. Es geht darum Zuversicht zu streuen. Private und \u00f6ffentlich-rechtliche Radiostationen senden mit dieser Aktion gemeinsam an 54 Millionen t\u00e4gliche H\u00f6rerinnen und H\u00f6rer einen Impuls f\u00fcr einen neuen Optimismus und mehr freiheitlich-demokratisches Bewusstsein. Schon mal geh\u00f6rt?<\/strong><\/p>\n\n\n\n<figure class=\"wp-block-embed is-type-video is-provider-youtube wp-block-embed-youtube wp-embed-aspect-16-9 wp-has-aspect-ratio\"><div class=\"wp-block-embed__wrapper\">\n<iframe loading=\"lazy\" title=\"Stimme - Deutschland, du bist besser als du denkst\" width=\"860\" height=\"484\" src=\"https:\/\/www.youtube.com\/embed\/AA76X08SN4c?feature=oembed\" frameborder=\"0\" allow=\"accelerometer; autoplay; clipboard-write; encrypted-media; gyroscope; picture-in-picture; web-share\" referrerpolicy=\"strict-origin-when-cross-origin\" allowfullscreen><\/iframe>\n<\/div><\/figure>\n\n\n\n<p class=\"has-medium-font-size wp-block-paragraph\">Unter Tage waren wir \u201eKumpel\u201c und wie eine eng zusammengeschwei\u00dfte Familie. Kameradschaft bekam man buchst\u00e4blich eingetrichtert. \u201eUnter Tage\u201c brauchte man sich gegenseitig. Man musste sich aufeinander verlassen k\u00f6nnen. Unter Umst\u00e4nden hing davon dein Leben ab. Heute brauchen wir den anderen nicht mehr so sehr. Es geht auch so, allein. Lieber zuhause auf der Couch. Mein Haus, meine Familie, meine Kinder, mein Pool usw. Wars das? Soll das alles gewesen sein?<\/p>\n\n\n\n<p class=\"has-medium-font-size wp-block-paragraph\"><strong>Wenn man Frust hat, l\u00e4sst man diesen in den sozialen Medien raus. Wir beleidigen, diffamieren, hassen, w\u00fcten und unterstellen was sich das Zeug h\u00e4lt. Ich glaube viele Zeitgenossen k\u00f6nnen mit ihrer neuen Macht in den sozialen Medien nicht umgehen. Eigentlich br\u00e4uchte man f\u00fcr dieses Medium einen Waffenschein. Vielen Leuten ist nicht klar, was ihre Zeilen bei anderen ausl\u00f6sen, und wie verletzten manche Worth\u00fclsen durch die virtuelle Welt rauschen.<\/strong><\/p>\n\n\n\n<p class=\"has-medium-font-size wp-block-paragraph\">Ganz schlimm verh\u00e4lt es sich bei unserem Umgang mit der Politik. Ich selbst bin nicht der gr\u00f6\u00dfte Fan der Ampel und erkenne sehr wohl welche Fehler in diesen Zeiten gemacht werden. Die gro\u00dfen Politiker vergessen allzu oft die Menschen mitzunehmen und ihre Entscheidungen volksnah zu f\u00e4llen. Das erzeugt Unverst\u00e4ndnis, Wut und Hass. Das ganze gemischt mit richtigen, falschen oder gef\u00e4hrlichen Wahrheiten gibt eine gef\u00e4hrliche Spirale, der man sich nur schwer entziehen kann. Das gegenseitige Verst\u00e4ndnis, der Blick f\u00fcr den anderen und die die Zivilcourage f\u00fcr den anderen aufzustehen wird kaum noch praktiziert. <\/p>\n\n\n\n<p class=\"has-medium-font-size wp-block-paragraph\"><strong>Fr\u00fcher war alles besser. Wirklich? Mittlerweile ertappe ich mich immer \u00f6fter dabei, dass ich diesen Satz laut denke. Ich wei\u00df auch nicht, wie wir aus diesem Sumpf herauskommen und wohin uns dieser Wahnsinn f\u00fchrt. Alles was ich wei\u00df, ziehe ich aus meiner pers\u00f6nlichen Lebenserfahrung die besagt: W\u00e4hlt gute Saat, gute Saat bringt gute Ernte.<\/strong><\/p>\n\n\n\n<p class=\"has-medium-font-size wp-block-paragraph\"><\/p>\n\n\n<div class=\"wp-block-image\">\n<figure class=\"aligncenter size-large\"><img loading=\"lazy\" decoding=\"async\" width=\"700\" height=\"700\" src=\"https:\/\/echta-derminga.de\/wp-content\/uploads\/2024\/09\/SPD-17-700x700.jpg\" alt=\"\" class=\"wp-image-17937\" srcset=\"https:\/\/echta-derminga.de\/wp-content\/uploads\/2024\/09\/SPD-17-700x700.jpg 700w, https:\/\/echta-derminga.de\/wp-content\/uploads\/2024\/09\/SPD-17-300x300.jpg 300w, https:\/\/echta-derminga.de\/wp-content\/uploads\/2024\/09\/SPD-17-150x150.jpg 150w, https:\/\/echta-derminga.de\/wp-content\/uploads\/2024\/09\/SPD-17-768x768.jpg 768w, https:\/\/echta-derminga.de\/wp-content\/uploads\/2024\/09\/SPD-17-1536x1536.jpg 1536w, https:\/\/echta-derminga.de\/wp-content\/uploads\/2024\/09\/SPD-17-2048x2048.jpg 2048w, https:\/\/echta-derminga.de\/wp-content\/uploads\/2024\/09\/SPD-17-90x90.jpg 90w, https:\/\/echta-derminga.de\/wp-content\/uploads\/2024\/09\/SPD-17-75x75.jpg 75w\" sizes=\"auto, (max-width: 700px) 100vw, 700px\" \/><\/figure>\n<\/div>","protected":false},"excerpt":{"rendered":"<p>Fr\u00fcher war alles besser! Wie habe ich diesen Spruch als Kind gehasst! Ich hatte mir so fest vorgenommen, dass mir dieser Satz nie \u00fcber die Lippen kommen wird. Die Zeiten \u00e4ndern sich und irgendwie sorgt die oft zitierte Zeitenwende f\u00fcr einen Sinneswandel. Geredet und gel\u00e4stert wird immer und der Mensch neigt allzu oft dazu alles schlecht zu reden. Der Sittenverfall<\/p>\n","protected":false},"author":1,"featured_media":17934,"comment_status":"open","ping_status":"closed","sticky":false,"template":"","format":"standard","meta":{"_crdt_document":"","footnotes":""},"categories":[1,9,902],"tags":[5,618,127,634,795,310],"class_list":["post-17931","post","type-post","status-publish","format-standard","has-post-thumbnail","hentry","category-allgemein","category-dorfgetratsche","category-meine-meinung","tag-dirmingen","tag-gemeinde-eppelborn","tag-landkreis-neunkirchen","tag-ortsvorsteher","tag-ortsvorsteher-dirmingen","tag-saarland"],"_links":{"self":[{"href":"https:\/\/echta-derminga.de\/index.php?rest_route=\/wp\/v2\/posts\/17931","targetHints":{"allow":["GET"]}}],"collection":[{"href":"https:\/\/echta-derminga.de\/index.php?rest_route=\/wp\/v2\/posts"}],"about":[{"href":"https:\/\/echta-derminga.de\/index.php?rest_route=\/wp\/v2\/types\/post"}],"author":[{"embeddable":true,"href":"https:\/\/echta-derminga.de\/index.php?rest_route=\/wp\/v2\/users\/1"}],"replies":[{"embeddable":true,"href":"https:\/\/echta-derminga.de\/index.php?rest_route=%2Fwp%2Fv2%2Fcomments&post=17931"}],"version-history":[{"count":4,"href":"https:\/\/echta-derminga.de\/index.php?rest_route=\/wp\/v2\/posts\/17931\/revisions"}],"predecessor-version":[{"id":17938,"href":"https:\/\/echta-derminga.de\/index.php?rest_route=\/wp\/v2\/posts\/17931\/revisions\/17938"}],"wp:featuredmedia":[{"embeddable":true,"href":"https:\/\/echta-derminga.de\/index.php?rest_route=\/wp\/v2\/media\/17934"}],"wp:attachment":[{"href":"https:\/\/echta-derminga.de\/index.php?rest_route=%2Fwp%2Fv2%2Fmedia&parent=17931"}],"wp:term":[{"taxonomy":"category","embeddable":true,"href":"https:\/\/echta-derminga.de\/index.php?rest_route=%2Fwp%2Fv2%2Fcategories&post=17931"},{"taxonomy":"post_tag","embeddable":true,"href":"https:\/\/echta-derminga.de\/index.php?rest_route=%2Fwp%2Fv2%2Ftags&post=17931"}],"curies":[{"name":"wp","href":"https:\/\/api.w.org\/{rel}","templated":true}]}}