{"id":17954,"date":"2024-10-03T14:17:27","date_gmt":"2024-10-03T13:17:27","guid":{"rendered":"https:\/\/echta-derminga.de\/?p=17954"},"modified":"2024-10-03T14:19:48","modified_gmt":"2024-10-03T13:19:48","slug":"in-sachen-ortsvorsteher-von-einer-buergerversammlung-einem-geplanten-siedlungsgebiet-und-der-aufgabe-einer-intakten-dorfgemeinschaft","status":"publish","type":"post","link":"https:\/\/echta-derminga.de\/?p=17954","title":{"rendered":"In Sachen Ortsvorsteher: Von einer B\u00fcrgerversammlung, einem geplanten Siedlungsgebiet, einer Fotovoltaikanlage und einer intakten Dorfgemeinschaft"},"content":{"rendered":"\n<p class=\"has-medium-font-size wp-block-paragraph\">Liebe Mitb\u00fcrgerinnen und Mitb\u00fcrger,<\/p>\n\n\n\n<p class=\"has-medium-font-size wp-block-paragraph\">wir leben in bewegten Zeiten. W\u00e4hrend unser Heimatort von einer Festlichkeit in die andere trudelt, m\u00fcssen wir uns mit vielen Ver\u00e4nderungen und Problemen befassen. Dabei k\u00f6nnen Sie versichert sein, dass wir uns partei\u00fcbergreifend im Sinne der Menschen in unserer Heimatgemeinde die K\u00f6pfe zerbrechen, wie wir es gut machen. Im Laufe der Jahre hat sich ein m\u00e4chtiger Investitionsstau aufgebaut. Wenn man sich unseren Heimatort einmal genau anblickt, erkennt man zahlreiche buchst\u00e4bliche Baustellen, die wir ohne Unterst\u00fctzung von Investoren \u00fcberhaupt nicht beheben k\u00f6nnen. Neben der oft zitierten \u201eHard\u2018ter Br\u00fccke\u201c geh\u00f6ren sicherlich auch unser Ortskern, der sehnlichst erwarte, Verbrauchermarkt, die Borrwieshalle und unsere beiden Kirchen zu diesen Herzensangelegenheiten. Wie geht es weiter? Was wird die Zukunft bringen! Es gibt sehr viel zu tun und ehrlich gesagt wei\u00df ich manchmal \u00fcberhaupt nicht wo und wie wir anfangen sollen. Dabei kann jeder Einzelne von uns mithelfen und seinen Teil dazu beitragen. Ich selbst bin ein gro\u00dfer Bef\u00fcrworter der sozialen Medien. Dieses Medium kann Menschen verbinden und vereinen. Auf der anderen Seite kann es aber auch teilen und zerst\u00f6ren. Ich w\u00fcnsche mir mehr Fairness und einen Dialog auf Augenh\u00f6he. Ich muss gestehen, dass mich so mancher Kommentar in den sozialen Medien schmerzlich trifft und anpackt. Lassen Sie uns mehr reden und mehr aufeinander zugehen. Ich reiche allen meine Hand zur Zusammenarbeit. Sie k\u00f6nnen mich jederzeit telefonisch kontaktieren oder zu einem Gespr\u00e4ch bitten.<\/p>\n\n\n\n<p class=\"has-medium-font-size wp-block-paragraph\"><strong>B\u00fcrgerversammlung zur Hard\u2019ter Br\u00fccke<\/strong><\/p>\n\n\n\n<p class=\"has-medium-font-size wp-block-paragraph\">Am Montag, 30. September fand in der Borrwieshalle Dirmingen eine B\u00fcrgerversammlung zum Thema \u201eHard\u2019ter Br\u00fccke\u201c statt. Dabei waren alle B\u00fcrgerinnen und B\u00fcrger der \u201eHumeserstra\u00dfe\u201c und \u201eAn der Hardt\u201c eingeladen. B\u00fcrgermeister Dr. Andreas Feld, Peter Lutz vom Bauamt und meine Wenigkeit mussten uns auch vielen kritische Fragen und Vorw\u00fcrfe stellen. Dabei wurde ausgiebig \u00fcber die angespannte Verkehrssituation im Siedlungsgebiet bis hin zur Waldstra\u00dfe debattiert. Auch die fehlende Beleuchtung in der neuen Umleitungsstra\u00dfe zur &#8222;Waldstra\u00dfe&#8220; war ein Thema. Nachdem in der vergangenen Woche bereits Markierung arbeiten an der Ecke \u201eHierscheiderstra\u00dfe\u201c und \u201eWaldstra\u00dfe\u201c vollzogen wurden, soll nun auch schnellstm\u00f6glich die Hecke vor der \u201eHierscheider Br\u00fccke\u201c geschnitten werden. Am Ende war der R\u00fcckbau, der im Jahre 1913 erbauten Br\u00fccke, unausweichlich. Nachdem die Deutsche Bahn zun\u00e4chst den Druck erh\u00f6hte und den Ortsrat sowie den Gemeinderat und die Gemeindeverwaltung zum Handeln dr\u00e4ngte, redet man heute davon, dass der Bestandsschutz der Br\u00fccke mit dem R\u00fcckbau verloren ging. Aus meiner Sicht ein echtes Unding. Die betroffenen Haushalte in der \u201eHumeserstra\u00dfe\u201c und \u201eAn der Hardt\u201c m\u00fcssen seit dem R\u00fcckbau der Br\u00fccke unzumutbare Umst\u00e4nde hinnehmen. Der Neubau der Br\u00fccke kostet vermutlich 4 Millionen Euro. Diese Summe kann die Gemeinde Eppelborn allein nicht stemmen. Gemeinsam mit B\u00fcrgermeister Dr. Andreas Feld und Mitglieder der Gemeindeverwaltung haben wir der zust\u00e4ndigen Ministerin Petra Berg von unseren N\u00f6ten berichten. Wir haben die Ministerin um Unterst\u00fctzung gebeten und zeitgleich unsere Mandatstr\u00e4ger in Land und Bund kontaktiert. Die Gemeinde Eppelborn steht vor einem gro\u00dfen Problem, dass ohne die Unterst\u00fctzung des Landes, des Bundes und insbesondere der Deutschen Bahn nicht zu bew\u00e4ltigen ist. Wir wissen immer noch nicht, inwieweit die Planungen der Elektrifizierung der Strecke vorangetrieben sind. Diese Entscheidung ist f\u00fcr die geplante Bauma\u00dfnahme von gro\u00dfer Bedeutung. Ein weiteres Problem ist die hohe Belastung der \u201eWaldstra\u00dfe\u201c, \u201eHierscheiderstra\u00dfe\u201c und der Eisenbahnbr\u00fccke \u201eHierscheiderstra\u00dfe\u201c. Sollten die Erneuerung der Br\u00fccke tats\u00e4chlich f\u00fcnf Jahre auf sich warten lassen oder sogar \u00fcberhaupt nicht realisiert werden, k\u00f6nnte auch die Br\u00fccke in der \u201eHierscheiderstra\u00dfe\u201c erhebliche Sch\u00e4den von sich tragen. Ich stehe in dieser Angelegenheit an der Seite der Menschen in den betreffenden Wohngebieten und auch an der Seite der Gemeindeverwaltung. Ich fordere Land, Bund und Deutsche Bahn dringend zum Handeln auf und erwarte die Unterst\u00fctzung der betreffenden B\u00fcrgerinnen und B\u00fcrger in den besagten Wohngebieten.<\/p>\n\n\n<div class=\"wp-block-image\">\n<figure class=\"aligncenter size-large\"><img loading=\"lazy\" decoding=\"async\" width=\"700\" height=\"484\" src=\"https:\/\/echta-derminga.de\/wp-content\/uploads\/2024\/09\/w1100_h688_x1795_y1221_IMG_E6591-40c6649a73a4c8ff-700x484.jpeg\" alt=\"\" class=\"wp-image-17945\" srcset=\"https:\/\/echta-derminga.de\/wp-content\/uploads\/2024\/09\/w1100_h688_x1795_y1221_IMG_E6591-40c6649a73a4c8ff-700x484.jpeg 700w, https:\/\/echta-derminga.de\/wp-content\/uploads\/2024\/09\/w1100_h688_x1795_y1221_IMG_E6591-40c6649a73a4c8ff-300x207.jpeg 300w, https:\/\/echta-derminga.de\/wp-content\/uploads\/2024\/09\/w1100_h688_x1795_y1221_IMG_E6591-40c6649a73a4c8ff-768x531.jpeg 768w, https:\/\/echta-derminga.de\/wp-content\/uploads\/2024\/09\/w1100_h688_x1795_y1221_IMG_E6591-40c6649a73a4c8ff.jpeg 888w\" sizes=\"auto, (max-width: 700px) 100vw, 700px\" \/><\/figure>\n<\/div>\n\n\n<p class=\"has-medium-font-size wp-block-paragraph\">&#8222;<strong>Derminga Treff&#8220; startet neu in die Zukunft<\/strong><\/p>\n\n\n\n<p class=\"has-medium-font-size wp-block-paragraph\">Durch das verheerende Pfingsthochwasser wurde auch das evangelische Gemeindehaus in Mitleidenschaft gezogen. Nun konnte nach einer l\u00e4ngeren Sommerpause endlich wieder das \u201eDerminga Treff\u201c stattfinden. Mit dem gro\u00dfen Andrang hatte auch der Arbeitskreis nicht gerechnet. Fast 60 Menschen besuchten das \u201eTreff\u201c. Nach einer wunderbaren K\u00fcrbissuppe vom Botanico Finkenrech wurde mit Unterst\u00fctzung der Gruppe &#8222;Saitenklang &#8220; gemeinsam Volkslieder gesungen. Vielen Dank an das Botanico Finkenrech von Jassa Roth und Marlon Roth. Eine gro\u00dfartige schmackhafte Suppe! Vielen Dank auch an die Gruppe Saitenklang und an den Arbeitskreis &#8222;Derminga Treff&#8220;. Danke an alle Dirmingerinnen und Dirminger f\u00fcr ihren Besuch. Das ist gelebte Dorfgemeinschaft.<\/p>\n\n\n<div class=\"wp-block-image\">\n<figure class=\"aligncenter size-large\"><img loading=\"lazy\" decoding=\"async\" width=\"700\" height=\"525\" src=\"https:\/\/echta-derminga.de\/wp-content\/uploads\/2024\/10\/461590214_8326754424085876_7182269317541257889_n-700x525.jpg\" alt=\"\" class=\"wp-image-17957\" srcset=\"https:\/\/echta-derminga.de\/wp-content\/uploads\/2024\/10\/461590214_8326754424085876_7182269317541257889_n-700x525.jpg 700w, https:\/\/echta-derminga.de\/wp-content\/uploads\/2024\/10\/461590214_8326754424085876_7182269317541257889_n-300x225.jpg 300w, https:\/\/echta-derminga.de\/wp-content\/uploads\/2024\/10\/461590214_8326754424085876_7182269317541257889_n-768x576.jpg 768w, https:\/\/echta-derminga.de\/wp-content\/uploads\/2024\/10\/461590214_8326754424085876_7182269317541257889_n-1536x1152.jpg 1536w, https:\/\/echta-derminga.de\/wp-content\/uploads\/2024\/10\/461590214_8326754424085876_7182269317541257889_n.jpg 2048w\" sizes=\"auto, (max-width: 700px) 100vw, 700px\" \/><\/figure>\n<\/div>\n\n\n<p class=\"has-medium-font-size wp-block-paragraph\">&#8222;<strong>Rommelbootze&#8220; mit den Kindern<\/strong><\/p>\n\n\n\n<p class=\"has-medium-font-size wp-block-paragraph\">Ich freue mich auf das diesj\u00e4hrige \u201eRommelbootzeschnitze\u201c mit den Familien und Kindern in unserem Dorf. Diesmal werden wir am Freitag, 18. Oktober um 16:00 Uhr zur Tat schreiten. Vor 4 Jahren haben wir uns gemeinsam auf den Weg gemacht diese alte Tradition zu bewahren. Als Ortsvorsteher freue ich mich sehr \u00fcber den gro\u00dfen Zuspruch der Familien und Kinder im \u201eDerminga D\u00f6rfche\u201c. Bisher haben sich bereits viele Kinder angemeldet. Sollten Sie sich kurzfristig entscheiden doch teilnehmen zu m\u00f6chten, k\u00f6nnen mich jederzeit kontaktieren. Wir finden gemeinsam eine L\u00f6sung. Alle teilnehmen Familien werden gebeten etwas Werkzeug wie z.B L\u00f6ffel oder Messer zum Schnitzen mitzubringen. Beginn ist um 16:00 Uhr neben dem Nebenraum der Borrwieshalle.<\/p>\n\n\n<div class=\"wp-block-image\">\n<figure class=\"aligncenter size-large\"><img loading=\"lazy\" decoding=\"async\" width=\"700\" height=\"525\" src=\"https:\/\/echta-derminga.de\/wp-content\/uploads\/2023\/10\/391501793_6692301100864558_5665479056472888316_n-1-700x525.jpg\" alt=\"\" class=\"wp-image-15873\" srcset=\"https:\/\/echta-derminga.de\/wp-content\/uploads\/2023\/10\/391501793_6692301100864558_5665479056472888316_n-1-700x525.jpg 700w, https:\/\/echta-derminga.de\/wp-content\/uploads\/2023\/10\/391501793_6692301100864558_5665479056472888316_n-1-300x225.jpg 300w, https:\/\/echta-derminga.de\/wp-content\/uploads\/2023\/10\/391501793_6692301100864558_5665479056472888316_n-1-768x576.jpg 768w, https:\/\/echta-derminga.de\/wp-content\/uploads\/2023\/10\/391501793_6692301100864558_5665479056472888316_n-1.jpg 1024w\" sizes=\"auto, (max-width: 700px) 100vw, 700px\" \/><\/figure>\n<\/div>\n\n\n<p class=\"has-medium-font-size wp-block-paragraph\"><strong>Seniorentag wird zum Oktoberfest<\/strong><\/p>\n\n\n\n<p class=\"has-medium-font-size wp-block-paragraph\">Am Samstag, 12. Oktober findet in der Zeit von 11:00 Uhr bis 15:00 Uhr der diesj\u00e4hrige Seniorentag des Ortsrates in der Dirminger Borrwieshalle statt. Eingeladen sind alle B\u00fcrgerinnen und B\u00fcrger, die das 70 Lebensjahr vollendet haben. Diesmal werden wir bei Live-Musik und kulinarischen K\u00f6stlichkeiten z\u00fcnftig Oktoberfest feiern. Anmeldungen nehme ich unter meiner Nummer 0171 3205730 entgegen. Der Ortsrat Dirmingen freut sich auf Euer Mitwirken.<\/p>\n\n\n<div class=\"wp-block-image\">\n<figure class=\"aligncenter size-large\"><img loading=\"lazy\" decoding=\"async\" width=\"700\" height=\"339\" src=\"https:\/\/echta-derminga.de\/wp-content\/uploads\/2024\/10\/461332704_8308814645879854_7869395858989638555_n-700x339.jpg\" alt=\"\" class=\"wp-image-17959\" srcset=\"https:\/\/echta-derminga.de\/wp-content\/uploads\/2024\/10\/461332704_8308814645879854_7869395858989638555_n-700x339.jpg 700w, https:\/\/echta-derminga.de\/wp-content\/uploads\/2024\/10\/461332704_8308814645879854_7869395858989638555_n-300x145.jpg 300w, https:\/\/echta-derminga.de\/wp-content\/uploads\/2024\/10\/461332704_8308814645879854_7869395858989638555_n-768x372.jpg 768w, https:\/\/echta-derminga.de\/wp-content\/uploads\/2024\/10\/461332704_8308814645879854_7869395858989638555_n.jpg 1080w\" sizes=\"auto, (max-width: 700px) 100vw, 700px\" \/><\/figure>\n<\/div>\n\n\n<p class=\"has-medium-font-size wp-block-paragraph\"><strong>Erweiterung des<\/strong> <strong>Siedlungsgebietes &#8222;Am Rotenberg<\/strong>&#8222;<\/p>\n\n\n\n<p class=\"has-medium-font-size wp-block-paragraph\">B\u00fcrgermeister Dr. Andreas Feld informierte in der vergangenen Woche \u00fcber eine m\u00f6gliche Erweiterung des Siedlungsgebietes \u201eAm Rotenberg\u201c. Unmittelbar nach dieser Bekanntmachung meldeten sich zahlreiche F\u00fcrsprecher aber auch Kritiker des Bauvorhabens zu Wort. Der Ortsrat musste sich recht kurzfristig, w\u00e4hrend seiner Sitzung am 01. Oktober 2024, mit diesem Thema besch\u00e4ftigen. Dabei ging es im ersten Schritt lediglich darum die Bewerbung eines Investors anzunehmen und das Bauvorhaben einzuleiten. Bei allem Verst\u00e4ndnis von Kritik und vorhandenen Bauinteresse sollten wir zur Kenntnis nehmen, dass wir uns ganz am Anfang eines Bauvorhabens befinden. Bereits w\u00e4hrend der Erschlie\u00dfung des heutigen Siedlungsgebietes \u201eAm Rotenberg\u201c wurde die Anwohner auf eine m\u00f6gliche Erweiterung des Siedlungsgebietes hingewiesen. Eine \u00dcberraschung d\u00fcrfte die Nachricht einer m\u00f6glichen Erweiterung des Siedlungsgebietes also nicht gewesen sein. In den letzten Jahren ist es jedoch um diese geplante Erweiterung ruhig geworden. Im Fr\u00fchjahr dieses Jahres besch\u00e4ftigte sich die Ortsr\u00e4te unserer Gemeinde und der Gemeinderat mit dem Landesentwicklungsplan des Saarlandes der den Fl\u00e4chennutzungsplan f\u00fcr unsere Gemeinde beinhaltete. Durch diesen Landesentwicklungsplan wurden die planerischen Voraussetzungen geschaffen, damit sich Siedlungsgebiete zukunftsorientiert realisieren lassen k\u00f6nnen. Der Ortsrat entschied damals einstimmig dem vorliegenden LEP, mit dem Siedlungsgebiet am Rotenberg, zuzustimmen. Nat\u00fcrlich w\u00fcrden wir alle viel lieber zielf\u00fchrende Investitionen in der Ortsmitte begr\u00fc\u00dfen. Daf\u00fcr gibt es jedoch keinen entsprechenden Investor. F\u00fcr das Siedlungsgebiet am \u201eRotenberg\u201c wurde nun ein Investor gefunden. Sollten wir nun auf einen prinzipiellen Verzicht der Erweiterung des Rotenbergs verzichten, w\u00fcrde dass unserer Ortsmitte auch nicht weiterhelfen. Gleichwohl hat der Ortsrat aber auch die Bedenken und Sorgen verschiedener Anwohner zur Kenntnis genommen. Zeitgleich haben binnen k\u00fcrzester Zeit zahlreiche interessierte B\u00fcrgerinnen und B\u00fcrger ein Bauinteresse bekundeten. Dabei kann von einem Baubeginn l\u00e4ngst noch keine Rede sein! In den n\u00e4chsten Wochen geht es auch darum den Bef\u00fcrwortern und Skeptikern mit offenem Visier zu begegnen. Der Ortsrat hat sich w\u00e4hrend seiner Sitzung einstimmig dazu entschlossen der vorliegenden Beschlussfassung zuzustimmen. Alles andere w\u00e4re an dieser Stelle v\u00f6llig inkonsequent gewesen. Die Erweiterung des Siedlungsgebietes \u201eAm Rotenberg\u201c kann eine echte Chance sein. Daf\u00fcr m\u00fcssen wir jedoch alle Menschen mitnehmen und in alle \u00dcberlegungen einbeziehen. Dem Bauvorhaben die berechtigte Chance zu verweigern und grunds\u00e4tzlich alles ablehnen w\u00e4re gegen\u00fcber den vielen interessierten Menschen einfach unfair. Das neue Siedlungsgebiet &#8222;Am Rotenberg&#8220; ist eines der wenigen Siedlungen, die in unserer Gemeinde entstehen k\u00f6nnen. Bis zur Realisierung ist jedoch noch ein weiter Weg zu gehen. Dieser Weg bietet F\u00fcrsprechern und Kritikern die Gleichen Chancen. Mit dem Beschluss des Ortsrates wurde die Bewerbung eines Erschlie\u00dfungstr\u00e4gers und der Antrag auf Einleitung des Bauleitverfahrens eingeleitet. Nicht mehr und auch nicht weniger! &nbsp;Die Planungen k\u00f6nnen jetzt beginnen. Diese Planungen bilden die Grundlage zur Realisierung der Wohnbaufl\u00e4che. Der Ortsrat stellt ausdr\u00fccklich fest, dass im weiteren Verfahrensablauf die Beteiligung der \u00d6ffentlichkeit und der Tr\u00e4ger \u00f6ffentlicher Belange stattfinden wird. Dadurch werden sowohl Kritiker als auch Bef\u00fcrworter der Ma\u00dfnahme die Gelegenheit zur Stellungnahme haben. Bei einer strikten Ablehnung des Verfahrens h\u00e4tte niemand Stellung beziehen k\u00f6nnen. Ich bitte alle B\u00fcrgerinnen und B\u00fcrgern fair und vern\u00fcnftig abzuw\u00e4gen. Bitte gehen Sie gerne in eine konstruktive Diskussion auf Augenh\u00f6he und in gegenseitigen Respekt.<\/p>\n\n\n<div class=\"wp-block-image\">\n<figure class=\"aligncenter size-large\"><img loading=\"lazy\" decoding=\"async\" width=\"700\" height=\"549\" src=\"https:\/\/echta-derminga.de\/wp-content\/uploads\/2024\/10\/20241002_194000-700x549.jpg\" alt=\"\" class=\"wp-image-17961\" srcset=\"https:\/\/echta-derminga.de\/wp-content\/uploads\/2024\/10\/20241002_194000-700x549.jpg 700w, https:\/\/echta-derminga.de\/wp-content\/uploads\/2024\/10\/20241002_194000-300x235.jpg 300w, https:\/\/echta-derminga.de\/wp-content\/uploads\/2024\/10\/20241002_194000-768x602.jpg 768w, https:\/\/echta-derminga.de\/wp-content\/uploads\/2024\/10\/20241002_194000-1536x1205.jpg 1536w, https:\/\/echta-derminga.de\/wp-content\/uploads\/2024\/10\/20241002_194000-2048x1606.jpg 2048w\" sizes=\"auto, (max-width: 700px) 100vw, 700px\" \/><\/figure>\n<\/div>\n\n\n<p class=\"has-medium-font-size wp-block-paragraph\"><strong>Fotovoltaik-Freifl\u00e4chenanlage auf dem \u201eSteinbacher- Feld\u201c<\/strong><\/p>\n\n\n\n<p class=\"has-medium-font-size wp-block-paragraph\">Der Dirminger Ortsrat hat sich mit der Erstellung eines vorhaben bezogenen Bebauungsplans mit paralleler \u00c4nderung des Fl\u00e4chennutzungsplans zur Errichtung einer Fotovoltaik- Freifl\u00e4chenanlage in der Gemarkung Dirmingen besch\u00e4ftigt. Dabei musste sich der Ortsrat mit einem Bauvorhaben eines entsprechenden Investors besch\u00e4ftigen. Es handelt sich hierbei um eine Fl\u00e4che auf der Flur \u201eSteinbacher-Feld\u201c in der N\u00e4he des Grenzgebietes zu Hierscheid. Der Weiterentwicklung erneuerbarer Energien sollten wir uns nicht verwehren. Der Ortsrat entschied einstimmig, dem Antrag der Energiewerk GmbH auf Erstellung eines vorhaben bezogenen Bebauungsplans mit paralleler Fl\u00e4chennutzungsplan\u00e4nderung zuzustimmen.<\/p>\n\n\n<div class=\"wp-block-image\">\n<figure class=\"aligncenter size-large\"><img loading=\"lazy\" decoding=\"async\" width=\"700\" height=\"432\" src=\"https:\/\/echta-derminga.de\/wp-content\/uploads\/2024\/10\/20241002_194011-700x432.jpg\" alt=\"\" class=\"wp-image-17963\" srcset=\"https:\/\/echta-derminga.de\/wp-content\/uploads\/2024\/10\/20241002_194011-700x432.jpg 700w, https:\/\/echta-derminga.de\/wp-content\/uploads\/2024\/10\/20241002_194011-300x185.jpg 300w, https:\/\/echta-derminga.de\/wp-content\/uploads\/2024\/10\/20241002_194011-768x474.jpg 768w, https:\/\/echta-derminga.de\/wp-content\/uploads\/2024\/10\/20241002_194011-1536x949.jpg 1536w, https:\/\/echta-derminga.de\/wp-content\/uploads\/2024\/10\/20241002_194011-2048x1265.jpg 2048w\" sizes=\"auto, (max-width: 700px) 100vw, 700px\" \/><\/figure>\n<\/div>\n\n\n<p class=\"has-medium-font-size wp-block-paragraph\"><strong>Besuchermagnet \u201eHerbst auf Finkenrech\u201c<\/strong><\/p>\n\n\n\n<p class=\"has-medium-font-size wp-block-paragraph\">Die saisonale Veranstaltung \u201eHerbst auf Finkenrech\u201c des TKN des Landkreises Neunkirchen lockte in diesem Jahr \u00fcber 10 000 Menschen an. Neben unserem Kulturverein Dirmingen waren die Landfrauen Dirmingen und die Garde des KKV Dirmingen mit einem Verkaufsstand vertreten. Der L\u00f6schbezirk Dirmingen unserer Feuerwehr sorgte f\u00fcr den wichtigen Brandschutz. Besonders gefreut habe ich mich \u00fcber den Besuch des B\u00fcrgermeisters unserer Partnerstadt Finsterwalde J\u00f6rg Gampe und seiner Delegation. Landrat S\u00f6ren Meng lobte w\u00e4hrend seiner Begr\u00fc\u00dfungsrede die Vorz\u00fcge des Naherholungsgebietes Finkenrech mit den Worten, dass :&#8220;&#8230;diese Veranstaltung auch eine Werbung f\u00fcr Dirmingen sei&#8220;. B\u00fcrgermeister Dr. Andreas Feld dankte den teilnehmenden Vereinen, Organisationen und dem Gewerbe. Ich m\u00f6chte mich diesem Dankesch\u00f6n anschlie\u00dfen und freue mich \u00fcber diesen gro\u00dfartigen Erfolg auf Dirmingens &#8222;Gr\u00fcner Perle&#8220;. Vielen lieben Dank an alle G\u00e4ste, Helferinnen und Helfer sowie an den TKN des Landkreises Neunkirchen. Der \u201eHerbst auf Finkenrech\u201c hat uns auch in diesem Jahr alle begeistert. Die Veranstaltung wurde im Laufe der Jahre zu einem regionalen Besuchermagneten.<\/p>\n\n\n\n<div class=\"wp-block-columns is-layout-flex wp-container-core-columns-is-layout-8f761849 wp-block-columns-is-layout-flex\">\n<div class=\"wp-block-column is-layout-flow wp-block-column-is-layout-flow\">\n<figure class=\"wp-block-image size-large\"><img loading=\"lazy\" decoding=\"async\" width=\"700\" height=\"525\" src=\"https:\/\/echta-derminga.de\/wp-content\/uploads\/2024\/10\/461043953_8270561289705190_1088186915560421927_n-700x525.jpg\" alt=\"\" class=\"wp-image-17965\" srcset=\"https:\/\/echta-derminga.de\/wp-content\/uploads\/2024\/10\/461043953_8270561289705190_1088186915560421927_n-700x525.jpg 700w, https:\/\/echta-derminga.de\/wp-content\/uploads\/2024\/10\/461043953_8270561289705190_1088186915560421927_n-300x225.jpg 300w, https:\/\/echta-derminga.de\/wp-content\/uploads\/2024\/10\/461043953_8270561289705190_1088186915560421927_n-768x576.jpg 768w, https:\/\/echta-derminga.de\/wp-content\/uploads\/2024\/10\/461043953_8270561289705190_1088186915560421927_n.jpg 1080w\" sizes=\"auto, (max-width: 700px) 100vw, 700px\" \/><\/figure>\n<\/div>\n\n\n\n<div class=\"wp-block-column is-layout-flow wp-block-column-is-layout-flow\">\n<figure class=\"wp-block-image size-large\"><img loading=\"lazy\" decoding=\"async\" width=\"700\" height=\"560\" src=\"https:\/\/echta-derminga.de\/wp-content\/uploads\/2024\/10\/460823107_8263466430414676_771050833732964696_n-700x560.jpg\" alt=\"\" class=\"wp-image-17966\" srcset=\"https:\/\/echta-derminga.de\/wp-content\/uploads\/2024\/10\/460823107_8263466430414676_771050833732964696_n-700x560.jpg 700w, https:\/\/echta-derminga.de\/wp-content\/uploads\/2024\/10\/460823107_8263466430414676_771050833732964696_n-300x240.jpg 300w, https:\/\/echta-derminga.de\/wp-content\/uploads\/2024\/10\/460823107_8263466430414676_771050833732964696_n-768x614.jpg 768w, https:\/\/echta-derminga.de\/wp-content\/uploads\/2024\/10\/460823107_8263466430414676_771050833732964696_n.jpg 1310w\" sizes=\"auto, (max-width: 700px) 100vw, 700px\" \/><\/figure>\n<\/div>\n<\/div>\n\n\n\n<div class=\"wp-block-columns is-layout-flex wp-container-core-columns-is-layout-8f761849 wp-block-columns-is-layout-flex\">\n<div class=\"wp-block-column is-layout-flow wp-block-column-is-layout-flow\">\n<figure class=\"wp-block-image size-large\"><img loading=\"lazy\" decoding=\"async\" width=\"700\" height=\"525\" src=\"https:\/\/echta-derminga.de\/wp-content\/uploads\/2024\/10\/460936730_8263478913746761_6098031185788843926_n-700x525.jpg\" alt=\"\" class=\"wp-image-17967\" srcset=\"https:\/\/echta-derminga.de\/wp-content\/uploads\/2024\/10\/460936730_8263478913746761_6098031185788843926_n-700x525.jpg 700w, https:\/\/echta-derminga.de\/wp-content\/uploads\/2024\/10\/460936730_8263478913746761_6098031185788843926_n-300x225.jpg 300w, https:\/\/echta-derminga.de\/wp-content\/uploads\/2024\/10\/460936730_8263478913746761_6098031185788843926_n-768x576.jpg 768w, https:\/\/echta-derminga.de\/wp-content\/uploads\/2024\/10\/460936730_8263478913746761_6098031185788843926_n-1536x1152.jpg 1536w, https:\/\/echta-derminga.de\/wp-content\/uploads\/2024\/10\/460936730_8263478913746761_6098031185788843926_n.jpg 1600w\" sizes=\"auto, (max-width: 700px) 100vw, 700px\" \/><\/figure>\n<\/div>\n\n\n\n<div class=\"wp-block-column is-layout-flow wp-block-column-is-layout-flow\">\n<figure class=\"wp-block-image size-large\"><img loading=\"lazy\" decoding=\"async\" width=\"700\" height=\"525\" src=\"https:\/\/echta-derminga.de\/wp-content\/uploads\/2024\/10\/461120087_8270562189705100_4137658074023919418_n-700x525.jpg\" alt=\"\" class=\"wp-image-17968\" srcset=\"https:\/\/echta-derminga.de\/wp-content\/uploads\/2024\/10\/461120087_8270562189705100_4137658074023919418_n-700x525.jpg 700w, https:\/\/echta-derminga.de\/wp-content\/uploads\/2024\/10\/461120087_8270562189705100_4137658074023919418_n-300x225.jpg 300w, https:\/\/echta-derminga.de\/wp-content\/uploads\/2024\/10\/461120087_8270562189705100_4137658074023919418_n-768x576.jpg 768w, https:\/\/echta-derminga.de\/wp-content\/uploads\/2024\/10\/461120087_8270562189705100_4137658074023919418_n-1536x1152.jpg 1536w, https:\/\/echta-derminga.de\/wp-content\/uploads\/2024\/10\/461120087_8270562189705100_4137658074023919418_n.jpg 2048w\" sizes=\"auto, (max-width: 700px) 100vw, 700px\" \/><\/figure>\n<\/div>\n<\/div>\n\n\n\n<p class=\"has-medium-font-size wp-block-paragraph\"><strong>Gasthaus \u201eWutze Walter\u201c feiert gro\u00dfe Jubil\u00e4umsfeier<\/strong><\/p>\n\n\n\n<p class=\"has-medium-font-size wp-block-paragraph\">Seit 10 Jahren leitet Marion Burtscheid gemeinsam mit ihrem Koch Andreas Trenz das Gasthaus &#8220; Wutze Walter&#8220;. Gefeiert wurde dieses Ereignis mit einem z\u00fcnftigen Jubil\u00e4umsfest rund um das Gasthaus. Eine halbe Woche lang wurde mit viel Livemusik und tollem Essen ausgiebig gefeiert. Ich gratuliere den beiden Gastronomen auf das Herzlichste und w\u00fcnsche weiterhin viel Erfolg. Die Durchf\u00fchrung der Jubil\u00e4umswoche war ein wahrer Kraftakt und hat gro\u00dfen Respekt verdient.<\/p>\n\n\n\n<div class=\"wp-block-columns is-layout-flex wp-container-core-columns-is-layout-8f761849 wp-block-columns-is-layout-flex\">\n<div class=\"wp-block-column is-layout-flow wp-block-column-is-layout-flow\">\n<figure class=\"wp-block-image size-large\"><img loading=\"lazy\" decoding=\"async\" width=\"700\" height=\"619\" src=\"https:\/\/echta-derminga.de\/wp-content\/uploads\/2024\/10\/460631295_8240413592719960_1395751898873490672_n-700x619.jpg\" alt=\"\" class=\"wp-image-17969\" srcset=\"https:\/\/echta-derminga.de\/wp-content\/uploads\/2024\/10\/460631295_8240413592719960_1395751898873490672_n-700x619.jpg 700w, https:\/\/echta-derminga.de\/wp-content\/uploads\/2024\/10\/460631295_8240413592719960_1395751898873490672_n-300x265.jpg 300w, https:\/\/echta-derminga.de\/wp-content\/uploads\/2024\/10\/460631295_8240413592719960_1395751898873490672_n.jpg 738w\" sizes=\"auto, (max-width: 700px) 100vw, 700px\" \/><\/figure>\n<\/div>\n\n\n\n<div class=\"wp-block-column is-layout-flow wp-block-column-is-layout-flow\">\n<figure class=\"wp-block-image size-large\"><img loading=\"lazy\" decoding=\"async\" width=\"700\" height=\"497\" src=\"https:\/\/echta-derminga.de\/wp-content\/uploads\/2024\/10\/IMG-20240918-WA0016-700x497.jpg\" alt=\"\" class=\"wp-image-17970\" srcset=\"https:\/\/echta-derminga.de\/wp-content\/uploads\/2024\/10\/IMG-20240918-WA0016-700x497.jpg 700w, https:\/\/echta-derminga.de\/wp-content\/uploads\/2024\/10\/IMG-20240918-WA0016-300x213.jpg 300w, https:\/\/echta-derminga.de\/wp-content\/uploads\/2024\/10\/IMG-20240918-WA0016-768x546.jpg 768w, https:\/\/echta-derminga.de\/wp-content\/uploads\/2024\/10\/IMG-20240918-WA0016-1536x1091.jpg 1536w, https:\/\/echta-derminga.de\/wp-content\/uploads\/2024\/10\/IMG-20240918-WA0016.jpg 1772w\" sizes=\"auto, (max-width: 700px) 100vw, 700px\" \/><\/figure>\n<\/div>\n<\/div>\n\n\n\n<p class=\"has-medium-font-size wp-block-paragraph\">&#8222;<strong>Christinas kleiner Bauernhof&#8220; bietet eine echte Alternative in Dirmingen<\/strong><\/p>\n\n\n\n<p class=\"has-medium-font-size wp-block-paragraph\">Nach einer ersten Testphase nimmt \u201eChristinas kleiner Bauernhof richtig Fahrt auf. Der kleine Laden in der \u201eLebacherstra\u00dfe\u201c unterhalb des \u201eB\u00fcttels Eck\u201c gegen\u00fcberliegend der Ausfahrt \u201eThoelyerstra\u00dfe\u201c bildet eine echte Alternative f\u00fcr unseren Heimatort. Der kleine Laden kann beim Thema &#8222;Nahversorgung&#8220; eine wichtige St\u00fctze werden. Das Produktangebot soll sukzessiv vergr\u00f6\u00dfert werden. Dabei werden ausschlie\u00dflich Produkte von lokalen Erzeugern angeboten. Der Gesch\u00e4ftsf\u00fchrung ist besonders wichtig, dass die Erzeugnisse nachhaltig, regional und von hoher Qualit\u00e4t sind. Gekauft wird in Selbstbedienung mit Smartphone oder Karte. Eine tolle Alternative mit gro\u00dfartigen Angeboten f\u00fcr unsere Bev\u00f6lkerung. Ich w\u00fcnsche Christians kleinem Bauernhof viel Erfolg und Gl\u00fcck. <\/p>\n\n\n\n<p class=\"has-medium-font-size wp-block-paragraph\"><strong>Liebe Mitb\u00fcrgerinnen und Mitb\u00fcrger, nicht jeder der eine andere Meinung vertritt ist gegen uns. Wichtig ist, der faire, konstruktive Gedankenaustausch. Es sind keine leichten Zeiten. Lassen Sie uns gemeinsam aufeinander zugehen und uns die Hand reichen. Seien Sie sicher, dass hinter den Kulissen vieles angedacht und geleistet wird.  F\u00fcr vieles brauchen wir einen langen Atem.<\/strong><\/p>\n\n\n\n<div class=\"wp-block-columns is-layout-flex wp-container-core-columns-is-layout-8f761849 wp-block-columns-is-layout-flex\">\n<div class=\"wp-block-column is-layout-flow wp-block-column-is-layout-flow\">\n<figure class=\"wp-block-image size-large\"><img loading=\"lazy\" decoding=\"async\" width=\"700\" height=\"700\" src=\"https:\/\/echta-derminga.de\/wp-content\/uploads\/2024\/10\/459168496_1003840261788735_5855568283959942796_n-700x700.jpg\" alt=\"\" class=\"wp-image-17972\" srcset=\"https:\/\/echta-derminga.de\/wp-content\/uploads\/2024\/10\/459168496_1003840261788735_5855568283959942796_n-700x700.jpg 700w, https:\/\/echta-derminga.de\/wp-content\/uploads\/2024\/10\/459168496_1003840261788735_5855568283959942796_n-300x300.jpg 300w, https:\/\/echta-derminga.de\/wp-content\/uploads\/2024\/10\/459168496_1003840261788735_5855568283959942796_n-150x150.jpg 150w, https:\/\/echta-derminga.de\/wp-content\/uploads\/2024\/10\/459168496_1003840261788735_5855568283959942796_n-768x768.jpg 768w, https:\/\/echta-derminga.de\/wp-content\/uploads\/2024\/10\/459168496_1003840261788735_5855568283959942796_n-90x90.jpg 90w, https:\/\/echta-derminga.de\/wp-content\/uploads\/2024\/10\/459168496_1003840261788735_5855568283959942796_n-75x75.jpg 75w, https:\/\/echta-derminga.de\/wp-content\/uploads\/2024\/10\/459168496_1003840261788735_5855568283959942796_n.jpg 1080w\" sizes=\"auto, (max-width: 700px) 100vw, 700px\" \/><\/figure>\n<\/div>\n\n\n\n<div class=\"wp-block-column is-layout-flow wp-block-column-is-layout-flow\">\n<figure class=\"wp-block-image size-large\"><img loading=\"lazy\" decoding=\"async\" width=\"700\" height=\"700\" src=\"https:\/\/echta-derminga.de\/wp-content\/uploads\/2024\/10\/IMG-20240921-WA0047-700x700.jpg\" alt=\"\" class=\"wp-image-17973\" srcset=\"https:\/\/echta-derminga.de\/wp-content\/uploads\/2024\/10\/IMG-20240921-WA0047-700x700.jpg 700w, https:\/\/echta-derminga.de\/wp-content\/uploads\/2024\/10\/IMG-20240921-WA0047-300x300.jpg 300w, https:\/\/echta-derminga.de\/wp-content\/uploads\/2024\/10\/IMG-20240921-WA0047-150x150.jpg 150w, https:\/\/echta-derminga.de\/wp-content\/uploads\/2024\/10\/IMG-20240921-WA0047-768x768.jpg 768w, https:\/\/echta-derminga.de\/wp-content\/uploads\/2024\/10\/IMG-20240921-WA0047-90x90.jpg 90w, https:\/\/echta-derminga.de\/wp-content\/uploads\/2024\/10\/IMG-20240921-WA0047-75x75.jpg 75w, https:\/\/echta-derminga.de\/wp-content\/uploads\/2024\/10\/IMG-20240921-WA0047.jpg 1080w\" sizes=\"auto, (max-width: 700px) 100vw, 700px\" \/><\/figure>\n<\/div>\n<\/div>\n\n\n\n<p class=\"has-medium-font-size wp-block-paragraph\"><strong>Im Oktober wird in unserem Heimatort so manches geboten. Nach dem Seniorentag, und dem &#8222;Rommelbootzeschnitze&#8220; f\u00fcr Kinder findet Ende Oktober die 278. Derminga Kerb statt. Dabei wird dem feierw\u00fctigen Volk ein gro\u00dfartiges Angebot unterbreitet. Auf uns wartet ein tolles Fest aller Dirmingerinnen und Dirminger. Ich freue mich, dass es mir gelungen ist, nach dem letztj\u00e4hrigen &#8222;Wetter- Desaster&#8220; unsere Schausteller zu bewegen, wieder zu kommen. Dabei werden wir in diesem Jahr sogar ein Kinder Karussell mehr auf dem Festplatz stehen haben.<\/strong><\/p>\n\n\n\n<p class=\"has-medium-font-size wp-block-paragraph\">Bitte denken sie immer daran: &#8222;In unserem Dorf \u00e4ndert sich \u00fcberhaupt nichts, wenn wir es nicht gemeinsam \u00e4ndern&#8220; ! In diesem Sinne&#8230;..Gl\u00fcck auf Derminge<\/p>\n\n\n\n<p class=\"has-medium-font-size wp-block-paragraph\">Ihr Ortsvorsteher <\/p>\n\n\n\n<p class=\"has-medium-font-size wp-block-paragraph\">Frank Klein<\/p>\n\n\n\n<div class=\"wp-block-columns is-layout-flex wp-container-core-columns-is-layout-8f761849 wp-block-columns-is-layout-flex\">\n<div class=\"wp-block-column is-layout-flow wp-block-column-is-layout-flow\">\n<figure class=\"wp-block-image size-large\"><img loading=\"lazy\" decoding=\"async\" width=\"700\" height=\"1076\" src=\"https:\/\/echta-derminga.de\/wp-content\/uploads\/2024\/10\/461147522_8279467698814549_794138793870220110_n-700x1076.jpg\" alt=\"\" class=\"wp-image-17975\" srcset=\"https:\/\/echta-derminga.de\/wp-content\/uploads\/2024\/10\/461147522_8279467698814549_794138793870220110_n-700x1076.jpg 700w, https:\/\/echta-derminga.de\/wp-content\/uploads\/2024\/10\/461147522_8279467698814549_794138793870220110_n-195x300.jpg 195w, https:\/\/echta-derminga.de\/wp-content\/uploads\/2024\/10\/461147522_8279467698814549_794138793870220110_n-768x1180.jpg 768w, https:\/\/echta-derminga.de\/wp-content\/uploads\/2024\/10\/461147522_8279467698814549_794138793870220110_n-999x1536.jpg 999w, https:\/\/echta-derminga.de\/wp-content\/uploads\/2024\/10\/461147522_8279467698814549_794138793870220110_n.jpg 1041w\" sizes=\"auto, (max-width: 700px) 100vw, 700px\" \/><\/figure>\n<\/div>\n\n\n\n<div class=\"wp-block-column is-layout-flow wp-block-column-is-layout-flow\">\n<figure class=\"wp-block-image size-full\"><img loading=\"lazy\" decoding=\"async\" width=\"594\" height=\"835\" src=\"https:\/\/echta-derminga.de\/wp-content\/uploads\/2024\/10\/461611034_8334214213339897_3484385966975749187_n.jpg\" alt=\"\" class=\"wp-image-17976\" srcset=\"https:\/\/echta-derminga.de\/wp-content\/uploads\/2024\/10\/461611034_8334214213339897_3484385966975749187_n.jpg 594w, https:\/\/echta-derminga.de\/wp-content\/uploads\/2024\/10\/461611034_8334214213339897_3484385966975749187_n-213x300.jpg 213w\" sizes=\"auto, (max-width: 594px) 100vw, 594px\" \/><\/figure>\n<\/div>\n<\/div>\n\n\n<div class=\"wp-block-image\">\n<figure class=\"aligncenter size-large\"><img loading=\"lazy\" decoding=\"async\" width=\"700\" height=\"511\" src=\"https:\/\/echta-derminga.de\/wp-content\/uploads\/2024\/10\/461753766_8354720494622602_8906002021462268075_n-700x511.jpg\" alt=\"\" class=\"wp-image-17977\" srcset=\"https:\/\/echta-derminga.de\/wp-content\/uploads\/2024\/10\/461753766_8354720494622602_8906002021462268075_n-700x511.jpg 700w, https:\/\/echta-derminga.de\/wp-content\/uploads\/2024\/10\/461753766_8354720494622602_8906002021462268075_n-300x219.jpg 300w, https:\/\/echta-derminga.de\/wp-content\/uploads\/2024\/10\/461753766_8354720494622602_8906002021462268075_n-768x561.jpg 768w, https:\/\/echta-derminga.de\/wp-content\/uploads\/2024\/10\/461753766_8354720494622602_8906002021462268075_n-1536x1122.jpg 1536w, https:\/\/echta-derminga.de\/wp-content\/uploads\/2024\/10\/461753766_8354720494622602_8906002021462268075_n.jpg 2016w\" sizes=\"auto, (max-width: 700px) 100vw, 700px\" \/><\/figure>\n<\/div>","protected":false},"excerpt":{"rendered":"<p>Liebe Mitb\u00fcrgerinnen und Mitb\u00fcrger, wir leben in bewegten Zeiten. W\u00e4hrend unser Heimatort von einer Festlichkeit in die andere trudelt, m\u00fcssen wir uns mit vielen Ver\u00e4nderungen und Problemen befassen. Dabei k\u00f6nnen Sie versichert sein, dass wir uns partei\u00fcbergreifend im Sinne der Menschen in unserer Heimatgemeinde die K\u00f6pfe zerbrechen, wie wir es gut machen. Im Laufe der Jahre hat sich ein m\u00e4chtiger<\/p>\n","protected":false},"author":1,"featured_media":17324,"comment_status":"open","ping_status":"closed","sticky":false,"template":"","format":"standard","meta":{"_crdt_document":"","footnotes":""},"categories":[1,812],"tags":[5,618,127,795,310],"class_list":["post-17954","post","type-post","status-publish","format-standard","has-post-thumbnail","hentry","category-allgemein","category-ortsvorsteher-dirmingen","tag-dirmingen","tag-gemeinde-eppelborn","tag-landkreis-neunkirchen","tag-ortsvorsteher-dirmingen","tag-saarland"],"_links":{"self":[{"href":"https:\/\/echta-derminga.de\/index.php?rest_route=\/wp\/v2\/posts\/17954","targetHints":{"allow":["GET"]}}],"collection":[{"href":"https:\/\/echta-derminga.de\/index.php?rest_route=\/wp\/v2\/posts"}],"about":[{"href":"https:\/\/echta-derminga.de\/index.php?rest_route=\/wp\/v2\/types\/post"}],"author":[{"embeddable":true,"href":"https:\/\/echta-derminga.de\/index.php?rest_route=\/wp\/v2\/users\/1"}],"replies":[{"embeddable":true,"href":"https:\/\/echta-derminga.de\/index.php?rest_route=%2Fwp%2Fv2%2Fcomments&post=17954"}],"version-history":[{"count":21,"href":"https:\/\/echta-derminga.de\/index.php?rest_route=\/wp\/v2\/posts\/17954\/revisions"}],"predecessor-version":[{"id":17990,"href":"https:\/\/echta-derminga.de\/index.php?rest_route=\/wp\/v2\/posts\/17954\/revisions\/17990"}],"wp:featuredmedia":[{"embeddable":true,"href":"https:\/\/echta-derminga.de\/index.php?rest_route=\/wp\/v2\/media\/17324"}],"wp:attachment":[{"href":"https:\/\/echta-derminga.de\/index.php?rest_route=%2Fwp%2Fv2%2Fmedia&parent=17954"}],"wp:term":[{"taxonomy":"category","embeddable":true,"href":"https:\/\/echta-derminga.de\/index.php?rest_route=%2Fwp%2Fv2%2Fcategories&post=17954"},{"taxonomy":"post_tag","embeddable":true,"href":"https:\/\/echta-derminga.de\/index.php?rest_route=%2Fwp%2Fv2%2Ftags&post=17954"}],"curies":[{"name":"wp","href":"https:\/\/api.w.org\/{rel}","templated":true}]}}