{"id":17991,"date":"2024-10-06T16:58:23","date_gmt":"2024-10-06T15:58:23","guid":{"rendered":"https:\/\/echta-derminga.de\/?p=17991"},"modified":"2024-10-06T17:17:53","modified_gmt":"2024-10-06T16:17:53","slug":"denke-ich-an-dirmingen-in-der-nacht-dann-bin-ich-um-den-schlaf-gebracht","status":"publish","type":"post","link":"https:\/\/echta-derminga.de\/?p=17991","title":{"rendered":"&#8222;Denke ich an Dirmingen in der Nacht, dann bin ich um den Schlaf gebracht&#8220;"},"content":{"rendered":"\n<p class=\"has-medium-font-size wp-block-paragraph\"><strong>Dirmingen- meine Heimat. Hier bin ich geboren, hier bin ich zu Hause. Genau hier habe ich Sprechen, Laufen, Fallen und Aufstehen gelernt. Ich kenne jeden Stein, jeden Baum und jedes Haus. Wirklich, jedes Haus? Dirmingen hat sich in den letzten Jahren ma\u00dfgeblich ver\u00e4ndert. Nichts ist mehr, wie es war!&nbsp;Menschen, die das Dorf aufbauten, sind verstorben oder weggegangen. H\u00e4user und Geb\u00e4ude, die das Ortsbild pr\u00e4gten sind zerfallen, wurden abgebrochen oder sind vom Verfall bedroht. Das Dorf leidet unter einem massiven Investitionsstau. In den letzten Jahren wurde es vers\u00e4umt wichtige Bau- und Sanierungsma\u00dfnahmen anzusto\u00dfen und auf den wegzubringen. Es gab mal eine Zeit, in der Dirmingen zu den wohlhabendsten D\u00f6rfern unserer Region geh\u00f6rten. Nach der Industrialisierung wuchs die vorhandene Infrastruktur. Unternehmen wie die \u201eSch\u00e4fer Brauerei\u201c, die Firma H\u00f6ll, die Backsteinfabrik oder zahlreiche Gastst\u00e4tten pr\u00e4gten unser Ortsbild.<\/strong><\/p>\n\n\n\n<p class=\"has-medium-font-size wp-block-paragraph\">Angelehnt an das ber\u00fchmte Zitat von Heinriche Heine:\u201c Denke ich an Deutschland in der Nacht, dann bin ich um den Schlaf gebracht,\u201c ergeht es mir in diesen Zeiten ganz \u00e4hnlich, wie dem ber\u00fchmten Dichter und Schriftsteller. &#8222;Denke ich an Dirmingen in der Nacht, bin ich um den Schlaf gebracht&#8220;. Unz\u00e4hlige Probleme und sprichw\u00f6rtliche Baustellen rauben mir die Ruhe und den Schlaf. Wie kommen wir gegen diesen Investitionsstau an und wer findet die passenden Antworten auf die Fragen unserer Zeit?<\/p>\n\n\n<div class=\"wp-block-image\">\n<figure class=\"aligncenter size-large\"><img loading=\"lazy\" decoding=\"async\" width=\"700\" height=\"323\" src=\"https:\/\/echta-derminga.de\/wp-content\/uploads\/2024\/10\/20230504_132833-700x323.jpg\" alt=\"\" class=\"wp-image-17997\" srcset=\"https:\/\/echta-derminga.de\/wp-content\/uploads\/2024\/10\/20230504_132833-700x323.jpg 700w, https:\/\/echta-derminga.de\/wp-content\/uploads\/2024\/10\/20230504_132833-300x139.jpg 300w, https:\/\/echta-derminga.de\/wp-content\/uploads\/2024\/10\/20230504_132833-768x355.jpg 768w, https:\/\/echta-derminga.de\/wp-content\/uploads\/2024\/10\/20230504_132833-1536x710.jpg 1536w, https:\/\/echta-derminga.de\/wp-content\/uploads\/2024\/10\/20230504_132833-2048x946.jpg 2048w\" sizes=\"auto, (max-width: 700px) 100vw, 700px\" \/><\/figure>\n<\/div>\n\n\n<p class=\"has-medium-font-size wp-block-paragraph\"><strong>Ich m\u00f6chte euch auf einen imaginierten Spaziergang durch unseren Heimatort mitnehmen. Starten wir in meiner alten Stra\u00dfe \u201eHerreng\u00e4rten\u201c. Genau hier hat als Kind meine pers\u00f6nliche Reise begonnen. Wenn ich mir heute so meine alte Stra\u00dfe ansehe, stelle ich fest, dass nichts mehr ist, wie es einmal war. Gegen\u00fcberliegend von meinem Elternhaus steht das alte Anwesen \u201eSpier\u201c, daneben \u201eScheid\u201c und weiter \u201eJohn\u201c und dann \u201eSchwammbach\u201c und immer weiter so. Die H\u00e4user haben heute gottlob allesamt neue Bewohner. Beigezogene Menschen haben die H\u00e4user gekauft und \u00fcbernommen, um sich eine  eigene Existenz aufzubauen. Irgendwann erinnert nichts mehr an die alten H\u00e4usernamen. Wer war nochmal:&#8220; Schmiddjerre, Zimmermichels, W\u00e4hnersch, Hansneckels, Zimmperesch, Pitsches oder Bachhannesse&#8220;? Die alten Stra\u00dfen und H\u00e4user gibt es nicht mehr. Unser Dorf hat sich an vielen Stellen fundamental ver\u00e4ndert. In unserer Ortsmitte steht einmal in der Woche ein Umzugswagen. Die alten sind gestorben und die Neuen bleiben oftmals nicht f\u00fcr immer! Gerade in der Ortsmitte findet man in den \u00e4lteren H\u00e4usern einen g\u00fcnstigen, bezahlbaren Wohnraum. Das f\u00fchrt auch dazu, dass viele Menschen unseren Heimatort als eine Art Durchlaufstelle oder Zwischenstopp benutzen. Die Tatsache, dass wir in Zukunft verst\u00e4rkt mit dem Klimawandel zu tun haben macht die Angelegenheit f\u00fcr unsere Ortsmitte auch nicht leichter. Wer m\u00f6chte schon, nach den vielen verheerenden Unwettern und Hochwassern, ein Haus direkt an Als -oder Illbach kaufen und beziehen?<\/strong><\/p>\n\n\n<div class=\"wp-block-image\">\n<figure class=\"aligncenter size-large\"><img loading=\"lazy\" decoding=\"async\" width=\"700\" height=\"315\" src=\"https:\/\/echta-derminga.de\/wp-content\/uploads\/2024\/10\/230984256_4170091859774613_8256376436347648834_n-700x315.jpg\" alt=\"\" class=\"wp-image-17998\" srcset=\"https:\/\/echta-derminga.de\/wp-content\/uploads\/2024\/10\/230984256_4170091859774613_8256376436347648834_n-700x315.jpg 700w, https:\/\/echta-derminga.de\/wp-content\/uploads\/2024\/10\/230984256_4170091859774613_8256376436347648834_n-300x135.jpg 300w, https:\/\/echta-derminga.de\/wp-content\/uploads\/2024\/10\/230984256_4170091859774613_8256376436347648834_n-768x346.jpg 768w, https:\/\/echta-derminga.de\/wp-content\/uploads\/2024\/10\/230984256_4170091859774613_8256376436347648834_n-1536x692.jpg 1536w, https:\/\/echta-derminga.de\/wp-content\/uploads\/2024\/10\/230984256_4170091859774613_8256376436347648834_n.jpg 2048w\" sizes=\"auto, (max-width: 700px) 100vw, 700px\" \/><\/figure>\n<\/div>\n\n\n<p class=\"has-medium-font-size wp-block-paragraph\">Wir nehmen den Weg vorbei am alten evangelischen Gemeindehaus in die Ortsmitte. Gottlob haben wir f\u00fcr diesen historischen Bau einen guten, neuen Eigent\u00fcmer gefunden. Wir gehen \u00fcber die alte Gesch\u00e4ftsstra\u00dfe. Einst Mittelpunkt und Herzst\u00fcck unseres Gewerbes. Heute kann man an einer Hand abz\u00e4hlen, wie viele Gesch\u00e4fte es noch in unserer Ortsmitte gibt. Wir spazieren vorbei ehemaligen \u201eMalerfachgesch\u00e4ft Zimmer\u201c, dem \u201eZigaretten- Walter\u201c bis hin zum Dorfplatz vor der evangelischen Kirche. Viele alteingesessene Gesch\u00e4fte haben ihre Pforten f\u00fcr immer geschlossen. Auch Kassen und Banken sind im Ortskern nicht mehr zu finden. Die Rede ist von einer Zentralisierung der gro\u00dfen M\u00e4rkte und Filialen. Unsere Ortsmitte blutet sprichw\u00f6rtlich aus. Viele \u00e4ltere Bauten und H\u00e4user drohen dem Verfall und finden keinen neuen Eigent\u00fcmer. Leerst\u00e4nde und Gesch\u00e4ftsaufgaben haben der Ortsmitte schwer zugesetzt. Immerhin haben wir noch eine vorhandene Infrastruktur mit einigen guten Gesch\u00e4ften und Gastst\u00e4tten. Das Gasthaus &#8222;Schuhhannesse&#8220; erinnert uns an eine andere, bessere Zeit. Wer geht heute noch zu einem Feierabend-Bier in die Kneipe ? Heute setzen unsere Gastst\u00e4tten auf die neue Event-Gastronomie. Neue Zeiten ben\u00f6tigen neue Antworten !<\/p>\n\n\n<div class=\"wp-block-image\">\n<figure class=\"aligncenter size-large\"><img loading=\"lazy\" decoding=\"async\" width=\"700\" height=\"467\" src=\"https:\/\/echta-derminga.de\/wp-content\/uploads\/2024\/10\/22136957_362507674162193_8320508998312793478_o-700x467.jpg\" alt=\"\" class=\"wp-image-17999\" srcset=\"https:\/\/echta-derminga.de\/wp-content\/uploads\/2024\/10\/22136957_362507674162193_8320508998312793478_o-700x467.jpg 700w, https:\/\/echta-derminga.de\/wp-content\/uploads\/2024\/10\/22136957_362507674162193_8320508998312793478_o-300x200.jpg 300w, https:\/\/echta-derminga.de\/wp-content\/uploads\/2024\/10\/22136957_362507674162193_8320508998312793478_o-768x513.jpg 768w, https:\/\/echta-derminga.de\/wp-content\/uploads\/2024\/10\/22136957_362507674162193_8320508998312793478_o-1536x1025.jpg 1536w, https:\/\/echta-derminga.de\/wp-content\/uploads\/2024\/10\/22136957_362507674162193_8320508998312793478_o.jpg 1837w\" sizes=\"auto, (max-width: 700px) 100vw, 700px\" \/><\/figure>\n<\/div>\n\n\n<p class=\"has-medium-font-size wp-block-paragraph\"><strong>Wir bleiben vor der evangelischen Kirche in der Ortsmitte stehen. Gegen\u00fcberliegend der Kirche sollte eigentlich ein Nahversorger entstehen. Wann kommt der Neubau und kommt er \u00fcberhaupt? Es beschleicht uns unwillk\u00fcrlich das Gef\u00fchl in einer Warteschleife zu stehen. Wir sehen unsere Problemstellen, finden keine L\u00f6sungen und kommen nicht voran. Das evangelische Gemeindehaus m\u00fcsste eigentlich saniert werden. Seit seinem Neubau im Jahre 1963 hat sich das Geb\u00e4ude kaum ver\u00e4ndert. Wichtige Investitionen, die unsere neue evangelische Kirchengemeinde St. Wendel-Illtal nur schwerlich allein stemmen kann. Das evangelische Gemeindehaus k\u00f6nnte wunderbar als Dorfgemeinschaftshaus dienen. Man muss es nur wollen und gemeinsam angehen. Ich sehe meinen Traum von einem Dorfgemeinschaftshaus dahinschmelzen.<\/strong><\/p>\n\n\n<div class=\"wp-block-image\">\n<figure class=\"aligncenter size-large\"><img loading=\"lazy\" decoding=\"async\" width=\"700\" height=\"394\" src=\"https:\/\/echta-derminga.de\/wp-content\/uploads\/2024\/07\/20160928_173312-700x394.jpg\" alt=\"\" class=\"wp-image-17645\" srcset=\"https:\/\/echta-derminga.de\/wp-content\/uploads\/2024\/07\/20160928_173312-700x394.jpg 700w, https:\/\/echta-derminga.de\/wp-content\/uploads\/2024\/07\/20160928_173312-300x169.jpg 300w, https:\/\/echta-derminga.de\/wp-content\/uploads\/2024\/07\/20160928_173312-768x432.jpg 768w, https:\/\/echta-derminga.de\/wp-content\/uploads\/2024\/07\/20160928_173312-1536x864.jpg 1536w, https:\/\/echta-derminga.de\/wp-content\/uploads\/2024\/07\/20160928_173312-2048x1152.jpg 2048w\" sizes=\"auto, (max-width: 700px) 100vw, 700px\" \/><\/figure>\n<\/div>\n\n\n<p class=\"has-medium-font-size wp-block-paragraph\">Wir gehen weiter den Brauereiberg hinauf in Richtung G\u00e4nseberg \u201eTholeyerstra\u00dfe\u201c. Wann f\u00e4llt uns bez\u00fcglich dieser klaffenden Wunde in unserer Dorfmitte endlich eine L\u00f6sung ein. Es scheint als w\u00e4re dem Dorf, mit dem Abbruch der Brauerei, das Herz aus dem Leibe gerissen worden. Sogar Fremde beschleicht unwillk\u00fcrlich das Gef\u00fchl, dass an dieser Stelle etwas fehlt. Wir gehen hinauf zur gro\u00dfen Gottesburg und dem katholischen Pfarrzentrum. Werden wir in 10 Jahren noch zwei Kirchengemeinden in unserem Dorf finden? Beide Kirchen haben mit ihren Problemen zu k\u00e4mpfen: Mitgliederschwund, Geb\u00e4udemanagement und Skandale r\u00fctteln an der ehemaligen, starken Institution Kirche. W\u00e4hrend die evangelische Kirchengemeinde bereits ihre Fusion zur Evangelischen Kirchengemeinde St. Wendel-Illtal vollzogen hat, steht der pastorale Raum Lebach vor richtungsweisenden Entscheidungen. Wohin f\u00fchrt der Weg? M\u00fcssen wir um unsere Kirchengeb\u00e4ude bangen? Werden wir in einigen Jahren damit besch\u00e4ftigt sein unsere leerstehenden Kirchen zu ver\u00e4u\u00dfern. Der Gedanken eine unserer beiden Kirchen zu verlieren stimmt mich traurig. Wer um Gottes Namen kauft eine Kirche? Wir m\u00fcssen alles daf\u00fcr tun, um unsere Kirchen sprichw\u00f6rtlich im Dorf zu lassen. Aber wie, um Gottes Namen, soll das alleine Gelingen ?<\/p>\n\n\n<div class=\"wp-block-image\">\n<figure class=\"aligncenter size-large\"><img loading=\"lazy\" decoding=\"async\" width=\"700\" height=\"315\" src=\"https:\/\/echta-derminga.de\/wp-content\/uploads\/2024\/10\/233549165_4170087689775030_1431798968067566389_n-700x315.jpg\" alt=\"\" class=\"wp-image-18000\" srcset=\"https:\/\/echta-derminga.de\/wp-content\/uploads\/2024\/10\/233549165_4170087689775030_1431798968067566389_n-700x315.jpg 700w, https:\/\/echta-derminga.de\/wp-content\/uploads\/2024\/10\/233549165_4170087689775030_1431798968067566389_n-300x135.jpg 300w, https:\/\/echta-derminga.de\/wp-content\/uploads\/2024\/10\/233549165_4170087689775030_1431798968067566389_n-768x346.jpg 768w, https:\/\/echta-derminga.de\/wp-content\/uploads\/2024\/10\/233549165_4170087689775030_1431798968067566389_n-1536x691.jpg 1536w, https:\/\/echta-derminga.de\/wp-content\/uploads\/2024\/10\/233549165_4170087689775030_1431798968067566389_n.jpg 1560w\" sizes=\"auto, (max-width: 700px) 100vw, 700px\" \/><\/figure>\n<\/div>\n\n\n<p class=\"has-medium-font-size wp-block-paragraph\"><strong>Wir gehen vorbei an der &#8222;Rotenbergschule&#8220; in Richtung Reservistenheim. Gegen\u00fcberliegend des vorhandenen Siedlungsgebietes auf dem Rothenberg soll in absehbarer Zeit ein neues Siedlungsgebiet erschlossen werden. Erste kritische Stimmen werden laut und fordern dieses Vorhaben zu \u00fcberdenken. Darf oder kann man so einfach so eine solche Chance ungenutzt liegen lassen. Was ist mit den Menschen die verzweifelt nach einem Baugebiet suchen? Ich denke an die Ortsmitte. W\u00e4hrend dort im Ortszentrum immer mehr Leerst\u00e4nde entstehen, verbreitern wir unser Dorf. Ist das der richtige Weg? Was ist mit der Verkehrsanbindung und den engen Stra\u00dfen zum Rothenberg. Dabei wurde der Weg zum Siedlungsgebiet &#8222;Rotenberg 2&#8220; nicht erst im Fr\u00fchjahr dieses Jahres entschieden. Seit Jahren ist bekannt, dass an Ort und Stelle ein neues Siedlungsgebiet erschlossen werden soll. Jetzt wo es aktuell wird, steigen Sorgen und \u00c4ngste. Ich kann Bef\u00fcrworter und Kritiker gut verstehen. Hoffentlich verlieren wir in der bevorstehenden Debatte nicht unsere gute Kinderstube.<\/strong><\/p>\n\n\n<div class=\"wp-block-image\">\n<figure class=\"aligncenter size-large\"><img loading=\"lazy\" decoding=\"async\" width=\"700\" height=\"525\" src=\"https:\/\/echta-derminga.de\/wp-content\/uploads\/2024\/10\/20240929_125941-700x525.jpg\" alt=\"\" class=\"wp-image-18001\" srcset=\"https:\/\/echta-derminga.de\/wp-content\/uploads\/2024\/10\/20240929_125941-700x525.jpg 700w, https:\/\/echta-derminga.de\/wp-content\/uploads\/2024\/10\/20240929_125941-300x225.jpg 300w, https:\/\/echta-derminga.de\/wp-content\/uploads\/2024\/10\/20240929_125941-768x576.jpg 768w, https:\/\/echta-derminga.de\/wp-content\/uploads\/2024\/10\/20240929_125941-1536x1152.jpg 1536w, https:\/\/echta-derminga.de\/wp-content\/uploads\/2024\/10\/20240929_125941-2048x1536.jpg 2048w\" sizes=\"auto, (max-width: 700px) 100vw, 700px\" \/><\/figure>\n<\/div>\n\n\n<p class=\"has-medium-font-size wp-block-paragraph\">Wir gehen zur\u00fcck \u00fcber den &#8222;H\u00f6ppesb\u00fcsch&#8220; hinunter zu &#8222;Thalexweilerstra\u00dfe&#8220;. \u00dcberall in unserem Dorf befinden sich kaputte, sanierungsbed\u00fcrftige Stra\u00dfen mit vielen L\u00f6chern und gebrochenem Asphalt. Das ganze Angelegenheit gipfelt in der Stra\u00dfe \u201eAm Render\u201c. Seit Jahrzehnten ist diese Stra\u00dfe sanierungsbed\u00fcrftig. Immer wieder wurden Sanierung arbeiten wegen dem bevorstehenden Glasfaserausbau oder der Entstehung neuen Baugebiets verschoben. Mit welchem Geld m\u00f6chte die deifiziere Gemeinde Eppelborn ihre gemeindeeigenen Stra\u00dfen in den Griff bekommen? Vielerorts m\u00fcsste man die Stra\u00dfe komplett aufbrechen und komplett neu sanieren. Das st\u00e4ndige Ausbessern reicht l\u00e4ngst nicht mehr aus. Vom \u201eRender\u201c aus nehmen wir die &#8222;B\u00f6llingerstra\u00dfe&#8220; und gehen vorbei an der Grundschule Dirmingen. Die Schule m\u00fcsste dringend den Anspr\u00fcchen der FGTS angepasst, also vergr\u00f6\u00dfert werden. Die beiden in Dirmingen befindlichen Kinderg\u00e4rten und Krippenpl\u00e4tze machen Hoffnung. Wir \u00fcberqueren die Br\u00fccke \u00fcber die Alsbach und nehmen die steile Treppe hinauf zur Borrwieshalle. Die Halle wurde 1961 erbaut und wird seitdem in dem vorhandenen Rahmen genutzt. Eine Sanierung ist mehr als \u00fcberf\u00e4llig. Mit gro\u00dfer Sorge denke ich an die Zeit in der die Halle aus sanierungsgr\u00fcnden nicht zur Verf\u00fcgung stehen wird. Wohin mit unseren Vereinen, Gruppen, Kreisen und Kindern ? Wo feiern wir unsere Konfirmationen, Kommunionen oder Geburtstage ?<\/p>\n\n\n\n<p class=\"has-medium-font-size wp-block-paragraph\"><strong>Wir gehen \u00fcber den Festplatz am Br\u00fchl und schauen hin\u00fcber zum sanierten Br\u00fchlpark. Besonders im Sommer dient uns der Br\u00fchlpark als Anlaufstelle und Ruhepol. Welches Dorf verf\u00fcgt schon \u00fcber einen solchen wundersch\u00f6nen Kleinod in der zentralen Ortsmitte. Seit der Sanierung des Parks haben wir jedoch immer \u00f6fter mit Vandalismus zu k\u00e4mpfen. Nicht nur im Br\u00fchlpark werden Gegenst\u00e4nde beschmiert oder zerst\u00f6rt. \u00dcberall in unserem Dorf wird fremdes Eigentum sinnlos mit \u201eF\u00fc\u00dfen getreten\u201c. M\u00fcll und Unrat wird einfach auf Flur und im Wald entsorgt. Unsere Natur leidet unter dem Verhalten zahlreicher, uneinsichtiger Zeitgenossen.<\/strong><\/p>\n\n\n<div class=\"wp-block-image\">\n<figure class=\"aligncenter size-large\"><img loading=\"lazy\" decoding=\"async\" width=\"700\" height=\"438\" src=\"https:\/\/echta-derminga.de\/wp-content\/uploads\/2024\/10\/Seite-3-Gross-2-1024x641-1-700x438.jpg\" alt=\"\" class=\"wp-image-18002\" srcset=\"https:\/\/echta-derminga.de\/wp-content\/uploads\/2024\/10\/Seite-3-Gross-2-1024x641-1-700x438.jpg 700w, https:\/\/echta-derminga.de\/wp-content\/uploads\/2024\/10\/Seite-3-Gross-2-1024x641-1-300x188.jpg 300w, https:\/\/echta-derminga.de\/wp-content\/uploads\/2024\/10\/Seite-3-Gross-2-1024x641-1-768x481.jpg 768w, https:\/\/echta-derminga.de\/wp-content\/uploads\/2024\/10\/Seite-3-Gross-2-1024x641-1.jpg 1024w\" sizes=\"auto, (max-width: 700px) 100vw, 700px\" \/><\/figure>\n<\/div>\n\n\n<p class=\"has-medium-font-size wp-block-paragraph\">Wir gehen \u00fcber die \u201eIllingerstra\u00dfe\u201c und biegen irgendwann rechts ab zur \u201eHumeserstra\u00dfe\u201c. Genau dort, wo noch im letzten Jahr eine alte Eisenbahnbr\u00fccke stand, befindet sich nun ein gro\u00dfes, g\u00e4hnendes Loch. Das Siedlungsgebiet \u201eAn der Hardt\u201c und \u201eHumeserstra\u00dfe\u201c ist praktisch vom Ortskern abgeschnitten. Die Menschen m\u00fcssen seit dem Br\u00fcckenr\u00fcckbau erhebliche, pers\u00f6nliche Einschnitte hinnehmen. Warum kostet diese Br\u00fccke 4,- Mio. Euro und warum ist es ein solches Problem den Menschen zeitnah zu helfen. Genau an dieser Stelle wird es schwer den Glauben an das Gute und an unsere Politik, Verwaltung und auch an die Deutsche Bahn zu bewahren.<\/p>\n\n\n<div class=\"wp-block-image\">\n<figure class=\"aligncenter size-large\"><img loading=\"lazy\" decoding=\"async\" width=\"700\" height=\"484\" src=\"https:\/\/echta-derminga.de\/wp-content\/uploads\/2024\/09\/w1100_h688_x1795_y1221_IMG_E6591-40c6649a73a4c8ff-700x484.jpeg\" alt=\"\" class=\"wp-image-17945\" srcset=\"https:\/\/echta-derminga.de\/wp-content\/uploads\/2024\/09\/w1100_h688_x1795_y1221_IMG_E6591-40c6649a73a4c8ff-700x484.jpeg 700w, https:\/\/echta-derminga.de\/wp-content\/uploads\/2024\/09\/w1100_h688_x1795_y1221_IMG_E6591-40c6649a73a4c8ff-300x207.jpeg 300w, https:\/\/echta-derminga.de\/wp-content\/uploads\/2024\/09\/w1100_h688_x1795_y1221_IMG_E6591-40c6649a73a4c8ff-768x531.jpeg 768w, https:\/\/echta-derminga.de\/wp-content\/uploads\/2024\/09\/w1100_h688_x1795_y1221_IMG_E6591-40c6649a73a4c8ff.jpeg 888w\" sizes=\"auto, (max-width: 700px) 100vw, 700px\" \/><\/figure>\n<\/div>\n\n\n<p class=\"has-medium-font-size wp-block-paragraph\"><strong>\u00dcber Umwegen wandern wir den \u201eHundsberg\u201c hinauf bis an die ehemalige \u201eSch\u00f6ne Aussicht\u201c. Beim Vorbeigehen schauen wir kurz in die \u201eWaldstra\u00dfe\u201c und nehmen bedr\u00fcckt zur Kenntnis, wie stark der Verkehr in dieser Stra\u00dfe zugenommen hat. Was ist in einem Notfall ? Werden Feuerwehr und Hilfskr\u00e4fte problemlos durch diese enge Stra\u00dfe fahren k\u00f6nnen ? An der \u201eSch\u00f6nen Aussicht\u201c angekommen f\u00e4llt es uns zun\u00e4chst schwer die Natur zu genie\u00dfen. Viele B\u00e4ume hat der Borkenk\u00e4fer zerst\u00f6rt und sp\u00e4testens beim Blick auf das ehemalige \u201eAlte Denkmal\u201c f\u00e4llt uns auf, dass wir \u00fcberhaupt nichts mehr im Griff haben. Der Zahn der Zeit nagt auch an unseren historischen Hinterlassenschaften. Auch die Wassertretanlage befindet sich in einem h\u00f6chstens m\u00e4\u00dfigen Zustand. Von dem sch\u00f6nen Naherholungsgebiet \u201eSteinrausche\u201c ist nicht mehr viel \u00fcbrig.<\/strong><\/p>\n\n\n<div class=\"wp-block-image\">\n<figure class=\"aligncenter size-large\"><img loading=\"lazy\" decoding=\"async\" width=\"700\" height=\"469\" src=\"https:\/\/echta-derminga.de\/wp-content\/uploads\/2024\/10\/Aussicht-Kopie-700x469.jpg\" alt=\"\" class=\"wp-image-18003\" srcset=\"https:\/\/echta-derminga.de\/wp-content\/uploads\/2024\/10\/Aussicht-Kopie-700x469.jpg 700w, https:\/\/echta-derminga.de\/wp-content\/uploads\/2024\/10\/Aussicht-Kopie-300x200.jpg 300w, https:\/\/echta-derminga.de\/wp-content\/uploads\/2024\/10\/Aussicht-Kopie-768x515.jpg 768w, https:\/\/echta-derminga.de\/wp-content\/uploads\/2024\/10\/Aussicht-Kopie.jpg 900w\" sizes=\"auto, (max-width: 700px) 100vw, 700px\" \/><\/figure>\n<\/div>\n\n\n<p class=\"has-medium-font-size wp-block-paragraph\">Wir blicken \u00fcber das Tal hin\u00fcber zum Finkenrech. Dort scheint die Welt noch in Ordnung. Gottlob wurde ein neues P\u00e4chterpaar gefunden und der TKN des Landkreises Neunkirchen hat die \u201eGr\u00fcne Perle\u201c Finkenrech sch\u00f6n aufpoliert. So weit das Auge reicht, sehen wir Windr\u00e4der und Fotovoltaikanlagen. In keinem Ort in unserer Gemeinde finden wir mehr neuer bare Energien als in Dirmingen. Kein Ort in unserer Gemeinde hat aber auch mehr Land zu bieten. Durch die Anlagen und Windr\u00e4der hat sich unsere Landschaft ver\u00e4ndert. Ist das nun gut oder schlecht? Neuer bare Energien sind sicherlich zu begr\u00fc\u00dfen. Alles andere liegt im Auge des Betrachters !<\/p>\n\n\n\n<p class=\"has-medium-font-size wp-block-paragraph\"><strong>Wo fangen wir an und wo h\u00f6ren wir auf ? Enden wird es irgendwann einmal f\u00fcr jeden von uns auf dem Friedhof. Auch dort muss zuk\u00fcnftig viel Geld investiert werden. Unl\u00e4ngst hat eine \u00fcber 100 j\u00e4hrige Mauer ihre Festigkeit verloren und ist umgest\u00fcrzt. Gottlob ist nichts passiert und Niemand ist zu schaden gekommen. Wer aber zahlt die Zeche ? Der Bau einer neuen Mauer ist unausweichlich. So wie es ist, kann es nicht bleiben !<\/strong><\/p>\n\n\n<div class=\"wp-block-image\">\n<figure class=\"aligncenter size-large\"><img loading=\"lazy\" decoding=\"async\" width=\"700\" height=\"525\" src=\"https:\/\/echta-derminga.de\/wp-content\/uploads\/2024\/10\/IMG-20240414-WA0015-700x525.jpg\" alt=\"\" class=\"wp-image-18004\" srcset=\"https:\/\/echta-derminga.de\/wp-content\/uploads\/2024\/10\/IMG-20240414-WA0015-700x525.jpg 700w, https:\/\/echta-derminga.de\/wp-content\/uploads\/2024\/10\/IMG-20240414-WA0015-300x225.jpg 300w, https:\/\/echta-derminga.de\/wp-content\/uploads\/2024\/10\/IMG-20240414-WA0015-768x576.jpg 768w, https:\/\/echta-derminga.de\/wp-content\/uploads\/2024\/10\/IMG-20240414-WA0015-1536x1153.jpg 1536w, https:\/\/echta-derminga.de\/wp-content\/uploads\/2024\/10\/IMG-20240414-WA0015.jpg 1599w\" sizes=\"auto, (max-width: 700px) 100vw, 700px\" \/><\/figure>\n<\/div>\n\n\n<p class=\"has-medium-font-size wp-block-paragraph\">Nein, nicht alles ist schlecht im &#8222;Derminga D\u00f6rfche&#8220;. Vieles liegt jedoch im Argen. Bleibt die Frage, wie wir die Kurve bekommen und unsere Baustellen angehen k\u00f6nnen. Wir brauchen Gl\u00fcck und Geld. Unsere Heimatgemeinde kann sich l\u00e4ngst nicht mehr selbst \u00fcber Wasser halten. Ohne Investoren und Geldgeber werden wir auch zuk\u00fcnftig Probleme haben, uns \u00fcber Wasser zu halten. Wo fangen wir an und wie gehen wir es an? Eine L\u00f6sung liegt aus meiner Sicht im Suchen von Alternativen und stellen von F\u00f6rderantr\u00e4gen. Zentrale Zusammenlegungen, Nutzungen von alten Gesch\u00e4ftsr\u00e4umen, Schaffung von neue Gesch\u00e4ftsmodellen, auch in Puncto Nahversorgung. Und beim Thema Kirchen ? W\u00e4re irgendwann vielleicht einmal wieder eine Simultankirche eine M\u00f6glichkeit ? <\/p>\n\n\n\n<p class=\"has-medium-font-size wp-block-paragraph\"><strong>Denke ich an Dirmingen in der Nacht, bin ich um den Schlaf gebracht! Warum lohnt es sich hier zu bleiben und zu leben? Ich f\u00fcr meinen Teil bin nicht bereit meine Heimat aufzugeben. Ich sehe eine immer noch gut funktionierende Dorfgemeinschaft, viel Ehrenamt, gute Vereine und immerhin noch ein attraktives Angebot an Gewerbe und gut laufenden Gastst\u00e4tten. Ich sehe wundersch\u00f6ne W\u00e4lder, Landschaften und eine herrliche Dorfkultur. Ich sehe aber auch Menschen, die immer \u00f6fter unzufrieden dreinschauen. Unsere Vereine haben es zusehends schwerer sich zu behaupten. Vereinseigene Geb\u00e4ude, das Feuerwehrger\u00e4tehaus, das Kleinspielfeld oder das Belkerstadion ben\u00f6tigen immer wieder Finanzspritzen. \u00dcberall fehlt Geld zum Investieren. Wie also finden wir den richtigen Weg um unsere Heimat zukunftsf\u00e4hig zu gestalten. Zuerst einmal sollte man nicht die Augen vor den vielen bestehenden Problemen verschlie\u00dfen. Wir brauchen den Mut neue Wege einzuschlagen und auch mal schmerzliche Einschnitte hinzunehmen. Wir m\u00fcssen bereit sein Kompromisse einzugehen und Entbehrungen in Kauf zu nehmen. Manchmal muss es wehtun, bevor es gut werden kann. Am allermeisten ben\u00f6tigen wir jedoch Innovation, Gl\u00fcck und Geld.<\/strong><\/p>\n\n\n<div class=\"wp-block-image\">\n<figure class=\"aligncenter size-large\"><img loading=\"lazy\" decoding=\"async\" width=\"700\" height=\"525\" src=\"https:\/\/echta-derminga.de\/wp-content\/uploads\/2024\/10\/462004210_8372628249498493_1326684721966421350_n-700x525.jpg\" alt=\"\" class=\"wp-image-18006\" srcset=\"https:\/\/echta-derminga.de\/wp-content\/uploads\/2024\/10\/462004210_8372628249498493_1326684721966421350_n-700x525.jpg 700w, https:\/\/echta-derminga.de\/wp-content\/uploads\/2024\/10\/462004210_8372628249498493_1326684721966421350_n-300x225.jpg 300w, https:\/\/echta-derminga.de\/wp-content\/uploads\/2024\/10\/462004210_8372628249498493_1326684721966421350_n-768x576.jpg 768w, https:\/\/echta-derminga.de\/wp-content\/uploads\/2024\/10\/462004210_8372628249498493_1326684721966421350_n-1536x1152.jpg 1536w, https:\/\/echta-derminga.de\/wp-content\/uploads\/2024\/10\/462004210_8372628249498493_1326684721966421350_n.jpg 2048w\" sizes=\"auto, (max-width: 700px) 100vw, 700px\" \/><\/figure>\n<\/div>","protected":false},"excerpt":{"rendered":"<p>Dirmingen- meine Heimat. Hier bin ich geboren, hier bin ich zu Hause. Genau hier habe ich Sprechen, Laufen, Fallen und Aufstehen gelernt. Ich kenne jeden Stein, jeden Baum und jedes Haus. Wirklich, jedes Haus? Dirmingen hat sich in den letzten Jahren ma\u00dfgeblich ver\u00e4ndert. Nichts ist mehr, wie es war!&nbsp;Menschen, die das Dorf aufbauten, sind verstorben oder weggegangen. H\u00e4user und Geb\u00e4ude,<\/p>\n","protected":false},"author":1,"featured_media":18006,"comment_status":"open","ping_status":"closed","sticky":false,"template":"","format":"standard","meta":{"_crdt_document":"","footnotes":""},"categories":[1,9,902],"tags":[5,85,618,568,127,1160,166,1159],"class_list":["post-17991","post","type-post","status-publish","format-standard","has-post-thumbnail","hentry","category-allgemein","category-dorfgetratsche","category-meine-meinung","tag-dirmingen","tag-evangelische-kirche-dirmingen","tag-gemeinde-eppelborn","tag-katholische-kirchengemeinde","tag-landkreis-neunkirchen","tag-leerstaende","tag-ortsmitte","tag-ortssanierung"],"_links":{"self":[{"href":"https:\/\/echta-derminga.de\/index.php?rest_route=\/wp\/v2\/posts\/17991","targetHints":{"allow":["GET"]}}],"collection":[{"href":"https:\/\/echta-derminga.de\/index.php?rest_route=\/wp\/v2\/posts"}],"about":[{"href":"https:\/\/echta-derminga.de\/index.php?rest_route=\/wp\/v2\/types\/post"}],"author":[{"embeddable":true,"href":"https:\/\/echta-derminga.de\/index.php?rest_route=\/wp\/v2\/users\/1"}],"replies":[{"embeddable":true,"href":"https:\/\/echta-derminga.de\/index.php?rest_route=%2Fwp%2Fv2%2Fcomments&post=17991"}],"version-history":[{"count":21,"href":"https:\/\/echta-derminga.de\/index.php?rest_route=\/wp\/v2\/posts\/17991\/revisions"}],"predecessor-version":[{"id":18028,"href":"https:\/\/echta-derminga.de\/index.php?rest_route=\/wp\/v2\/posts\/17991\/revisions\/18028"}],"wp:featuredmedia":[{"embeddable":true,"href":"https:\/\/echta-derminga.de\/index.php?rest_route=\/wp\/v2\/media\/18006"}],"wp:attachment":[{"href":"https:\/\/echta-derminga.de\/index.php?rest_route=%2Fwp%2Fv2%2Fmedia&parent=17991"}],"wp:term":[{"taxonomy":"category","embeddable":true,"href":"https:\/\/echta-derminga.de\/index.php?rest_route=%2Fwp%2Fv2%2Fcategories&post=17991"},{"taxonomy":"post_tag","embeddable":true,"href":"https:\/\/echta-derminga.de\/index.php?rest_route=%2Fwp%2Fv2%2Ftags&post=17991"}],"curies":[{"name":"wp","href":"https:\/\/api.w.org\/{rel}","templated":true}]}}