{"id":18033,"date":"2024-10-13T13:16:06","date_gmt":"2024-10-13T12:16:06","guid":{"rendered":"https:\/\/echta-derminga.de\/?p=18033"},"modified":"2024-10-13T13:25:10","modified_gmt":"2024-10-13T12:25:10","slug":"der-herbst-wenn-die-natur-eine-seite-im-buch-des-lebens-umblaettert-ein-blick-zurueck-kann-nicht-schaden","status":"publish","type":"post","link":"https:\/\/echta-derminga.de\/?p=18033","title":{"rendered":"Der Herbst &#8211; Wenn die Natur eine Seite im Buch des Lebens umbl\u00e4ttert &#8211; Ein Blick zur\u00fcck kann nicht schaden !"},"content":{"rendered":"\n<p class=\"has-medium-font-size wp-block-paragraph\"><strong>Der Morgen ist nebelverhangen, die<\/strong> <strong>Tage k\u00fcrzer und die N\u00e4chte k\u00e4lter. Der Herbst zieht \u00fcber das Land. Kraniche ziehen in ihre Winterquartiere. Der Herbst wirkt Melancholisch und steht sinnbildlich f\u00fcr den Abschied. Der Sommer ist Geschichte und die Bl\u00e4tter fallen von den B\u00e4umen. Jede Jahreszeit hat etwas wunderbares, einzigartiges und faszinierendes. Die Natur zeigt sich in ihrer Farben- und Genussvielfalt: Wein, Viez, Apfelmuss, Marmelade, Gem\u00fcse- und Fruchternte und auch \u201eLaxem\u201c. Der Herbst l\u00e4dt uns dazu ein, an alte Br\u00e4uche und Traditionen anzukn\u00fcpfen. Wisst ihr noch, k\u00f6nnt ihr euch erinnern ? \u201eRommelbootzeschnitze\u201c, Kastanien sammeln, Stockbrot machen, Drachen steigen lassen, Obst einmachen und \u201eSiessschmeer\u201c oder Laxem kochen. Gut so, in den letzten Jahren r\u00fccken diese alte Traditionen und Sitten wieder mehr in den Mittelpunkt. Viele dieser alten Br\u00e4uche sind im Laufe der Jahre in Vergessenheit geraten. Sch\u00f6n, dass wieder immer mehr Familien und Kinder Interesse an den alten Braucht\u00fcmern finden. <\/strong><\/p>\n\n\n\n<p class=\"has-medium-font-size wp-block-paragraph\">F\u00fcr meine Oma waren diese Br\u00e4uche eine Selbstverst\u00e4ndlich und Teil ihres Lebens. Ich erinnere mich noch gut an meine Kinderzeit. Das ist zugegebenerma\u00dfen eine Ecke her und seitdem hat sich so einiges ver\u00e4ndert. Wenn ich meine Augen schlie\u00dfe, sehe ich noch heute meine Oma auf einem alten Holzstuhl in unserem Garten sitzen. Zwischen den Beinen auf dem Boden steht ein Eimer. In der Hand hat Sie ein kleines Messer, ein \u201eKneipsche\u201c und sch\u00e4lt in sekundenschnelle eine Kartoffel. Meistens war Sie im Herbst den ganzen Tag damit besch\u00e4ftigt Obst oder Kartoffeln zu sch\u00e4len, Marmelade (Siess) zu kochen oder Obst einzumachen. In unserem Garten gab es damals so einiges zu ernten. Erdbeeren, Salat, Gurken, Tomaten und auch Bohnen. Wenn der Herbst kam, musste alles verarbeitet oder eingemacht werden. Meine Mutter und meine Oma waren meistens eine ganze Woche damit besch\u00e4ftigt. W\u00e4hrend der Arbeit erz\u00e4hlte meine Oma von Fr\u00fcher. Gebannt h\u00f6rte ich ihr zu und lauschte die alten Geschichten. Wenn ich meine Augen schlie\u00dfe, kann ich noch heute ihre Stimme h\u00f6ren. Am 30. September w\u00e4re meine Oma 110 Jahre alt geworden. Die Jahre vergehen und mittlerweile bin ich selbst Opa geworden. Alt zu werden ist m\u00fchselig, erf\u00fcllend und sch\u00f6n. Mit dem Alter w\u00e4chst auch eine gewisse Verantwortung: Nimmt es mit und gebt es weiter ! Erz\u00e4hlt ihnen von dieser Welt und vergesst niemals wo ihr herkommt. Legt euren Dialekt, den Brauchtum und die Sitten in die H\u00e4nde eurer Kinder. <\/p>\n\n\n<div class=\"wp-block-image\">\n<figure class=\"aligncenter size-large\"><img loading=\"lazy\" decoding=\"async\" width=\"700\" height=\"700\" src=\"https:\/\/echta-derminga.de\/wp-content\/uploads\/2023\/10\/391709472_6689989684429033_7584495867919749284_n-700x700.jpg\" alt=\"\" class=\"wp-image-15884\" srcset=\"https:\/\/echta-derminga.de\/wp-content\/uploads\/2023\/10\/391709472_6689989684429033_7584495867919749284_n-700x700.jpg 700w, https:\/\/echta-derminga.de\/wp-content\/uploads\/2023\/10\/391709472_6689989684429033_7584495867919749284_n-300x300.jpg 300w, https:\/\/echta-derminga.de\/wp-content\/uploads\/2023\/10\/391709472_6689989684429033_7584495867919749284_n-150x150.jpg 150w, https:\/\/echta-derminga.de\/wp-content\/uploads\/2023\/10\/391709472_6689989684429033_7584495867919749284_n-768x768.jpg 768w, https:\/\/echta-derminga.de\/wp-content\/uploads\/2023\/10\/391709472_6689989684429033_7584495867919749284_n-90x90.jpg 90w, https:\/\/echta-derminga.de\/wp-content\/uploads\/2023\/10\/391709472_6689989684429033_7584495867919749284_n-75x75.jpg 75w, https:\/\/echta-derminga.de\/wp-content\/uploads\/2023\/10\/391709472_6689989684429033_7584495867919749284_n.jpg 1200w\" sizes=\"auto, (max-width: 700px) 100vw, 700px\" \/><\/figure>\n<\/div>\n\n\n<p class=\"has-medium-font-size wp-block-paragraph\"><strong>Kindheitserinnerungen: Nach der Schule ging es los. Mit den Kindern aus unserer Stra\u00dfe hinauf zur \u201eLeh\u201c, dem Wald unserer Kindheit. Wir sammelten Kastanien und stahlen dem Bauer ein paar &#8222;Rommele&#8220; (Futterr\u00fcben). Die sch\u00f6nste aller \u201eRommelbootze\u201c musste es sein. Fr\u00fcher gab es in unserem Dorf noch viele Bauern die Futterr\u00fcben anpflanzten. Die Futterr\u00fcben wurden damals eigens f\u00fcr das Vieh angebaut. Irgendwann wurde dieser Anbau \u00fcberfl\u00fcssig und die Landwirtschaft konzentrierte sich auf den Maisanbau. Wenn der Herbst kam, wimmelte es im Dorf nur so von Traktoren. Die \u201eRommelbootze\u201c wurden in der Regel abends zuhause geschnitzt. Anschlie\u00dfend wurden die Teile ans Fenster oder vor die Haust\u00fcr gestellt. Das Wort \u201cRommelbootze\u201d stammt aus dem saarl\u00e4ndischen wobei das W\u00f6rtchen im moselfr\u00e4nkischen anders ausgesprochen wird als bei uns im rheinfr\u00e4nkischen. Es bedeutet in hochdeutscher \u00dcbersetzung ungef\u00e4hr so viel wie \u201eR\u00fcbengeist\u201d. Eine Rommelbootze ist eine ausgeh\u00f6hlte Futterr\u00fcbe mit einer eingeschnitzten furchterregenden Fratze. Damit das Ganze im Dunklen gruselig ausschaut, steckte man noch eine Kerze oder eine Gl\u00fchlampe hinein. Das Ganze erinnert irgendwie schon ganz stark an das heutige Halloween, orra? <\/strong><\/p>\n\n\n\n<div class=\"wp-block-columns is-layout-flex wp-container-core-columns-is-layout-8f761849 wp-block-columns-is-layout-flex\">\n<div class=\"wp-block-column is-layout-flow wp-block-column-is-layout-flow\">\n<figure class=\"wp-block-image size-large\"><img loading=\"lazy\" decoding=\"async\" width=\"700\" height=\"1015\" src=\"https:\/\/echta-derminga.de\/wp-content\/uploads\/2023\/09\/oma-700x1015.jpg\" alt=\"\" class=\"wp-image-15772\" srcset=\"https:\/\/echta-derminga.de\/wp-content\/uploads\/2023\/09\/oma-700x1015.jpg 700w, https:\/\/echta-derminga.de\/wp-content\/uploads\/2023\/09\/oma-207x300.jpg 207w, https:\/\/echta-derminga.de\/wp-content\/uploads\/2023\/09\/oma-768x1113.jpg 768w, https:\/\/echta-derminga.de\/wp-content\/uploads\/2023\/09\/oma-1060x1536.jpg 1060w, https:\/\/echta-derminga.de\/wp-content\/uploads\/2023\/09\/oma-1413x2048.jpg 1413w, https:\/\/echta-derminga.de\/wp-content\/uploads\/2023\/09\/oma.jpg 1651w\" sizes=\"auto, (max-width: 700px) 100vw, 700px\" \/><\/figure>\n<\/div>\n\n\n\n<div class=\"wp-block-column is-layout-flow wp-block-column-is-layout-flow\">\n<figure class=\"wp-block-image size-large\"><img loading=\"lazy\" decoding=\"async\" width=\"700\" height=\"989\" src=\"https:\/\/echta-derminga.de\/wp-content\/uploads\/2023\/09\/Laxem-06.-10.-1976-700x989.jpeg\" alt=\"\" class=\"wp-image-15767\" srcset=\"https:\/\/echta-derminga.de\/wp-content\/uploads\/2023\/09\/Laxem-06.-10.-1976-700x989.jpeg 700w, https:\/\/echta-derminga.de\/wp-content\/uploads\/2023\/09\/Laxem-06.-10.-1976-212x300.jpeg 212w, https:\/\/echta-derminga.de\/wp-content\/uploads\/2023\/09\/Laxem-06.-10.-1976-768x1085.jpeg 768w, https:\/\/echta-derminga.de\/wp-content\/uploads\/2023\/09\/Laxem-06.-10.-1976-1087x1536.jpeg 1087w, https:\/\/echta-derminga.de\/wp-content\/uploads\/2023\/09\/Laxem-06.-10.-1976.jpeg 1315w\" sizes=\"auto, (max-width: 700px) 100vw, 700px\" \/><\/figure>\n<\/div>\n<\/div>\n\n\n\n<p class=\"has-medium-font-size wp-block-paragraph\">Eingebettet und beseelt von diesen alten Traditionen erlebten wir eine unbefangene Kinderzeit. Vieles spielte sich auf der \u201eLeh\u201c, dem Wald oberhalb unserer Stra\u00dfe ab. Wir lie\u00dfen Drachen steigen, und brachten \u201eRommele\u201c zum Schnitzen und Kastanien zum Basteln mit nachhause. Auf dem Nachhauseweg vermischte sich der Geruch der Biermaische unserer Brauerei mit dem Geruch von \u00c4pfeln oder gekochtem Laxem. Dazwischen gab es noch eine Prise Kuhmist. Wie ich das vermisse! Ja, ich liebte den Gestank von Kuhmist! Irgendwie hat Kuhmist bis heute etwas \u201eH\u00e4misches\u201c f\u00fcr mich. Komisch, seltsam, aber wahr ! Warmer Kakao, selbstgemachtes noch warmes Brot mit Laxem und Eimer voller \u00c4pfel, Birnen, Quetschen und Mirabellen. &#8222;Sellemols&#8220; gab es noch Obst. Jeder Bauer hatte irgendwo eine Obstbaumwiese mit tonnenweise Kernobst stehen. Heute unvorstellbar, orra? Vor einigen Jahren habe ich damit begonnen mit den Kindern aus unserem Dorf &#8222;Rommelbootze&#8220; zu schnitzen. Dabei war es zun\u00e4chst gar nicht so einfach gen\u00fcgend \u201cRommele\u201d zu bekommen. Welcher Bauer s\u00e4t heute noch Futterr\u00fcben an? Die uralte Tradition des \u201eRommelbootzeschnitze\u201c hat ihren Ursprung aus der Zeit nach dem ersten Weltkrieg. Man erz\u00e4hlt sich, dass damals die Kinder Futterr\u00fcben von den Feldern stahlen, um in der Not wenigstens eine R\u00fcbensuppe essen zu k\u00f6nnen. Aus den ausgeh\u00f6hlten R\u00fcben bastelten die Kinder dann Laternen, mit denen sie von Haus zu Haus zogen und um Essen bettelten. Obwohl die ganze Geschichte schon sehr an das heutige \u201cHalloween\u201d erinnert, hat es am Ende doch wenig damit zu tun. Tats\u00e4chlich hat sich im Laufe der Jahre ein Wandel vollzog. Halloween kam  in den 1990-er Jahren \u00fcber den Ozean zu uns hin\u00fcber und schrieb sofort eine eigene Erfolgsgeschichte. Gruseln, Spukgeschichten und S\u00fc\u00dfigkeiten sammeln faszinierten die Kinder. Partys wurden organisiert und Kost\u00fcme angezogen. Noch heute betrachtet die katholische Kirche auf der Insel den Abend vor Allerheiligen als \u201cAll Hallows Eve\u201d, als den Abend vor Allerheiligen am 1. November. Wir evangelische Christen hingegen erinnern am 31. Oktober an den Reformationstag. Am Ende ist es heutzutage eine Geschmacksache.&nbsp;Ein jeder wie er will ! Auf der anderen Seite ist es wieder mal typisch Deutsch. Wir vergessen unsere eigene Kultur, verdr\u00e4ngen unsere Br\u00e4uche und unseren Glauben und zeigen dann entt\u00e4uscht und w\u00fctend mit dem Finger auf alles Fremde. Traditionen muss man Leben, weitergeben und pflegen. Das ist eine Aufgabe und sollte am Ende zu einer gewissen Verpflichtung werden. Meine Oma dachte nicht dar\u00fcber nach irgendetwas weiterzugeben. Es ist, wie es ist und so war es immer. Wenn man lebt, muss man an irgendetwas glauben. Wenn man den Glauben verliert wird man schnell des Lebens m\u00fcde.<\/p>\n\n\n\n<div class=\"wp-block-columns is-layout-flex wp-container-core-columns-is-layout-8f761849 wp-block-columns-is-layout-flex\">\n<div class=\"wp-block-column is-layout-flow wp-block-column-is-layout-flow\">\n<figure class=\"wp-block-image size-large\"><img loading=\"lazy\" decoding=\"async\" width=\"700\" height=\"525\" src=\"https:\/\/echta-derminga.de\/wp-content\/uploads\/2022\/10\/002-700x525.jpg\" alt=\"\" class=\"wp-image-13870\" srcset=\"https:\/\/echta-derminga.de\/wp-content\/uploads\/2022\/10\/002-700x525.jpg 700w, https:\/\/echta-derminga.de\/wp-content\/uploads\/2022\/10\/002-300x225.jpg 300w, https:\/\/echta-derminga.de\/wp-content\/uploads\/2022\/10\/002-768x576.jpg 768w, https:\/\/echta-derminga.de\/wp-content\/uploads\/2022\/10\/002.jpg 1000w\" sizes=\"auto, (max-width: 700px) 100vw, 700px\" \/><\/figure>\n<\/div>\n\n\n\n<div class=\"wp-block-column is-layout-flow wp-block-column-is-layout-flow\">\n<figure class=\"wp-block-image size-large\"><img loading=\"lazy\" decoding=\"async\" width=\"700\" height=\"525\" src=\"https:\/\/echta-derminga.de\/wp-content\/uploads\/2022\/10\/Perlregen-700x525.jpg\" alt=\"\" class=\"wp-image-13833\" srcset=\"https:\/\/echta-derminga.de\/wp-content\/uploads\/2022\/10\/Perlregen-700x525.jpg 700w, https:\/\/echta-derminga.de\/wp-content\/uploads\/2022\/10\/Perlregen-300x225.jpg 300w, https:\/\/echta-derminga.de\/wp-content\/uploads\/2022\/10\/Perlregen-768x576.jpg 768w, https:\/\/echta-derminga.de\/wp-content\/uploads\/2022\/10\/Perlregen.jpg 1000w\" sizes=\"auto, (max-width: 700px) 100vw, 700px\" \/><\/figure>\n<\/div>\n<\/div>\n\n\n\n<p class=\"has-medium-font-size wp-block-paragraph\">Und heute ? Nein es ist nicht alles schlecht ! Im Gegenteil: Wir haben alle Chancen und alle Zeit uns das Leben sch\u00f6n zu machen. Dabei kann ein Blick auf die eigene Geschichte nicht schaden. Nehmt es mit und macht euer Ding daraus ! Der Herbst kann so sch\u00f6n sein. Der Sommer ist vorbei und es ist sch\u00f6n von der K\u00e4lte in die warme Stube zu kommen. Rote Wangen, kalte Nase, die &#8222;Fregg&#8220; und einen sch\u00f6nen Abend eingekuschelt in eine Decke bei einem hei\u00dfen Tee oder einem Rotwein. Dazu kann man sich mal wieder eine Kerze anz\u00fcnden oder ein Buch lesen. Kennt ihr das&nbsp;Rascheln&nbsp;von Herbstlaub? Habt ihr schonmal das Laub von den Bl\u00e4ttern fallen geh\u00f6rt. Stille, Entspannung und innere Einkehr. Das alles bringt der Herbst mit sich !<\/p>\n\n\n\n<div class=\"wp-block-columns is-layout-flex wp-container-core-columns-is-layout-8f761849 wp-block-columns-is-layout-flex\">\n<div class=\"wp-block-column is-layout-flow wp-block-column-is-layout-flow\">\n<figure class=\"wp-block-image size-large\"><img loading=\"lazy\" decoding=\"async\" width=\"700\" height=\"524\" src=\"https:\/\/echta-derminga.de\/wp-content\/uploads\/2023\/10\/391617355_6692299790864689_9108998492729788506_n-700x524.jpg\" alt=\"\" class=\"wp-image-15870\" srcset=\"https:\/\/echta-derminga.de\/wp-content\/uploads\/2023\/10\/391617355_6692299790864689_9108998492729788506_n-700x524.jpg 700w, https:\/\/echta-derminga.de\/wp-content\/uploads\/2023\/10\/391617355_6692299790864689_9108998492729788506_n-300x224.jpg 300w, https:\/\/echta-derminga.de\/wp-content\/uploads\/2023\/10\/391617355_6692299790864689_9108998492729788506_n-768x574.jpg 768w, https:\/\/echta-derminga.de\/wp-content\/uploads\/2023\/10\/391617355_6692299790864689_9108998492729788506_n.jpg 1000w\" sizes=\"auto, (max-width: 700px) 100vw, 700px\" \/><\/figure>\n<\/div>\n\n\n\n<div class=\"wp-block-column is-layout-flow wp-block-column-is-layout-flow\">\n<figure class=\"wp-block-image size-large\"><img loading=\"lazy\" decoding=\"async\" width=\"700\" height=\"500\" src=\"https:\/\/echta-derminga.de\/wp-content\/uploads\/2023\/10\/A7_3424-700x500.jpg\" alt=\"\" class=\"wp-image-15869\" srcset=\"https:\/\/echta-derminga.de\/wp-content\/uploads\/2023\/10\/A7_3424-700x500.jpg 700w, https:\/\/echta-derminga.de\/wp-content\/uploads\/2023\/10\/A7_3424-300x214.jpg 300w, https:\/\/echta-derminga.de\/wp-content\/uploads\/2023\/10\/A7_3424-768x548.jpg 768w, https:\/\/echta-derminga.de\/wp-content\/uploads\/2023\/10\/A7_3424.jpg 1000w\" sizes=\"auto, (max-width: 700px) 100vw, 700px\" \/><\/figure>\n<\/div>\n<\/div>\n\n\n\n<h5 class=\"wp-block-heading has-medium-font-size\">Auch das Essen ver\u00e4ndert sich. Von der leichten Sommerk\u00fcche gehen wir \u00fcber in das deftige vielleicht auch etwas unges\u00fcndere Essen.&nbsp; K\u00fcrbissuppe, Zwiebelkuchen, Aufl\u00e4ufe, mehr Fleisch und Braten.  Die Gem\u00fctlichkeit zieht in unser Leben und bis Weihnachten ist es nicht mehr lange hin. Der Wind wird st\u00e4rker, St\u00fcrme ziehen auf und der Regen zieht \u00fcber das Land. Abends wird es fr\u00fcher&nbsp;dunkel, die Sonne ist nur selten vor 09:00 Uhr zu sehen. Unser&nbsp;Schlafrhythmus&nbsp;rehabilitiert sich und die N\u00e4chte werden erholsamer. Es ist&nbsp;die Zeit der Weinernte und die Zeit von Federwei\u00dfer und Flammkuchen. Der Herbst kann so sch\u00f6n sein ! Wir m\u00fcssen in nur annehmen und in unser Leben lassen. Vielleicht bietet uns dieser Herbst mal wieder die Zeit zur inneren Einkehr und zum Umdenken. Immerhin ist schon bald Weihnachten und Spekulatius und Lebkuchen steht schon seit September in den Regalen der Einkaufsm\u00e4rkte. Wir sollten versuchen im Herbst eine gewissen Aufbruchstimmung zu finden.Ich pers\u00f6nlich bin gerade damit besch\u00e4ftigt das &#8222;loslassen&#8220; zu lernen. Loslassen k\u00f6nnen, kann sehr befreiend sein. Ja, dass alte neigt sich dem Ende zu und die Welt ist im Wandel. Das muss aber nicht schlecht sein ! Meine Oma sagte immer: Es ist nichts so schlecht, als dass es nicht f\u00fcr irgendwas gut w\u00e4re!<\/h5>\n\n\n\n<div class=\"wp-block-columns is-layout-flex wp-container-core-columns-is-layout-8f761849 wp-block-columns-is-layout-flex\">\n<div class=\"wp-block-column is-layout-flow wp-block-column-is-layout-flow\">\n<figure class=\"wp-block-image size-large\"><img loading=\"lazy\" decoding=\"async\" width=\"700\" height=\"847\" src=\"https:\/\/echta-derminga.de\/wp-content\/uploads\/2023\/10\/391616926_6692300937531241_4517843864629059716_n-1-700x847.jpg\" alt=\"\" class=\"wp-image-15875\" srcset=\"https:\/\/echta-derminga.de\/wp-content\/uploads\/2023\/10\/391616926_6692300937531241_4517843864629059716_n-1-700x847.jpg 700w, https:\/\/echta-derminga.de\/wp-content\/uploads\/2023\/10\/391616926_6692300937531241_4517843864629059716_n-1-248x300.jpg 248w, https:\/\/echta-derminga.de\/wp-content\/uploads\/2023\/10\/391616926_6692300937531241_4517843864629059716_n-1-768x930.jpg 768w, https:\/\/echta-derminga.de\/wp-content\/uploads\/2023\/10\/391616926_6692300937531241_4517843864629059716_n-1.jpg 946w\" sizes=\"auto, (max-width: 700px) 100vw, 700px\" \/><\/figure>\n<\/div>\n\n\n\n<div class=\"wp-block-column is-layout-flow wp-block-column-is-layout-flow\">\n<figure class=\"wp-block-image size-large\"><img loading=\"lazy\" decoding=\"async\" width=\"700\" height=\"933\" src=\"https:\/\/echta-derminga.de\/wp-content\/uploads\/2023\/10\/391605019_6692211897540145_7700723026529908938_n-700x933.jpg\" alt=\"\" class=\"wp-image-15871\" srcset=\"https:\/\/echta-derminga.de\/wp-content\/uploads\/2023\/10\/391605019_6692211897540145_7700723026529908938_n-700x933.jpg 700w, https:\/\/echta-derminga.de\/wp-content\/uploads\/2023\/10\/391605019_6692211897540145_7700723026529908938_n-225x300.jpg 225w, https:\/\/echta-derminga.de\/wp-content\/uploads\/2023\/10\/391605019_6692211897540145_7700723026529908938_n-768x1023.jpg 768w, https:\/\/echta-derminga.de\/wp-content\/uploads\/2023\/10\/391605019_6692211897540145_7700723026529908938_n-1153x1536.jpg 1153w, https:\/\/echta-derminga.de\/wp-content\/uploads\/2023\/10\/391605019_6692211897540145_7700723026529908938_n.jpg 1200w\" sizes=\"auto, (max-width: 700px) 100vw, 700px\" \/><\/figure>\n<\/div>\n<\/div>\n\n\n\n<p class=\"has-medium-font-size wp-block-paragraph\"><strong>\u00dcbrigens: Am Freitag,18. Oktober 2024 ist es wieder soweit ! Um 16:00 Uhr werden wir mit den Kindern unseres Dorfes wieder &#8222;Rommele&#8220; schnitzen. Wenn ihr die Voranmeldung verpasst habt, ist das nicht ganz so schlimm. Wir haben immer noch die ein oder andere &#8222;Rommel&#8220; \u00fcbrig. Bitte bringt etwas Werkzeug wie Messer und L\u00f6ffel zum Schnitzen mit. F\u00fcr das leibliche Wohl ist bestens gesorgt!<\/strong><\/p>\n","protected":false},"excerpt":{"rendered":"<p>Der Morgen ist nebelverhangen, die Tage k\u00fcrzer und die N\u00e4chte k\u00e4lter. Der Herbst zieht \u00fcber das Land. Kraniche ziehen in ihre Winterquartiere. Der Herbst wirkt Melancholisch und steht sinnbildlich f\u00fcr den Abschied. Der Sommer ist Geschichte und die Bl\u00e4tter fallen von den B\u00e4umen. Jede Jahreszeit hat etwas wunderbares, einzigartiges und faszinierendes. Die Natur zeigt sich in ihrer Farben- und Genussvielfalt:<\/p>\n","protected":false},"author":1,"featured_media":13863,"comment_status":"open","ping_status":"closed","sticky":false,"template":"","format":"standard","meta":{"_crdt_document":"","footnotes":""},"categories":[1,9,902,8],"tags":[5,618,1161,127,1163,1162,310],"class_list":["post-18033","post","type-post","status-publish","format-standard","has-post-thumbnail","hentry","category-allgemein","category-dorfgetratsche","category-meine-meinung","category-sellemols-und-awweile","tag-dirmingen","tag-gemeinde-eppelborn","tag-herbst-2024","tag-landkreis-neunkirchen","tag-laxem","tag-rommelbootzeschnitze","tag-saarland"],"_links":{"self":[{"href":"https:\/\/echta-derminga.de\/index.php?rest_route=\/wp\/v2\/posts\/18033","targetHints":{"allow":["GET"]}}],"collection":[{"href":"https:\/\/echta-derminga.de\/index.php?rest_route=\/wp\/v2\/posts"}],"about":[{"href":"https:\/\/echta-derminga.de\/index.php?rest_route=\/wp\/v2\/types\/post"}],"author":[{"embeddable":true,"href":"https:\/\/echta-derminga.de\/index.php?rest_route=\/wp\/v2\/users\/1"}],"replies":[{"embeddable":true,"href":"https:\/\/echta-derminga.de\/index.php?rest_route=%2Fwp%2Fv2%2Fcomments&post=18033"}],"version-history":[{"count":16,"href":"https:\/\/echta-derminga.de\/index.php?rest_route=\/wp\/v2\/posts\/18033\/revisions"}],"predecessor-version":[{"id":18050,"href":"https:\/\/echta-derminga.de\/index.php?rest_route=\/wp\/v2\/posts\/18033\/revisions\/18050"}],"wp:featuredmedia":[{"embeddable":true,"href":"https:\/\/echta-derminga.de\/index.php?rest_route=\/wp\/v2\/media\/13863"}],"wp:attachment":[{"href":"https:\/\/echta-derminga.de\/index.php?rest_route=%2Fwp%2Fv2%2Fmedia&parent=18033"}],"wp:term":[{"taxonomy":"category","embeddable":true,"href":"https:\/\/echta-derminga.de\/index.php?rest_route=%2Fwp%2Fv2%2Fcategories&post=18033"},{"taxonomy":"post_tag","embeddable":true,"href":"https:\/\/echta-derminga.de\/index.php?rest_route=%2Fwp%2Fv2%2Ftags&post=18033"}],"curies":[{"name":"wp","href":"https:\/\/api.w.org\/{rel}","templated":true}]}}