{"id":18055,"date":"2024-10-23T18:39:20","date_gmt":"2024-10-23T17:39:20","guid":{"rendered":"https:\/\/echta-derminga.de\/?p=18055"},"modified":"2024-10-23T18:58:29","modified_gmt":"2024-10-23T17:58:29","slug":"jetzt-erst-recht-no-all-dem-huddel-gebbt-graad-se-laeaeds-kerb-gefeiert","status":"publish","type":"post","link":"https:\/\/echta-derminga.de\/?p=18055","title":{"rendered":"Jetzt erst recht ! &#8211; &#8222;No&#8216; all dem Huddel gebbt graad se l\u00e4\u00e4ds Kerb gefeiert&#8220; !"},"content":{"rendered":"\n<p class=\"has-medium-font-size wp-block-paragraph\"><strong>Keine leichte Zeiten f\u00fcr unseren Heimatort ! Seit Wochen stolpern wir von einer Entt\u00e4uschung in die N\u00e4chste: &#8222;Nix wie Huddel em Derminga D\u00f6rfche&#8220;<\/strong><\/p>\n\n\n\n<p class=\"has-medium-font-size wp-block-paragraph\">Irgendwie l\u00e4uft es gerade nicht so rund. Der in den Jahren angesammelte Investitionsstau stellt uns vor gro\u00dfe Herausforderungen. Beim Blick auf die vorliegende M\u00e4ngelliste unseres Heimatortes kann einem leicht schwindlig werden. Ein Br\u00fcckenbau der auf sich warten l\u00e4sst, ein Verbrauchermarkt der sich seit Jahren in der Warteschleife befindet, eine Halle die unbedingt saniert werden muss und ein Ortskern der unbedingt mal wieder einen Anstrich vertragen k\u00f6nnte. Zudem wurden w\u00e4hrend dem Pfingsthochwassers die Strom -und Wasserversorgung im Br\u00fchl zerst\u00f6rt und unsere Bem\u00fchungen um Bargeldversorgung in unserem Dorf bekamen einen herben D\u00e4mpfer. Unsere Stra\u00dfen sind arg sanierungsbed\u00fcrftig und irgendwie merkt man den Menschen unseres Dorfes die angestaute Entt\u00e4uschung an. <\/p>\n\n\n\n<p class=\"has-medium-font-size wp-block-paragraph\"><strong>Und jetzt ! Wie soll man mit dieser Laune &#8222;Kerb&#8220; feiern ? Grunds\u00e4tzlich neigt der Dirminger nicht gerade dazu den Kopf in den Sand zu stecken. In echter Feierlaune d\u00fcrften sich aktuelle jedoch die Wenigsten befinden. Uns alle beschleicht das Gef\u00fchl, dass es irgendwie nicht rund l\u00e4uft. Aufgeben ist f\u00fcr den &#8222;Derminga&#8220; jedoch keine Option. Im Gegenteil: Mund abputzen, Aufstehen, Krone richten und jetzt &#8222;graad se l\u00e4\u00e4ds&#8220;<\/strong><\/p>\n\n\n\n<div class=\"wp-block-columns is-layout-flex wp-container-core-columns-is-layout-8f761849 wp-block-columns-is-layout-flex\">\n<div class=\"wp-block-column is-layout-flow wp-block-column-is-layout-flow\">\n<figure class=\"wp-block-image size-large\"><img loading=\"lazy\" decoding=\"async\" width=\"700\" height=\"467\" src=\"https:\/\/echta-derminga.de\/wp-content\/uploads\/2023\/11\/DSC03813-700x467.jpg\" alt=\"\" class=\"wp-image-15987\" srcset=\"https:\/\/echta-derminga.de\/wp-content\/uploads\/2023\/11\/DSC03813-700x467.jpg 700w, https:\/\/echta-derminga.de\/wp-content\/uploads\/2023\/11\/DSC03813-300x200.jpg 300w, https:\/\/echta-derminga.de\/wp-content\/uploads\/2023\/11\/DSC03813-768x512.jpg 768w, https:\/\/echta-derminga.de\/wp-content\/uploads\/2023\/11\/DSC03813.jpg 1000w\" sizes=\"auto, (max-width: 700px) 100vw, 700px\" \/><\/figure>\n<\/div>\n\n\n\n<div class=\"wp-block-column is-layout-flow wp-block-column-is-layout-flow\">\n<figure class=\"wp-block-image size-large\"><img loading=\"lazy\" decoding=\"async\" width=\"700\" height=\"467\" src=\"https:\/\/echta-derminga.de\/wp-content\/uploads\/2023\/11\/DSC03887-700x467.jpg\" alt=\"\" class=\"wp-image-15989\" srcset=\"https:\/\/echta-derminga.de\/wp-content\/uploads\/2023\/11\/DSC03887-700x467.jpg 700w, https:\/\/echta-derminga.de\/wp-content\/uploads\/2023\/11\/DSC03887-300x200.jpg 300w, https:\/\/echta-derminga.de\/wp-content\/uploads\/2023\/11\/DSC03887-768x512.jpg 768w, https:\/\/echta-derminga.de\/wp-content\/uploads\/2023\/11\/DSC03887.jpg 1000w\" sizes=\"auto, (max-width: 700px) 100vw, 700px\" \/><\/figure>\n<\/div>\n<\/div>\n\n\n\n<p class=\"has-medium-font-size wp-block-paragraph\">Immerhin haben wir in Dirmingen noch eine Kirmes. Und das seit satten 278 Jahren ! Das ist keineswegs eine Selbstverst\u00e4ndlichkeit. Einer Studie des Deutsche Schaustellerbundes zufolge wird bald jedes dritte Volksfest oder Kirmes von der Bildfl\u00e4che verschwinden. Kleinere Dorffeste und Kirmessen finden kaum noch statt und sind l\u00e4ngst vom Aussterben bedroht. Lediglich die gr\u00f6\u00dferen Volksfeste, wie z.B die Eppelborner Pfingstkirmes, k\u00f6nnen sich im Wettbewerb der Gro\u00dfen behaupten. Die Schausteller nehmen l\u00e4ngst nicht mehr alle Angebote an und suchen sich die lukrativsten Kirmessen aus. Mittendrin in diesem &#8222;Volksfeststerben&#8220; b\u00e4umt sich ein kleines D\u00f6rfchen am Zusammenfluss der Ill und Alsbach auf um sich dem allgemeinen Trend zu widersetzen. Wir lassen uns die &#8222;Kerb&#8220; nicht kaputtmachen. Wir selbst haben es in der Hand !<\/p>\n\n\n<div class=\"wp-block-image\">\n<figure class=\"aligncenter size-large\"><img loading=\"lazy\" decoding=\"async\" width=\"700\" height=\"467\" src=\"https:\/\/echta-derminga.de\/wp-content\/uploads\/2023\/11\/DSC03959-700x467.jpg\" alt=\"\" class=\"wp-image-15990\" srcset=\"https:\/\/echta-derminga.de\/wp-content\/uploads\/2023\/11\/DSC03959-700x467.jpg 700w, https:\/\/echta-derminga.de\/wp-content\/uploads\/2023\/11\/DSC03959-300x200.jpg 300w, https:\/\/echta-derminga.de\/wp-content\/uploads\/2023\/11\/DSC03959-768x512.jpg 768w, https:\/\/echta-derminga.de\/wp-content\/uploads\/2023\/11\/DSC03959.jpg 1000w\" sizes=\"auto, (max-width: 700px) 100vw, 700px\" \/><\/figure>\n<\/div>\n\n\n<p class=\"has-medium-font-size wp-block-paragraph\"><strong>Es gibt mehrere Gr\u00fcnde die zum langsamen Aussterben der vielen Dorf Kirmessen beitragen. Die Kirmes hatte fr\u00fcher eine viel gr\u00f6\u00dfere gesellschaftliche Bedeutung. Wenn Kirmes gefeiert wurde, waren die Menschen aufgeregt und voller Vorfreude. Viele junge Leute hatten die Hoffnung, bei einer Fahrt im Autoscooter oder auf dem Kettenkarussell ihren Spa\u00df oder vielleicht sogar die gro\u00dfe Liebe zu finden. In Zeiten der gro\u00dfen Freizeitparks hat sich das Ansehen der Kirmes grundliegend ger\u00e4ndert. Die Richtlinien, die zur Durchf\u00fchrung einer Gro\u00dfveranstaltung dienen sind kaum noch einzuhalten und werden immer strenger. Auch unsere Dorfjugend ist l\u00e4ngst nicht mehr auf die eigene Kirmes angewiesen. Die Jugendliche k\u00f6nnen heute einfach in die n\u00e4chste gro\u00dfe Stadt oder in einen gro\u00dfen Freizeitpark fahren. Die Kirmes im eigenen Dorf wirkt eher spie\u00dfig und langweilig.<\/strong> <\/p>\n\n\n\n<div class=\"wp-block-columns is-layout-flex wp-container-core-columns-is-layout-8f761849 wp-block-columns-is-layout-flex\">\n<div class=\"wp-block-column is-layout-flow wp-block-column-is-layout-flow\">\n<figure class=\"wp-block-image size-large\"><img loading=\"lazy\" decoding=\"async\" width=\"700\" height=\"525\" src=\"https:\/\/echta-derminga.de\/wp-content\/uploads\/2023\/11\/FB_IMG_1698562868097-700x525.jpg\" alt=\"\" class=\"wp-image-16015\" srcset=\"https:\/\/echta-derminga.de\/wp-content\/uploads\/2023\/11\/FB_IMG_1698562868097-700x525.jpg 700w, https:\/\/echta-derminga.de\/wp-content\/uploads\/2023\/11\/FB_IMG_1698562868097-300x225.jpg 300w, https:\/\/echta-derminga.de\/wp-content\/uploads\/2023\/11\/FB_IMG_1698562868097-768x576.jpg 768w, https:\/\/echta-derminga.de\/wp-content\/uploads\/2023\/11\/FB_IMG_1698562868097.jpg 1080w\" sizes=\"auto, (max-width: 700px) 100vw, 700px\" \/><\/figure>\n<\/div>\n\n\n\n<div class=\"wp-block-column is-layout-flow wp-block-column-is-layout-flow\">\n<figure class=\"wp-block-image size-large\"><img loading=\"lazy\" decoding=\"async\" width=\"700\" height=\"525\" src=\"https:\/\/echta-derminga.de\/wp-content\/uploads\/2023\/11\/DSC04072-700x525.jpg\" alt=\"\" class=\"wp-image-15995\" srcset=\"https:\/\/echta-derminga.de\/wp-content\/uploads\/2023\/11\/DSC04072-700x525.jpg 700w, https:\/\/echta-derminga.de\/wp-content\/uploads\/2023\/11\/DSC04072-300x225.jpg 300w, https:\/\/echta-derminga.de\/wp-content\/uploads\/2023\/11\/DSC04072-768x576.jpg 768w, https:\/\/echta-derminga.de\/wp-content\/uploads\/2023\/11\/DSC04072.jpg 1000w\" sizes=\"auto, (max-width: 700px) 100vw, 700px\" \/><\/figure>\n<\/div>\n<\/div>\n\n\n\n<p class=\"has-medium-font-size wp-block-paragraph\">Unsere Kerb ist Oldschool und dabei verdammt sexy! Immerhin haben wir noch eine Kirmes ! Nach der letztj\u00e4hrigen stark verregneten &#8222;Kerb&#8220; war es \u00fcberhaupt nicht leicht die Schausteller zu bewegen wieder nach Dirmingen zu kommen. Ich musste im Laufe des Jahres viel \u00dcberzeugungsarbeit leisten. Wichtig ist, dass unser Dorf nun gemeinsam die Schausteller unterst\u00fctzt. Bitte packt eure Familie ein und spaziert zum Festplatz. Kauft euch ne&#8216; Zuckerwatte und fahrt ne&#8220; runde Karussell. Ein weiteres entt\u00e4uschendes Jahr wird unsere Kerb nur schwer \u00fcberleben.<\/p>\n\n\n\n<p class=\"has-medium-font-size wp-block-paragraph\"><strong>Dabei ist es so wichtig unsere &#8222;Kerb&#8220; zu feiern. Die &#8222;Derminga Kerb&#8220; geh\u00f6rt zu den traditionsreichsten im Illtal. W\u00e4hrend der &#8222;Kerb&#8220; feiern wir unsere ureigene Identit\u00e4t. Genau so  sind wir und dass ist unser Fest! Ihren Ursprung hat unsere Kirmes in der Kirchweihe unserer evangelischen Stengelkirche in der Ortsmitte. Im Jahre 1746 wurde der Vorg\u00e4ngerbau bis auf den Turm abgerissen und neugebaut. Seit fast 300 Jahren gelingt es uns jedes Jahr aufs Neue der &#8222;Kerb&#8220; ein w\u00fcrdiges Rahmenprogramm zu verpassen.<\/strong> <strong>So war es immer und so soll es auch bleiben.<\/strong> <strong>Auch im Jahr 2024 wollen wir &#8222;Kerb&#8220; feiern.<\/strong> <strong>Alles ist angerichtet: Vereine, Gastst\u00e4tten und Schausteller freuen sich bei hoffentlich gutem Wetter auf zahlreiche G\u00e4ste.<\/strong> <strong>Ich w\u00fcnsche uns allen, dass wir gemeinsam den ganzen &#8222;Huddel&#8220; der letzten Wochen f\u00fcr ein paar sch\u00f6ne Tage vergessen k\u00f6nnen. Lasst uns gemeinsam unsere &#8222;Kerb&#8220; feiern und uns gegenseitig unterst\u00fctzen. <\/strong><\/p>\n\n\n<div class=\"wp-block-image\">\n<figure class=\"aligncenter size-large\"><img loading=\"lazy\" decoding=\"async\" width=\"700\" height=\"990\" src=\"https:\/\/echta-derminga.de\/wp-content\/uploads\/2024\/10\/Derminga_Kerb_Plakat_2024-700x990.jpg\" alt=\"\" class=\"wp-image-18051\" srcset=\"https:\/\/echta-derminga.de\/wp-content\/uploads\/2024\/10\/Derminga_Kerb_Plakat_2024-700x990.jpg 700w, https:\/\/echta-derminga.de\/wp-content\/uploads\/2024\/10\/Derminga_Kerb_Plakat_2024-212x300.jpg 212w, https:\/\/echta-derminga.de\/wp-content\/uploads\/2024\/10\/Derminga_Kerb_Plakat_2024-768x1086.jpg 768w, https:\/\/echta-derminga.de\/wp-content\/uploads\/2024\/10\/Derminga_Kerb_Plakat_2024-1086x1536.jpg 1086w, https:\/\/echta-derminga.de\/wp-content\/uploads\/2024\/10\/Derminga_Kerb_Plakat_2024-1448x2048.jpg 1448w, https:\/\/echta-derminga.de\/wp-content\/uploads\/2024\/10\/Derminga_Kerb_Plakat_2024-scaled.jpg 1810w\" sizes=\"auto, (max-width: 700px) 100vw, 700px\" \/><\/figure>\n<\/div>","protected":false},"excerpt":{"rendered":"<p>Keine leichte Zeiten f\u00fcr unseren Heimatort ! Seit Wochen stolpern wir von einer Entt\u00e4uschung in die N\u00e4chste: &#8222;Nix wie Huddel em Derminga D\u00f6rfche&#8220; Irgendwie l\u00e4uft es gerade nicht so rund. Der in den Jahren angesammelte Investitionsstau stellt uns vor gro\u00dfe Herausforderungen. Beim Blick auf die vorliegende M\u00e4ngelliste unseres Heimatortes kann einem leicht schwindlig werden. Ein Br\u00fcckenbau der auf sich warten<\/p>\n","protected":false},"author":1,"featured_media":16011,"comment_status":"open","ping_status":"closed","sticky":false,"template":"","format":"standard","meta":{"_crdt_document":"","footnotes":""},"categories":[1,9,902],"tags":[5,618,127,795,310],"class_list":["post-18055","post","type-post","status-publish","format-standard","has-post-thumbnail","hentry","category-allgemein","category-dorfgetratsche","category-meine-meinung","tag-dirmingen","tag-gemeinde-eppelborn","tag-landkreis-neunkirchen","tag-ortsvorsteher-dirmingen","tag-saarland"],"_links":{"self":[{"href":"https:\/\/echta-derminga.de\/index.php?rest_route=\/wp\/v2\/posts\/18055","targetHints":{"allow":["GET"]}}],"collection":[{"href":"https:\/\/echta-derminga.de\/index.php?rest_route=\/wp\/v2\/posts"}],"about":[{"href":"https:\/\/echta-derminga.de\/index.php?rest_route=\/wp\/v2\/types\/post"}],"author":[{"embeddable":true,"href":"https:\/\/echta-derminga.de\/index.php?rest_route=\/wp\/v2\/users\/1"}],"replies":[{"embeddable":true,"href":"https:\/\/echta-derminga.de\/index.php?rest_route=%2Fwp%2Fv2%2Fcomments&post=18055"}],"version-history":[{"count":8,"href":"https:\/\/echta-derminga.de\/index.php?rest_route=\/wp\/v2\/posts\/18055\/revisions"}],"predecessor-version":[{"id":18066,"href":"https:\/\/echta-derminga.de\/index.php?rest_route=\/wp\/v2\/posts\/18055\/revisions\/18066"}],"wp:featuredmedia":[{"embeddable":true,"href":"https:\/\/echta-derminga.de\/index.php?rest_route=\/wp\/v2\/media\/16011"}],"wp:attachment":[{"href":"https:\/\/echta-derminga.de\/index.php?rest_route=%2Fwp%2Fv2%2Fmedia&parent=18055"}],"wp:term":[{"taxonomy":"category","embeddable":true,"href":"https:\/\/echta-derminga.de\/index.php?rest_route=%2Fwp%2Fv2%2Fcategories&post=18055"},{"taxonomy":"post_tag","embeddable":true,"href":"https:\/\/echta-derminga.de\/index.php?rest_route=%2Fwp%2Fv2%2Ftags&post=18055"}],"curies":[{"name":"wp","href":"https:\/\/api.w.org\/{rel}","templated":true}]}}