{"id":18069,"date":"2024-10-29T18:26:07","date_gmt":"2024-10-29T17:26:07","guid":{"rendered":"https:\/\/echta-derminga.de\/?p=18069"},"modified":"2024-10-29T18:26:08","modified_gmt":"2024-10-29T17:26:08","slug":"in-sachen-ortsvorsteher-von-einer-sonnigen-kerb-einer-martinsfeier-und-einer-in-die-jahre-gekommenen-borrwieshalle","status":"publish","type":"post","link":"https:\/\/echta-derminga.de\/?p=18069","title":{"rendered":"In Sachen Ortsvorsteher: Von einer sonnigen &#8222;Kerb&#8220;, einer Martinsfeier und einer in die Jahre gekommenen Borrwieshalle"},"content":{"rendered":"\n<p class=\"has-medium-font-size wp-block-paragraph\"><strong>Der Herbst hat eine gewisse Magie. Bl\u00e4tter fallen von den B\u00e4umen, die Tage werden k\u00fcrzer und unsere Natur ver\u00e4ndert sich sp\u00fcrbar. Nach der &#8222;Derminga Kerb&#8220; geht es in der Regel immer ganz schnell. In wenigen Wochen findet der &#8222;Mittelalterliche Weihnachtsmarkt&#8220; in unserem Heimatort statt und schon kurze Zeit sp\u00e4ter neigt sich das Jahr dem Ende zu. Irgendwie geht es in unserem Dorf immer mit viel Elan und Vollgas durch den Herbst. Bis zum Jahresende jagt ein Event das N\u00e4chste.<\/strong> <strong>Dabei geht uns oft der Blick f\u00fcr das Wesentliche verloren. In den letzten Wochen h\u00e4uften sich die Hiobsbotschaften f\u00fcr unseren Heimatort. Wichtig ist jetzt, mit viel Empathie und Sorgfalt den vielen Problemen entgegenzutreten.<\/strong><\/p>\n\n\n\n<p class=\"has-medium-font-size wp-block-paragraph\"><strong>278. \u201eDerminga Kerb\u201c erf\u00fcllte alle gesetzten Erwartungen<\/strong><\/p>\n\n\n\n<p class=\"has-medium-font-size wp-block-paragraph\">Am Samstag, 26. Oktober wurde 278. \u201eDerminga Kerb\u201c feierlich er\u00f6ffnet. Nach einem sch\u00f6nen, besinnlichen Kirchweih-Gottesdienst in der Evangelischen Kirche Dirmingen durfte ich in Anwesenheit der beiden Schirmherren B\u00fcrgermeister Dr. Andreas Feld und MdB Christian Petry, Kraft meines Amtes das &#8222;Kerwe-Lisje&#8220; wachk\u00fcssen. Das diesj\u00e4hrige \u201eKerwepaar\u201c Lisje Tamara Strau\u00df die Erste und Hennes Denis Bodmer der Erste belebten mit ihrer Herzlichkeit und Anmut das bunte Kirmestreiben. In Begleitung des Kulturvereins Dirmingen und zahlreicher Schaulustiger bewegte sich der \u201eKerweumzug\u201c, bei den Kl\u00e4ngen des Musikvereins Wiesbach, zum Festplatz. F\u00fcr die Sicherheit der vielen Besucherinnen und Besucher sorgte der LbZ Dirmingen der Freiwillige Feuerwehr Eppelborn LBZ Dirmingen. Traditionell wurde der Traktor mit dem \u201eKerwepaar\u201c von Stefan Schaefer gefahren. Geschm\u00fcckt wurde der Wagen von Christel Neufang. Nach der &#8222;Kerwerede&#8220; von Hans-Peter Hoffmann und den Gru\u00dfworten des Kerwepaares, der Schirmherren und des Ortsvorstehers wurde das Fass angeschlagen und z\u00fcnftig gefeiert. Unter den vielen Hundert Besucherinnen und Besuchern waren auch die Ortsvorsteher unserer Heimatgemeinde Christian Ney (OV Eppelborn), Sebastian Michel ( OV Bubach-Calmesweiler), Uwe Ziegler ( OV Humes), Stefan L\u00f6w (OV Wiesbach) und Marco K\u00f6nig (OV Hierscheid) und auch Ingo Recktenwald (OV Berschweiler) der in seinem Heimatort ebenfalls Kirmes feierte. Au\u00dferdem waren auch die Landtagsabgeordnete Nadia Schindelhauer und zahlreiche Gemeinde- und Ortsratsmitglieder meiner Einladung gefolgt. Ich habe mich sehr \u00fcber die vielen und Besucherinnen und Besucher gefreut. Bis zum traditionsreichen Kerwe-Montag wurde in Dirmingen gefeiert. Mein Dank geht an die vielen Besucherinnen und Besucher die in diesem Jahr den Festplatz besucht haben. Ich bin froh, dass es auch in diesem Jahr gelugen ist, Schausteller f\u00fcr unsere Kirmes zu gewinnen. Ein herzliches Dankesch\u00f6n geht an unsere Vereine und die Gatronomie. Im Gasthaus \u201eSchuhhannesse\u201c auf dem Kleinfeld beim TV 04 Dirmingen und beim Oktoberfest des SV Dirmingen im Belkerstadion wurde bei toller Live- Musik bis in die Nacht gefeiert. Danke an alle die unsere Kerb zu einem echten Erlebnis gemacht haben.<\/p>\n\n\n\n<div class=\"wp-block-columns is-layout-flex wp-container-core-columns-is-layout-8f761849 wp-block-columns-is-layout-flex\">\n<div class=\"wp-block-column is-layout-flow wp-block-column-is-layout-flow\">\n<figure class=\"wp-block-image size-large\"><img loading=\"lazy\" decoding=\"async\" width=\"700\" height=\"525\" src=\"https:\/\/echta-derminga.de\/wp-content\/uploads\/2024\/10\/2222-700x525.jpg\" alt=\"\" class=\"wp-image-18072\" srcset=\"https:\/\/echta-derminga.de\/wp-content\/uploads\/2024\/10\/2222-700x525.jpg 700w, https:\/\/echta-derminga.de\/wp-content\/uploads\/2024\/10\/2222-300x225.jpg 300w, https:\/\/echta-derminga.de\/wp-content\/uploads\/2024\/10\/2222-768x576.jpg 768w, https:\/\/echta-derminga.de\/wp-content\/uploads\/2024\/10\/2222-1536x1152.jpg 1536w, https:\/\/echta-derminga.de\/wp-content\/uploads\/2024\/10\/2222.jpg 2048w\" sizes=\"auto, (max-width: 700px) 100vw, 700px\" \/><\/figure>\n<\/div>\n\n\n\n<div class=\"wp-block-column is-layout-flow wp-block-column-is-layout-flow\">\n<figure class=\"wp-block-image size-large\"><img loading=\"lazy\" decoding=\"async\" width=\"700\" height=\"525\" src=\"https:\/\/echta-derminga.de\/wp-content\/uploads\/2024\/10\/464720312_8541751125919537_5348731769787133044_n-700x525.jpg\" alt=\"\" class=\"wp-image-18071\" srcset=\"https:\/\/echta-derminga.de\/wp-content\/uploads\/2024\/10\/464720312_8541751125919537_5348731769787133044_n-700x525.jpg 700w, https:\/\/echta-derminga.de\/wp-content\/uploads\/2024\/10\/464720312_8541751125919537_5348731769787133044_n-300x225.jpg 300w, https:\/\/echta-derminga.de\/wp-content\/uploads\/2024\/10\/464720312_8541751125919537_5348731769787133044_n-768x576.jpg 768w, https:\/\/echta-derminga.de\/wp-content\/uploads\/2024\/10\/464720312_8541751125919537_5348731769787133044_n-1536x1152.jpg 1536w, https:\/\/echta-derminga.de\/wp-content\/uploads\/2024\/10\/464720312_8541751125919537_5348731769787133044_n.jpg 2048w\" sizes=\"auto, (max-width: 700px) 100vw, 700px\" \/><\/figure>\n<\/div>\n<\/div>\n\n\n\n<div class=\"wp-block-columns is-layout-flex wp-container-core-columns-is-layout-8f761849 wp-block-columns-is-layout-flex\">\n<div class=\"wp-block-column is-layout-flow wp-block-column-is-layout-flow\">\n<figure class=\"wp-block-image size-large\"><img loading=\"lazy\" decoding=\"async\" width=\"700\" height=\"489\" src=\"https:\/\/echta-derminga.de\/wp-content\/uploads\/2024\/10\/465028787_8553844208043562_8768002524657905616_n-700x489.jpg\" alt=\"\" class=\"wp-image-18073\" srcset=\"https:\/\/echta-derminga.de\/wp-content\/uploads\/2024\/10\/465028787_8553844208043562_8768002524657905616_n-700x489.jpg 700w, https:\/\/echta-derminga.de\/wp-content\/uploads\/2024\/10\/465028787_8553844208043562_8768002524657905616_n-300x209.jpg 300w, https:\/\/echta-derminga.de\/wp-content\/uploads\/2024\/10\/465028787_8553844208043562_8768002524657905616_n-768x536.jpg 768w, https:\/\/echta-derminga.de\/wp-content\/uploads\/2024\/10\/465028787_8553844208043562_8768002524657905616_n-1536x1073.jpg 1536w, https:\/\/echta-derminga.de\/wp-content\/uploads\/2024\/10\/465028787_8553844208043562_8768002524657905616_n.jpg 2048w\" sizes=\"auto, (max-width: 700px) 100vw, 700px\" \/><\/figure>\n<\/div>\n\n\n\n<div class=\"wp-block-column is-layout-flow wp-block-column-is-layout-flow\">\n<figure class=\"wp-block-image size-large\"><img loading=\"lazy\" decoding=\"async\" width=\"700\" height=\"537\" src=\"https:\/\/echta-derminga.de\/wp-content\/uploads\/2024\/10\/464706670_8541750932586223_678631062789912030_n-700x537.jpg\" alt=\"\" class=\"wp-image-18074\" srcset=\"https:\/\/echta-derminga.de\/wp-content\/uploads\/2024\/10\/464706670_8541750932586223_678631062789912030_n-700x537.jpg 700w, https:\/\/echta-derminga.de\/wp-content\/uploads\/2024\/10\/464706670_8541750932586223_678631062789912030_n-300x230.jpg 300w, https:\/\/echta-derminga.de\/wp-content\/uploads\/2024\/10\/464706670_8541750932586223_678631062789912030_n-768x589.jpg 768w, https:\/\/echta-derminga.de\/wp-content\/uploads\/2024\/10\/464706670_8541750932586223_678631062789912030_n-1536x1178.jpg 1536w, https:\/\/echta-derminga.de\/wp-content\/uploads\/2024\/10\/464706670_8541750932586223_678631062789912030_n.jpg 2048w\" sizes=\"auto, (max-width: 700px) 100vw, 700px\" \/><\/figure>\n<\/div>\n<\/div>\n\n\n\n<p class=\"has-medium-font-size wp-block-paragraph\"><strong>Gemeinsame Ballspende zum Kirmes- Derby im Belkerstadion<\/strong><\/p>\n\n\n\n<p class=\"has-medium-font-size wp-block-paragraph\">Unsere SG Dirmingen-Berschweiler empfing zum \u201eKerwespiel\u201c im heimischen Belkerstadion den SV Bubach\/ Calmesweiler. Gemeinsam mit dem Ortsvorsteher von Bubach\/Calmesweiler Sebastian Michel durfte ich eine Spielballspende \u00fcberreichen. Nach einer spannenden Begegnung siegte unsere SG Dirmingen- Berschweiler mit 6 zu 3 Toren vor einer stattlichen Zuschauerkulisse. Nachdem ich bereits im vergangenen Jahr gemeinsam mit dem damaligen Ortsvorsteher von Welschbach Christian Petry eine Ballspende gemacht habe, freue ich mich dar\u00fcber diese Geste fortf\u00fchren zu d\u00fcrfen. Im November werde ich gemeinsam mit dem Uchtelfanger Ortsvorsteher Stefan Maas den Zebras des HF Illtal eine Ballspende \u00fcbergeben.<\/p>\n\n\n<div class=\"wp-block-image\">\n<figure class=\"aligncenter size-large\"><img loading=\"lazy\" decoding=\"async\" width=\"700\" height=\"469\" src=\"https:\/\/echta-derminga.de\/wp-content\/uploads\/2024\/10\/464681486_8543432529084730_8931283165042341942_n-700x469.jpg\" alt=\"\" class=\"wp-image-18070\" srcset=\"https:\/\/echta-derminga.de\/wp-content\/uploads\/2024\/10\/464681486_8543432529084730_8931283165042341942_n-700x469.jpg 700w, https:\/\/echta-derminga.de\/wp-content\/uploads\/2024\/10\/464681486_8543432529084730_8931283165042341942_n-300x200.jpg 300w, https:\/\/echta-derminga.de\/wp-content\/uploads\/2024\/10\/464681486_8543432529084730_8931283165042341942_n-768x515.jpg 768w, https:\/\/echta-derminga.de\/wp-content\/uploads\/2024\/10\/464681486_8543432529084730_8931283165042341942_n-1536x1029.jpg 1536w, https:\/\/echta-derminga.de\/wp-content\/uploads\/2024\/10\/464681486_8543432529084730_8931283165042341942_n.jpg 2048w\" sizes=\"auto, (max-width: 700px) 100vw, 700px\" \/><\/figure>\n<\/div>\n\n\n<p class=\"has-medium-font-size wp-block-paragraph\"><strong>St.Martinsfeier der Kolpingsfamlie Dirmingen<\/strong><\/p>\n\n\n\n<p class=\"has-medium-font-size wp-block-paragraph\">Auch in diesem Jahr f\u00fchrt die Kolpingsfamilie Dirmingen in Zusammenarbeit mit dem Pfarrgemeinderat eine kleine Martinsfeier mit anschlie\u00dfendem Lampionsumzug durch. Alle Kinder mit ihren Eltern und Anhang sind herzlich eingeladen, sich zu einer kurzen Andacht in der katholischen Kirche einzufinden, die um 17.45 Uhr von unserem Pastor Achim Thieser und Vertretern des Pfarrgemeinderates gehalten wird. Um ca.1815 Uhr steht unser St. Martin mit seinem Pferd vor der kath. Kirche, um gemeinsam mit der Kinderschar den Weg \u00fcber ein Teilst\u00fcck der abgesicherten Tholeyer Stra\u00dfe bis zum Au\u00dfengel\u00e4nde der Rothenbergschule zu gehen. Musikalisch werden wir durch den evangelischen Posaunenchor begleitet. Daf\u00fcr schon jetzt recht herzlichen Dank. Selbstverst\u00e4ndlich erhalten alle Kinder ihre hei\u00dfgeliebte Brezel. Auch in diesem Jahr wird sich der Ortsrat Dirmingen an den Kosten der Brezeln beteiligen. F\u00fcr Getr\u00e4nke und leckere Rostw\u00fcrste halten sich unsere Frauen der Kolpingsfamilie sowie Mitarbeiter\/innen der Lebenshilfe Schule bereit. ( Infos: Quelle: Kolpingfamilie Dirmingen)<\/p>\n\n\n<div class=\"wp-block-image\">\n<figure class=\"aligncenter size-large\"><img loading=\"lazy\" decoding=\"async\" width=\"700\" height=\"990\" src=\"https:\/\/echta-derminga.de\/wp-content\/uploads\/2024\/10\/IMG-20241025-WA0000-700x990.jpg\" alt=\"\" class=\"wp-image-18092\" srcset=\"https:\/\/echta-derminga.de\/wp-content\/uploads\/2024\/10\/IMG-20241025-WA0000-700x990.jpg 700w, https:\/\/echta-derminga.de\/wp-content\/uploads\/2024\/10\/IMG-20241025-WA0000-212x300.jpg 212w, https:\/\/echta-derminga.de\/wp-content\/uploads\/2024\/10\/IMG-20241025-WA0000-768x1086.jpg 768w, https:\/\/echta-derminga.de\/wp-content\/uploads\/2024\/10\/IMG-20241025-WA0000-1086x1536.jpg 1086w, https:\/\/echta-derminga.de\/wp-content\/uploads\/2024\/10\/IMG-20241025-WA0000.jpg 1131w\" sizes=\"auto, (max-width: 700px) 100vw, 700px\" \/><\/figure>\n<\/div>\n\n\n<h3 class=\"wp-block-heading has-medium-font-size\">Herzlichen Gl\u00fcckwunsch zum 95. Geburtstag an Martha Zeitz.<\/h3>\n\n\n\n<p class=\"has-medium-font-size wp-block-paragraph\">Am Samstag, 19. Oktober feierte die Dirmingerin Martha Zeitz ihr nunmehr 95. Wiegenfest. Die liebe Martha erlebte im Kreise ihrer Familie einen sch\u00f6nen Geburtstag. Gemeinsam mit Kindern und Enkelkindern und Ur-Enkel wurde ausgiebig gefeiert. Bei meinem Besuch \u00fcberbrachte ich die Gl\u00fcckw\u00fcnsche des B\u00fcrgermeisters Dr. Andreas Feld, des Landrates S\u00f6ren Meng, der Ministerpr\u00e4sidentin Anke Rehlinger und des Dirminger Ortsrates. Ich w\u00fcnsche alles erdenklich Gute sowie viel Gl\u00fcck und Gesundheit.<\/p>\n\n\n<div class=\"wp-block-image\">\n<figure class=\"aligncenter size-large\"><img loading=\"lazy\" decoding=\"async\" width=\"700\" height=\"783\" src=\"https:\/\/echta-derminga.de\/wp-content\/uploads\/2024\/10\/464001987_8492622204165763_8784110876560712590_n-700x783.jpg\" alt=\"\" class=\"wp-image-18079\" srcset=\"https:\/\/echta-derminga.de\/wp-content\/uploads\/2024\/10\/464001987_8492622204165763_8784110876560712590_n-700x783.jpg 700w, https:\/\/echta-derminga.de\/wp-content\/uploads\/2024\/10\/464001987_8492622204165763_8784110876560712590_n-268x300.jpg 268w, https:\/\/echta-derminga.de\/wp-content\/uploads\/2024\/10\/464001987_8492622204165763_8784110876560712590_n-768x859.jpg 768w, https:\/\/echta-derminga.de\/wp-content\/uploads\/2024\/10\/464001987_8492622204165763_8784110876560712590_n-1373x1536.jpg 1373w, https:\/\/echta-derminga.de\/wp-content\/uploads\/2024\/10\/464001987_8492622204165763_8784110876560712590_n.jpg 1831w\" sizes=\"auto, (max-width: 700px) 100vw, 700px\" \/><\/figure>\n<\/div>\n\n\n<h3 class=\"wp-block-heading\">Herzlichen Gl\u00fcckwunsch zur Goldenen Hochzeit<\/h3>\n\n\n\n<p class=\"has-medium-font-size wp-block-paragraph\">Das Jubelpaar Hanne und Hartmut Tierling feierten am 18. Oktober ihre Goldene Hochzeit. Gemeinsam mit ihren 2 Kindern und 3 Enkelkinder genie\u00dft das Ehepaar ihre gemeinsamen Ruhestand. W\u00e4hrend Hartmut Tierling auf der Dillinger H\u00fctte am Hochofen arbeitete, leistete Hanne Tierling ihren wichtigen Beitrag als Friseurin. Bei meinem Besuch \u00fcberbrachte ich die Gl\u00fcckw\u00fcnsche des B\u00fcrgermeisters Dr. Feld, des Landrates S\u00f6ren Meng, der Ministerpr\u00e4sidentin Rehlinger und des Ortsrates von Dirmingen. Herzlichen Gl\u00fcckwunsch und weiterhin alles Gute, viel Gl\u00fcck und Gesundheit.<\/p>\n\n\n<div class=\"wp-block-image\">\n<figure class=\"aligncenter size-full\"><img loading=\"lazy\" decoding=\"async\" width=\"698\" height=\"642\" src=\"https:\/\/echta-derminga.de\/wp-content\/uploads\/2024\/10\/tierling.jpeg\" alt=\"\" class=\"wp-image-18076\" srcset=\"https:\/\/echta-derminga.de\/wp-content\/uploads\/2024\/10\/tierling.jpeg 698w, https:\/\/echta-derminga.de\/wp-content\/uploads\/2024\/10\/tierling-300x276.jpeg 300w\" sizes=\"auto, (max-width: 698px) 100vw, 698px\" \/><\/figure>\n<\/div>\n\n\n<h3 class=\"wp-block-heading\">&#8222;Rommelbootzeschnitze&#8220; mit dem Ortsvorsteher<\/h3>\n\n\n\n<p class=\"has-medium-font-size wp-block-paragraph\">Seit nunmehr 4 Jahren findet jeweils im Oktober, mit den Kinder unseres Dorfes und der Umgebung, dass traditionelle &#8222;Rommelbootzeschnitze&#8220; ein. Am Freitag, 18. Oktober 2024 nahmen ca. 45 Kinder mit ihren Eltern an dieser Veranstaltung, neben der Borrwieshalle, teil. Mit dieser Veranstaltung geht es mir darum, die alten Traditionen weiterzugeben und den Kindern n\u00e4herzubringen. Vielen herzlichen Dank an alle Kinder, Eltern und an alle Helferinnen und Helfer. Vielen Dank auch an meinen Stellvertreter Michael Polotzek und meine politischen und pers\u00f6nlichen Freunde f\u00fcr die tatkr\u00e4ftige Unterst\u00fctzung. Danke f\u00fcr das Mitmachen und das Teilnehmen! Ich w\u00fcnsche allen Famlien weiterhin sch\u00f6ne Herbstferien.<\/p>\n\n\n\n<div class=\"wp-block-columns is-layout-flex wp-container-core-columns-is-layout-8f761849 wp-block-columns-is-layout-flex\">\n<div class=\"wp-block-column is-layout-flow wp-block-column-is-layout-flow\">\n<figure class=\"wp-block-image size-large\"><img loading=\"lazy\" decoding=\"async\" width=\"700\" height=\"525\" src=\"https:\/\/echta-derminga.de\/wp-content\/uploads\/2024\/10\/463929584_8487838447977472_624649604237754410_n-700x525.jpg\" alt=\"\" class=\"wp-image-18078\" srcset=\"https:\/\/echta-derminga.de\/wp-content\/uploads\/2024\/10\/463929584_8487838447977472_624649604237754410_n-700x525.jpg 700w, https:\/\/echta-derminga.de\/wp-content\/uploads\/2024\/10\/463929584_8487838447977472_624649604237754410_n-300x225.jpg 300w, https:\/\/echta-derminga.de\/wp-content\/uploads\/2024\/10\/463929584_8487838447977472_624649604237754410_n-768x576.jpg 768w, https:\/\/echta-derminga.de\/wp-content\/uploads\/2024\/10\/463929584_8487838447977472_624649604237754410_n-1536x1152.jpg 1536w, https:\/\/echta-derminga.de\/wp-content\/uploads\/2024\/10\/463929584_8487838447977472_624649604237754410_n.jpg 1600w\" sizes=\"auto, (max-width: 700px) 100vw, 700px\" \/><\/figure>\n<\/div>\n\n\n\n<div class=\"wp-block-column is-layout-flow wp-block-column-is-layout-flow\">\n<figure class=\"wp-block-image size-large\"><img loading=\"lazy\" decoding=\"async\" width=\"700\" height=\"525\" src=\"https:\/\/echta-derminga.de\/wp-content\/uploads\/2024\/10\/463727765_8487838757977441_7617020194698159544_n-700x525.jpg\" alt=\"\" class=\"wp-image-18077\" srcset=\"https:\/\/echta-derminga.de\/wp-content\/uploads\/2024\/10\/463727765_8487838757977441_7617020194698159544_n-700x525.jpg 700w, https:\/\/echta-derminga.de\/wp-content\/uploads\/2024\/10\/463727765_8487838757977441_7617020194698159544_n-300x225.jpg 300w, https:\/\/echta-derminga.de\/wp-content\/uploads\/2024\/10\/463727765_8487838757977441_7617020194698159544_n-768x576.jpg 768w, https:\/\/echta-derminga.de\/wp-content\/uploads\/2024\/10\/463727765_8487838757977441_7617020194698159544_n-1536x1152.jpg 1536w, https:\/\/echta-derminga.de\/wp-content\/uploads\/2024\/10\/463727765_8487838757977441_7617020194698159544_n.jpg 2048w\" sizes=\"auto, (max-width: 700px) 100vw, 700px\" \/><\/figure>\n<\/div>\n<\/div>\n\n\n\n<p class=\"has-medium-font-size wp-block-paragraph\"><strong>Angespannte Situation um Borrwieshalle Dirmingen<\/strong><\/p>\n\n\n\n<p class=\"has-medium-font-size wp-block-paragraph\">Mittlerweile ist es bereits \u00fcberall durchgedrungen: In den letzten Tagen wurde ich ganz oft bez\u00fcglich der Borrwieshalle kontaktiert. Die Borrwieshalle Dirmingen hat erheblichen sanierungsbedarf und muss in n\u00e4herer Zukunft unbedingt erneuert werden. Alleine das Hauptdach der Halle bereitet uns, besonders bei schlechter Witterung wie Schnee- oder Eisbefall, gro\u00dfe Sorgen. In einer gemeinsamen Sitzung mit Vereinen und Organisationen hat B\u00fcrgermeister Feld mit seiner Verwaltung erste Informationen weitergeleitet. Bei Gro\u00dfveranstaltungen wie dem Weihnachtsmarkt oder unserer Fastnacht ist das Risiko f\u00fcr unsere ausrichtenden Vereine sehr gro\u00df und un\u00fcberschaubar. Wie sich bereits herumgesprochen hat, wurde hinsichtlich der &#8222;Derminga Faasend&#8220; bereits eine L\u00f6sung gefunden. Die Innenausstellung des Weihnachtsmarktes wurde vom Kulturverein abgesagt. Der Weihnachtsmarkt wird jedoch wie gewohnt im Au\u00dfenbereich stattfinden ! Gemeinsam mit der Gemeindeverwaltung m\u00fcssen wir nun den Weg beschreiten um die Halle zeitnah zu sanieren. W\u00e4hrend den Wintermonaten d\u00fcrfen Vereine und Organisationen f\u00fcr den Trainings- und \u00dcbungsbetrieb in der Halle \u00fcben und trainieren. Bei Schneefall ist die Halle umgehend zu verlassen oder das Training im Vorfeld abzusagen. ACHTUNG: Bei normaler Witterung besteht keine Gefahr ! Es gibt zudem keinen Anlass um Panik zu verbreiten. Dennoch sollten wir die Angelegenheit Borrwieshalle mit viel Sorgfalt und viel Empathie behandeln. Sitzungen und Geburtstage im Nebenraum der Halle k\u00f6nnen vorerst wie geplant stattfinden.<\/p>\n\n\n<div class=\"wp-block-image\">\n<figure class=\"aligncenter size-large\"><img loading=\"lazy\" decoding=\"async\" width=\"700\" height=\"525\" src=\"https:\/\/echta-derminga.de\/wp-content\/uploads\/2024\/10\/463833003_8491180577643259_6592870994146599539_n-700x525.jpg\" alt=\"\" class=\"wp-image-18080\" srcset=\"https:\/\/echta-derminga.de\/wp-content\/uploads\/2024\/10\/463833003_8491180577643259_6592870994146599539_n-700x525.jpg 700w, https:\/\/echta-derminga.de\/wp-content\/uploads\/2024\/10\/463833003_8491180577643259_6592870994146599539_n-300x225.jpg 300w, https:\/\/echta-derminga.de\/wp-content\/uploads\/2024\/10\/463833003_8491180577643259_6592870994146599539_n-768x576.jpg 768w, https:\/\/echta-derminga.de\/wp-content\/uploads\/2024\/10\/463833003_8491180577643259_6592870994146599539_n-1536x1152.jpg 1536w, https:\/\/echta-derminga.de\/wp-content\/uploads\/2024\/10\/463833003_8491180577643259_6592870994146599539_n.jpg 2048w\" sizes=\"auto, (max-width: 700px) 100vw, 700px\" \/><\/figure>\n<\/div>\n\n\n<p class=\"has-medium-font-size wp-block-paragraph\"><strong>Kranzniederlegung zum Volkstrauertag<\/strong><\/p>\n\n\n\n<p class=\"has-medium-font-size wp-block-paragraph\">Am Sonntag, 17. November findet der diesj\u00e4hrige Volkstrauertag statt. Traditionell wird der Dirminger Ortsrat, am Mahnmal auf dem Dirminger Friedhof, einen Ehrenkranz f\u00fcr die Opfer von Terror, Krieg und Gewalt niederlegen. Die Kranzniederlegung findet um 14:00 Uhr vor der Einsegnungshalle auf dem Dirminger Friedhof statt. Herzliche Einladung an alle interessierten B\u00fcrgerinnen und B\u00fcrger.<\/p>\n\n\n<div class=\"wp-block-image\">\n<figure class=\"aligncenter size-large\"><img loading=\"lazy\" decoding=\"async\" width=\"700\" height=\"550\" src=\"https:\/\/echta-derminga.de\/wp-content\/uploads\/2023\/11\/404419440_6824906880937312_6088158487256300000_n-1-700x550.jpg\" alt=\"\" class=\"wp-image-16119\" srcset=\"https:\/\/echta-derminga.de\/wp-content\/uploads\/2023\/11\/404419440_6824906880937312_6088158487256300000_n-1-700x550.jpg 700w, https:\/\/echta-derminga.de\/wp-content\/uploads\/2023\/11\/404419440_6824906880937312_6088158487256300000_n-1-300x236.jpg 300w, https:\/\/echta-derminga.de\/wp-content\/uploads\/2023\/11\/404419440_6824906880937312_6088158487256300000_n-1-768x603.jpg 768w, https:\/\/echta-derminga.de\/wp-content\/uploads\/2023\/11\/404419440_6824906880937312_6088158487256300000_n-1.jpg 960w\" sizes=\"auto, (max-width: 700px) 100vw, 700px\" \/><\/figure>\n<\/div>\n\n\n<p class=\"has-medium-font-size wp-block-paragraph\">Liebe Mitb\u00fcrgerinnen und Mitb\u00fcrger, kaum zu glauben in knapp 4 Wochen findet unser Mittelalterlicher Weihnachtsmarkt rund um die Borrwieshalle statt. Ich w\u00fcnsche ihnen bis dahin einen entspannten und besinnlichen Herbst. Wenn Sie noch keine Tickets f\u00fcr unsere Zimtkl\u00e4nge Konzerte haben, sollten Sie sich beeilen. Zur Not k\u00f6nnen Sie sich einfach bei mir melden !<\/p>\n\n\n\n<p class=\"has-medium-font-size wp-block-paragraph\">Euer Ortsvorsteher<\/p>\n\n\n\n<p class=\"has-medium-font-size wp-block-paragraph\">Frank Klein<\/p>\n\n\n\n<div class=\"wp-block-columns is-layout-flex wp-container-core-columns-is-layout-8f761849 wp-block-columns-is-layout-flex\">\n<div class=\"wp-block-column is-layout-flow wp-block-column-is-layout-flow\">\n<figure class=\"wp-block-image size-large\"><img loading=\"lazy\" decoding=\"async\" width=\"700\" height=\"990\" src=\"https:\/\/echta-derminga.de\/wp-content\/uploads\/2024\/10\/464377827_1066663715116814_616725790098306181_n-1-700x990.jpg\" alt=\"\" class=\"wp-image-18082\" srcset=\"https:\/\/echta-derminga.de\/wp-content\/uploads\/2024\/10\/464377827_1066663715116814_616725790098306181_n-1-700x990.jpg 700w, https:\/\/echta-derminga.de\/wp-content\/uploads\/2024\/10\/464377827_1066663715116814_616725790098306181_n-1-212x300.jpg 212w, https:\/\/echta-derminga.de\/wp-content\/uploads\/2024\/10\/464377827_1066663715116814_616725790098306181_n-1-768x1086.jpg 768w, https:\/\/echta-derminga.de\/wp-content\/uploads\/2024\/10\/464377827_1066663715116814_616725790098306181_n-1.jpg 794w\" sizes=\"auto, (max-width: 700px) 100vw, 700px\" \/><\/figure>\n<\/div>\n\n\n\n<div class=\"wp-block-column is-layout-flow wp-block-column-is-layout-flow\">\n<figure class=\"wp-block-image size-large\"><img loading=\"lazy\" decoding=\"async\" width=\"700\" height=\"989\" src=\"https:\/\/echta-derminga.de\/wp-content\/uploads\/2024\/10\/464342578_1197155058444119_1665310079510736188_n-700x989.jpg\" alt=\"\" class=\"wp-image-18083\" srcset=\"https:\/\/echta-derminga.de\/wp-content\/uploads\/2024\/10\/464342578_1197155058444119_1665310079510736188_n-700x989.jpg 700w, https:\/\/echta-derminga.de\/wp-content\/uploads\/2024\/10\/464342578_1197155058444119_1665310079510736188_n-212x300.jpg 212w, https:\/\/echta-derminga.de\/wp-content\/uploads\/2024\/10\/464342578_1197155058444119_1665310079510736188_n-768x1086.jpg 768w, https:\/\/echta-derminga.de\/wp-content\/uploads\/2024\/10\/464342578_1197155058444119_1665310079510736188_n.jpg 1040w\" sizes=\"auto, (max-width: 700px) 100vw, 700px\" \/><\/figure>\n<\/div>\n<\/div>\n\n\n\n<div class=\"wp-block-columns is-layout-flex wp-container-core-columns-is-layout-8f761849 wp-block-columns-is-layout-flex\">\n<div class=\"wp-block-column is-layout-flow wp-block-column-is-layout-flow\">\n<figure class=\"wp-block-image size-full\"><img loading=\"lazy\" decoding=\"async\" width=\"618\" height=\"877\" src=\"https:\/\/echta-derminga.de\/wp-content\/uploads\/2023\/11\/400040194_6783014288459905_8529162768413832284_n-1.jpg\" alt=\"\" class=\"wp-image-16165\" srcset=\"https:\/\/echta-derminga.de\/wp-content\/uploads\/2023\/11\/400040194_6783014288459905_8529162768413832284_n-1.jpg 618w, https:\/\/echta-derminga.de\/wp-content\/uploads\/2023\/11\/400040194_6783014288459905_8529162768413832284_n-1-211x300.jpg 211w\" sizes=\"auto, (max-width: 618px) 100vw, 618px\" \/><\/figure>\n<\/div>\n\n\n\n<div class=\"wp-block-column is-layout-flow wp-block-column-is-layout-flow\">\n<figure class=\"wp-block-image size-large\"><img loading=\"lazy\" decoding=\"async\" width=\"700\" height=\"700\" src=\"https:\/\/echta-derminga.de\/wp-content\/uploads\/2024\/10\/463785368_949394273895528_6342388395505274175_n-700x700.jpg\" alt=\"\" class=\"wp-image-18090\" srcset=\"https:\/\/echta-derminga.de\/wp-content\/uploads\/2024\/10\/463785368_949394273895528_6342388395505274175_n-700x700.jpg 700w, https:\/\/echta-derminga.de\/wp-content\/uploads\/2024\/10\/463785368_949394273895528_6342388395505274175_n-300x300.jpg 300w, https:\/\/echta-derminga.de\/wp-content\/uploads\/2024\/10\/463785368_949394273895528_6342388395505274175_n-150x150.jpg 150w, https:\/\/echta-derminga.de\/wp-content\/uploads\/2024\/10\/463785368_949394273895528_6342388395505274175_n-768x768.jpg 768w, https:\/\/echta-derminga.de\/wp-content\/uploads\/2024\/10\/463785368_949394273895528_6342388395505274175_n-90x90.jpg 90w, https:\/\/echta-derminga.de\/wp-content\/uploads\/2024\/10\/463785368_949394273895528_6342388395505274175_n-75x75.jpg 75w, https:\/\/echta-derminga.de\/wp-content\/uploads\/2024\/10\/463785368_949394273895528_6342388395505274175_n.jpg 1080w\" sizes=\"auto, (max-width: 700px) 100vw, 700px\" \/><\/figure>\n<\/div>\n<\/div>\n","protected":false},"excerpt":{"rendered":"<p>Der Herbst hat eine gewisse Magie. Bl\u00e4tter fallen von den B\u00e4umen, die Tage werden k\u00fcrzer und unsere Natur ver\u00e4ndert sich sp\u00fcrbar. Nach der &#8222;Derminga Kerb&#8220; geht es in der Regel immer ganz schnell. In wenigen Wochen findet der &#8222;Mittelalterliche Weihnachtsmarkt&#8220; in unserem Heimatort statt und schon kurze Zeit sp\u00e4ter neigt sich das Jahr dem Ende zu. Irgendwie geht es in<\/p>\n","protected":false},"author":1,"featured_media":18081,"comment_status":"closed","ping_status":"closed","sticky":false,"template":"","format":"standard","meta":{"_crdt_document":"","footnotes":""},"categories":[1,9,812],"tags":[5,618,127,634,795,310],"class_list":["post-18069","post","type-post","status-publish","format-standard","has-post-thumbnail","hentry","category-allgemein","category-dorfgetratsche","category-ortsvorsteher-dirmingen","tag-dirmingen","tag-gemeinde-eppelborn","tag-landkreis-neunkirchen","tag-ortsvorsteher","tag-ortsvorsteher-dirmingen","tag-saarland"],"_links":{"self":[{"href":"https:\/\/echta-derminga.de\/index.php?rest_route=\/wp\/v2\/posts\/18069","targetHints":{"allow":["GET"]}}],"collection":[{"href":"https:\/\/echta-derminga.de\/index.php?rest_route=\/wp\/v2\/posts"}],"about":[{"href":"https:\/\/echta-derminga.de\/index.php?rest_route=\/wp\/v2\/types\/post"}],"author":[{"embeddable":true,"href":"https:\/\/echta-derminga.de\/index.php?rest_route=\/wp\/v2\/users\/1"}],"replies":[{"embeddable":true,"href":"https:\/\/echta-derminga.de\/index.php?rest_route=%2Fwp%2Fv2%2Fcomments&post=18069"}],"version-history":[{"count":12,"href":"https:\/\/echta-derminga.de\/index.php?rest_route=\/wp\/v2\/posts\/18069\/revisions"}],"predecessor-version":[{"id":18097,"href":"https:\/\/echta-derminga.de\/index.php?rest_route=\/wp\/v2\/posts\/18069\/revisions\/18097"}],"wp:featuredmedia":[{"embeddable":true,"href":"https:\/\/echta-derminga.de\/index.php?rest_route=\/wp\/v2\/media\/18081"}],"wp:attachment":[{"href":"https:\/\/echta-derminga.de\/index.php?rest_route=%2Fwp%2Fv2%2Fmedia&parent=18069"}],"wp:term":[{"taxonomy":"category","embeddable":true,"href":"https:\/\/echta-derminga.de\/index.php?rest_route=%2Fwp%2Fv2%2Fcategories&post=18069"},{"taxonomy":"post_tag","embeddable":true,"href":"https:\/\/echta-derminga.de\/index.php?rest_route=%2Fwp%2Fv2%2Ftags&post=18069"}],"curies":[{"name":"wp","href":"https:\/\/api.w.org\/{rel}","templated":true}]}}