{"id":18105,"date":"2024-10-30T13:22:55","date_gmt":"2024-10-30T12:22:55","guid":{"rendered":"https:\/\/echta-derminga.de\/?p=18105"},"modified":"2024-10-30T13:23:43","modified_gmt":"2024-10-30T12:23:43","slug":"halloween-oder-reformationstag-die-angst-verhindert-wichtige-reformen","status":"publish","type":"post","link":"https:\/\/echta-derminga.de\/?p=18105","title":{"rendered":"&#8222;Halloween&#8220; oder Reformationstag ? &#8211;  Die Angst verhindert wichtige Reformen !"},"content":{"rendered":"\n<p class=\"has-medium-font-size wp-block-paragraph\"><strong>Angst. Das Spiel mit der Angst, dass Gesch\u00e4ft mit der Angst. Die Angst spaltet, entfremdet, l\u00e4hmt und enthemmt. Mit Angst baut man Druck auf und erzeugt Aggression. Es ist die Angst vor allem Fremden und allem, was anders aussieht oder anders denkt. Wir alle haben Existenz\u00e4ngste, Verlust\u00e4ngste. Wir sind getrieben von der Angst den Partner, dass Kind oder den Arbeitsplatz zu verlieren. Wir haben Angst vor Ver\u00e4nderungen oder dem Verlust von Macht und Geld. Die Angst geht um und ver\u00e4ndert die Menschen. Der Umgangston wird rauer, h\u00e4rter und r\u00fccksichtsloser. Angst treibt an und kann verletzen oder sogar t\u00f6ten. Angst ist immer ein schlechter Ratgeber. Und nun, sollen tats\u00e4chlich am 31. Oktober (Halloween) die Angst feiern? &nbsp;<\/strong><\/p>\n\n\n\n<p class=\"has-medium-font-size wp-block-paragraph\">Der Herbst zieht mit seinem Facetten Reichtum durch unser Land. Bl\u00e4tter fallen von den B\u00e4umen, Kraniche ziehen Richtung S\u00fcden und die Tage werden k\u00fcrzer. Manchmal beschleicht mich das Gef\u00fchl, dass es nach dem Auszug unserer \u201eKerb\u201c Schlag auf Schlag geht. Mit Riesenschritten geht es pl\u00f6tzlich in Richtung Jahresende. Nach der \u201eKerb\u201c beginnt die dunkle Jahreszeit. Der November bietet eine Vielzahl von stillen und gesetzlichen Feiertagen. Zuerst kommt \u201eHalloween\u201c zeitgleich mit dem Reformationstag, danach reitet St. Martin durch unser Dorf und schlie\u00dflich neigt sich auch unser Kirchenjahr mit \u201eAllerheiligen\u201c, Volkstrauertag oder dem Ewigkeitssonntag dem Ende zu. Am 1. Adventswochenende findet schon der \u201eMittelalterliche Weihnachtsmarkt\u201c statt und dann, steht schon bald Weihnachten vor der T\u00fcr. Der Herbst bringt uns neben seiner Farbenvielfalt auch die Zeit des Nachdenkens, der Besinnung und auch der Angst.<\/p>\n\n\n\n<p class=\"has-medium-font-size wp-block-paragraph\"><strong>Die Angst breitet sich aus in unserem Land. Angst vor Krieg, Terror, Gewalt, Verlust und auch vor der Bombe. An Halloween sollen wir also die Not zur Tugend machen und mit der Angst spielen. Geht das so einfach? Wenn ich durch unser Land ziehe, sehe ich die vielen besorgniserregenden Probleme unserer Zeit. Wie wird sich unser Land oder Dorf in den n\u00e4chsten Jahren ver\u00e4ndern. Werden unsere Kinder noch in Frieden aufwachsen? Der November verf\u00fcgt \u00fcber viele nachdenkliche und auch besinnliche Feiertage. Unsere Kirchen befassen sich in diesem Monat mit dem Abschiednehmen und der eigenen Haltung zum Lebensende. Dabei kann jedes Ende auch ein Anfang sein.<\/strong><\/p>\n\n\n\n<div class=\"wp-block-columns is-layout-flex wp-container-core-columns-is-layout-8f761849 wp-block-columns-is-layout-flex\">\n<div class=\"wp-block-column is-layout-flow wp-block-column-is-layout-flow\">\n<figure class=\"wp-block-image size-large\"><img loading=\"lazy\" decoding=\"async\" width=\"644\" height=\"517\" src=\"https:\/\/echta-derminga.de\/wp-content\/uploads\/2019\/10\/11-1-644x517.jpg\" alt=\"\" class=\"wp-image-4754\" srcset=\"https:\/\/echta-derminga.de\/wp-content\/uploads\/2019\/10\/11-1-644x517.jpg 644w, https:\/\/echta-derminga.de\/wp-content\/uploads\/2019\/10\/11-1-300x241.jpg 300w, https:\/\/echta-derminga.de\/wp-content\/uploads\/2019\/10\/11-1.jpg 671w\" sizes=\"auto, (max-width: 644px) 100vw, 644px\" \/><figcaption class=\"wp-element-caption\">Lutherrose an der Schlosskirche in Wittenberg<\/figcaption><\/figure>\n<\/div>\n\n\n\n<div class=\"wp-block-column is-layout-flow wp-block-column-is-layout-flow\">\n<figure class=\"wp-block-image size-large\"><img loading=\"lazy\" decoding=\"async\" width=\"700\" height=\"525\" src=\"https:\/\/echta-derminga.de\/wp-content\/uploads\/2022\/10\/002-700x525.jpg\" alt=\"\" class=\"wp-image-13870\" srcset=\"https:\/\/echta-derminga.de\/wp-content\/uploads\/2022\/10\/002-700x525.jpg 700w, https:\/\/echta-derminga.de\/wp-content\/uploads\/2022\/10\/002-300x225.jpg 300w, https:\/\/echta-derminga.de\/wp-content\/uploads\/2022\/10\/002-768x576.jpg 768w, https:\/\/echta-derminga.de\/wp-content\/uploads\/2022\/10\/002.jpg 1000w\" sizes=\"auto, (max-width: 700px) 100vw, 700px\" \/><figcaption class=\"wp-element-caption\">Rommelbootze zum Angstmachen<\/figcaption><\/figure>\n<\/div>\n<\/div>\n\n\n\n<p class=\"has-medium-font-size wp-block-paragraph\">Der 31. Oktober spaltet seit einigen Jahrzehnten nicht nur mein pers\u00f6nliches Weltbild. Ich habe meine Probleme mit Halloween! Nein, ich m\u00f6chte es keinem verbieten und halte mich an die Devise:\u201c Leben und leben lassen\u201c oder frei \u00fcbersetzt: Feiern und feiern lassen! Ich pers\u00f6nlich feiere anstatt Halloween viel lieber Reformationstag. Was aber hat der Reformationstag mit Halloween zu tun? Eigentlich Nichts, oder sagen wir, fast nichts. Das Einzige, was diese beiden Festtage verbindet, ist der 31. Oktober als feststehender Termin sowie die Tatsache, dass beides keine bundesweiten Feiertage sind. Der Reformationstag ist in der Evangelischen Kirche der Gedenktag zu Ehren Martin Luthers gro\u00dfer Kirchenreform vor 500 Jahren. Schon Martin Luther vertrat die Ansicht, dass \u201cAngstmachen\u201d sogenanntes Teufelswerk ist und nicht funktionieren kann. Luther erkannte schon recht fr\u00fch: \u201eGott will keine ver\u00e4ngstigten Menschen\u201d. Die Methoden der damaligen katholischen Kirche basierten auf Drohungen, Verbreitung von Angst und Vorverurteilungen. Im Mittelalter werden die Menschen mit D\u00e4monen, Hexen und dem Teufel bedroht. Scheinbar tr\u00e4gt diese Methode bis heute Wirkung!<\/p>\n\n\n\n<p class=\"has-medium-font-size wp-block-paragraph\"><strong>Heute haben die beiden Kirchen andere Probleme wie Halloween oder Reformationstag. Das Sprichwort \u201eDie Kirche im Dorf lassen\u201c wurde f\u00fcr viele Kirchengemeinde in den letzten Jahren zunehmend zum Programm. Dabei blieb auch unsere Evangelische Kirchengemeinde Dirmingen nicht ohne schmerzlichen Verlust. Das Evangelische Gemeindehaus Berschweiler wurde im vergangenen Jahr endwidmet und steht seitdem zum Verkauf. Wer aber kauft eine entwidmende Kirche? Genau wie bei den vielen Zivilgemeinden tr\u00e4gt auch bei Kirchens ein angeh\u00e4ufter Sanierungsstau zum, Umdenken bei. Nur noch wenige Kirchengemeinden k\u00f6nnen sich in diesen harten Zeiten zwei Gottesh\u00e4user leisten. Die Zeichen stehen schlecht und unsere Kirchen k\u00e4mpfen ums \u00dcberleben. \u00c4hnliche Erfahrungen machen aktuell unsere Schwestern und Br\u00fcder des katholischen pastoralen Raums. In den n\u00e4chsten Jahren sollen mehrere Kirchen geschlossen und Pfarrzentren ver\u00e4u\u00dfert werden. Auf unsere Kirchen warten schwierige Aufgaben. Es ist zum F\u00fcrchten!<\/strong><\/p>\n\n\n\n<div class=\"wp-block-columns is-layout-flex wp-container-core-columns-is-layout-8f761849 wp-block-columns-is-layout-flex\">\n<div class=\"wp-block-column is-layout-flow wp-block-column-is-layout-flow\">\n<figure class=\"wp-block-image size-large\"><img loading=\"lazy\" decoding=\"async\" width=\"700\" height=\"469\" src=\"https:\/\/echta-derminga.de\/wp-content\/uploads\/2020\/10\/bild-12-700x469.jpg\" alt=\"\" class=\"wp-image-7632\" srcset=\"https:\/\/echta-derminga.de\/wp-content\/uploads\/2020\/10\/bild-12-700x469.jpg 700w, https:\/\/echta-derminga.de\/wp-content\/uploads\/2020\/10\/bild-12-300x201.jpg 300w, https:\/\/echta-derminga.de\/wp-content\/uploads\/2020\/10\/bild-12-768x514.jpg 768w, https:\/\/echta-derminga.de\/wp-content\/uploads\/2020\/10\/bild-12-120x80.jpg 120w, https:\/\/echta-derminga.de\/wp-content\/uploads\/2020\/10\/bild-12.jpg 1500w\" sizes=\"auto, (max-width: 700px) 100vw, 700px\" \/><\/figure>\n<\/div>\n\n\n\n<div class=\"wp-block-column is-layout-flow wp-block-column-is-layout-flow\">\n<figure class=\"wp-block-image size-large\"><img loading=\"lazy\" decoding=\"async\" width=\"700\" height=\"467\" src=\"https:\/\/echta-derminga.de\/wp-content\/uploads\/2024\/10\/22136957_362507674162193_8320508998312793478_o-700x467.jpg\" alt=\"\" class=\"wp-image-17999\" srcset=\"https:\/\/echta-derminga.de\/wp-content\/uploads\/2024\/10\/22136957_362507674162193_8320508998312793478_o-700x467.jpg 700w, https:\/\/echta-derminga.de\/wp-content\/uploads\/2024\/10\/22136957_362507674162193_8320508998312793478_o-300x200.jpg 300w, https:\/\/echta-derminga.de\/wp-content\/uploads\/2024\/10\/22136957_362507674162193_8320508998312793478_o-768x513.jpg 768w, https:\/\/echta-derminga.de\/wp-content\/uploads\/2024\/10\/22136957_362507674162193_8320508998312793478_o-1536x1025.jpg 1536w, https:\/\/echta-derminga.de\/wp-content\/uploads\/2024\/10\/22136957_362507674162193_8320508998312793478_o.jpg 1837w\" sizes=\"auto, (max-width: 700px) 100vw, 700px\" \/><\/figure>\n<\/div>\n<\/div>\n\n\n\n<p class=\"has-medium-font-size wp-block-paragraph\">Dabei ist es l\u00e4ngst nicht so, als ob diese Entwicklung \u00fcberraschend kam. Nein! Wir alle haben den Ball kommen sehen und uns weggeduckt. Wir dachten, dass es schon noch eine Weile gut gehen w\u00fcrde. Jetzt werden viele Kirchengemeinden zum zum Handeln gezwungen. Die Kirche braucht dringend antworten auf die Fragen dieser Zeit. Dabei muss eine Fusion nicht unbedingt ein harter Einschnitt oder R\u00fcckschlag bedeuten. Im Fall der Fusion unserer Evangelischen Kirchengemeinde aber auch im Bezug zum neuen \u201ePastoralen Raum\u201c k\u00f6nnte es am Ende tats\u00e4chlich besser werden. Es k\u00f6nnte besser werden! Wird es am Ende auch tats\u00e4chlich besser?<\/p>\n\n\n\n<p class=\"has-medium-font-size wp-block-paragraph\"><strong>Mich pers\u00f6nlich begleitete eine gewisse Zukunftsangst. Man stelle sich vor, wir w\u00fcrden unsere beiden Denkmalgesch\u00fctzen Kirchen verlieren. Einen gr\u00f6\u00dferen Horror kann selbst Halloween nicht bieten. Fakt ist, dass unsere Kirchen ein gewisses Imageproblem haben. Die Menschen haben sich ver\u00e4ndert. F\u00fcr meinen Glauben ben\u00f6tige ich heute nicht mehr unbedingt die Kirche. Was ich f\u00fcr meinen Glauben ben\u00f6tige, bekomme ich leicht im Internet. Heute suchen die Menschen nach Alternativen. Viele Eltern legen immer weniger Wert darauf ihr Kind taufen zu lassen und so manches Ehepaar w\u00e4hlt zur eigenen Trauung lieber einen Friedensprediger. Nur bei Beerdigungen sucht so manches Sch\u00e4fchen noch den Trost seiner Kirche. Fakt ist auch, dass inzwischen mehr Kirchenmitglieder sterben, als T\u00e4uflinge hinzukommen.<\/strong><\/p>\n\n\n\n<p class=\"has-medium-font-size wp-block-paragraph\">Unser Land ist im Wandel und die Menschen sind damit besch\u00e4ftigt Ver\u00e4nderungen bei zuf\u00fchren. Die Angst etwas falsch zu machen, treibt uns dazu schmerzliche Kompromisse einzugehen, die unserer eigenen Kultur schaden. Da wird schon mal schnell aus dem heiligen St. Martin ein Lampion- oder Lichterfest gemacht. Als bekennender Protestant bin ich bestimmt kein Freund der Heiligenverehrung. Manchmal heiligt jedoch der Zweck buchst\u00e4blich die Mittel. Der gute Martin tut bestimmt keinem Menschen weh und verbreitet am Ende sogar eine wirklich gute Botschaft. Wir d\u00fcrfen nicht aus Angst die falschen Entscheidungen treffen.<\/p>\n\n\n\n<p class=\"has-medium-font-size wp-block-paragraph\"><strong>F\u00fcr die Kirchen geht es nun darum dem Negativ-Trend entgegenzusteuern. Dazu muss jede Kirchengemeinde mit der Zeit gehen und neue Wege und Ideen aufzeigen. Mehr Internet, mehr besondere Gottesdienste, Familienangebote und noch intensivere pers\u00f6nliche Seelsorge. Es ist Zeit die alten Strukturen und Vorgaben zu verlassen und neue Wege zu beschreiten. Das klingt zuerst einmal altbacken und abgedroschen. Im Fall unserer Kirchen spiegelt dies jedoch genau die Tatsachen wider. Der Trend geht weg vom \u00fcblichen Sonntagmorgen-Gottesdienst hin zu alternativen Angeboten. Dabei geht es darum beispielsweise den Advent, Weihnachten oder auch Ostern einmal anders zu erleben. Es m\u00fcssen neue M\u00f6glichkeiten geschafft werden, um Gottes Wort \u00fcber neue Wege an die Frau oder den Mann zu bringen.<\/strong><\/p>\n\n\n\n<p class=\"has-medium-font-size wp-block-paragraph\">Unsere Kirche muss sich erneut reformieren. Martin Luther hat vor \u00fcber 500 Jahren die Bibel \u00fcbersetzt, damit jeder Mensch sie lesen und verstehen kann. Mal ehrlich, wer nimmt heute noch die Bibel zur Hand oder versucht intensiv \u201eGottes Wort\u201c zu verbreiten? In einer sich wandelnden, durch Digitalisierung, Pluralisierung und Individualisierung gepr\u00e4gten Gesellschaft muss die Kirche die Finger fest auf die eigenen Wunden der Vergangenheit dr\u00fccken. Das wiederum gelingt nur, wenn man den Mut f\u00fcr Ver\u00e4nderungen aufbringt. Kirche muss offen, flexibel und zeitgem\u00e4\u00df aufgestellt sein. Das beste Mittel gegen Angst ist Mut. Martin Luther hatte diesem Mut: \u201eHier stehe ich. Ich kann nicht anders.\u201c Mit diesem ber\u00fchmten Satz verteidigte Martin Luther am 16. April 1521 in Worms seine revolution\u00e4ren theologischen Thesen. Luther wusste genau, dass ihm im schlimmsten Fall die Todesstrafe drohen w\u00fcrde. Dennoch hat er Kurs gehalten und seine Meinung lauthals vertreten. Mut ist die st\u00e4rkste Waffe gegen Angst ! <\/p>\n\n\n\n<div class=\"wp-block-columns is-layout-flex wp-container-core-columns-is-layout-8f761849 wp-block-columns-is-layout-flex\">\n<div class=\"wp-block-column is-layout-flow wp-block-column-is-layout-flow\">\n<figure class=\"wp-block-image size-large\"><img loading=\"lazy\" decoding=\"async\" width=\"700\" height=\"802\" src=\"https:\/\/echta-derminga.de\/wp-content\/uploads\/2024\/10\/000-1-700x802.jpg\" alt=\"\" class=\"wp-image-18113\" srcset=\"https:\/\/echta-derminga.de\/wp-content\/uploads\/2024\/10\/000-1-700x802.jpg 700w, https:\/\/echta-derminga.de\/wp-content\/uploads\/2024\/10\/000-1-262x300.jpg 262w, https:\/\/echta-derminga.de\/wp-content\/uploads\/2024\/10\/000-1-768x879.jpg 768w, https:\/\/echta-derminga.de\/wp-content\/uploads\/2024\/10\/000-1-1341x1536.jpg 1341w, https:\/\/echta-derminga.de\/wp-content\/uploads\/2024\/10\/000-1-1788x2048.jpg 1788w\" sizes=\"auto, (max-width: 700px) 100vw, 700px\" \/><\/figure>\n<\/div>\n\n\n\n<div class=\"wp-block-column is-layout-flow wp-block-column-is-layout-flow\">\n<figure class=\"wp-block-image size-large\"><img loading=\"lazy\" decoding=\"async\" width=\"700\" height=\"803\" src=\"https:\/\/echta-derminga.de\/wp-content\/uploads\/2024\/10\/001-700x803.jpg\" alt=\"\" class=\"wp-image-18112\" srcset=\"https:\/\/echta-derminga.de\/wp-content\/uploads\/2024\/10\/001-700x803.jpg 700w, https:\/\/echta-derminga.de\/wp-content\/uploads\/2024\/10\/001-262x300.jpg 262w, https:\/\/echta-derminga.de\/wp-content\/uploads\/2024\/10\/001-768x881.jpg 768w, https:\/\/echta-derminga.de\/wp-content\/uploads\/2024\/10\/001-1339x1536.jpg 1339w, https:\/\/echta-derminga.de\/wp-content\/uploads\/2024\/10\/001-1786x2048.jpg 1786w\" sizes=\"auto, (max-width: 700px) 100vw, 700px\" \/><\/figure>\n<\/div>\n<\/div>\n\n\n\n<p class=\"has-medium-font-size wp-block-paragraph\"><strong>Der Reformationstag am 31.Oktober eines jeden Jahres bietet uns, egal ob Christ, Katholik oder Protestant die M\u00f6glichkeit \u00fcber eine Reformierung nachzudenken. Reformieren, Ver\u00e4ndern und neue Wege gehen. Das muss nicht immer schlecht sein! F\u00fcr unseren Heimatort Dirmingen k\u00f6nnte die \u00d6kumene eine gute M\u00f6glichkeit bilden neue, bessere Wege einzuschlagen. Traut euch und reicht euch die H\u00e4nde. Der Anfang ist doch schon l\u00e4ngst gemacht! Ich denke, es ist an der Zeit zu Ver\u00e4ndern oder zu Reformieren. Dabei d\u00fcrfen wir keine Angst vor dem Neuen haben. Was Angst und Panikmache tats\u00e4chlich bewirken sehen wir aktuell nicht nur in unserem Land oder in Europa, sondern \u00fcberall auf der Welt. Menschen werden mit Angst klein gehalten und diskriminiert. Ich w\u00fcnsche meiner Kirche und auch den Schwestern und Br\u00fcdern des neuen katholischen \u201ePastoralen Raums\u201c den Mut Ver\u00e4nderungen zu bewirken und Kirche zu reformieren.<\/strong><\/p>\n\n\n\n<p class=\"has-medium-font-size wp-block-paragraph\">Am 31. Oktober wird in unserem Land neben dem protestantischen Reformationstag auch Halloween gefeiert. F\u00fcr viele Menschen, nicht nur Kinder, ist Halloween inzwischen zu einem besonderen Festtag geworden. Vielerorts werden Grusel-Partys organisiert und sogar in den Kitas und Schulen macht man sich einen Spa\u00df mit der Angst. Halloween geht auf eine uralte keltische Tradition zur\u00fcck und entstammt nicht, wie oft f\u00e4lschlicherweise behauptet, aus den vereinigten Staaten. Der Name bezieht sich auf den Abend vor Allerheiligen (All Hallows\u2018 Eve), an dem die Toten dem Volksmund zufolge zwischen diesseitiger und jenseitiger Welt wandeln. Mit den vielen irischen Einwanderern gelangte das Brauchtum in die USA und von dort wieder zur\u00fcck nach Europa.<\/p>\n\n\n\n<p class=\"has-medium-font-size wp-block-paragraph\"><strong>Steht Halloween tats\u00e4chlich in Konkurrenz zum Reformationstag? Es gab eine Zeit, in der auch die katholische Kirche so ihre Probleme mit dem \u201eImport-Feiertag\u201c Halloween hatte. Die Verbundenheit zu Allerheiligen war vielen Katholiken ein Dorn im Auge. Angeheizt wird der Hype zu Halloween durch eine \u00dcberlieferung aus dem streng katholischen irischen Volksmund. Einer Sage zufolge war der Gauner Jack O\u00b4 Latern durch eine List aus der H\u00f6lle entkommen und landete vor dem Himmelstor. Die Himmelspforte war jedoch f\u00fcr ihn verschlossen. Jack war verdammt, ewig zwischen H\u00f6lle und Himmel zu wandern. Er war unterwegs mit einer Kerze in einer ausgeh\u00f6hlten R\u00fcbe. Daher kommt der Brauch, Fratzen-K\u00fcrbisse auszuschneiden und zu beleuchten.<\/strong><\/p>\n\n\n\n<div class=\"wp-block-columns is-layout-flex wp-container-core-columns-is-layout-8f761849 wp-block-columns-is-layout-flex\">\n<div class=\"wp-block-column is-layout-flow wp-block-column-is-layout-flow\">\n<figure class=\"wp-block-image size-large\"><img loading=\"lazy\" decoding=\"async\" width=\"700\" height=\"525\" src=\"https:\/\/echta-derminga.de\/wp-content\/uploads\/2022\/10\/Familie-Anton-700x525.jpg\" alt=\"\" class=\"wp-image-13853\" srcset=\"https:\/\/echta-derminga.de\/wp-content\/uploads\/2022\/10\/Familie-Anton-700x525.jpg 700w, https:\/\/echta-derminga.de\/wp-content\/uploads\/2022\/10\/Familie-Anton-300x225.jpg 300w, https:\/\/echta-derminga.de\/wp-content\/uploads\/2022\/10\/Familie-Anton-768x576.jpg 768w, https:\/\/echta-derminga.de\/wp-content\/uploads\/2022\/10\/Familie-Anton.jpg 1024w\" sizes=\"auto, (max-width: 700px) 100vw, 700px\" \/><\/figure>\n<\/div>\n\n\n\n<div class=\"wp-block-column is-layout-flow wp-block-column-is-layout-flow\">\n<figure class=\"wp-block-image size-large\"><img loading=\"lazy\" decoding=\"async\" width=\"700\" height=\"525\" src=\"https:\/\/echta-derminga.de\/wp-content\/uploads\/2022\/10\/Perlregen-700x525.jpg\" alt=\"\" class=\"wp-image-13833\" srcset=\"https:\/\/echta-derminga.de\/wp-content\/uploads\/2022\/10\/Perlregen-700x525.jpg 700w, https:\/\/echta-derminga.de\/wp-content\/uploads\/2022\/10\/Perlregen-300x225.jpg 300w, https:\/\/echta-derminga.de\/wp-content\/uploads\/2022\/10\/Perlregen-768x576.jpg 768w, https:\/\/echta-derminga.de\/wp-content\/uploads\/2022\/10\/Perlregen.jpg 1000w\" sizes=\"auto, (max-width: 700px) 100vw, 700px\" \/><\/figure>\n<\/div>\n<\/div>\n\n\n\n<p class=\"has-medium-font-size wp-block-paragraph\">Schon als kleiner Junge hatte ich Respekt vor Monstern, Vampiren, Hexen und D\u00e4monen. Es stellt sich mir die Frage: Braucht der Mensch das Spiel mit der Angst? Wenn schon der Spa\u00df mit der Angst sein muss, warum dann nicht die eigene Tradition bevorzugen? Warum erinnern wir uns nicht viel lieber an das gute, alte \u201eRommelbooze schnitze\u201c? Neben den vielen bekannten Herbst-Dekorationen mit brennenden K\u00fcrbissen ist die ursaarl\u00e4ndische Tradition der R\u00fcbengeistern oder \u201eRommelbooze\u201c etwas in den Hintergrund geraten. Genau aus diesem Grund veranstalte ich seit ca. 4 Jahren, mit den Kindern unseres Dorfes, ein \u201eRommelbootzeschnitze\u201c. Der Brauchtum mit den \u201eRommele\u201c hat seinen Ursprung in der Zeit kurz nach dem ersten Weltkrieg. Kinder stahlen Futterr\u00fcben von den Feldern, um in der Not wenigstens eine R\u00fcbensuppe essen zu k\u00f6nnen. Aus den ausgeh\u00f6hlten R\u00fcben wurden dann Laternen gebastelt, mit denen die Kinder von Haus zu Haus zogen und um Essen bettelten. Das Ganze \u00e4hnelt zugegebenerma\u00dfen stark dem heutigen Ablauf des irisch-amerikanischen Halloween. Im Saarland fand das Brauchtum in den 1920er bis 1950er Jahren seinen H\u00f6hepunkt. Die Umstellung der Landwirtschaft auf Mais- statt R\u00fcbenanbau sorgte daf\u00fcr, dass der Brauch beinahe ausstarb. Das saarl\u00e4ndische Wort \u201eRommel\u201c steht f\u00fcr Futterr\u00fcbe und \u201eBooze\u201c f\u00fcr Verkleidung. Daraus wird wie z.B. zur Fastnacht der \u201eFaasebooze\u201c, die \u201eRommelbootze\u201c. Auch die \u201eRommelbooze\u201c wird meist vor der eigenen Haust\u00fcr oder auf einer Fensterbank platziert.<\/p>\n\n\n\n<p class=\"has-medium-font-size wp-block-paragraph\"><strong>Irgendwo zwischen \u201eRommelbootze\u201c und \u201eHalloween\u201c irrt der gute alte Luther herum! Finden wir in der Diskussion um Halloween, \u201eRommelbootze\u201c und St.Martin \u00fcberhaupt noch Platz f\u00fcr Luther und seine Reformation? Bei den evangelischen Christen ist das Reformationsfest das Wichtigste Fest im Jahr. Aber auch f\u00fcr katholische Christen und Nichtchristen bietet dieser Tag eine gewisse Grundlage sich einmal Gedanken zu machen. Ist es nicht h\u00f6chste Zeit etwas zu erneuern oder zu reformieren?<\/strong><\/p>\n\n\n\n<p class=\"has-medium-font-size wp-block-paragraph\">Reformieren \u2013 ver\u00e4ndern, verbessern, neugestalten! H\u00f6rt sich doch gut an, orra? M\u00fcssen wir Angst vor Ver\u00e4nderungen haben oder ist es nicht l\u00e4ngst an der Zeit einige grundliegenden Dinge zu ver\u00e4ndern? Angst spaltet, isoliert und irritiert! Angst ist heute unumg\u00e4nglich! Das Gesch\u00e4ft mit der Angst boomt und die gro\u00dfen dieser Welt spielen mit der Angst der Menschen. Angst ist gegenw\u00e4rtig, Angst macht Einsam. Wir kennen die Angst vor Armut, Krankheit, Tot dem nuklearen Super Gau oder dem Verlust eines lieben Menschen. Angst l\u00e4hmt und hemmt uns in unseren Entscheidungen.<\/p>\n\n\n\n<div class=\"wp-block-columns is-layout-flex wp-container-core-columns-is-layout-8f761849 wp-block-columns-is-layout-flex\">\n<div class=\"wp-block-column is-layout-flow wp-block-column-is-layout-flow\">\n<figure class=\"wp-block-image size-large\"><img loading=\"lazy\" decoding=\"async\" width=\"644\" height=\"735\" src=\"https:\/\/echta-derminga.de\/wp-content\/uploads\/2018\/10\/luther-home-644x735.jpg\" alt=\"\" class=\"wp-image-2486\" srcset=\"https:\/\/echta-derminga.de\/wp-content\/uploads\/2018\/10\/luther-home-644x735.jpg 644w, https:\/\/echta-derminga.de\/wp-content\/uploads\/2018\/10\/luther-home-263x300.jpg 263w, https:\/\/echta-derminga.de\/wp-content\/uploads\/2018\/10\/luther-home.jpg 665w\" sizes=\"auto, (max-width: 644px) 100vw, 644px\" \/><\/figure>\n<\/div>\n\n\n\n<div class=\"wp-block-column is-layout-flow wp-block-column-is-layout-flow\">\n<figure class=\"wp-block-image size-large\"><img loading=\"lazy\" decoding=\"async\" width=\"644\" height=\"619\" src=\"https:\/\/echta-derminga.de\/wp-content\/uploads\/2018\/10\/ReformationstagstattHalloweenEvangelisch-644x619.jpg\" alt=\"\" class=\"wp-image-2485\" srcset=\"https:\/\/echta-derminga.de\/wp-content\/uploads\/2018\/10\/ReformationstagstattHalloweenEvangelisch-644x619.jpg 644w, https:\/\/echta-derminga.de\/wp-content\/uploads\/2018\/10\/ReformationstagstattHalloweenEvangelisch-300x288.jpg 300w, https:\/\/echta-derminga.de\/wp-content\/uploads\/2018\/10\/ReformationstagstattHalloweenEvangelisch-768x738.jpg 768w, https:\/\/echta-derminga.de\/wp-content\/uploads\/2018\/10\/ReformationstagstattHalloweenEvangelisch.jpg 877w\" sizes=\"auto, (max-width: 644px) 100vw, 644px\" \/><\/figure>\n<\/div>\n<\/div>\n\n\n\n<p class=\"has-medium-font-size wp-block-paragraph\"><strong>Ich denke, es ist an der Zeit zu Ver\u00e4ndern oder zu Reformieren. Dabei d\u00fcrfen wir keine Angst vor dem Neuen haben. Was Angst und Panikmache tats\u00e4chlich bewirken sehen wir aktuell nicht nur in unserem Land oder in Europa, sondern \u00fcberall auf der Welt. Menschen werden mit Angst klein gehalten und diskriminiert. Auch ich habe Angst! Es plagen mich Verlust\u00e4ngste, die Angst vor Tod, Krankheit oder Schmerz. Letztens habe ich ein sch\u00f6nes, passendes Lied von Michy Reincke geh\u00f6rt.<\/strong><\/p>\n\n\n\n<p class=\"has-medium-font-size wp-block-paragraph\">Es ist ein sch\u00f6ner Text ( Liedquelle Michy Reincke: Du brauchst keine Angst zu haben)<\/p>\n\n\n\n<p class=\"has-medium-font-size wp-block-paragraph\">&#8222;<em>Da drau\u00dfen sind Abermillionen von Sonnen, die wir erst sehen, wenn es dunkel wird oder wenn alles in dir dunkel ist. Lass es laufen, lass es stehen, lass es rollen und lass was gehen, will gehen. Mein schwarzer Schmetterling, mach dich nicht schwerer als du bist. Du brauchst keine Angst zu haben, alles kommt wieder ins Lot. Das dunkle ist aus vielen Farben, wer niemals zweifelt, ein Idiot. Du brauchst keine Angst zu haben, es ist nur eine Nacht mehr fern. \u00dcber&#8217;m Kornfeld fliegen Raben, und manchmal ist das gute hart. Ein Herz im K\u00e4fig, das nicht springt, von Schatten verzaubert und gel\u00e4hmt. Von Entt\u00e4uschungen und Einsamkeit, in Albtr\u00e4umen fest verklebt. Es kommt f\u00fcr jeden eine Zeit, wo Kummer herrscht, und Freude fehlt. Auch das ist Leben lernen, es bleibt und z\u00e4hlt. Doch mit der Furcht zu leben, ist nur halb gelebt. Du brauchst keine Angst zu haben, alles kommt wieder ins Lot. Das dunkle ist aus vielen Farben, wer niemals zweifelt, ein Idiot. Du brauchst keine Angst zu haben, es ist nur eine Nacht mehr fern. \u00dcber&#8217;m Kornfeld fliegen Raben, und manchmal ist das gute hart. Du brauchst keine Angst zu haben, alles treibt an uns zu befreien. Die Nacht ist aus vielen Farben, und will deine Freundin sein.<\/em>&#8222;<\/p>\n\n\n\n<p class=\"has-medium-font-size wp-block-paragraph\"><strong>Es ist wie es ist und meistens doch nicht zu \u00e4ndern. Oder vielleicht doch? Sei\u2018 es drum: Ich w\u00fcnsche allen einen sch\u00f6nen Reformationstag oder nach Belieben ein sch\u00f6nes \u201eHalloweenfest\u201c. Ein jeder wie er will! Wenn ich Zuhause sein sollte, werde ich den Kindern auf Verlangen auch gerne freiwillig S\u00fc\u00dfigkeiten schenken. Ich werde versuchen mir den 31. Oktober so angenehm wie m\u00f6glich zu gestalten. Vielleicht trinke ich ein leckeres Lutherbier und genie\u00dfe den Reformationstag. Das schont meine Nerven und verschafft mir zudem eine ruhige Nacht.<\/strong><\/p>\n\n\n\n<p class=\"has-text-align-center has-medium-font-size wp-block-paragraph\"><strong>Psalm 31- Vers 10: \u201eHERR, sei mir gn\u00e4dig, denn mir ist angst! Mein Auge ist tr\u00fcbe geworden vor Gram, matt meine Seele und mein Leib.\u201c Ich habe was gegen deine Angst \u2013 Gott!<\/strong><\/p>\n\n\n\n<p class=\"has-text-align-center has-medium-font-size wp-block-paragraph\"><strong>Bibel: Psalm 31- Vers.10.<\/strong><\/p>\n","protected":false},"excerpt":{"rendered":"<p>Angst. Das Spiel mit der Angst, dass Gesch\u00e4ft mit der Angst. Die Angst spaltet, entfremdet, l\u00e4hmt und enthemmt. Mit Angst baut man Druck auf und erzeugt Aggression. Es ist die Angst vor allem Fremden und allem, was anders aussieht oder anders denkt. Wir alle haben Existenz\u00e4ngste, Verlust\u00e4ngste. Wir sind getrieben von der Angst den Partner, dass Kind oder den Arbeitsplatz<\/p>\n","protected":false},"author":1,"featured_media":2485,"comment_status":"closed","ping_status":"closed","sticky":false,"template":"","format":"standard","meta":{"_crdt_document":"","footnotes":""},"categories":[1,47,902,46],"tags":[5,618,1164,127,484,310],"class_list":["post-18105","post","type-post","status-publish","format-standard","has-post-thumbnail","hentry","category-allgemein","category-meine-kirche","category-meine-meinung","category-meine-politik","tag-dirmingen","tag-gemeinde-eppelborn","tag-halloweeen","tag-landkreis-neunkirchen","tag-reformationstag","tag-saarland"],"_links":{"self":[{"href":"https:\/\/echta-derminga.de\/index.php?rest_route=\/wp\/v2\/posts\/18105","targetHints":{"allow":["GET"]}}],"collection":[{"href":"https:\/\/echta-derminga.de\/index.php?rest_route=\/wp\/v2\/posts"}],"about":[{"href":"https:\/\/echta-derminga.de\/index.php?rest_route=\/wp\/v2\/types\/post"}],"author":[{"embeddable":true,"href":"https:\/\/echta-derminga.de\/index.php?rest_route=\/wp\/v2\/users\/1"}],"replies":[{"embeddable":true,"href":"https:\/\/echta-derminga.de\/index.php?rest_route=%2Fwp%2Fv2%2Fcomments&post=18105"}],"version-history":[{"count":9,"href":"https:\/\/echta-derminga.de\/index.php?rest_route=\/wp\/v2\/posts\/18105\/revisions"}],"predecessor-version":[{"id":18117,"href":"https:\/\/echta-derminga.de\/index.php?rest_route=\/wp\/v2\/posts\/18105\/revisions\/18117"}],"wp:featuredmedia":[{"embeddable":true,"href":"https:\/\/echta-derminga.de\/index.php?rest_route=\/wp\/v2\/media\/2485"}],"wp:attachment":[{"href":"https:\/\/echta-derminga.de\/index.php?rest_route=%2Fwp%2Fv2%2Fmedia&parent=18105"}],"wp:term":[{"taxonomy":"category","embeddable":true,"href":"https:\/\/echta-derminga.de\/index.php?rest_route=%2Fwp%2Fv2%2Fcategories&post=18105"},{"taxonomy":"post_tag","embeddable":true,"href":"https:\/\/echta-derminga.de\/index.php?rest_route=%2Fwp%2Fv2%2Ftags&post=18105"}],"curies":[{"name":"wp","href":"https:\/\/api.w.org\/{rel}","templated":true}]}}