{"id":18119,"date":"2024-11-03T16:11:10","date_gmt":"2024-11-03T15:11:10","guid":{"rendered":"https:\/\/echta-derminga.de\/?p=18119"},"modified":"2024-11-09T10:41:20","modified_gmt":"2024-11-09T09:41:20","slug":"09-november-ein-bemerkenswerter-tag-in-der-deutschen-geschichte-von-einer-zeitenwende-zum-guten-sind-wir-meilenweit-entfernt","status":"publish","type":"post","link":"https:\/\/echta-derminga.de\/?p=18119","title":{"rendered":"09. November &#8211; Ein bemerkenswerter Tag in der deutschen Geschichte &#8211; Von einer Zeitenwende zum Guten sind wir meilenweit entfernt !"},"content":{"rendered":"\n<blockquote class=\"wp-block-quote is-layout-flow wp-block-quote-is-layout-flow\">\n<p class=\"has-medium-font-size wp-block-paragraph\"><strong>&#8222;Fische mit zu k\u00f6dern. S\u00e4ttigt es sonst niemanden, so s\u00e4ttigt es doch meine Rache. Er hat mich beschimpft, mir \u2019ne halbe Million gehindert; meinen Verlust belacht, meinen Gewinn bespottet, mein Volk geschm\u00e4ht, meinen Handel gekreuzt, meine Freunde verleitet, meine Feinde gehetzt. Und was hat er f\u00fcr Grund! Ich bin ein Jude. Hat nicht ein Jude Augen? Hat nicht ein Jude H\u00e4nde, Gliedma\u00dfen, Werkzeuge, Sinne, Neigungen, Leidenschaften? Mit derselben Speise gen\u00e4hrt, mit denselben Waffen verletzt, denselben Krankheiten unterworfen, mit denselben Mitteln geheilt, gew\u00e4rmt und gek\u00e4ltet von eben dem Winter und Sommer als ein Christ? Wenn ihr uns stecht, bluten wir nicht? Wenn ihr uns kitzelt, lachen wir nicht? Wenn ihr uns vergiftet, sterben wir nicht? Und wenn ihr uns beleidigt, sollen wir uns nicht r\u00e4chen? Sind wir euch in allen Dingen \u00e4hnlich, so wollen wir\u2019s euch auch darin gleich tun. Wenn ein Jude einen Christen beleidigt, was ist seine Demut? Rache. Wenn ein Christ einen Juden beleidigt, was muss seine Geduld sein nach christlichem Vorbild? Nu, Rache. Die Bosheit, die ihr mich lehrt, die will ich aus\u00fcben, und es muss schlimm hergehen, oder ich will es meinen Meistern zuvortun.<\/strong>&#8222;<\/p>\n\n\n\n<p class=\"has-medium-font-size wp-block-paragraph\">(Quelle: Der Kaufmann von Venedig; 1600 ; Shylock)<\/p>\n<\/blockquote>\n\n\n\n<p class=\"has-medium-font-size wp-block-paragraph\"><strong>Mit dem Alter \u00f6ffnet man seine Sichtweite und versucht \u00f6fter mal hinter die Fasenden zu blicken. Ich pers\u00f6nlich ertappe mich zuletzt immer \u00f6fter dabei, alte Schriften zu lesen und klassische Musik zu h\u00f6ren. Wir leben in anstrengenden Zeiten, in denen zuletzt immer \u00f6fter von einer sogenannten Zeitenwende gesprochen wird. Bez\u00fcglich Fremdenhass und Antisemitismus haben wir tats\u00e4chlich eine Zeitenwende erreicht. Der Modezar Karl Lagerfeld sagte einmal: &#8220; In Krisenzeiten suchen Intelligente nach L\u00f6sungen, Idioten suchen nach Schuldigen.&#8220; Beim durchst\u00f6bern alter, historischer B\u00fccher bin ich auf den &#8222;Kaufmann von Venedig&#8220; gesto\u00dfen. Das Werk sollte man sich in der Muse mal antun. Es spiegelt auf interessante Art das jahrhundertlange angespannte Verh\u00e4ltnis von Juden und Christen wider. Leider befinden wir uns diesbez\u00fcglich noch immer auf einem sehr steinigen Weg. Der 09. November ging im Jahre 1938 als Reichspogromnacht in die deutsche Geschichte ein. Beim genauen hinschauen f\u00e4llt uns auf, dass der 09. November immer wieder eine entscheidende Rolle in der deutschen Geschichte spielt.<\/strong><\/p>\n\n\n\n<p class=\"has-medium-font-size wp-block-paragraph\">Der 9. November 1989 \u2013 Ein historischer Tag f\u00fcr Deutschland! Wohl kaum ein anderer Tag markiert in der deutschen Geschichte so h\u00e4ufig eine Zeitenwende. Die meisten von uns werden beim Blick auf den Kalender an den 09. November 1989 zur\u00fcckdenken. An diesem Tag brachte eine friedliche Demokratiebewegung die Berliner Mauer zum Einfallen. Bereits im Oktober 1989 \u00fcberschlugen sich die Ereignisse. Die Auswirkungen dieser friedlichen Volksrevolution waren bis in Saarland sp\u00fcrbar. Immer mehr Menschen fl\u00fcchteten \u00fcber Ungarn nach Deutschland und schlie\u00dflich auch bei uns an die Saar. Ohne Gewalt und mit viel Beharrlichkeit, setzte sich am Ende die sogenannte \u201cMacht der Stra\u00dfe\u201d durch. Ich erinnere mich an viele endlose Diskussionen in unserer Stammkneipe. Niemand konnte sich damals vorstellen, dass diese Bewegung zum Fall der Mauer f\u00fchren w\u00fcrde. Wir wurden gottlob eines Besseren belehrt.<\/p>\n\n\n\n<p class=\"has-medium-font-size wp-block-paragraph\"><strong>Eine geschichtstr\u00e4chtige Pressekonferenz am Abend des 9. November 1989 brachte das Fass zum \u00dcberlaufen. Die angesetzte Pressekonferenz der SED sorgte am Ende tats\u00e4chlich f\u00fcr eine Zeitenwende. Mit seinem damaligen legend\u00e4ren Statement riss der damalige SED-Funktion\u00e4r G\u00fcnter Schabowski praktisch die Mauer im Alleingang ein. Dabei war alles ganz anders geplant. Auf Schabowskis ber\u00fchmtem Zettel war keinerlei Sperrvermerk zu lesen, obwohl der ja eigentlich geplant war. Der Funktion\u00e4r \u00f6ffnete praktisch so ganz nebenbei den Weg in die Freiheit.&nbsp; Als der rot-wei\u00dfe Schlagbaum am Berliner Grenz\u00fcbergang am Donnerstag, 9. November 1989 an der \u201eBornholmer Stra\u00dfe\u201c fiel, wurde deutsche Geschichte geschrieben.<\/strong><\/p>\n\n\n<div class=\"wp-block-image\">\n<figure class=\"aligncenter size-large\"><img loading=\"lazy\" decoding=\"async\" width=\"700\" height=\"606\" src=\"https:\/\/echta-derminga.de\/wp-content\/uploads\/2022\/11\/20221105_124443-700x606.jpg\" alt=\"\" class=\"wp-image-14040\" srcset=\"https:\/\/echta-derminga.de\/wp-content\/uploads\/2022\/11\/20221105_124443-700x606.jpg 700w, https:\/\/echta-derminga.de\/wp-content\/uploads\/2022\/11\/20221105_124443-300x260.jpg 300w, https:\/\/echta-derminga.de\/wp-content\/uploads\/2022\/11\/20221105_124443-768x665.jpg 768w, https:\/\/echta-derminga.de\/wp-content\/uploads\/2022\/11\/20221105_124443-1536x1330.jpg 1536w, https:\/\/echta-derminga.de\/wp-content\/uploads\/2022\/11\/20221105_124443.jpg 1800w\" sizes=\"auto, (max-width: 700px) 100vw, 700px\" \/><\/figure>\n<\/div>\n\n\n<p class=\"has-medium-font-size wp-block-paragraph\">Wohl kaum ein anderes Datum in unserer deutschen Geschichte sch\u00fcrte im Verlaufe der letzten Jahrzehnte die Emotionen so sehr wie der 9. November. Dieses Datum symbolisierte oft die Hoffnungen der Deutschen und auf der anderen Seite auch den Weg in das \u201eDritte Reich\u201c. Ausgerechnet an dem Datum, an dem die Berliner Mauer fiel und die Deutschen zur Wiedervereinigung kamen, begann in Berlin eines der schw\u00e4rzesten Kapitel unserer Geschichte. In der Nacht zum 9. November 1938 wurden auf Gehei\u00df der nationalsozialistischen Partei in ganz Deutschland L\u00e4den und Wohnungen j\u00fcdischer B\u00fcrger gepl\u00fcndert und zerst\u00f6rt. Synagogen wurden in Brand gesetzt, Menschen verhaftet, vertrieben und sogar ermordet. Dieser 09. November 1938 ging als \u201eReichspogromnacht\u201c in die unsere Geschichte ein. Diese schicksalshafte Nacht steht f\u00fcr den Beginn des Grauens und f\u00fcr den Antisemitismus in unserem Land. Was daraufhin folgte sollte uns allen bis heute zur Mahnung dienen.<\/p>\n\n\n\n<p class=\"has-medium-font-size wp-block-paragraph\"><strong>Wer ist heutzutage noch zufrieden mit der Migrationspolitik ? Auch ich habe diesbez\u00fcglich meine Meinung: Nat\u00fcrlich sollten sich G\u00e4ste immer friedlich verhalten und versuchen sich zu integrieren. Leute mit Bombeng\u00fcrteln oder Messern in den Taschen brauchen wir nicht.  Wo fangen wir an und wo genau h\u00f6ren wir auf ? Wer hat die Antwort auf die Fragen unserer Zeit ? Wer darf in unser Land kommen und wer sollte drau\u00dfen bleiben ? Wo genau beginnt das Menschenrecht ? Berechtigte Kritik darf nicht in Fremdenhass m\u00fcnden. <\/strong><\/p>\n\n\n\n<p class=\"has-medium-font-size wp-block-paragraph\">Die Nazis streuten ihre b\u00f6se Saat bereits viel fr\u00fcher in unserem Land aus. Am 9. November 1923 scheiterte in M\u00fcnchen der sogenannte Hitlerputsch. Ziel dieses Putschversuches war die \u201enationale Revolution\u201c und die Absetzung der Bayerischen Regierung und der Reichregierung. Dabei h\u00e4tte alles gut werden k\u00f6nnen. Am 9. November 1918 rief Philipp Scheidemann die erste Deutsche Republik aus. Die Novemberrevolution 1918 f\u00fchrt das Deutsche Reich von einer Monarchie in eine parlamentarisch-demokratische Republik.<\/p>\n\n\n\n<p class=\"has-medium-font-size wp-block-paragraph\"><strong>Unsere heutige Zeit erinnert mich tats\u00e4chlich an die Weimarer Republik. Alles ist in Bewegung und wir sind auf dem besten Weg die gleichen Fehler zu wiederholen. T\u00e4glich werden wir von den negativen Schlagzeilen eingeholt: Krieg, Terror, Mord, Totschlag, Fremdenhass und eine menschliche Verrohung die seines Gleichen sucht. Politiker polarisieren, L\u00fcgen und verbreiten \u00f6ffentlich Verschw\u00f6rungstheorien. Inwieweit darf eine Prostest Wahl \u00fcber die Zukunft unseres Landes entscheiden ? Hat es nicht genauso vor \u00fcber 80 Jahren angefangen ? Auf der anderen Seite muss die Politik endlich mehr b\u00fcrgern\u00e4he lernen und pflegen. Viele Politiker lassen jegliche Empathie vermissen und baden sich in Selbstherrlichkeit. <\/strong><\/p>\n\n\n\n<p class=\"has-medium-font-size wp-block-paragraph\">Immer wieder der 9. November! Was hat es mit diesem Tag auf sich und warum bewegt er unser Land? Noch nicht genug? Einen haben wir noch: Am 9. November 1848 scheiterte die sogenannte M\u00e4rzrevolution. Der volkst\u00fcmliche Anf\u00fchrer Robert Blum wird durch seinen Tod zur Symbolfigur dieser Revolution. Nach der Niederschlagung des Aufstands wird Blum am 9. November 1848 hingerichtet. Blum wurde am 9. November um 7:30 Uhr beim J\u00e4gerhaus in der Brigittenau erschossen. Seine letzten Worte waren: \u201eIch sterbe f\u00fcr die deutsche Freiheit, f\u00fcr die ich gek\u00e4mpft. M\u00f6ge das Vaterland meiner eingedenk sein.&#8220;<\/p>\n\n\n\n<p class=\"has-medium-font-size wp-block-paragraph\"><strong>Freiheit? Zur\u00fcck zum Anfang! Irgendwie schlie\u00dft sich der Kreis. Manchmal scheint es mir, als h\u00e4tte es das alles schon einmal gegeben. Vieles was wir heute h\u00f6ren, wurde in der Geschichte schon einmal ge\u00e4u\u00dfert. Wortfetzen: \u201eWir sind das Volk\u201c, \u201edie Mauer muss weg\u201c, \u201eAusl\u00e4nder raus\u201c, \u201eFreiheit\u201c\u2026lernen wir niemals dazu?<\/strong><\/p>\n\n\n<div class=\"wp-block-image\">\n<figure class=\"aligncenter size-large\"><img loading=\"lazy\" decoding=\"async\" width=\"700\" height=\"500\" src=\"https:\/\/echta-derminga.de\/wp-content\/uploads\/2024\/02\/IMG_1349-700x500.jpg\" alt=\"\" class=\"wp-image-16646\" srcset=\"https:\/\/echta-derminga.de\/wp-content\/uploads\/2024\/02\/IMG_1349-700x500.jpg 700w, https:\/\/echta-derminga.de\/wp-content\/uploads\/2024\/02\/IMG_1349-300x214.jpg 300w, https:\/\/echta-derminga.de\/wp-content\/uploads\/2024\/02\/IMG_1349-768x548.jpg 768w, https:\/\/echta-derminga.de\/wp-content\/uploads\/2024\/02\/IMG_1349.jpg 1000w\" sizes=\"auto, (max-width: 700px) 100vw, 700px\" \/><\/figure>\n<\/div>\n\n\n<p class=\"has-medium-font-size wp-block-paragraph\"><strong>Ich habe als sogenanntes \u201eKassettenkind\u201c die Wende miterlebt. Die 80-er Jahre haben bis heute einen festen Platz in meinem Herzen. Das war meine Zeit: Zauberw\u00fcrfel, Kassettenrecorder, NENA -Poster an der Wand, ZDF -Hitparade, Sportschau, Badewanne und Wetten, dass \u2026?&nbsp; Heimlich am ersten \u201eSch\u00e4fer-Bier\u201c getrunken, Walkman auf den Ohren und die erste Liebe im Herzen. Auf der anderen Seite k\u00f6nnten uns die 80-er Jahren aber auch als mahnendes Beispiel dienen. Irgendwie alles schon mal da gewesen: die Auswirkungen des Klimawandels waren schon damals sp\u00fcrbar, W\u00e4lder wurden abgeholzt, die atomare Gefahr war allgegenw\u00e4rtig, der kalte Krieg hatte Europa in seinem kalten Griff, Ausl\u00e4nderfeindlichkeit und Friedensdemonstrationen waren an der Tagesordnung. Alles schon mal da gewesen, oder? Haben wir daraus gelernt?<\/strong><\/p>\n\n\n\n<p class=\"has-medium-font-size wp-block-paragraph\">Ich denke noch heute gerne an den Mauerfall und die darauffolgende Zeitenwende zur\u00fcck. Schon als Jugendlicher konnte ich nicht begreifen, warum man ein Land durch eine Mauer teilt. Nat\u00fcrlich wuchs im Jahre 1989 zusammen, was zusammengeh\u00f6rt. Alle anderen Thesen sind aus meiner Sicht Unsinn. Noch ist es Zeit aus der Geschichte zu lernen. Noch k\u00f6nnen wir das Ding drehen und es f\u00fcr die kommenden Generationen besser machen. Es ist an der Zeit! Der 9. November kann am Ende eine wunderbare Nachricht mit sich ziehen. Menschen stehen auf, nehmen ihr Schicksal selbst in die Hand und schaffen gemeinsam, auf der Stra\u00dfe, etwas Historisches. Ist das nicht wunderbar? Hand in Hand wurde f\u00fcr die Freiheit gek\u00e4mpft: \u201e\u2026die Mauer muss weg\u201c oder \u201e\u2026wir sind das Volk\u201c sind unvergessene S\u00e4tze die als Meilensteine der Menschlichkeit in unsere Geschichtsb\u00fccher eingingen.<\/p>\n\n\n<div class=\"wp-block-image\">\n<figure class=\"aligncenter size-large\"><img loading=\"lazy\" decoding=\"async\" width=\"700\" height=\"467\" src=\"https:\/\/echta-derminga.de\/wp-content\/uploads\/2024\/02\/BTSP00610-700x467.jpg\" alt=\"\" class=\"wp-image-16644\" srcset=\"https:\/\/echta-derminga.de\/wp-content\/uploads\/2024\/02\/BTSP00610-700x467.jpg 700w, https:\/\/echta-derminga.de\/wp-content\/uploads\/2024\/02\/BTSP00610-300x200.jpg 300w, https:\/\/echta-derminga.de\/wp-content\/uploads\/2024\/02\/BTSP00610-768x512.jpg 768w, https:\/\/echta-derminga.de\/wp-content\/uploads\/2024\/02\/BTSP00610.jpg 1000w\" sizes=\"auto, (max-width: 700px) 100vw, 700px\" \/><\/figure>\n<\/div>\n\n\n<p class=\"has-medium-font-size wp-block-paragraph\"><strong>\u201e\u2026wir sind das Volk\u201c, da war doch was? Wie man h\u00f6rt, wurde dieser Satz in den letzten paar Jahren \u00f6fters zweckentfremdet. Wir h\u00f6ren diesen Satz bei den Aufm\u00e4rschen der rechten Szene, w\u00e4hrend den diversen Corona-Demonstrationen oder auf den heutigen Montagsdemonstrationen gegen irgendwie \u201ealles\u201c. Damit wir uns nicht falsch verstehen: Demonstrationen sind gut! Menschenketten, Lichterketten, Kundgebungen, Schweigem\u00e4rsche und Mahnwachen k\u00f6nnen zum Umdenken bewegen. Ironie des Schicksals oder unserer Geschichte: Die ersten urspr\u00fcnglichen Montagsdemonstrationen im Jahre 1989 sorgten f\u00fcr eine friedliche Zeitenwende. Was wir brauchen ist genau ein solches Signal. Von einer friedlichen Zeitenwende in eine bessere Zukunft sind wir im Moment meilenweit entfernt!<\/strong><\/p>\n","protected":false},"excerpt":{"rendered":"<p>&#8222;Fische mit zu k\u00f6dern. S\u00e4ttigt es sonst niemanden, so s\u00e4ttigt es doch meine Rache. Er hat mich beschimpft, mir \u2019ne halbe Million gehindert; meinen Verlust belacht, meinen Gewinn bespottet, mein Volk geschm\u00e4ht, meinen Handel gekreuzt, meine Freunde verleitet, meine Feinde gehetzt. Und was hat er f\u00fcr Grund! Ich bin ein Jude. Hat nicht ein Jude Augen? Hat nicht ein Jude<\/p>\n","protected":false},"author":1,"featured_media":18122,"comment_status":"closed","ping_status":"closed","sticky":false,"template":"","format":"standard","meta":{"_crdt_document":"","footnotes":""},"categories":[1,9,902],"tags":[501,5,618,127,310],"class_list":["post-18119","post","type-post","status-publish","format-standard","has-post-thumbnail","hentry","category-allgemein","category-dorfgetratsche","category-meine-meinung","tag-09-november","tag-dirmingen","tag-gemeinde-eppelborn","tag-landkreis-neunkirchen","tag-saarland"],"_links":{"self":[{"href":"https:\/\/echta-derminga.de\/index.php?rest_route=\/wp\/v2\/posts\/18119","targetHints":{"allow":["GET"]}}],"collection":[{"href":"https:\/\/echta-derminga.de\/index.php?rest_route=\/wp\/v2\/posts"}],"about":[{"href":"https:\/\/echta-derminga.de\/index.php?rest_route=\/wp\/v2\/types\/post"}],"author":[{"embeddable":true,"href":"https:\/\/echta-derminga.de\/index.php?rest_route=\/wp\/v2\/users\/1"}],"replies":[{"embeddable":true,"href":"https:\/\/echta-derminga.de\/index.php?rest_route=%2Fwp%2Fv2%2Fcomments&post=18119"}],"version-history":[{"count":12,"href":"https:\/\/echta-derminga.de\/index.php?rest_route=\/wp\/v2\/posts\/18119\/revisions"}],"predecessor-version":[{"id":18142,"href":"https:\/\/echta-derminga.de\/index.php?rest_route=\/wp\/v2\/posts\/18119\/revisions\/18142"}],"wp:featuredmedia":[{"embeddable":true,"href":"https:\/\/echta-derminga.de\/index.php?rest_route=\/wp\/v2\/media\/18122"}],"wp:attachment":[{"href":"https:\/\/echta-derminga.de\/index.php?rest_route=%2Fwp%2Fv2%2Fmedia&parent=18119"}],"wp:term":[{"taxonomy":"category","embeddable":true,"href":"https:\/\/echta-derminga.de\/index.php?rest_route=%2Fwp%2Fv2%2Fcategories&post=18119"},{"taxonomy":"post_tag","embeddable":true,"href":"https:\/\/echta-derminga.de\/index.php?rest_route=%2Fwp%2Fv2%2Ftags&post=18119"}],"curies":[{"name":"wp","href":"https:\/\/api.w.org\/{rel}","templated":true}]}}