{"id":18148,"date":"2024-11-17T18:00:47","date_gmt":"2024-11-17T17:00:47","guid":{"rendered":"https:\/\/echta-derminga.de\/?p=18148"},"modified":"2024-11-17T18:01:57","modified_gmt":"2024-11-17T17:01:57","slug":"volkstrauertag-2024-nie-wieder-ist-jetzt","status":"publish","type":"post","link":"https:\/\/echta-derminga.de\/?p=18148","title":{"rendered":"Volkstrauertag 2024 \u2013 Nie wieder, ist jetzt!"},"content":{"rendered":"\n<p class=\"has-medium-font-size wp-block-paragraph\"><strong>Der Volkstrauertag wurde nach dem 1. Weltkrieg als Gedenktag an die Opfer des Krieges eingef\u00fchrt. Dieser stille Gedenktag findet jedes Jahr zwei Sonntage vor dem ersten Advent statt. Somit f\u00e4llt der Volkstrauertag zwischen die katholischen Gedenktage Allerheiligen\/Allerseelen und den protestantischen Totensonntag. Seinen Ursprung hat der Volkstrauertag im Gedenken an die get\u00f6teten Soldaten des Ersten Weltkrieges. Nach Kriegsende 1918 setzen sich unter anderem der Volksbund Deutsche Kriegsgr\u00e4berf\u00fcrsorge, Politiker und Vereine f\u00fcr das Gedenken an die gefallenen deutschen Soldaten ein. Damals ging es in erster Linie um Heldenverehrung und Anteilnahme der Angeh\u00f6rigen. Nach dem Waffenstillstand im Jahr 1945 war die Erinnerungskultur im geteilten Deutschland zun\u00e4chst unterschiedlich ausgepr\u00e4gt. Die Bundesrepublik verlieh dem Volkstrauertag im Jahre 1952 den Status eines gesetzlichen Gedenktags. An diesem Tag sollte das Opfer von Krieg, Terror und Gewalt erinnert werden.<\/strong><\/p>\n\n\n\n<p class=\"has-medium-font-size wp-block-paragraph\">Der Volkstrauertag hat in den letzten Jahren an Aktualit\u00e4t hinzugewonnen. In unserem Heimatort Dirmingen mussten w\u00e4hrend der beiden Weltkriege fast 300 Menschen ihr Leben lassen. Darunter waren Soldaten, Familienv\u00e4ter, junge M\u00e4nner und zahlreiche Opfer aus der Zivilbev\u00f6lkerung. Auch Frauen und Kinder kamen w\u00e4hrend den verheerenden Bombenangriffen auf Dirmingen zu Tode. Heute m\u00fcssen wir mehr als zuvor f\u00fcrchten, dass unsere Soldaten wieder f\u00fcr unsere demokratische Freiheit k\u00e4mpfen m\u00fcssen. Der Volkstrauertag bleibt aus meiner Sicht ein wichtiger Tag gegen das Vergessen. Mit dem Bau eines neuen Mahnmals auf dem Dirminger Friedhof, im Jahre 2016, hat der Ortsrat Dirmingen beschlossen wieder eine offizielle Kranzniederlegung durchzuf\u00fchren. Dabei wird der Ortsrat immer von den beiden Kirchengemeinden, dem evangelischen Posaunenchor Dirmingen und der Reservistenkameradschaft Illtal unterst\u00fctzt. Wir haben in Dirmingen auch am diesj\u00e4hrigen Volkstrauertag, dem 17.November 2024, einen Ehrenkranz f\u00fcr unsere Kriegsopfer niedergelegt. Ich bin freue mich sehr dar\u00fcber, dass der Ortsrat an dieser Tradition der Kranzniederlegung zum Volkstrauertag festh\u00e4lt. &nbsp;Sch\u00f6n, dass dabei immer noch zahlreiche Menschen aus der Dorfgemeinschaft an dieser Zeremonie teilnehmen.<\/p>\n\n\n\n<div class=\"wp-block-columns is-layout-flex wp-container-core-columns-is-layout-8f761849 wp-block-columns-is-layout-flex\">\n<div class=\"wp-block-column is-layout-flow wp-block-column-is-layout-flow\">\n<figure class=\"wp-block-image size-large\"><img loading=\"lazy\" decoding=\"async\" width=\"700\" height=\"1160\" src=\"https:\/\/echta-derminga.de\/wp-content\/uploads\/2023\/11\/20220531_191823-700x1160.jpg\" alt=\"\" class=\"wp-image-16042\" srcset=\"https:\/\/echta-derminga.de\/wp-content\/uploads\/2023\/11\/20220531_191823-700x1160.jpg 700w, https:\/\/echta-derminga.de\/wp-content\/uploads\/2023\/11\/20220531_191823-181x300.jpg 181w, https:\/\/echta-derminga.de\/wp-content\/uploads\/2023\/11\/20220531_191823-768x1272.jpg 768w, https:\/\/echta-derminga.de\/wp-content\/uploads\/2023\/11\/20220531_191823-927x1536.jpg 927w, https:\/\/echta-derminga.de\/wp-content\/uploads\/2023\/11\/20220531_191823-1236x2048.jpg 1236w, https:\/\/echta-derminga.de\/wp-content\/uploads\/2023\/11\/20220531_191823-scaled.jpg 1545w\" sizes=\"auto, (max-width: 700px) 100vw, 700px\" \/><\/figure>\n<\/div>\n\n\n\n<div class=\"wp-block-column is-layout-flow wp-block-column-is-layout-flow\">\n<figure class=\"wp-block-image size-large\"><img loading=\"lazy\" decoding=\"async\" width=\"700\" height=\"963\" src=\"https:\/\/echta-derminga.de\/wp-content\/uploads\/2023\/11\/Denkmol-700x963.jpeg\" alt=\"\" class=\"wp-image-16043\" srcset=\"https:\/\/echta-derminga.de\/wp-content\/uploads\/2023\/11\/Denkmol-700x963.jpeg 700w, https:\/\/echta-derminga.de\/wp-content\/uploads\/2023\/11\/Denkmol-218x300.jpeg 218w, https:\/\/echta-derminga.de\/wp-content\/uploads\/2023\/11\/Denkmol-768x1056.jpeg 768w, https:\/\/echta-derminga.de\/wp-content\/uploads\/2023\/11\/Denkmol-1117x1536.jpeg 1117w, https:\/\/echta-derminga.de\/wp-content\/uploads\/2023\/11\/Denkmol-1489x2048.jpeg 1489w, https:\/\/echta-derminga.de\/wp-content\/uploads\/2023\/11\/Denkmol.jpeg 1700w\" sizes=\"auto, (max-width: 700px) 100vw, 700px\" \/><\/figure>\n<\/div>\n<\/div>\n\n\n\n<p class=\"has-medium-font-size wp-block-paragraph\"><strong>Der Volkstrauertag hat auch f\u00fcr mich pers\u00f6nlich einen hohen Stellenwert. Mein Gro\u00dfvater und mein Ur-Gro\u00dfvater starben w\u00e4hrend des ersten beziehungsweise zweiten Weltkrieges f\u00fcr das Vaterland. F\u00fcr meinen Vater ist der Volkstrauertag bis heute ein wichtiger Gedenktag. Mein Vater hat seinen \u201ealten Herren\u201c nie pers\u00f6nlich kennengelernt. Was w\u00fcrde mein Ur-Gro\u00dfvater Artur Klein sagen, wenn er heute sehen w\u00fcrde, wie in Europa erneut Krieg gef\u00fchrt wird?<\/strong><\/p>\n\n\n\n<p class=\"has-medium-font-size wp-block-paragraph\">Als Kind musste ich immer mit zur Kranzniederlegung an das Denkmal am \u201eHundsberg\u201c. Wenn wir uns heute das altehrw\u00fcrdige Denkmal so ansehen, f\u00e4llt uns offensichtlich nicht mehr viel ein. Die komplette Anlage ist verwildert und das Denkmal, mit seinen Str\u00e4uchern, in einem erb\u00e4rmlichen Zustand. Haben wir das so gewollt?&nbsp; Konnten wir nicht vorhersehen, dass mit dem Bau eines neuen Denkmals noch weniger Wert auf das alte Mahnmal gelegt wird? Ich pers\u00f6nlich empfinde diesen Anblick des alten \u201eHundsberger\u201c Denkmals besch\u00e4mend und entw\u00fcrdigend. Nein, das war eigentlich nicht der Plan.<\/p>\n\n\n\n<div class=\"wp-block-columns is-layout-flex wp-container-core-columns-is-layout-8f761849 wp-block-columns-is-layout-flex\">\n<div class=\"wp-block-column is-layout-flow wp-block-column-is-layout-flow\">\n<figure class=\"wp-block-image size-large\"><img loading=\"lazy\" decoding=\"async\" width=\"700\" height=\"525\" src=\"https:\/\/echta-derminga.de\/wp-content\/uploads\/2023\/11\/Volkstrauer2005_K1024_PICT0005-700x525.jpg\" alt=\"\" class=\"wp-image-16032\" srcset=\"https:\/\/echta-derminga.de\/wp-content\/uploads\/2023\/11\/Volkstrauer2005_K1024_PICT0005-700x525.jpg 700w, https:\/\/echta-derminga.de\/wp-content\/uploads\/2023\/11\/Volkstrauer2005_K1024_PICT0005-300x225.jpg 300w, https:\/\/echta-derminga.de\/wp-content\/uploads\/2023\/11\/Volkstrauer2005_K1024_PICT0005-768x576.jpg 768w, https:\/\/echta-derminga.de\/wp-content\/uploads\/2023\/11\/Volkstrauer2005_K1024_PICT0005.jpg 1024w\" sizes=\"auto, (max-width: 700px) 100vw, 700px\" \/><\/figure>\n<\/div>\n\n\n\n<div class=\"wp-block-column is-layout-flow wp-block-column-is-layout-flow\">\n<figure class=\"wp-block-image size-large\"><img loading=\"lazy\" decoding=\"async\" width=\"700\" height=\"475\" src=\"https:\/\/echta-derminga.de\/wp-content\/uploads\/2024\/11\/dirmingen781-700x475.jpg\" alt=\"\" class=\"wp-image-18150\" srcset=\"https:\/\/echta-derminga.de\/wp-content\/uploads\/2024\/11\/dirmingen781-700x475.jpg 700w, https:\/\/echta-derminga.de\/wp-content\/uploads\/2024\/11\/dirmingen781-300x203.jpg 300w, https:\/\/echta-derminga.de\/wp-content\/uploads\/2024\/11\/dirmingen781-768x521.jpg 768w, https:\/\/echta-derminga.de\/wp-content\/uploads\/2024\/11\/dirmingen781-1536x1042.jpg 1536w, https:\/\/echta-derminga.de\/wp-content\/uploads\/2024\/11\/dirmingen781-2048x1389.jpg 2048w\" sizes=\"auto, (max-width: 700px) 100vw, 700px\" \/><\/figure>\n<\/div>\n<\/div>\n\n\n\n<p class=\"has-medium-font-size wp-block-paragraph\"><strong>Aber wie k\u00f6nnen wir verhindern, dass dieses historische Bauwerk, aus dem Jahre 1955, v\u00f6llig verf\u00e4llt und als Ruine im Wald dahinbr\u00f6ckelt? Guter Rat ist teuer. Die Gemeindeverwaltung hatte es schon damals nicht geschafft sich regelm\u00e4\u00dfig um die Anlage zu k\u00fcmmern. Der Versuch einen \u201ePflege-Paten\u201c zu finden, musste ebenfalls aufgegeben werden. Eigentlich haben wir mit dem Bau eines neuen Mahnmals, auf dem Dirminger Friedhof, das alte Mahnmal zum Verderben verurteilt. Ich bin nach wie vor der Meinung, dass es richtig und gut war ein neues Denkmal gegen das Vergessen auf dem Friedhof zu errichten. Dennoch macht mich der Zustand des alten Mahnmals fassungslos und auch etwas traurig.<\/strong><\/p>\n\n\n\n<p class=\"has-medium-font-size wp-block-paragraph\">Bereits am 28.August 1928 wurde das erste Denkmal an gleicher Stelle auf dem Hundsberg eingeweiht. Dieses Denkmal stand auch w\u00e4hrend des zweiten Weltkrieges und verfiel im Laufe der Jahre ebenfalls in einen erb\u00e4rmlichen Zustand. Als dieses erste Dirminger Mahnmal zu Beginn der 1950-ger Jahre bauf\u00e4llig geworden war, musste es von der Verwaltung zur\u00fcck gebaut werden. Nach gro\u00dfem ehrenamtlichem Einsatz wurde ein neues Denkmal an gleichem Ort in Auftrag gegeben und erbaut.<\/p>\n\n\n\n<div class=\"wp-block-columns is-layout-flex wp-container-core-columns-is-layout-8f761849 wp-block-columns-is-layout-flex\">\n<div class=\"wp-block-column is-layout-flow wp-block-column-is-layout-flow\">\n<figure class=\"wp-block-image size-large\"><img loading=\"lazy\" decoding=\"async\" width=\"700\" height=\"1008\" src=\"https:\/\/echta-derminga.de\/wp-content\/uploads\/2024\/11\/dirmingen790-700x1008.jpg\" alt=\"\" class=\"wp-image-18151\" srcset=\"https:\/\/echta-derminga.de\/wp-content\/uploads\/2024\/11\/dirmingen790-700x1008.jpg 700w, https:\/\/echta-derminga.de\/wp-content\/uploads\/2024\/11\/dirmingen790-208x300.jpg 208w, https:\/\/echta-derminga.de\/wp-content\/uploads\/2024\/11\/dirmingen790-768x1106.jpg 768w, https:\/\/echta-derminga.de\/wp-content\/uploads\/2024\/11\/dirmingen790-1066x1536.jpg 1066w, https:\/\/echta-derminga.de\/wp-content\/uploads\/2024\/11\/dirmingen790-1422x2048.jpg 1422w, https:\/\/echta-derminga.de\/wp-content\/uploads\/2024\/11\/dirmingen790.jpg 1531w\" sizes=\"auto, (max-width: 700px) 100vw, 700px\" \/><\/figure>\n<\/div>\n\n\n\n<div class=\"wp-block-column is-layout-flow wp-block-column-is-layout-flow\">\n<figure class=\"wp-block-image size-large\"><img loading=\"lazy\" decoding=\"async\" width=\"700\" height=\"1008\" src=\"https:\/\/echta-derminga.de\/wp-content\/uploads\/2024\/11\/dirmingen787-700x1008.jpg\" alt=\"\" class=\"wp-image-18153\" srcset=\"https:\/\/echta-derminga.de\/wp-content\/uploads\/2024\/11\/dirmingen787-700x1008.jpg 700w, https:\/\/echta-derminga.de\/wp-content\/uploads\/2024\/11\/dirmingen787-208x300.jpg 208w, https:\/\/echta-derminga.de\/wp-content\/uploads\/2024\/11\/dirmingen787-768x1106.jpg 768w, https:\/\/echta-derminga.de\/wp-content\/uploads\/2024\/11\/dirmingen787-1067x1536.jpg 1067w, https:\/\/echta-derminga.de\/wp-content\/uploads\/2024\/11\/dirmingen787-1422x2048.jpg 1422w, https:\/\/echta-derminga.de\/wp-content\/uploads\/2024\/11\/dirmingen787.jpg 1510w\" sizes=\"auto, (max-width: 700px) 100vw, 700px\" \/><\/figure>\n<\/div>\n<\/div>\n\n\n\n<p class=\"has-medium-font-size wp-block-paragraph\"><strong>Am 06.November 1955 fand die Einweihung dieses heutigen Denkmals auf dem Hundsberg statt. Im Fr\u00fchjahr des Jahres 1965 wurden angefertigte Namenstafeln an einer Mauer hinter dem Denkmal angebracht. Im Fr\u00fchjahr des Jahres 2014 wurde das Denkmal gesch\u00e4ndet und die Namenstafeln abgebrochen und gestohlen. Fast 60 Jahre diente das alte Bauwerk im Naherholungsgebiet Steinrutsch der Erinnerung an die Opfer der beiden Weltkriege. Mit der Sch\u00e4ndung des Denkmals endete praktisch diese \u00c4ra.<\/strong><\/p>\n\n\n\n<p class=\"has-medium-font-size wp-block-paragraph\">F\u00fcr die Menschen in unserem Dorf war diese Sch\u00e4ndung des Mahnmals eine herbe Entt\u00e4uschung. Nachdem der Ortsrat schnell dem Bau eines neuen Mahnmals auf dem Friedhof zustimmte, machten sich viele ehrenamtliche Helferinnen und Helfer daran das Werk in die Tat umzusetzen. Im Jahre 2016 wurde das neue Denkmal errichtet und feierlich mit einer Kranzniederlegung eingeweiht. Kurz zuvor wurden in der Einsegnungshalle neue Namenstafeln aufgeh\u00e4ngt.<\/p>\n\n\n\n<p class=\"has-medium-font-size wp-block-paragraph\"><strong>Die Menschen in Dirmingen haben sich schon immer sehr mit ihrer Erinnerungskultur besch\u00e4ftigt. Beim st\u00f6bern in alten, historischen Unterlagen habe ich Entw\u00fcrfe und Baupl\u00e4ne entdeckt. Das Denkmal auf dem Hundsberg sollte eigentlich ganz anders aussehen. Im Dorf entfachte jedoch schnell eine Diskussion, ob dieses Bauwerk nicht zu pr\u00e4chtig um heroisch wirkt. Schlie\u00dflich entschied man sich damals dazu, einen schlichtes Denkmal zu errichten. Die Idee f\u00fcr jeden gefallenen Soldaten einen Baum vor dem Denkmal zu errichten wurde damals umgesetzt. Heute wissen die wenigsten von uns, dass jeder der B\u00e4ume vor dem alten Denkmal auf dem Hundsberg f\u00fcr ein Menschenleben steht.<\/strong><\/p>\n\n\n\n<div class=\"wp-block-columns is-layout-flex wp-container-core-columns-is-layout-8f761849 wp-block-columns-is-layout-flex\">\n<div class=\"wp-block-column is-layout-flow wp-block-column-is-layout-flow\">\n<figure class=\"wp-block-image size-large\"><img loading=\"lazy\" decoding=\"async\" width=\"700\" height=\"1129\" src=\"https:\/\/echta-derminga.de\/wp-content\/uploads\/2024\/11\/dirmingen777-700x1129.jpg\" alt=\"\" class=\"wp-image-18154\" srcset=\"https:\/\/echta-derminga.de\/wp-content\/uploads\/2024\/11\/dirmingen777-700x1129.jpg 700w, https:\/\/echta-derminga.de\/wp-content\/uploads\/2024\/11\/dirmingen777-186x300.jpg 186w, https:\/\/echta-derminga.de\/wp-content\/uploads\/2024\/11\/dirmingen777-768x1239.jpg 768w, https:\/\/echta-derminga.de\/wp-content\/uploads\/2024\/11\/dirmingen777-952x1536.jpg 952w, https:\/\/echta-derminga.de\/wp-content\/uploads\/2024\/11\/dirmingen777-1270x2048.jpg 1270w, https:\/\/echta-derminga.de\/wp-content\/uploads\/2024\/11\/dirmingen777-scaled.jpg 1587w\" sizes=\"auto, (max-width: 700px) 100vw, 700px\" \/><\/figure>\n<\/div>\n\n\n\n<div class=\"wp-block-column is-layout-flow wp-block-column-is-layout-flow\">\n<figure class=\"wp-block-image size-large\"><img loading=\"lazy\" decoding=\"async\" width=\"700\" height=\"1283\" src=\"https:\/\/echta-derminga.de\/wp-content\/uploads\/2024\/11\/dirmingen779-700x1283.jpg\" alt=\"\" class=\"wp-image-18155\" srcset=\"https:\/\/echta-derminga.de\/wp-content\/uploads\/2024\/11\/dirmingen779-700x1283.jpg 700w, https:\/\/echta-derminga.de\/wp-content\/uploads\/2024\/11\/dirmingen779-164x300.jpg 164w, https:\/\/echta-derminga.de\/wp-content\/uploads\/2024\/11\/dirmingen779-768x1408.jpg 768w, https:\/\/echta-derminga.de\/wp-content\/uploads\/2024\/11\/dirmingen779-838x1536.jpg 838w, https:\/\/echta-derminga.de\/wp-content\/uploads\/2024\/11\/dirmingen779-1117x2048.jpg 1117w, https:\/\/echta-derminga.de\/wp-content\/uploads\/2024\/11\/dirmingen779-scaled.jpg 1396w\" sizes=\"auto, (max-width: 700px) 100vw, 700px\" \/><\/figure>\n<\/div>\n<\/div>\n\n\n\n<p class=\"has-medium-font-size wp-block-paragraph\"><strong>Bleibt die Frage, wie wir mit dem alten Denkmal auf dem Hundsberg umgehen? Der Ortsrat Dirmingen hat die Aufwertung des Naherholungsgebietes Steinrausch schon lange auf seiner Agenda. Letztendlich fehlt es an Geld! Bei der angespannten Haushaltslage unserer Gemeinde muss man genau hinsehen, welche Investitionen Sinn ergeben und umsetzbar sind. Dabei bleiben viele Herzensprojekte auf der Strecke. Wir stehen vor diesem Problem seit Jahren wie ein Kaninchen vor der Schlange. Es fehlt an Innovation, Geld und Einfallsreichtum. Vielleicht bringt uns der diesj\u00e4hrige Volkstrauertag neue Erkenntnisse und neue Ideen. Guter Rat ist teuer! &nbsp;<\/strong><\/p>\n\n\n\n<div class=\"wp-block-columns is-layout-flex wp-container-core-columns-is-layout-8f761849 wp-block-columns-is-layout-flex\">\n<div class=\"wp-block-column is-layout-flow wp-block-column-is-layout-flow\">\n<figure class=\"wp-block-image size-large\"><img loading=\"lazy\" decoding=\"async\" width=\"700\" height=\"755\" src=\"https:\/\/echta-derminga.de\/wp-content\/uploads\/2024\/11\/IMG-20241117-WA0008-700x755.jpg\" alt=\"\" class=\"wp-image-18160\" srcset=\"https:\/\/echta-derminga.de\/wp-content\/uploads\/2024\/11\/IMG-20241117-WA0008-700x755.jpg 700w, https:\/\/echta-derminga.de\/wp-content\/uploads\/2024\/11\/IMG-20241117-WA0008-278x300.jpg 278w, https:\/\/echta-derminga.de\/wp-content\/uploads\/2024\/11\/IMG-20241117-WA0008-768x829.jpg 768w, https:\/\/echta-derminga.de\/wp-content\/uploads\/2024\/11\/IMG-20241117-WA0008.jpg 875w\" sizes=\"auto, (max-width: 700px) 100vw, 700px\" \/><\/figure>\n<\/div>\n\n\n\n<div class=\"wp-block-column is-layout-flow wp-block-column-is-layout-flow\">\n<figure class=\"wp-block-image size-large\"><img loading=\"lazy\" decoding=\"async\" width=\"700\" height=\"639\" src=\"https:\/\/echta-derminga.de\/wp-content\/uploads\/2024\/11\/IMG-20241117-WA0001-700x639.jpg\" alt=\"\" class=\"wp-image-18161\" srcset=\"https:\/\/echta-derminga.de\/wp-content\/uploads\/2024\/11\/IMG-20241117-WA0001-700x639.jpg 700w, https:\/\/echta-derminga.de\/wp-content\/uploads\/2024\/11\/IMG-20241117-WA0001-300x274.jpg 300w, https:\/\/echta-derminga.de\/wp-content\/uploads\/2024\/11\/IMG-20241117-WA0001-768x701.jpg 768w, https:\/\/echta-derminga.de\/wp-content\/uploads\/2024\/11\/IMG-20241117-WA0001.jpg 1262w\" sizes=\"auto, (max-width: 700px) 100vw, 700px\" \/><\/figure>\n<\/div>\n<\/div>\n\n\n\n<div class=\"wp-block-columns is-layout-flex wp-container-core-columns-is-layout-8f761849 wp-block-columns-is-layout-flex\">\n<div class=\"wp-block-column is-layout-flow wp-block-column-is-layout-flow\">\n<figure class=\"wp-block-image size-large\"><img loading=\"lazy\" decoding=\"async\" width=\"700\" height=\"613\" src=\"https:\/\/echta-derminga.de\/wp-content\/uploads\/2024\/11\/IMG-20241117-WA0010-1-700x613.jpg\" alt=\"\" class=\"wp-image-18162\" srcset=\"https:\/\/echta-derminga.de\/wp-content\/uploads\/2024\/11\/IMG-20241117-WA0010-1-700x613.jpg 700w, https:\/\/echta-derminga.de\/wp-content\/uploads\/2024\/11\/IMG-20241117-WA0010-1-300x263.jpg 300w, https:\/\/echta-derminga.de\/wp-content\/uploads\/2024\/11\/IMG-20241117-WA0010-1-768x673.jpg 768w, https:\/\/echta-derminga.de\/wp-content\/uploads\/2024\/11\/IMG-20241117-WA0010-1.jpg 1078w\" sizes=\"auto, (max-width: 700px) 100vw, 700px\" \/><\/figure>\n<\/div>\n\n\n\n<div class=\"wp-block-column is-layout-flow wp-block-column-is-layout-flow\">\n<figure class=\"wp-block-image size-large\"><img loading=\"lazy\" decoding=\"async\" width=\"700\" height=\"602\" src=\"https:\/\/echta-derminga.de\/wp-content\/uploads\/2024\/11\/IMG-20241117-WA0002-700x602.jpg\" alt=\"\" class=\"wp-image-18163\" srcset=\"https:\/\/echta-derminga.de\/wp-content\/uploads\/2024\/11\/IMG-20241117-WA0002-700x602.jpg 700w, https:\/\/echta-derminga.de\/wp-content\/uploads\/2024\/11\/IMG-20241117-WA0002-300x258.jpg 300w, https:\/\/echta-derminga.de\/wp-content\/uploads\/2024\/11\/IMG-20241117-WA0002-768x660.jpg 768w, https:\/\/echta-derminga.de\/wp-content\/uploads\/2024\/11\/IMG-20241117-WA0002.jpg 1098w\" sizes=\"auto, (max-width: 700px) 100vw, 700px\" \/><\/figure>\n<\/div>\n<\/div>\n\n\n\n<p class=\"has-medium-font-size wp-block-paragraph\"><strong>Hier meine Rede zur Volkstrauertags Zeremonie 2024:<\/strong><\/p>\n\n\n\n<p class=\"has-medium-font-size wp-block-paragraph\"><em>Sehr geehrte Damen und Herren,<\/em><\/p>\n\n\n\n<p class=\"has-medium-font-size wp-block-paragraph\"><em>liebe G\u00e4ste, liebe Mitglieder des Orts- und Gemeinderates, liebe Frau Pfarrerin Heike Schmidt, lieber Herr Pastor Dechant Thieser, liebe Freunde der Reservistenkameradschaft Illtal, der Freiwilligen Feuerwehr Dirmingen und des evangelischen Posaunenchors Dirmingen,<\/em><\/p>\n\n\n\n<p class=\"has-medium-font-size wp-block-paragraph\"><em>\u201eEs gibt so viele verschiedene Welten. So viele verschiedene Sonnen Und wir haben nur eine Welt Aber wir leben in ganz verschiedenen Welten. Aber es steht im Sternenlicht geschrieben Und in jeder Handlinie von euch, Dass wir Dummk\u00f6pfe sind, wenn wir Krieg f\u00fchren Gegen unsere Br\u00fcder (die verfeindet sind)\u201c Mit dieser Liedzeile aus dem Song \u201eBrothers in Arms\u201c von Dire Straits m\u00f6chte ich Sie heute Nachmittag hier auf dem Freidhof in Dirmingen an unserem Mahnmal ganz herzlich willkommen hei\u00dfen.<\/em><\/p>\n\n\n\n<p class=\"has-medium-font-size wp-block-paragraph\"><em>Am heutigen 17. November 2024, dem Volkstrauertag, wird hier am Ehrenmal auf dem Dirminger Friedhof den im Dienst gefallenen und verstorbenen Angeh\u00f6rigen der Bundeswehr gedacht. Wir gedenken au\u00dferdem allen Opfern von Krieg, Terror und Gewalt. Unsere Zeremonie der Kranzniederlegung bietet auch Raum f\u00fcr pers\u00f6nliches Gedenken. Jeder oder Jede von uns hat in einem der beiden Weltkriege ein Familienmitglied oder einen geliebten Menschen verloren.<\/em><\/p>\n\n\n\n<p class=\"has-medium-font-size wp-block-paragraph\"><em>Der Volkstrauertag wird seit dem 1. Weltkrieg j\u00e4hrlich als sogenannter stiller Feiertag begangen. Wir erinnern und also in diesem Jahr an den 110. Jahrestag des Beginns des Ersten Weltkrieges. Es scheint so, als w\u00fcrde dieser stille Feiertag an Aktualit\u00e4t niemals verlieren. Auch heute noch \u00fcber 100 Jahre sp\u00e4ter m\u00fcssen wir f\u00fcr den Erhalt des Friedens eintreten.<\/em><\/p>\n\n\n\n<p class=\"has-medium-font-size wp-block-paragraph\"><em>Der heutige Tag des Gedenkens dient der Erinnerung an die Opfer von Krieg und Gewalt. Wir sollten uns bewusst machen, welches Leid und welche Zerst\u00f6rung Kriege mit sich bringen. In Europa herrscht Krieg! Der Volkstrauertag 2024 bietet einen wichtigen Anlass, um die Bedeutung der Erinnerung und des internationalen Friedens in den Vordergrund zu r\u00fccken. Wenn wir uns die aktuellen Entwicklungen in der Welt, in Europa und in unserem Land anschauen, gibt es gen\u00fcgend Gr\u00fcnde sich zu sensibilisieren.<\/em><\/p>\n\n\n\n<p class=\"has-medium-font-size wp-block-paragraph\"><em>Mehr als 3.300 Bundeswehrangeh\u00f6rige sind seit der Gr\u00fcndung der Bundeswehr im Jahre 1955 in Aus\u00fcbung ihres Dienstes ums Leben gekommen, 116 von ihnen starben im Auslandseinsatz oder in anerkannten Missionen. In den letzten Jahren ist der Krieg langsam und schleichend in unsere Wohnzimmer zur\u00fcckgekommen. Wir f\u00fcrchten, dass unsere Soldaten in Zukunft verst\u00e4rkt zu den Waffen gerufen werden. Die Angst vor einem neuen Weltkrieg und einem Nuklearkrieg ist allgegenw\u00e4rtig und seltsamerweise n\u00e4her als je zuvor. Der Holocaust- \u00dcberlebende Max Mannheimer sagte einmal: \u201eIhr seid nicht schuld an dem, was war, aber verantwortlich daf\u00fcr, dass es nicht mehr geschieht. \u201c Sind wir im Begriff zu versagen?<\/em><\/p>\n\n\n\n<p class=\"has-medium-font-size wp-block-paragraph\"><em>Heute Gedenken wir auch den vielen Zivilisten darunter Familien und Kinder, die beispielsweise in der Ukraine oder im Gaza-Streifen unter den Kriegswirren leiden. Das alles gab es auch hier bei uns in unserem Dorf. Nach dem ersten Weltkrieg musste unser Heimatort Dirmingen 55 Menschenopfer beklagen. Dabei handelte es sich in diesem Krieg \u00fcberwiegend um Soldaten, die an der Front starben. Der zweite Weltkrieg riss noch gr\u00f6\u00dfere Wunden in unseren Heimatort. Am Ende verloren 182 Menschen in den Kriegswirren ihr Leben. Im Fr\u00fchjahr des Jahres 1945 war f\u00fcr die Bev\u00f6lkerung unseres Heimatortes der Krieg zu Ende. Am Ende des zweiten Weltkrieges war unser Heimatort mit 25 Fliegerangriffen die meist bombardierteste Ortschaft unseres Landkreises.<\/em><\/p>\n\n\n\n<p class=\"has-medium-font-size wp-block-paragraph\"><em>Von der Widerstandsk\u00e4mpferin Sophie Scholl, die ich pers\u00f6nlich sehr sch\u00e4tze und verehre stammt das Zitat; \u00abIch kann es nicht begreifen, dass nun dauernd Menschen in Lebensgefahr gebracht werden von anderen Menschen. Ich kann es nie begreifen und ich finde es entsetzlich. Sag nicht, es ist f\u00fcr\u2019s Vaterland.\u00bb<\/em><\/p>\n\n\n\n<p class=\"has-medium-font-size wp-block-paragraph\"><em>Dieses Mahnmal soll uns immer wieder seine wahre Botschaft vor Augen f\u00fchren: Nie wieder Krieg! JETZT ist Nie wieder! Lassen Sie uns unmittelbar nach der Kranzniederlegung bei der Musik des Posaunenchors ein pers\u00f6nliches Zeichen des Friedens setzen. Reichen wir uns die H\u00e4nde und setzen ein gemeinsames Zeichen f\u00fcr Frieden, Menschlichkeit und Freiheit.<\/em><\/p>\n\n\n\n<p class=\"has-medium-font-size wp-block-paragraph\"><em>In Gedenken an die Opfer von Krieg, Terror, Fremdenhass und Gewalt insbesondere auch in unserem Heimatort Dirmingen legen wir im Namen unserer Dorfgemeinschaft und des Ortsrates Dirmingen diesen Ehrenkranz nieder.<\/em><\/p>\n\n\n<div class=\"wp-block-image\">\n<figure class=\"aligncenter size-large\"><img loading=\"lazy\" decoding=\"async\" width=\"700\" height=\"933\" src=\"https:\/\/echta-derminga.de\/wp-content\/uploads\/2024\/11\/20241117_142626-700x933.jpg\" alt=\"\" class=\"wp-image-18164\" srcset=\"https:\/\/echta-derminga.de\/wp-content\/uploads\/2024\/11\/20241117_142626-700x933.jpg 700w, https:\/\/echta-derminga.de\/wp-content\/uploads\/2024\/11\/20241117_142626-225x300.jpg 225w, https:\/\/echta-derminga.de\/wp-content\/uploads\/2024\/11\/20241117_142626-768x1024.jpg 768w, https:\/\/echta-derminga.de\/wp-content\/uploads\/2024\/11\/20241117_142626-1152x1536.jpg 1152w, https:\/\/echta-derminga.de\/wp-content\/uploads\/2024\/11\/20241117_142626-1536x2048.jpg 1536w, https:\/\/echta-derminga.de\/wp-content\/uploads\/2024\/11\/20241117_142626-scaled.jpg 1920w\" sizes=\"auto, (max-width: 700px) 100vw, 700px\" \/><\/figure>\n<\/div>","protected":false},"excerpt":{"rendered":"<p>Der Volkstrauertag wurde nach dem 1. Weltkrieg als Gedenktag an die Opfer des Krieges eingef\u00fchrt. Dieser stille Gedenktag findet jedes Jahr zwei Sonntage vor dem ersten Advent statt. Somit f\u00e4llt der Volkstrauertag zwischen die katholischen Gedenktage Allerheiligen\/Allerseelen und den protestantischen Totensonntag. Seinen Ursprung hat der Volkstrauertag im Gedenken an die get\u00f6teten Soldaten des Ersten Weltkrieges. Nach Kriegsende 1918 setzen sich<\/p>\n","protected":false},"author":1,"featured_media":18159,"comment_status":"closed","ping_status":"closed","sticky":false,"template":"","format":"standard","meta":{"_crdt_document":"","footnotes":""},"categories":[1,9,902,46,8],"tags":[5,618,127,634,795,310],"class_list":["post-18148","post","type-post","status-publish","format-standard","has-post-thumbnail","hentry","category-allgemein","category-dorfgetratsche","category-meine-meinung","category-meine-politik","category-sellemols-und-awweile","tag-dirmingen","tag-gemeinde-eppelborn","tag-landkreis-neunkirchen","tag-ortsvorsteher","tag-ortsvorsteher-dirmingen","tag-saarland"],"_links":{"self":[{"href":"https:\/\/echta-derminga.de\/index.php?rest_route=\/wp\/v2\/posts\/18148","targetHints":{"allow":["GET"]}}],"collection":[{"href":"https:\/\/echta-derminga.de\/index.php?rest_route=\/wp\/v2\/posts"}],"about":[{"href":"https:\/\/echta-derminga.de\/index.php?rest_route=\/wp\/v2\/types\/post"}],"author":[{"embeddable":true,"href":"https:\/\/echta-derminga.de\/index.php?rest_route=\/wp\/v2\/users\/1"}],"replies":[{"embeddable":true,"href":"https:\/\/echta-derminga.de\/index.php?rest_route=%2Fwp%2Fv2%2Fcomments&post=18148"}],"version-history":[{"count":4,"href":"https:\/\/echta-derminga.de\/index.php?rest_route=\/wp\/v2\/posts\/18148\/revisions"}],"predecessor-version":[{"id":18165,"href":"https:\/\/echta-derminga.de\/index.php?rest_route=\/wp\/v2\/posts\/18148\/revisions\/18165"}],"wp:featuredmedia":[{"embeddable":true,"href":"https:\/\/echta-derminga.de\/index.php?rest_route=\/wp\/v2\/media\/18159"}],"wp:attachment":[{"href":"https:\/\/echta-derminga.de\/index.php?rest_route=%2Fwp%2Fv2%2Fmedia&parent=18148"}],"wp:term":[{"taxonomy":"category","embeddable":true,"href":"https:\/\/echta-derminga.de\/index.php?rest_route=%2Fwp%2Fv2%2Fcategories&post=18148"},{"taxonomy":"post_tag","embeddable":true,"href":"https:\/\/echta-derminga.de\/index.php?rest_route=%2Fwp%2Fv2%2Ftags&post=18148"}],"curies":[{"name":"wp","href":"https:\/\/api.w.org\/{rel}","templated":true}]}}