{"id":18192,"date":"2024-12-11T18:59:45","date_gmt":"2024-12-11T17:59:45","guid":{"rendered":"https:\/\/echta-derminga.de\/?p=18192"},"modified":"2024-12-11T19:00:29","modified_gmt":"2024-12-11T18:00:29","slug":"advent-advent-wenn-alles-rennt-wie-kommen-wir-zu-weihnachten-nach-haus-weniger-stress-mehr-weihnachten","status":"publish","type":"post","link":"https:\/\/echta-derminga.de\/?p=18192","title":{"rendered":"Advent, Advent, wenn alles rennt \u2013\u2013 Wie kommen wir zu Weihnachten Nach haus\u2018? &#8211; Weniger Stress, Mehr Weihnachten"},"content":{"rendered":"\n<p class=\"has-medium-font-size wp-block-paragraph\"><strong>Advent \u2013 Zeit der Ankunft \u2013 Zeit zur inneren Ruhe und Besinnlichkeit. Ist das so ? Tats\u00e4chlich scheint es so, als w\u00e4re der allzu \u201ebesinnliche\u201c Advent die stressigste Zeit des Jahres. Mitten im Dezember sehnen sich die meisten von uns nach Ruhe und Gelassenheit. Der Advent wird zu einem wahren Stresstest und bringt so manchen an den Rand eines Burnouts. F\u00fcr viele Menschen ist der Dezember der stressigste Monat des Jahres! Eigentlich sollte der Advent besinnlich, ruhig und gem\u00fctlich sein. Dabei legen wir uns mit dem Anspruch alles, \u201eperfekt\u201c zu machen die gr\u00f6\u00dften H\u00fcrden selbst auf. Genauso wie in den letzten Jahren sitze ich inmitten des Dezembers in meinem B\u00fcro und gr\u00fcbele \u00fcber den Advent und die Weihnachtszeit nach. Von Weihnachten bin ich im Moment so weit entfernt wie die Erde vom Mond.<\/strong><\/p>\n\n\n\n<p class=\"has-medium-font-size wp-block-paragraph\">Ich lege meine CD von \u201eZimtkl\u00e4nge\u201c auf und suche mein pers\u00f6nliches Weihnachtsfeeling. Ich lausche dem lieben Sven und verinnerliche jede Textzeile des Oerding- Liedes \u201eIch komm Nachhaus\u201c.<\/p>\n\n\n\n<p class=\"has-medium-font-size wp-block-paragraph\"><em><strong>\u201eIch wei\u00df sie kommt, wie jedes Jahr. Wenn&#8217;s kalt und dunkel wird. Die Zeit, wenn man zerbrechlicher. Als sonst durchs Leben schwirrt. Doch es gibt &#8217;n Ort, wo ich den L\u00e4rm ganz schnell vergess&#8216;. Ich jede Ecke kenn&#8216;, Und genau wei\u00df, ich werd&#8216; vermisst.\u201c<\/strong><\/em> <strong>( Ich komm nachhaus &#8211; Johannes Oerding<\/strong><\/p>\n\n\n\n<p class=\"has-medium-font-size wp-block-paragraph\">Der Dezember steckt voller Erwartungen. Eigentlich soll der Dezember sch\u00f6n, besinnlich und magisch werden. Weit entfernt. Genau wie im letzten Jahr fehlt mir jeglicher Zauber. Mein Adventskalender ist voll: Jahresabschl\u00fcsse, Weihnachtsfeiern, Weihnachtsbaumaktion, Weihnachtsmarkt Sitzungen und Versammlungen rauben mir den letzten Nerv und lassen keinen Platz f\u00fcr Weihnachten.<\/p>\n\n\n\n<p class=\"has-medium-font-size wp-block-paragraph\"><em><strong>\u201eUnd wieder ist Dezember, Mitten im Advent, Die Kinder k\u00f6nnen kaum erwarten, Dass die vierte Kerze brennt, Durch die geschm\u00fcckten Stra\u00dfen, Zieht wieder dieser Duft, Tausend unerf\u00fcllte Tr\u00e4ume Liegen in der Luft, Und in all dem bunten Treiben, werden wir noch lange Zeit, lange Zeit, Auf der Suche nach Weihnachten bleiben, Und bald ist es so weit.\u201c (Liedtext: auf der Suche nach Weihnachten Rolf Zuckowski)&nbsp;<\/strong><\/em><\/p>\n\n\n\n<p class=\"has-medium-font-size wp-block-paragraph\">Mitten im Advent. Kinder \u00f6ffnen die T\u00fcren ihres Adventskalenders und wir Erwachsene \u00f6ffnen das Tor zur inneren H\u00f6lle. Kein Platz f\u00fcr Ruhe oder Besinnlichkeit. Wir alle sind damit besch\u00e4ftigt unsere Rituale zu pflegen und das perfekte Weihnachtsfest vorzubereiten. Lichterketten werden aus dem Keller geholt, Krippen und Engelsfiguren aufgestellt und Holzsterne auf den Fensterb\u00e4nken platziert. In den stressigen Adventstagen geht es mir wahrscheinlich genauso wie vielen anderen Zeitgenossen. Ich f\u00fcrchte ich werde wieder mal auf meiner pers\u00f6nlichen Suche nach Weihnachten nicht f\u00fcndig werden. Zwischen Unmengen von sch\u00f6nen Weihnachtsliedern suche ich verzweifelt nach meinem Weihnachtsgef\u00fchl.<\/p>\n\n\n<div class=\"wp-block-image\">\n<figure class=\"aligncenter size-large\"><img loading=\"lazy\" decoding=\"async\" width=\"700\" height=\"933\" src=\"https:\/\/echta-derminga.de\/wp-content\/uploads\/2024\/12\/469461000_8775193702575277_3116097141996592482_n-700x933.jpg\" alt=\"\" class=\"wp-image-18199\" srcset=\"https:\/\/echta-derminga.de\/wp-content\/uploads\/2024\/12\/469461000_8775193702575277_3116097141996592482_n-700x933.jpg 700w, https:\/\/echta-derminga.de\/wp-content\/uploads\/2024\/12\/469461000_8775193702575277_3116097141996592482_n-225x300.jpg 225w, https:\/\/echta-derminga.de\/wp-content\/uploads\/2024\/12\/469461000_8775193702575277_3116097141996592482_n-768x1024.jpg 768w, https:\/\/echta-derminga.de\/wp-content\/uploads\/2024\/12\/469461000_8775193702575277_3116097141996592482_n-1152x1536.jpg 1152w, https:\/\/echta-derminga.de\/wp-content\/uploads\/2024\/12\/469461000_8775193702575277_3116097141996592482_n.jpg 1536w\" sizes=\"auto, (max-width: 700px) 100vw, 700px\" \/><\/figure>\n<\/div>\n\n\n<p class=\"has-medium-font-size wp-block-paragraph\"><em><strong>\u201eZweifel, \u00c4ngste, Fragen Und Menschen, die nur nehmen Und manchmal hast du das Gef\u00fchl Dich selbst nicht zu verstehen Verlassen, ganz alleine Gegen den Rest der Welt da drau\u00dfen denkst du an dich als Kind zur\u00fcck Und den Gong der gro\u00dfen Pause\u201c (Ich komm Nachhaus- Johannes Oerding)<\/strong><\/em><\/p>\n\n\n\n<p class=\"has-medium-font-size wp-block-paragraph\">Der gute Sven von Zimtkl\u00e4nge gibt alles. Ich versinke f\u00fcr kurze Zeit in viele sch\u00f6nen Melodien und lausche den T\u00f6nen von Nina und Conny. Ich freue mich auf das diesj\u00e4hrige Zimtkl\u00e4nge Konzert in unserer evangelischen Kirche und hoffe inst\u00e4ndig, dass ich dann endlich angekommen bin.\u00a0Ich bef\u00fcrchte, dass wir auf der Suche nach dem sch\u00f6nsten und besten Weihnachtsfest l\u00e4ngst vergessen haben, worum es an Weihnachten wirklich geht. P\u00fcnktlich mit dem Entz\u00fcnden der ersten Kerze, beginnt die Jagd nach den besten Geschenken, dem perfekten Weihnachtsessen und dem sch\u00f6nsten Weihnachtsfest. Die Adventszeit ist von Stress und Hetze gepr\u00e4gt. Schon seltsam! Wir wissen, dass wir Jahr um Jahr die gleichen Fehler begehen und lassen uns doch auf dieses Spiel ein. Schlie\u00dflich sollen unsere Kinder ein sch\u00f6nes Weihnachtsfest haben. Das Vorlesen der Weihnachtsgeschichte, Pl\u00e4tzchen backen, Baum schm\u00fccken und basteln geh\u00f6ren fest zur Adventszeit. Irgendwie beschleicht mich jedoch das Gef\u00fchl, dass wir es nicht ernst nehmen und einfach nur blind und stur der Tradition folgen.<\/p>\n\n\n\n<p class=\"has-medium-font-size wp-block-paragraph\"><strong>Ich w\u00fcnsche mir Mehr Weihnachten und weniger Adventsstress! Die Zimtkl\u00e4nge CD l\u00e4uft gerade aus. Ich kann jedes Lied auswendig mitsingen. Wenn ihr noch ein Weihnachtsgeschenk braucht?!? Ich st\u00fctze meinen Kopf auf meine H\u00e4nde und denke \u00fcber Weihnachten nach. Viele W\u00fcnsche blieben unerf\u00fcllt und oftmals auch unausgesprochen.\u00a0 Das Wort \u201eAdvent\u201c leitet sich vom lateinischen \u201eAdventus\u201c ab und hei\u00dft \u201eAnkunft\u201c. F\u00fcr Christen ist der Advent die Zeit der Erwartung, das Warten auf die Ankunft Christi, dessen \u201eGeburtstag\u201c an Weihnachten gefeiert wird. Wo bleibt gerade zu diesen Zeiten die Liebe und die Menschlichkeit. In Europa herrscht Krieg! Wie k\u00f6nnen wir in dieser schrecklichen Zeit in Ruhe Weihnachten feiern und uns an Geschenken laben? Ist es damit getan schnell ein paar Euro zu spenden und beim Elend dieser Welt am Fernsehen ein Tr\u00e4nchen zu verdr\u00fccken?<\/strong><\/p>\n\n\n\n<p class=\"has-medium-font-size wp-block-paragraph\">Ich w\u00fcnsche mir Mehr Weihnachten und weniger Adventsstress! Der Advent ist die Zeit der Weihnachtsm\u00e4rkte, der Weihnachtsd\u00fcfte, des Pl\u00e4tzchenbackens, Liedersingens. W\u00e4hrend Christen die Ankunft und die Geburt des Retters erwarten, hoffen andere auf eine sch\u00f6ne Urlaubszeit. Wo Licht ist, ist auch Schatten. Die einen k\u00f6nnen vom Fest nicht genug bekommen und die anderen haben richtig Angst davor. Viele Menschen sind gerade zu Weihnachten allein und ohne ihre Lieben. Der Verlust eines geliebten Menschen schmerzt gerade zu Weihnachten am meisten. Der Advent ohne Licht, Glanz, Kerze, Hoffnung und Sehnsucht ist unvorstellbar. Dabei sollte der Advent gerade f\u00fcr die Christen eine vierw\u00f6chige Vorbereitungszeit auf Weihnachten sein.<\/p>\n\n\n\n<p class=\"has-medium-font-size wp-block-paragraph\"><em><strong>\u201eNiemand hat gesagt Wie oft man sich Die Fl\u00fcgel bricht Doch mir ist jetzt klar Dass das Erwachsenwerden ist So oft legt uns das Leben Schwere Steine in den Weg Doch es gibt die EineDie mit uns den Umweg geht\u201c( Lied: Ich komm Nachhaus- Johannes Oerding)<\/strong><\/em><\/p>\n\n\n<div class=\"wp-block-image\">\n<figure class=\"aligncenter size-large\"><img loading=\"lazy\" decoding=\"async\" width=\"700\" height=\"485\" src=\"https:\/\/echta-derminga.de\/wp-content\/uploads\/2022\/12\/319939204_556192876377004_7018612166017614772_n-1-1-700x485.jpg\" alt=\"\" class=\"wp-image-14264\" srcset=\"https:\/\/echta-derminga.de\/wp-content\/uploads\/2022\/12\/319939204_556192876377004_7018612166017614772_n-1-1-700x485.jpg 700w, https:\/\/echta-derminga.de\/wp-content\/uploads\/2022\/12\/319939204_556192876377004_7018612166017614772_n-1-1-300x208.jpg 300w, https:\/\/echta-derminga.de\/wp-content\/uploads\/2022\/12\/319939204_556192876377004_7018612166017614772_n-1-1-768x532.jpg 768w, https:\/\/echta-derminga.de\/wp-content\/uploads\/2022\/12\/319939204_556192876377004_7018612166017614772_n-1-1.jpg 960w\" sizes=\"auto, (max-width: 700px) 100vw, 700px\" \/><\/figure>\n<\/div>\n\n\n<p class=\"has-medium-font-size wp-block-paragraph\">An Weihnachten feiern fast zwei Milliarden Christen auf der Welt die Geburt von Jesus Christus. Dabei findet man in der Bibel kein Indiz, der auf das Datum 24. Dezember hinweist. Eigentlich ist das genaue Geburtsdatum von Jesus Christus nicht bekannt. Ist das ganze Weihnachtsfest also alles nur Lug und Trug? Es gibt viele Versuche den angesetzten Termin des Weihnachtsfestes zu begr\u00fcnden. Die sympathischste These liegt darin, dass am 25. M\u00e4rz der Jungfrau Maria die Geburt ihres Sohnes durch den Engel Gabriel verk\u00fcndet wurde. Wenn Jesus also genau neun Monate sp\u00e4ter zur Welt kam, f\u00e4llt das Datum seiner Geburt auf den 25. Dezember. Naja, sei\u2019s drum. Darum geht es am Ende auch nicht! Im Weihnachtsfest liegen so viel Hoffnung, Liebe, Zuversicht und ein gewisser Zauber. Nur, wo finde ich gerade jetzt diesen Zauber, diese Magie.<\/p>\n\n\n\n<p class=\"has-medium-font-size wp-block-paragraph\"><strong>Ich h\u00f6re das letzte Lied der Zimtkl\u00e4nge CD. Der gute Sven singt: \u201eKerzenlicht in unserem Haus alles sieht wie immer aus, leise rieselt stille Nacht, ganz real nicht virtuell\u201c Sch\u00f6nes Lied. Ich komme ins Gr\u00fcbeln. Wir bekommen wir Mehr Weihnachten in unser Leben?<\/strong><\/p>\n\n\n\n<p class=\"has-medium-font-size wp-block-paragraph\">Weihnachten ist ein wenig wie Nachhause kommen. Wir alle machen uns auf den Weg zu mehr Ruhe, Gelassenheit und der inneren Heimkehr. Ist das so? Wie viele von uns befinden sich gerade in dieser besinnlichen Zeit auf der Suche nach Weihnachten? Warum beginnen wir nicht mal damit uns zu fragen, was wir f\u00fcr andere tun k\u00f6nnen? Warum stecken wir unsere eigene Erwartung so hoch und setzen uns somit selbst unter Druck? Haben wir den eigentlichen Sinn von Weihnachten \u00fcberhaupt verstanden? Wir brauchen mehr Zeit zum Tr\u00e4umen und auch zum Verr\u00fccktspielen. Aus Tr\u00e4umen wachsen Fl\u00fcgel und der Mut zum Br\u00fccken schlagen. Angst l\u00e4hmt und h\u00e4lt uns in ihrem Bann gefangen. Ich glaube ein wenig mehr kindliche Naivit\u00e4t w\u00fcrde uns allen guttun.<\/p>\n\n\n\n<p class=\"has-medium-font-size wp-block-paragraph\">Was sollen wir also mit dieser Adventszeit anfangen. Wo finden wir den Halt, die Hoffnung und die Zuversicht und den Platz f\u00fcr Zeit und den pers\u00f6nlichen Glauben? Ist Weihnachten heute nicht mehr als ein stressiges, kommerzielles Familienfest? \u00dcberall auf der Welt regiert Hass, Wut, Terror und Krieg. Weihnachten kann bei uns im Kleinen beginnen. Bei Dir zuhause in deinen vier W\u00e4nden. Aus vielen kleinen Kerzen entsteht ein Lichtermeer. Wenn wir alle zu einem individuellen Licht werden, kann die Welt erleuchten. Klingt kitschig, ist aber wahr! Also, lasst uns eine Kerze anz\u00fcnden \u2013 es kann nicht schaden!<\/p>\n\n\n\n<p class=\"has-medium-font-size wp-block-paragraph\"><strong>Ich schaue aus dem Fenster in den grauen Dezembertag. Zu Weihnachten geh\u00f6rt doch Schnee, oder? Ich frage mich, ob es auch an diesem Weihnachtsfest wieder 15 Grad warm wird. Was f\u00fcr eine verr\u00fcckte Zeit. Die Zimtkl\u00e4nge CD ist nun endg\u00fcltig ausgelaufen und auf meinem Weihnachtssender l\u00e4uft der Zuckowski Klassiker \u201eInseln der Stille\u201c.<\/strong><\/p>\n\n\n<div class=\"wp-block-image\">\n<figure class=\"aligncenter size-large\"><img loading=\"lazy\" decoding=\"async\" width=\"700\" height=\"525\" src=\"https:\/\/echta-derminga.de\/wp-content\/uploads\/2024\/12\/469383936_4028232257414495_8485157569420430098_n-700x525.jpg\" alt=\"\" class=\"wp-image-18203\" srcset=\"https:\/\/echta-derminga.de\/wp-content\/uploads\/2024\/12\/469383936_4028232257414495_8485157569420430098_n-700x525.jpg 700w, https:\/\/echta-derminga.de\/wp-content\/uploads\/2024\/12\/469383936_4028232257414495_8485157569420430098_n-300x225.jpg 300w, https:\/\/echta-derminga.de\/wp-content\/uploads\/2024\/12\/469383936_4028232257414495_8485157569420430098_n.jpg 720w\" sizes=\"auto, (max-width: 700px) 100vw, 700px\" \/><\/figure>\n<\/div>\n\n\n<p class=\"has-medium-font-size wp-block-paragraph\">Sch\u00f6nes Lied mit so viel Wahrheit:<\/p>\n\n\n\n<p class=\"has-medium-font-size wp-block-paragraph\"><em>Weniger Geschenkpapier und goldverschn\u00fcrtes Gl\u00fcck. Weniger Berieselung mit Gl\u00f6ckchen und Musik. Weniger Termine und Verpflichtung, die uns treibt. Weniger Fassade und mal sehn, was \u00fcbrig bleibt<\/em><\/p>\n\n\n\n<p class=\"has-medium-font-size wp-block-paragraph\"><em>Mehr Weihnachten, mehr Weihnachten. Mehr Zeit f\u00fcr dich und f\u00fcr den, der dich liebt. Mehr Weihnachten, mehr Weihnachten. Zeit um zu sp\u00fcren, dass es Inseln der Stille noch gibt<\/em><\/p>\n\n\n\n<p class=\"has-medium-font-size wp-block-paragraph\">Weniger Gedr\u00e4nge und Gehetze vor dem Fest. Weniger Erwartung, die sich kaum noch stillen l\u00e4sst. Weniger Entt\u00e4uschung, wenn ein Wunsch sich nicht erf\u00fcllt. Weniger Versprechen und mal sehn, was dann noch gilt<\/p>\n\n\n\n<p class=\"has-medium-font-size wp-block-paragraph\"><em>Mehr Weihnachten, mehr Weihnachten. Mehr Zeit f\u00fcr dich und f\u00fcr den, der dich liebt. Mehr Weihnachten, mehr Weihnachten. Zeit um zu sp\u00fcren, dass es Inseln der Stille noch gibt<\/em><\/p>\n\n\n\n<p class=\"has-medium-font-size wp-block-paragraph\"><em>Wie ein Geschenk sind die Stunden der Nacht. Verlorene Tr\u00e4ume zum Leben erwacht<\/em><\/p>\n\n\n\n<p class=\"has-medium-font-size wp-block-paragraph\"><em>Mehr Weihnachten, mehr Weihnachten. Mehr Zeit f\u00fcr dich und f\u00fcr den, der dich liebt. Mehr Weihnachten, mehr Weihnachten. Zeit um zu sp\u00fcren, dass es Inseln der Stille noch gibt ( Liedtext : Inseln der Stille- Rolf Zuckowski)<\/em><\/p>\n\n\n\n<p class=\"has-medium-font-size wp-block-paragraph\"><strong>Ich w\u00fcnsche euch eine sch\u00f6ne, entspannte Adventszeit mit vielen kleinen Inseln der Stille und MEHR Weihnachten.<\/strong><\/p>\n\n\n<div class=\"wp-block-image\">\n<figure class=\"aligncenter size-large\"><img loading=\"lazy\" decoding=\"async\" width=\"700\" height=\"889\" src=\"https:\/\/echta-derminga.de\/wp-content\/uploads\/2024\/12\/468836989_8733914286703219_1951389309582085768_n-1-700x889.jpg\" alt=\"\" class=\"wp-image-18204\" srcset=\"https:\/\/echta-derminga.de\/wp-content\/uploads\/2024\/12\/468836989_8733914286703219_1951389309582085768_n-1-700x889.jpg 700w, https:\/\/echta-derminga.de\/wp-content\/uploads\/2024\/12\/468836989_8733914286703219_1951389309582085768_n-1-236x300.jpg 236w, https:\/\/echta-derminga.de\/wp-content\/uploads\/2024\/12\/468836989_8733914286703219_1951389309582085768_n-1-768x975.jpg 768w, https:\/\/echta-derminga.de\/wp-content\/uploads\/2024\/12\/468836989_8733914286703219_1951389309582085768_n-1-1210x1536.jpg 1210w, https:\/\/echta-derminga.de\/wp-content\/uploads\/2024\/12\/468836989_8733914286703219_1951389309582085768_n-1.jpg 1613w\" sizes=\"auto, (max-width: 700px) 100vw, 700px\" \/><\/figure>\n<\/div>","protected":false},"excerpt":{"rendered":"<p>Advent \u2013 Zeit der Ankunft \u2013 Zeit zur inneren Ruhe und Besinnlichkeit. Ist das so ? Tats\u00e4chlich scheint es so, als w\u00e4re der allzu \u201ebesinnliche\u201c Advent die stressigste Zeit des Jahres. Mitten im Dezember sehnen sich die meisten von uns nach Ruhe und Gelassenheit. Der Advent wird zu einem wahren Stresstest und bringt so manchen an den Rand eines Burnouts.<\/p>\n","protected":false},"author":1,"featured_media":18197,"comment_status":"closed","ping_status":"closed","sticky":false,"template":"","format":"standard","meta":{"_crdt_document":"","footnotes":""},"categories":[1,9,902],"tags":[5,618,127,310,1166,1167],"class_list":["post-18192","post","type-post","status-publish","format-standard","has-post-thumbnail","hentry","category-allgemein","category-dorfgetratsche","category-meine-meinung","tag-dirmingen","tag-gemeinde-eppelborn","tag-landkreis-neunkirchen","tag-saarland","tag-weihnachten-2024","tag-weihnachtsmarkt"],"_links":{"self":[{"href":"https:\/\/echta-derminga.de\/index.php?rest_route=\/wp\/v2\/posts\/18192","targetHints":{"allow":["GET"]}}],"collection":[{"href":"https:\/\/echta-derminga.de\/index.php?rest_route=\/wp\/v2\/posts"}],"about":[{"href":"https:\/\/echta-derminga.de\/index.php?rest_route=\/wp\/v2\/types\/post"}],"author":[{"embeddable":true,"href":"https:\/\/echta-derminga.de\/index.php?rest_route=\/wp\/v2\/users\/1"}],"replies":[{"embeddable":true,"href":"https:\/\/echta-derminga.de\/index.php?rest_route=%2Fwp%2Fv2%2Fcomments&post=18192"}],"version-history":[{"count":8,"href":"https:\/\/echta-derminga.de\/index.php?rest_route=\/wp\/v2\/posts\/18192\/revisions"}],"predecessor-version":[{"id":18205,"href":"https:\/\/echta-derminga.de\/index.php?rest_route=\/wp\/v2\/posts\/18192\/revisions\/18205"}],"wp:featuredmedia":[{"embeddable":true,"href":"https:\/\/echta-derminga.de\/index.php?rest_route=\/wp\/v2\/media\/18197"}],"wp:attachment":[{"href":"https:\/\/echta-derminga.de\/index.php?rest_route=%2Fwp%2Fv2%2Fmedia&parent=18192"}],"wp:term":[{"taxonomy":"category","embeddable":true,"href":"https:\/\/echta-derminga.de\/index.php?rest_route=%2Fwp%2Fv2%2Fcategories&post=18192"},{"taxonomy":"post_tag","embeddable":true,"href":"https:\/\/echta-derminga.de\/index.php?rest_route=%2Fwp%2Fv2%2Ftags&post=18192"}],"curies":[{"name":"wp","href":"https:\/\/api.w.org\/{rel}","templated":true}]}}