{"id":18217,"date":"2024-12-16T14:10:27","date_gmt":"2024-12-16T13:10:27","guid":{"rendered":"https:\/\/echta-derminga.de\/?p=18217"},"modified":"2024-12-16T14:21:27","modified_gmt":"2024-12-16T13:21:27","slug":"einer-fuer-alle-alle-fuer-einen-dafuer-lohnt-es-sich-ein-kulturaner-zu-sein","status":"publish","type":"post","link":"https:\/\/echta-derminga.de\/?p=18217","title":{"rendered":"\u201eEiner f\u00fcr alle, alle f\u00fcr einen\u201c \u2013 Daf\u00fcr lohnt es sich ein Kulturaner zu sein!"},"content":{"rendered":"\n<p class=\"has-medium-font-size wp-block-paragraph\"><strong>Manchmal ist es ein Kampf gegen Windm\u00fchlen! Im Laufe eines Jahres k\u00e4mpft unser Kulturverein an vielen verschiedenen Fronten um den Erhalt der eigenen Dorfkultur und die Aufwertung unserer Vereinslandschaft. Dabei ben\u00f6tigen die Kulturaner Ausdauer, Widerstandsf\u00e4higkeit und Leistungsbereitschaft. W\u00e4hrend sich viele mit der Frage besch\u00e4ftigen: Warum das Ganze? Planen und veranstalten die Kulturaner jedes Jahr unz\u00e4hlige Events.<\/strong><\/p>\n\n\n\n<blockquote class=\"wp-block-quote is-layout-flow wp-block-quote-is-layout-flow\">\n<p class=\"has-medium-font-size wp-block-paragraph\">Zweck des Vereins ist die F\u00f6rderung von Kunst und Kultur im Ortsteil Dirmingen der Gemeinde Eppelborn. Der Satzungszweck wird verwirklicht insbesondere mit der Durchf\u00fchrung kultureller Veranstaltungen (Konzerte, Vortr\u00e4ge, Ausstellungen) und die F\u00f6rderung und Erhaltung l\u00e4ndlicher Traditionen. Vereinssatzung \u00a7 1, Absatz 2<\/p>\n<\/blockquote>\n\n\n\n<p class=\"has-medium-font-size wp-block-paragraph\">Seit dem Jahre 2001 stellt sich der Kulturverein Dirmingen als Dachorganisation den vielf\u00e4ltigen Aufgaben in unserer Dorfgemeinschaft und Vereinslandschaft. Dabei geht es dem Verein in erster Linie um den Erhalt und die Pflege der Kultur und eigenen Dorfkultur. Vielerorts tragen Kulturvereine zur Stabilisierung der eigenen Dorfgemeinschaft bei. Immer wieder stellt unser Kulturverein seiner ehrenamtlichen Arbeit zum Wohle unserer Dorfgemeinschaft in den Fokus. Obwohl auch unser Kulturverein eine Gemeinn\u00fctzigkeit besitzt, steht der Idealismus weit im Vordergrund. Neben dem Gewinn von finanziellen Mittel, die allesamt der Dorfgemeinschaft zugesprochen werden, steht insbesondere die Gewinnung von neuen Mitgliedern auf der Agenda. Genau hier hat der Kulturverein die gleichen Probleme wie beispielsweise unsere Sportvereine. Die Nachwuchsf\u00f6rderung gestaltet sich gerade in einem Kulturverein \u00e4u\u00dferst schwierig. Es wird zusehends schwieriger gerade den jungen Menschen die Notwendigkeit eines Kulturvereins n\u00e4her zu bringen. Im Kontext bedeutet dies, dass der Verein altert und immer mehr Probleme bekommt wichtige Vorstandsposten neu zu besetzen.<\/p>\n\n\n\n<div class=\"wp-block-columns is-layout-flex wp-container-core-columns-is-layout-8f761849 wp-block-columns-is-layout-flex\">\n<div class=\"wp-block-column is-layout-flow wp-block-column-is-layout-flow\">\n<figure class=\"wp-block-image size-large\"><img loading=\"lazy\" decoding=\"async\" width=\"700\" height=\"482\" src=\"https:\/\/echta-derminga.de\/wp-content\/uploads\/2024\/12\/337858827_127769450133693_2930298834619564330_n-700x482.jpg\" alt=\"\" class=\"wp-image-18224\" srcset=\"https:\/\/echta-derminga.de\/wp-content\/uploads\/2024\/12\/337858827_127769450133693_2930298834619564330_n-700x482.jpg 700w, https:\/\/echta-derminga.de\/wp-content\/uploads\/2024\/12\/337858827_127769450133693_2930298834619564330_n-300x207.jpg 300w, https:\/\/echta-derminga.de\/wp-content\/uploads\/2024\/12\/337858827_127769450133693_2930298834619564330_n-768x529.jpg 768w, https:\/\/echta-derminga.de\/wp-content\/uploads\/2024\/12\/337858827_127769450133693_2930298834619564330_n.jpg 1323w\" sizes=\"auto, (max-width: 700px) 100vw, 700px\" \/><\/figure>\n<\/div>\n\n\n\n<div class=\"wp-block-column is-layout-flow wp-block-column-is-layout-flow\">\n<figure class=\"wp-block-image size-large\"><img loading=\"lazy\" decoding=\"async\" width=\"700\" height=\"525\" src=\"https:\/\/echta-derminga.de\/wp-content\/uploads\/2024\/12\/470192575_8813372795424034_8470345817227892858_n-700x525.jpg\" alt=\"\" class=\"wp-image-18219\" srcset=\"https:\/\/echta-derminga.de\/wp-content\/uploads\/2024\/12\/470192575_8813372795424034_8470345817227892858_n-700x525.jpg 700w, https:\/\/echta-derminga.de\/wp-content\/uploads\/2024\/12\/470192575_8813372795424034_8470345817227892858_n-300x225.jpg 300w, https:\/\/echta-derminga.de\/wp-content\/uploads\/2024\/12\/470192575_8813372795424034_8470345817227892858_n-768x576.jpg 768w, https:\/\/echta-derminga.de\/wp-content\/uploads\/2024\/12\/470192575_8813372795424034_8470345817227892858_n-1536x1152.jpg 1536w, https:\/\/echta-derminga.de\/wp-content\/uploads\/2024\/12\/470192575_8813372795424034_8470345817227892858_n.jpg 2048w\" sizes=\"auto, (max-width: 700px) 100vw, 700px\" \/><\/figure>\n<\/div>\n<\/div>\n\n\n\n<p class=\"has-medium-font-size wp-block-paragraph\"><strong>Zu den Aufgaben des Kulturvereins Dirmingen geh\u00f6rt die Planung und Durchf\u00fchrung gemeinsamer Veranstaltungen wie z.B. der Mittelalterliche Weihnachtsmarkt, das Park- und Strandfest, \u201eDerminga Herbschdfeschd\u201c, die Derminga Kerb sowie viele saisonale Veranstaltungen auf Finkenrech oder dem Br\u00fchlpark. Au\u00dferdem stehen die Schaffung und Pflege freundschaftlicher Beziehungen sowie die Koordination der Veranstaltungen seiner Mitglieder und die Entwicklung, Erstellung und Unterhaltung \u00f6rtlicher Einrichtungen.<\/strong><\/p>\n\n\n\n<p class=\"has-medium-font-size wp-block-paragraph\">Der Kulturverein Dirmingen steht noch auf festen und sicheren Beinen. Eine homogene und gut organisierte Vorstandsarbeit, um den Ober-Kulturaner Reimund Klein, leitet den Verein durch ruhige Fahrwasser. Dabei besch\u00e4ftigt sich der Verein stetig mit sich selbst und hinterfragt in regelm\u00e4\u00dfigen Abst\u00e4nden die eigene Vorgehensweise. Das ist gut und bringt immer wieder neue Ansichten. Stillstand ist der Tod! Ver\u00e4nderungen sind gut und f\u00f6rdern am Ende auch die vorhandene Dorfgemeinschaft. Immer besch\u00e4ftigt sich der Verein mit der Frage: Was ist gut, was sollte tunlichst ver\u00e4ndert werden und wie r\u00fcsten wir uns f\u00fcr die Zukunft.<\/p>\n\n\n\n<div class=\"wp-block-columns is-layout-flex wp-container-core-columns-is-layout-8f761849 wp-block-columns-is-layout-flex\">\n<div class=\"wp-block-column is-layout-flow wp-block-column-is-layout-flow\">\n<figure class=\"wp-block-image size-large\"><img loading=\"lazy\" decoding=\"async\" width=\"700\" height=\"537\" src=\"https:\/\/echta-derminga.de\/wp-content\/uploads\/2024\/10\/464706670_8541750932586223_678631062789912030_n-700x537.jpg\" alt=\"\" class=\"wp-image-18074\" srcset=\"https:\/\/echta-derminga.de\/wp-content\/uploads\/2024\/10\/464706670_8541750932586223_678631062789912030_n-700x537.jpg 700w, https:\/\/echta-derminga.de\/wp-content\/uploads\/2024\/10\/464706670_8541750932586223_678631062789912030_n-300x230.jpg 300w, https:\/\/echta-derminga.de\/wp-content\/uploads\/2024\/10\/464706670_8541750932586223_678631062789912030_n-768x589.jpg 768w, https:\/\/echta-derminga.de\/wp-content\/uploads\/2024\/10\/464706670_8541750932586223_678631062789912030_n-1536x1178.jpg 1536w, https:\/\/echta-derminga.de\/wp-content\/uploads\/2024\/10\/464706670_8541750932586223_678631062789912030_n.jpg 2048w\" sizes=\"auto, (max-width: 700px) 100vw, 700px\" \/><\/figure>\n<\/div>\n\n\n\n<div class=\"wp-block-column is-layout-flow wp-block-column-is-layout-flow\">\n<figure class=\"wp-block-image size-large\"><img loading=\"lazy\" decoding=\"async\" width=\"700\" height=\"500\" src=\"https:\/\/echta-derminga.de\/wp-content\/uploads\/2024\/12\/407839130_6873915202703146_2453813559780607585_n-700x500.jpg\" alt=\"\" class=\"wp-image-18220\" srcset=\"https:\/\/echta-derminga.de\/wp-content\/uploads\/2024\/12\/407839130_6873915202703146_2453813559780607585_n-700x500.jpg 700w, https:\/\/echta-derminga.de\/wp-content\/uploads\/2024\/12\/407839130_6873915202703146_2453813559780607585_n-300x214.jpg 300w, https:\/\/echta-derminga.de\/wp-content\/uploads\/2024\/12\/407839130_6873915202703146_2453813559780607585_n-768x549.jpg 768w, https:\/\/echta-derminga.de\/wp-content\/uploads\/2024\/12\/407839130_6873915202703146_2453813559780607585_n-1536x1097.jpg 1536w, https:\/\/echta-derminga.de\/wp-content\/uploads\/2024\/12\/407839130_6873915202703146_2453813559780607585_n.jpg 2048w\" sizes=\"auto, (max-width: 700px) 100vw, 700px\" \/><\/figure>\n<\/div>\n<\/div>\n\n\n\n<p class=\"has-medium-font-size wp-block-paragraph\"><strong>Der Kulturverein Dirmingen bildet das R\u00fcckgrat unserer Dorfgemeinschaft. Ohne das ehrenamtliche Engagement der Kulturaner w\u00e4re unser Dorf um einiges \u00e4rmer. Die Arbeitspalette des Vereins ist vielschichtig und aus Sicht so manchen Mitgliedes auch viel zu arbeits- und zeitintensiv. Quantit\u00e4t und Qualit\u00e4t unter einen Hut zu bringen, ist immer eine gro\u00dfe Herausforderung. Wie schaffen wir den Spagat zwischen Mitglieds- und Kameradschaftspflege auf der einen und der st\u00e4ndigen Aufwertung unserer Dorfgemeinschaft auf der anderen Seite?<\/strong><\/p>\n\n\n\n<p class=\"has-medium-font-size wp-block-paragraph\">Die Mitglieder des Kulturvereins m\u00fcssen im Laufe eines Jahres viel entbehren und zudem viel Idealismus mit sich bringen. Das bedeutet Verzicht auf Familie, Freunde und Freizeit. Dabei kommt es schon mal vor, dass ein Mitglied verheizt wird und an seine Grenzen gelangt. Die Vorstandsmitglieder unseres Vereins ben\u00f6tigen bei ihrer Arbeit viel Empathie. Wichtig ist, dass sich jedes Mitglied mitgenommen f\u00fchlt und ernstgenommen wird. Dabei ist es wichtig, dass auch unsere Dorfgemeinschaft die Notwendigkeit erkennt, den Kulturverein zu unterst\u00fctzen. Das kann auf vielschichtige Art und Weise passieren. Wenn man schon kein Ehrenamt oder Mitgliedschaft anstrebt, sollte man sich zumindest auf den Veranstaltungen des Vereins blicken lassen. Das schafft ein gewisses Zugeh\u00f6rigkeitsgef\u00fchl uns st\u00e4rkt die Dorfgemeinschaft.<\/p>\n\n\n\n<div class=\"wp-block-columns is-layout-flex wp-container-core-columns-is-layout-8f761849 wp-block-columns-is-layout-flex\">\n<div class=\"wp-block-column is-layout-flow wp-block-column-is-layout-flow\">\n<figure class=\"wp-block-image size-large\"><img loading=\"lazy\" decoding=\"async\" width=\"700\" height=\"534\" src=\"https:\/\/echta-derminga.de\/wp-content\/uploads\/2024\/12\/3333-700x534.jpg\" alt=\"\" class=\"wp-image-18221\" srcset=\"https:\/\/echta-derminga.de\/wp-content\/uploads\/2024\/12\/3333-700x534.jpg 700w, https:\/\/echta-derminga.de\/wp-content\/uploads\/2024\/12\/3333-300x229.jpg 300w, https:\/\/echta-derminga.de\/wp-content\/uploads\/2024\/12\/3333-768x586.jpg 768w, https:\/\/echta-derminga.de\/wp-content\/uploads\/2024\/12\/3333-1536x1172.jpg 1536w, https:\/\/echta-derminga.de\/wp-content\/uploads\/2024\/12\/3333.jpg 2048w\" sizes=\"auto, (max-width: 700px) 100vw, 700px\" \/><\/figure>\n<\/div>\n\n\n\n<div class=\"wp-block-column is-layout-flow wp-block-column-is-layout-flow\">\n<figure class=\"wp-block-image size-large\"><img loading=\"lazy\" decoding=\"async\" width=\"700\" height=\"525\" src=\"https:\/\/echta-derminga.de\/wp-content\/uploads\/2024\/12\/20240921_102425-700x525.jpg\" alt=\"\" class=\"wp-image-18222\" srcset=\"https:\/\/echta-derminga.de\/wp-content\/uploads\/2024\/12\/20240921_102425-700x525.jpg 700w, https:\/\/echta-derminga.de\/wp-content\/uploads\/2024\/12\/20240921_102425-300x225.jpg 300w, https:\/\/echta-derminga.de\/wp-content\/uploads\/2024\/12\/20240921_102425-768x576.jpg 768w, https:\/\/echta-derminga.de\/wp-content\/uploads\/2024\/12\/20240921_102425-1536x1152.jpg 1536w, https:\/\/echta-derminga.de\/wp-content\/uploads\/2024\/12\/20240921_102425-2048x1536.jpg 2048w\" sizes=\"auto, (max-width: 700px) 100vw, 700px\" \/><\/figure>\n<\/div>\n<\/div>\n\n\n\n<p class=\"has-medium-font-size wp-block-paragraph\"><strong>In den letzten Monaten hat der Kulturverein Dirmingen wiedermals viel geleistet. Seit dem Herbst ist der Verein ununterbrochen im Einsatz. Nach dem Wanderwegefest folgt der \u201eHerbst auf Finkenrech\u201c, dann die \u201eKerb\u201c und schlie\u00dflich die Planungen f\u00fcr den \u201eMittelalterlichen Weihnachtsmarkt\u201c und die Weihnachtsbaumaktion. F\u00fcr die Mitglieder des Vereins ist kaum Zeit Luft zu holen und durchzuatmen. Nach dem Jahreswechsel beginnt sich der Verein in die n\u00e4chste Planungsphase um die Veranstaltungen im Fr\u00fchjahr in Angriff zu nehmen.<\/strong><\/p>\n\n\n\n<p class=\"has-medium-font-size wp-block-paragraph\">Wo w\u00e4re unser Dorf ohne den Kulturverein Dirmingen? Mit dieser kritischen Frage m\u00fcssen wir uns als Dorfgemeinschaft immer wieder aufs Neue besch\u00e4ftigen. Nur wenn wir uns immer wieder aufs Neue Erfinden und gegenseitig unterst\u00fctzen wird sprichw\u00f6rtlich ein Schuh daraus!<\/p>\n\n\n\n<p class=\"has-medium-font-size wp-block-paragraph\">Warum also der ganze Aufwand?<\/p>\n\n\n\n<p class=\"has-medium-font-size wp-block-paragraph\"><strong>Da gibt es Menschen, denen nicht egal ist, was aus unserer Dorfgemeinschaft wird. Da gibt es Menschen die bereit sind mehr zu geben und sich einbringen m\u00f6chten. Heimat kann so viel mehr sein als nur der Ort, in dem man gerne lebt. Am Ende geht es darum den Menschen in diesem Dorf etwas zu geben. Wenn daraus Gemeinschaft entsteht, wird das Heimatgef\u00fchl gest\u00e4rkt. Alleine daf\u00fcr lohnt es sich zu k\u00e4mpfen!<\/strong><\/p>\n\n\n<div class=\"wp-block-image\">\n<figure class=\"aligncenter size-large\"><img loading=\"lazy\" decoding=\"async\" width=\"700\" height=\"363\" src=\"https:\/\/echta-derminga.de\/wp-content\/uploads\/2024\/07\/KV-Bild-3-700x363.jpeg\" alt=\"\" class=\"wp-image-17608\" srcset=\"https:\/\/echta-derminga.de\/wp-content\/uploads\/2024\/07\/KV-Bild-3-700x363.jpeg 700w, https:\/\/echta-derminga.de\/wp-content\/uploads\/2024\/07\/KV-Bild-3-300x155.jpeg 300w, https:\/\/echta-derminga.de\/wp-content\/uploads\/2024\/07\/KV-Bild-3-768x398.jpeg 768w, https:\/\/echta-derminga.de\/wp-content\/uploads\/2024\/07\/KV-Bild-3-1536x796.jpeg 1536w, https:\/\/echta-derminga.de\/wp-content\/uploads\/2024\/07\/KV-Bild-3.jpeg 2048w\" sizes=\"auto, (max-width: 700px) 100vw, 700px\" \/><\/figure>\n<\/div>","protected":false},"excerpt":{"rendered":"<p>Manchmal ist es ein Kampf gegen Windm\u00fchlen! Im Laufe eines Jahres k\u00e4mpft unser Kulturverein an vielen verschiedenen Fronten um den Erhalt der eigenen Dorfkultur und die Aufwertung unserer Vereinslandschaft. Dabei ben\u00f6tigen die Kulturaner Ausdauer, Widerstandsf\u00e4higkeit und Leistungsbereitschaft. W\u00e4hrend sich viele mit der Frage besch\u00e4ftigen: Warum das Ganze? Planen und veranstalten die Kulturaner jedes Jahr unz\u00e4hlige Events. Zweck des Vereins ist<\/p>\n","protected":false},"author":1,"featured_media":16313,"comment_status":"open","ping_status":"closed","sticky":false,"template":"","format":"standard","meta":{"_crdt_document":"","footnotes":""},"categories":[1,973,100,902],"tags":[5,618,349,127,310,531],"class_list":["post-18217","post","type-post","status-publish","format-standard","has-post-thumbnail","hentry","category-allgemein","category-dirmingen-ein-tag-im-jahr","category-meine-kulturaner","category-meine-meinung","tag-dirmingen","tag-gemeinde-eppelborn","tag-kulturverein-dirmingen","tag-landkreis-neunkirchen","tag-saarland","tag-weihnachtsbaumaktion"],"_links":{"self":[{"href":"https:\/\/echta-derminga.de\/index.php?rest_route=\/wp\/v2\/posts\/18217","targetHints":{"allow":["GET"]}}],"collection":[{"href":"https:\/\/echta-derminga.de\/index.php?rest_route=\/wp\/v2\/posts"}],"about":[{"href":"https:\/\/echta-derminga.de\/index.php?rest_route=\/wp\/v2\/types\/post"}],"author":[{"embeddable":true,"href":"https:\/\/echta-derminga.de\/index.php?rest_route=\/wp\/v2\/users\/1"}],"replies":[{"embeddable":true,"href":"https:\/\/echta-derminga.de\/index.php?rest_route=%2Fwp%2Fv2%2Fcomments&post=18217"}],"version-history":[{"count":3,"href":"https:\/\/echta-derminga.de\/index.php?rest_route=\/wp\/v2\/posts\/18217\/revisions"}],"predecessor-version":[{"id":18226,"href":"https:\/\/echta-derminga.de\/index.php?rest_route=\/wp\/v2\/posts\/18217\/revisions\/18226"}],"wp:featuredmedia":[{"embeddable":true,"href":"https:\/\/echta-derminga.de\/index.php?rest_route=\/wp\/v2\/media\/16313"}],"wp:attachment":[{"href":"https:\/\/echta-derminga.de\/index.php?rest_route=%2Fwp%2Fv2%2Fmedia&parent=18217"}],"wp:term":[{"taxonomy":"category","embeddable":true,"href":"https:\/\/echta-derminga.de\/index.php?rest_route=%2Fwp%2Fv2%2Fcategories&post=18217"},{"taxonomy":"post_tag","embeddable":true,"href":"https:\/\/echta-derminga.de\/index.php?rest_route=%2Fwp%2Fv2%2Ftags&post=18217"}],"curies":[{"name":"wp","href":"https:\/\/api.w.org\/{rel}","templated":true}]}}