{"id":18227,"date":"2024-12-16T14:21:13","date_gmt":"2024-12-16T13:21:13","guid":{"rendered":"https:\/\/echta-derminga.de\/?p=18227"},"modified":"2024-12-16T14:22:30","modified_gmt":"2024-12-16T13:22:30","slug":"der-klaese-keller-unsere-wohlfuehloase-im-advent","status":"publish","type":"post","link":"https:\/\/echta-derminga.de\/?p=18227","title":{"rendered":"Der &#8222;Kl\u00e4se Keller&#8220; unsere &#8222;Wohlf\u00fchloase&#8220; im Advent und Wiege unserer Dorfkultur"},"content":{"rendered":"\n<p class=\"has-medium-font-size wp-block-paragraph\"><strong>Der historische \u201eKl\u00e4se Keller\u201c des in den fr\u00fchen 1960-ger Jahren abgerissenen \u201eKl\u00e4se Hauses\u201c dient bis heute als Kultst\u00e4tte und Wiege unserer Dorfkultur. In Quellen unserer Dorfchronik wird davon berichtet, dass das alte \u201cKl\u00e4se-Haus\u201c zum Zeitpunkt des Abrisses \u00fcber 400 Jahre lang in unserer Ortsmitte stand. Obwohl heute nur noch der alte Gew\u00f6lbekeller existiert, ist die Geschichte des ehemaligen \u201cKl\u00e4se-Hauses\u201c eng mit der Geschichte unseres Heimatortes verbunden. Einst diente der Keller den Menschen als sogenanntes \u201cH\u00e4hloch\u201c, als Versteck f\u00fcr Wertgegenst\u00e4nde und Lebensmittel. In einem vorliegenden historischen Zeitungsartikel wird darauf hingewiesen, dass der \u201cKl\u00e4se- Keller\u201d dazu diente, Wertgegenst\u00e4nde und Lebensmittel zu verstecken. In dem Presseartikel steht geschrieben:\u201c Dieser Bergkeller hinter dem uralten Bauernhaus war, wie man heute noch zu sagen pflegt, ein\u201cH\u00e4hloch\u201c,d.h ein Versteckraum f\u00fcr Kriegs- und Notzeiten der letzten Jahrhunderte\u201c. Weiter hei\u00dft es: \u201cBesonders der 30-j\u00e4hrige Krieg von 1618-1648 zwang die Bev\u00f6lkerung dazu, notwendiges Lebensgut und Wertsachen vor pl\u00fcnderten Kriegshorden zu verstecken.\u201c\u00a0 Im Wesentlichen ging es fr\u00fcher darum, notwendiges Lebensgut und Wertsachen vor pl\u00fcnderten Kriegshorden zu verstecken. Noch heute werden vielerorts nach dem Abriss alter H\u00e4user solche \u201cH\u00e4hl\u00f6cher\u201c entdeckt. Manchmal findet man dort wertvolle Gegenst\u00e4nde oder sogar Geld. Zu Kriegszeiten wurde die Bev\u00f6lkerung praktisch dazu gezwungen eigene Verstecke und Schutzr\u00e4ume zu errichten.<\/strong><\/p>\n\n\n\n<p class=\"has-medium-font-size wp-block-paragraph\">W\u00e4hrend des zweiten Weltkrieges wurde der \u201eKl\u00e4se Keller\u201c als Luftschutzbunker genutzt. In erster Linie diente dieser Luftschutzraum jedoch der psychologischen Beruhigung der Menschen. Bei einem tats\u00e4chlichen direkten Treffer h\u00e4tte der Keller wohl kaum Stand gehalten. Nach dem Krieg mussten alle Luftschutzstollen auf Befehl unbrauchbar gemacht werden. Vielerorts sind dennoch alte Spuren und Hinweise auf alte \u201eH\u00e4hl\u00f6cher\u201c oder Luftschutzr\u00e4ume vorhanden. Heute dient \u201eKl\u00e4se Keller\u201c der Dorfgemeinschaft zu diversen kulturellen Zwecken. Dort in der Ortsmitte wird das \u201eKerwe-Lisje\u201c wachgek\u00fcsst und zum Christfest Weihnachtsb\u00e4ume verkauft. Der \u201cKl\u00e4se-Keller\u201d ist zum kulturellen Zentrum unseres Dorfes geworden. Dort in dem alten Keller-Gew\u00f6lbe trifft Kultur auf moderne Innovation. Der Keller ist Anlaufstelle, Treffpunkt und Aufenthaltsraum. Schon unsere Vorfahren nutzten diesen historischen Keller in der Ortsmitte. Wenn man sich in Dirmingen auf die Suche nach einem historischen Ort aufmacht, kommt man am \u201cKl\u00e4se Keller\u201d kaum vorbei. Der \u201eKl\u00e4se Keller\u201c ist ein echtes Kulturgut und unverzichtbar f\u00fcr unsere Dorfkultur.<\/p>\n\n\n\n<div class=\"wp-block-columns is-layout-flex wp-container-core-columns-is-layout-8f761849 wp-block-columns-is-layout-flex\">\n<div class=\"wp-block-column is-layout-flow wp-block-column-is-layout-flow\">\n<figure class=\"wp-block-image size-full\"><img loading=\"lazy\" decoding=\"async\" width=\"700\" height=\"525\" src=\"https:\/\/echta-derminga.de\/wp-content\/uploads\/2024\/12\/409621442_6904329522995047_6973964350426718872_n.jpg\" alt=\"\" class=\"wp-image-18229\" srcset=\"https:\/\/echta-derminga.de\/wp-content\/uploads\/2024\/12\/409621442_6904329522995047_6973964350426718872_n.jpg 700w, https:\/\/echta-derminga.de\/wp-content\/uploads\/2024\/12\/409621442_6904329522995047_6973964350426718872_n-300x225.jpg 300w\" sizes=\"auto, (max-width: 700px) 100vw, 700px\" \/><\/figure>\n<\/div>\n\n\n\n<div class=\"wp-block-column is-layout-flow wp-block-column-is-layout-flow\">\n<figure class=\"wp-block-image size-full\"><img loading=\"lazy\" decoding=\"async\" width=\"700\" height=\"525\" src=\"https:\/\/echta-derminga.de\/wp-content\/uploads\/2024\/12\/410252114_6904329339661732_4002523970898220892_n.jpg\" alt=\"\" class=\"wp-image-18230\" srcset=\"https:\/\/echta-derminga.de\/wp-content\/uploads\/2024\/12\/410252114_6904329339661732_4002523970898220892_n.jpg 700w, https:\/\/echta-derminga.de\/wp-content\/uploads\/2024\/12\/410252114_6904329339661732_4002523970898220892_n-300x225.jpg 300w\" sizes=\"auto, (max-width: 700px) 100vw, 700px\" \/><\/figure>\n<\/div>\n<\/div>\n\n\n\n<p class=\"has-medium-font-size wp-block-paragraph\"><strong>Weihnachten am \u201eKl\u00e4se Keller\u201c! Das ist Tradition, Kult und gelebte Dorfgemeinschaft. Auch in diesem Jahr str\u00f6men im Advent die Menschen aus unserem Dorf in den alten Bunker. Da wird \u201egesproocht\u201c, gesungen, gelacht, geschlemmert und nat\u00fcrlich auch der ein oder andere Gl\u00fchwein getrunken. Viele genie\u00dfen das \u201eFallenlassen\u201c in der Gemeinschaft und den ein oder anderen Moment im Advent. Nachdenkliche T\u00f6ne, Diskussionen und auch der ein oder andere Streit geh\u00f6ren genauso zu einer funktionierenden Dorfgemeinschaft wie das miteinander Feiern.<\/strong> <strong>Es ist sch\u00f6n, einen Ort zu finden, an dem man zusammen singen, feiern oder sogar trauern kann. Gemeinschaft zu pflegen, hei\u00dft in guten wie in schlechten Zeiten zusammen zu stehen. Da geh\u00f6rt auch das gemeinsame Abschied nehmen. Wer hat nicht schon alles in diesem historischen Keller gesessen und mitgefeiert. Viele Freunde mussten uns mittlerweile verlassen und weilen nicht mehr unter uns. Beim Schwelgen in Erinnerungen sehen wir so manchen Platz unbesetzt und leerstehend. Wir denken an alte Freunde und treue Weggef\u00e4hrten.<\/strong><\/p>\n\n\n\n<div class=\"wp-block-columns is-layout-flex wp-container-core-columns-is-layout-8f761849 wp-block-columns-is-layout-flex\">\n<div class=\"wp-block-column is-layout-flow wp-block-column-is-layout-flow\">\n<figure class=\"wp-block-image size-large\"><img loading=\"lazy\" decoding=\"async\" width=\"700\" height=\"525\" src=\"https:\/\/echta-derminga.de\/wp-content\/uploads\/2021\/12\/IMG_0893-700x525.jpg\" alt=\"\" class=\"wp-image-11506\" srcset=\"https:\/\/echta-derminga.de\/wp-content\/uploads\/2021\/12\/IMG_0893-700x525.jpg 700w, https:\/\/echta-derminga.de\/wp-content\/uploads\/2021\/12\/IMG_0893-300x225.jpg 300w, https:\/\/echta-derminga.de\/wp-content\/uploads\/2021\/12\/IMG_0893-768x576.jpg 768w, https:\/\/echta-derminga.de\/wp-content\/uploads\/2021\/12\/IMG_0893-1536x1152.jpg 1536w, https:\/\/echta-derminga.de\/wp-content\/uploads\/2021\/12\/IMG_0893-2048x1536.jpg 2048w\" sizes=\"auto, (max-width: 700px) 100vw, 700px\" \/><\/figure>\n<\/div>\n\n\n\n<div class=\"wp-block-column is-layout-flow wp-block-column-is-layout-flow\">\n<figure class=\"wp-block-image size-large\"><img loading=\"lazy\" decoding=\"async\" width=\"700\" height=\"525\" src=\"https:\/\/echta-derminga.de\/wp-content\/uploads\/2021\/12\/IMG_0893-700x525.jpg\" alt=\"\" class=\"wp-image-11506\" srcset=\"https:\/\/echta-derminga.de\/wp-content\/uploads\/2021\/12\/IMG_0893-700x525.jpg 700w, https:\/\/echta-derminga.de\/wp-content\/uploads\/2021\/12\/IMG_0893-300x225.jpg 300w, https:\/\/echta-derminga.de\/wp-content\/uploads\/2021\/12\/IMG_0893-768x576.jpg 768w, https:\/\/echta-derminga.de\/wp-content\/uploads\/2021\/12\/IMG_0893-1536x1152.jpg 1536w, https:\/\/echta-derminga.de\/wp-content\/uploads\/2021\/12\/IMG_0893-2048x1536.jpg 2048w\" sizes=\"auto, (max-width: 700px) 100vw, 700px\" \/><\/figure>\n<\/div>\n<\/div>\n\n\n\n<p class=\"has-medium-font-size wp-block-paragraph\">Im \u201eKl\u00e4se Keller\u201c kann man die guten alten Zeiten Revue passieren zu lassen. Vor 40 Jahren startete Ludwig Klein mit seinen S\u00f6hnen Manfred, Reimund und Volker den Weihnachtsbaumverkauf am \u201eKl\u00e4se Keller\u201c. Mit Gr\u00fcndung des Kulturvereins Dirmingen wurde der Baumverkauf auf Initiative unseres ehemaligen Ortsvorstehers Manfred Klein und seinem Bruder Reimund Klein in die H\u00e4nde der Kulturaner gelegt.&nbsp;<\/p>\n\n\n\n<p class=\"has-medium-font-size wp-block-paragraph\"><strong>Jedes Jahr im Advent wird es mir wieder bewusst: Unser Dorf hat so viel Potential. In unserer Dorfgemeinschaft liegt der Zauber des Kl\u00e4se-Kellers\u2018s. Ohne den \u201eKl\u00e4se Keller\u201c, der \u201eWiege der Dorfkultur\u201c, wird es schwierig unsere Dorfkultur zu erhalten. Wir m\u00fcssen uns auch zuk\u00fcnftig im Kollektiv um unsere dorfeigene \u201eWohlf\u00fchloase\u201c k\u00fcmmern. Das liegt in der Derminga DNA !<\/strong><\/p>\n\n\n<div class=\"wp-block-image\">\n<figure class=\"aligncenter size-large\"><img loading=\"lazy\" decoding=\"async\" width=\"700\" height=\"323\" src=\"https:\/\/echta-derminga.de\/wp-content\/uploads\/2024\/12\/412703587_6941679915926674_6674207372490135996_n-1-700x323.jpg\" alt=\"\" class=\"wp-image-18232\" srcset=\"https:\/\/echta-derminga.de\/wp-content\/uploads\/2024\/12\/412703587_6941679915926674_6674207372490135996_n-1-700x323.jpg 700w, https:\/\/echta-derminga.de\/wp-content\/uploads\/2024\/12\/412703587_6941679915926674_6674207372490135996_n-1-300x139.jpg 300w, https:\/\/echta-derminga.de\/wp-content\/uploads\/2024\/12\/412703587_6941679915926674_6674207372490135996_n-1-768x355.jpg 768w, https:\/\/echta-derminga.de\/wp-content\/uploads\/2024\/12\/412703587_6941679915926674_6674207372490135996_n-1-1536x710.jpg 1536w, https:\/\/echta-derminga.de\/wp-content\/uploads\/2024\/12\/412703587_6941679915926674_6674207372490135996_n-1.jpg 2048w\" sizes=\"auto, (max-width: 700px) 100vw, 700px\" \/><\/figure>\n<\/div>","protected":false},"excerpt":{"rendered":"<p>Der historische \u201eKl\u00e4se Keller\u201c des in den fr\u00fchen 1960-ger Jahren abgerissenen \u201eKl\u00e4se Hauses\u201c dient bis heute als Kultst\u00e4tte und Wiege unserer Dorfkultur. In Quellen unserer Dorfchronik wird davon berichtet, dass das alte \u201cKl\u00e4se-Haus\u201c zum Zeitpunkt des Abrisses \u00fcber 400 Jahre lang in unserer Ortsmitte stand. Obwohl heute nur noch der alte Gew\u00f6lbekeller existiert, ist die Geschichte des ehemaligen \u201cKl\u00e4se-Hauses\u201c eng<\/p>\n","protected":false},"author":1,"featured_media":18228,"comment_status":"open","ping_status":"closed","sticky":false,"template":"","format":"standard","meta":{"_crdt_document":"","footnotes":""},"categories":[100,902,8],"tags":[5,618,231,349,127,310,531],"class_list":["post-18227","post","type-post","status-publish","format-standard","has-post-thumbnail","hentry","category-meine-kulturaner","category-meine-meinung","category-sellemols-und-awweile","tag-dirmingen","tag-gemeinde-eppelborn","tag-klaese-keller","tag-kulturverein-dirmingen","tag-landkreis-neunkirchen","tag-saarland","tag-weihnachtsbaumaktion"],"_links":{"self":[{"href":"https:\/\/echta-derminga.de\/index.php?rest_route=\/wp\/v2\/posts\/18227","targetHints":{"allow":["GET"]}}],"collection":[{"href":"https:\/\/echta-derminga.de\/index.php?rest_route=\/wp\/v2\/posts"}],"about":[{"href":"https:\/\/echta-derminga.de\/index.php?rest_route=\/wp\/v2\/types\/post"}],"author":[{"embeddable":true,"href":"https:\/\/echta-derminga.de\/index.php?rest_route=\/wp\/v2\/users\/1"}],"replies":[{"embeddable":true,"href":"https:\/\/echta-derminga.de\/index.php?rest_route=%2Fwp%2Fv2%2Fcomments&post=18227"}],"version-history":[{"count":2,"href":"https:\/\/echta-derminga.de\/index.php?rest_route=\/wp\/v2\/posts\/18227\/revisions"}],"predecessor-version":[{"id":18234,"href":"https:\/\/echta-derminga.de\/index.php?rest_route=\/wp\/v2\/posts\/18227\/revisions\/18234"}],"wp:featuredmedia":[{"embeddable":true,"href":"https:\/\/echta-derminga.de\/index.php?rest_route=\/wp\/v2\/media\/18228"}],"wp:attachment":[{"href":"https:\/\/echta-derminga.de\/index.php?rest_route=%2Fwp%2Fv2%2Fmedia&parent=18227"}],"wp:term":[{"taxonomy":"category","embeddable":true,"href":"https:\/\/echta-derminga.de\/index.php?rest_route=%2Fwp%2Fv2%2Fcategories&post=18227"},{"taxonomy":"post_tag","embeddable":true,"href":"https:\/\/echta-derminga.de\/index.php?rest_route=%2Fwp%2Fv2%2Ftags&post=18227"}],"curies":[{"name":"wp","href":"https:\/\/api.w.org\/{rel}","templated":true}]}}