{"id":18236,"date":"2024-12-16T18:17:47","date_gmt":"2024-12-16T17:17:47","guid":{"rendered":"https:\/\/echta-derminga.de\/?p=18236"},"modified":"2024-12-16T18:17:49","modified_gmt":"2024-12-16T17:17:49","slug":"dirminger-mittelalterlicher-weihnachtsmarkt-auf-neuen-wegen-in-die-zukunft","status":"publish","type":"post","link":"https:\/\/echta-derminga.de\/?p=18236","title":{"rendered":"Dirminger &#8222;Mittelalterlicher Weihnachtsmarkt&#8220; auf neuen Wegen in die Zukunft"},"content":{"rendered":"\n<p class=\"has-medium-font-size wp-block-paragraph\"><strong>Nach dem ersten Schock folgte die Einsicht und der Mut neue Wege zu beschreiten. Der Kulturverein musste nach der folgenschweren Nachricht um die bedenkliche Entwicklung rund um die Dirminger Borrwieshalle schnell handeln. Nachdem die Gemeinde Eppelborn im Sp\u00e4therbst ver\u00f6ffentlichte, dass der Dach der Borrwieshalle bei Schneefall einst\u00fcrzen k\u00f6nnte, entschloss sich die Vereinsspitze den Markt auf den Festplatz im Br\u00fchl zu verlegen. In Windeseile wurde eine Mitgliederversammlung einberufen und weichen auf Neuanfang gestellt. Dabei wurde schon bei den Aufbauarbeiten deutlich, dass sich vieles am Markttreiben ver\u00e4ndern w\u00fcrde. Die Burg &#8222;Borrwiesa&#8220; konnte im Br\u00fchl nicht mehr aufgebaut und auch die Hobby- und Freizeitausstellung in der Halle musste abgesagt werden.<\/strong><\/p>\n\n\n\n<p class=\"has-medium-font-size wp-block-paragraph\">Tats\u00e4chlich alles auf Neunanfang ? Nicht so ganz ! Viele Jahre wurde unser Weihnachtsmarkt, bevor er an die Borrwieshalle verlegt wurde, auf dem Festplatz im Br\u00fchl ausgerichtet. Die Wiege unseres Martes stand also im Br\u00fchlpark. Irgendwann entschloss man sich den Markt im mittelalterlichen Flair auszurichten und somit auch die Borrwieshalle zur Aufwertung mit einzubeziehen. Neben der Hobby- und Freizeitausstellung waren die sanit\u00e4ren Anlagen und die Strom- und Wasserversorgung ausschlaggebend f\u00fcr einen Wechsel an die Borrwieshalle. Die damaligen Probleme standen auch in diesem Jahr im Vordergrund. Weitere Toilettenanlagen mussten angeschafft und die mangelnde Strom-und Wasserversorgung aufbereitet werden. <\/p>\n\n\n\n<div class=\"wp-block-columns is-layout-flex wp-container-core-columns-is-layout-8f761849 wp-block-columns-is-layout-flex\">\n<div class=\"wp-block-column is-layout-flow wp-block-column-is-layout-flow\">\n<figure class=\"wp-block-image size-large\"><img loading=\"lazy\" decoding=\"async\" width=\"700\" height=\"525\" src=\"https:\/\/echta-derminga.de\/wp-content\/uploads\/2024\/12\/468785783_8739850486109599_5136814725370263484_n-700x525.jpg\" alt=\"\" class=\"wp-image-18238\" srcset=\"https:\/\/echta-derminga.de\/wp-content\/uploads\/2024\/12\/468785783_8739850486109599_5136814725370263484_n-700x525.jpg 700w, https:\/\/echta-derminga.de\/wp-content\/uploads\/2024\/12\/468785783_8739850486109599_5136814725370263484_n-300x225.jpg 300w, https:\/\/echta-derminga.de\/wp-content\/uploads\/2024\/12\/468785783_8739850486109599_5136814725370263484_n-768x576.jpg 768w, https:\/\/echta-derminga.de\/wp-content\/uploads\/2024\/12\/468785783_8739850486109599_5136814725370263484_n-1536x1152.jpg 1536w, https:\/\/echta-derminga.de\/wp-content\/uploads\/2024\/12\/468785783_8739850486109599_5136814725370263484_n.jpg 2048w\" sizes=\"auto, (max-width: 700px) 100vw, 700px\" \/><\/figure>\n<\/div>\n\n\n\n<div class=\"wp-block-column is-layout-flow wp-block-column-is-layout-flow\">\n<figure class=\"wp-block-image size-large\"><img loading=\"lazy\" decoding=\"async\" width=\"700\" height=\"530\" src=\"https:\/\/echta-derminga.de\/wp-content\/uploads\/2024\/12\/468928650_8739849576109690_6737466010883357044_n-700x530.jpg\" alt=\"\" class=\"wp-image-18239\" srcset=\"https:\/\/echta-derminga.de\/wp-content\/uploads\/2024\/12\/468928650_8739849576109690_6737466010883357044_n-700x530.jpg 700w, https:\/\/echta-derminga.de\/wp-content\/uploads\/2024\/12\/468928650_8739849576109690_6737466010883357044_n-300x227.jpg 300w, https:\/\/echta-derminga.de\/wp-content\/uploads\/2024\/12\/468928650_8739849576109690_6737466010883357044_n-768x581.jpg 768w, https:\/\/echta-derminga.de\/wp-content\/uploads\/2024\/12\/468928650_8739849576109690_6737466010883357044_n.jpg 1024w\" sizes=\"auto, (max-width: 700px) 100vw, 700px\" \/><\/figure>\n<\/div>\n<\/div>\n\n\n\n<p class=\"has-medium-font-size wp-block-paragraph\"><strong>Am Ende gelang mit der Unterst\u00fctzung aller teilnehmenden Vereine und Organisationen der Umzug von der Halle zum Festplatz im Br\u00fchl. Schon am ersten Markttag bekamen wir \u00fcberwiegend positive R\u00fcckmeldungen von den zahlreichen Besucherinnen und Besuchern. Die allermeisten fanden unseren Weihnachtsmarkt auf dem Festplatz viel besser aufgehoben. Der weihnachtliche Ambiente wurde durch die B\u00e4ume und die lieblich eingearbeitete &#8222;lebendige Krippe&#8220; liebevoll aufgewertet. Die teilnehmenden Vereine und Organisationen schm\u00fcckten ihren Verkaufsstand in ein festliches Kleid. Inmitten das beliebte gro\u00dfe Lagerfeuer an dem sich auch in diesem Jahr die Menschen labten und die Kinder ihr Stockbrot anfertigten.<\/strong><\/p>\n\n\n\n<div class=\"wp-block-columns is-layout-flex wp-container-core-columns-is-layout-8f761849 wp-block-columns-is-layout-flex\">\n<div class=\"wp-block-column is-layout-flow wp-block-column-is-layout-flow\">\n<figure class=\"wp-block-image size-large\"><img loading=\"lazy\" decoding=\"async\" width=\"700\" height=\"525\" src=\"https:\/\/echta-derminga.de\/wp-content\/uploads\/2024\/12\/468962946_8744264005668247_2993714241839164173_n-700x525.jpg\" alt=\"\" class=\"wp-image-18241\" srcset=\"https:\/\/echta-derminga.de\/wp-content\/uploads\/2024\/12\/468962946_8744264005668247_2993714241839164173_n-700x525.jpg 700w, https:\/\/echta-derminga.de\/wp-content\/uploads\/2024\/12\/468962946_8744264005668247_2993714241839164173_n-300x225.jpg 300w, https:\/\/echta-derminga.de\/wp-content\/uploads\/2024\/12\/468962946_8744264005668247_2993714241839164173_n-768x576.jpg 768w, https:\/\/echta-derminga.de\/wp-content\/uploads\/2024\/12\/468962946_8744264005668247_2993714241839164173_n-1536x1152.jpg 1536w, https:\/\/echta-derminga.de\/wp-content\/uploads\/2024\/12\/468962946_8744264005668247_2993714241839164173_n.jpg 2048w\" sizes=\"auto, (max-width: 700px) 100vw, 700px\" \/><\/figure>\n<\/div>\n\n\n\n<div class=\"wp-block-column is-layout-flow wp-block-column-is-layout-flow\">\n<figure class=\"wp-block-image size-large\"><img loading=\"lazy\" decoding=\"async\" width=\"700\" height=\"525\" src=\"https:\/\/echta-derminga.de\/wp-content\/uploads\/2024\/12\/469009464_8739850872776227_900442369139535956_n-700x525.jpg\" alt=\"\" class=\"wp-image-18242\" srcset=\"https:\/\/echta-derminga.de\/wp-content\/uploads\/2024\/12\/469009464_8739850872776227_900442369139535956_n-700x525.jpg 700w, https:\/\/echta-derminga.de\/wp-content\/uploads\/2024\/12\/469009464_8739850872776227_900442369139535956_n-300x225.jpg 300w, https:\/\/echta-derminga.de\/wp-content\/uploads\/2024\/12\/469009464_8739850872776227_900442369139535956_n-768x576.jpg 768w, https:\/\/echta-derminga.de\/wp-content\/uploads\/2024\/12\/469009464_8739850872776227_900442369139535956_n-1536x1152.jpg 1536w, https:\/\/echta-derminga.de\/wp-content\/uploads\/2024\/12\/469009464_8739850872776227_900442369139535956_n.jpg 2048w\" sizes=\"auto, (max-width: 700px) 100vw, 700px\" \/><\/figure>\n<\/div>\n<\/div>\n\n\n\n<p class=\"has-medium-font-size wp-block-paragraph\">Nein, der Weihnachtsmarkt hat unter dem Umzug von der Borrwieshalle auf den Festplatz kaum gelitten. Im Gegenteil: Der Markt wurde auf seltsamer Art und Weise aufgewertet. An beiden Festtagen pilgerten tausende Besucherinnen und Besucher in den Br\u00fchl. Die Schirmherren B\u00fcrgermeister Dr. Andreas Feld und Umweltministerin Petra Berg staunten \u00fcber das gem\u00fctliche Flair des Dirminger Weihnachtsmarktes. Die Sorge, dass unser Weihnachtsmarkt an Charme und Anziehungskraft verlieren w\u00fcrde, war am Ende unbegr\u00fcndet. Schnell wurden die Stimmen laut, die eine grunds\u00e4tzliche Verlegung des Marktes auch nach der Sanierung der Borrwieshalle forderten. <\/p>\n\n\n\n<div class=\"wp-block-columns is-layout-flex wp-container-core-columns-is-layout-8f761849 wp-block-columns-is-layout-flex\">\n<div class=\"wp-block-column is-layout-flow wp-block-column-is-layout-flow\">\n<figure class=\"wp-block-image size-large\"><img loading=\"lazy\" decoding=\"async\" width=\"700\" height=\"421\" src=\"https:\/\/echta-derminga.de\/wp-content\/uploads\/2024\/12\/468976454_8744270842334230_6463608871490757039_n-700x421.jpg\" alt=\"\" class=\"wp-image-18244\" srcset=\"https:\/\/echta-derminga.de\/wp-content\/uploads\/2024\/12\/468976454_8744270842334230_6463608871490757039_n-700x421.jpg 700w, https:\/\/echta-derminga.de\/wp-content\/uploads\/2024\/12\/468976454_8744270842334230_6463608871490757039_n-300x180.jpg 300w, https:\/\/echta-derminga.de\/wp-content\/uploads\/2024\/12\/468976454_8744270842334230_6463608871490757039_n-768x462.jpg 768w, https:\/\/echta-derminga.de\/wp-content\/uploads\/2024\/12\/468976454_8744270842334230_6463608871490757039_n-500x300.jpg 500w, https:\/\/echta-derminga.de\/wp-content\/uploads\/2024\/12\/468976454_8744270842334230_6463608871490757039_n.jpg 1536w\" sizes=\"auto, (max-width: 700px) 100vw, 700px\" \/><\/figure>\n<\/div>\n\n\n\n<div class=\"wp-block-column is-layout-flow wp-block-column-is-layout-flow\">\n<figure class=\"wp-block-image size-large\"><img loading=\"lazy\" decoding=\"async\" width=\"700\" height=\"416\" src=\"https:\/\/echta-derminga.de\/wp-content\/uploads\/2024\/12\/468912772_8736569496437698_5414265834812088017_n-1-700x416.jpg\" alt=\"\" class=\"wp-image-18245\" srcset=\"https:\/\/echta-derminga.de\/wp-content\/uploads\/2024\/12\/468912772_8736569496437698_5414265834812088017_n-1-700x416.jpg 700w, https:\/\/echta-derminga.de\/wp-content\/uploads\/2024\/12\/468912772_8736569496437698_5414265834812088017_n-1-300x178.jpg 300w, https:\/\/echta-derminga.de\/wp-content\/uploads\/2024\/12\/468912772_8736569496437698_5414265834812088017_n-1-768x456.jpg 768w, https:\/\/echta-derminga.de\/wp-content\/uploads\/2024\/12\/468912772_8736569496437698_5414265834812088017_n-1-1536x912.jpg 1536w, https:\/\/echta-derminga.de\/wp-content\/uploads\/2024\/12\/468912772_8736569496437698_5414265834812088017_n-1.jpg 2048w\" sizes=\"auto, (max-width: 700px) 100vw, 700px\" \/><\/figure>\n<\/div>\n<\/div>\n\n\n\n<p class=\"has-medium-font-size wp-block-paragraph\"><strong>Ja, es stimmt ! Der diesj\u00e4hrige Weihnachtsmarkt auf dem Festplatz im Br\u00fchl hat alle teilnehmenden Vereine, Organisationen und Besucher begeistert. Nat\u00fcrlich fehlte mit der Burg und der Hobby-und Freizeitausstellung zwei wichtige Bestandteile unseres Marktes. Auf der anderen Seite genossen den neuerlichen Charme und die N\u00e4he zur Natur. Wohin f\u00fchrt der Weg unseres Weihnachtsmarktes ? Im kommenden Jahr wird der Markt definitiv wieder auf dem Festplatz im Br\u00fchl stattfinden. Niemand wird glauben, dass die Sanierung arbeiten an der Borrwieshalle so schnell abgeschlossen werden k\u00f6nnen. Was die Zukunft bringt, wird man sehen ! In Zeiten, in denen es zusehends schwieriger wird eine Gro\u00dfveranstaltung f\u00fcr mehrere tausend Menschen auf die Beine zu stellen, lohnt es sich nicht allzu weit in die Zukunft zu planen. Wir sind gut beraten einen Schritt nach dem N\u00e4chsten zu nehmen. Der diesj\u00e4hrige Mittelalterliche Weihnachtsmarkt im Br\u00fchl hat unsere Dorfkultur bereichert. Vielen Dank an alle die mitgemacht, mitgedacht und mit angepackt haben.<\/strong><\/p>\n\n\n\n<div class=\"wp-block-columns is-layout-flex wp-container-core-columns-is-layout-8f761849 wp-block-columns-is-layout-flex\">\n<div class=\"wp-block-column is-layout-flow wp-block-column-is-layout-flow\">\n<figure class=\"wp-block-image size-large\"><img loading=\"lazy\" decoding=\"async\" width=\"700\" height=\"525\" src=\"https:\/\/echta-derminga.de\/wp-content\/uploads\/2024\/12\/468829847_8742462919181689_2545401150096225654_n-700x525.jpg\" alt=\"\" class=\"wp-image-18246\" srcset=\"https:\/\/echta-derminga.de\/wp-content\/uploads\/2024\/12\/468829847_8742462919181689_2545401150096225654_n-700x525.jpg 700w, https:\/\/echta-derminga.de\/wp-content\/uploads\/2024\/12\/468829847_8742462919181689_2545401150096225654_n-300x225.jpg 300w, https:\/\/echta-derminga.de\/wp-content\/uploads\/2024\/12\/468829847_8742462919181689_2545401150096225654_n-768x576.jpg 768w, https:\/\/echta-derminga.de\/wp-content\/uploads\/2024\/12\/468829847_8742462919181689_2545401150096225654_n-1536x1152.jpg 1536w, https:\/\/echta-derminga.de\/wp-content\/uploads\/2024\/12\/468829847_8742462919181689_2545401150096225654_n.jpg 2048w\" sizes=\"auto, (max-width: 700px) 100vw, 700px\" \/><\/figure>\n<\/div>\n\n\n\n<div class=\"wp-block-column is-layout-flow wp-block-column-is-layout-flow\">\n<figure class=\"wp-block-image size-large\"><img loading=\"lazy\" decoding=\"async\" width=\"700\" height=\"530\" src=\"https:\/\/echta-derminga.de\/wp-content\/uploads\/2024\/12\/468912289_8739849886109659_5992022090669451390_n-700x530.jpg\" alt=\"\" class=\"wp-image-18247\" srcset=\"https:\/\/echta-derminga.de\/wp-content\/uploads\/2024\/12\/468912289_8739849886109659_5992022090669451390_n-700x530.jpg 700w, https:\/\/echta-derminga.de\/wp-content\/uploads\/2024\/12\/468912289_8739849886109659_5992022090669451390_n-300x227.jpg 300w, https:\/\/echta-derminga.de\/wp-content\/uploads\/2024\/12\/468912289_8739849886109659_5992022090669451390_n-768x582.jpg 768w, https:\/\/echta-derminga.de\/wp-content\/uploads\/2024\/12\/468912289_8739849886109659_5992022090669451390_n-1536x1164.jpg 1536w, https:\/\/echta-derminga.de\/wp-content\/uploads\/2024\/12\/468912289_8739849886109659_5992022090669451390_n.jpg 2048w\" sizes=\"auto, (max-width: 700px) 100vw, 700px\" \/><\/figure>\n<\/div>\n<\/div>\n","protected":false},"excerpt":{"rendered":"<p>Nach dem ersten Schock folgte die Einsicht und der Mut neue Wege zu beschreiten. Der Kulturverein musste nach der folgenschweren Nachricht um die bedenkliche Entwicklung rund um die Dirminger Borrwieshalle schnell handeln. Nachdem die Gemeinde Eppelborn im Sp\u00e4therbst ver\u00f6ffentlichte, dass der Dach der Borrwieshalle bei Schneefall einst\u00fcrzen k\u00f6nnte, entschloss sich die Vereinsspitze den Markt auf den Festplatz im Br\u00fchl zu<\/p>\n","protected":false},"author":1,"featured_media":18237,"comment_status":"open","ping_status":"closed","sticky":false,"template":"","format":"standard","meta":{"_crdt_document":"","footnotes":""},"categories":[1,9,100,902],"tags":[5,618,127,956,310],"class_list":["post-18236","post","type-post","status-publish","format-standard","has-post-thumbnail","hentry","category-allgemein","category-dorfgetratsche","category-meine-kulturaner","category-meine-meinung","tag-dirmingen","tag-gemeinde-eppelborn","tag-landkreis-neunkirchen","tag-mittelalterlicher-weihnachtsmarkt-dirmingen","tag-saarland"],"_links":{"self":[{"href":"https:\/\/echta-derminga.de\/index.php?rest_route=\/wp\/v2\/posts\/18236","targetHints":{"allow":["GET"]}}],"collection":[{"href":"https:\/\/echta-derminga.de\/index.php?rest_route=\/wp\/v2\/posts"}],"about":[{"href":"https:\/\/echta-derminga.de\/index.php?rest_route=\/wp\/v2\/types\/post"}],"author":[{"embeddable":true,"href":"https:\/\/echta-derminga.de\/index.php?rest_route=\/wp\/v2\/users\/1"}],"replies":[{"embeddable":true,"href":"https:\/\/echta-derminga.de\/index.php?rest_route=%2Fwp%2Fv2%2Fcomments&post=18236"}],"version-history":[{"count":2,"href":"https:\/\/echta-derminga.de\/index.php?rest_route=\/wp\/v2\/posts\/18236\/revisions"}],"predecessor-version":[{"id":18248,"href":"https:\/\/echta-derminga.de\/index.php?rest_route=\/wp\/v2\/posts\/18236\/revisions\/18248"}],"wp:featuredmedia":[{"embeddable":true,"href":"https:\/\/echta-derminga.de\/index.php?rest_route=\/wp\/v2\/media\/18237"}],"wp:attachment":[{"href":"https:\/\/echta-derminga.de\/index.php?rest_route=%2Fwp%2Fv2%2Fmedia&parent=18236"}],"wp:term":[{"taxonomy":"category","embeddable":true,"href":"https:\/\/echta-derminga.de\/index.php?rest_route=%2Fwp%2Fv2%2Fcategories&post=18236"},{"taxonomy":"post_tag","embeddable":true,"href":"https:\/\/echta-derminga.de\/index.php?rest_route=%2Fwp%2Fv2%2Ftags&post=18236"}],"curies":[{"name":"wp","href":"https:\/\/api.w.org\/{rel}","templated":true}]}}