{"id":18289,"date":"2024-12-28T17:18:49","date_gmt":"2024-12-28T16:18:49","guid":{"rendered":"https:\/\/echta-derminga.de\/?p=18289"},"modified":"2024-12-28T17:30:44","modified_gmt":"2024-12-28T16:30:44","slug":"quo-vadis-commune-sind-wir-tatsaechlich-am-ende-wie-retten-wir-unsere-staedte-gemeinden-und-doerfer","status":"publish","type":"post","link":"https:\/\/echta-derminga.de\/?p=18289","title":{"rendered":"Quo vadis Commune &#8211; Sind wir tats\u00e4chlich am Ende ?- Wie retten wir unsere St\u00e4dte, Gemeinden und D\u00f6rfer ?"},"content":{"rendered":"\n<p class=\"has-medium-font-size wp-block-paragraph\"><strong>Die Kommunen im Saarland sind nach wie vor so hoch verschuldet wie in keinem anderen Bundesland. Mit 6.100 Euro lag die Pro-Kopf-Verschuldung der saarl\u00e4ndischen St\u00e4dte und Gemeinden, im vergangenen Jahr, h\u00f6her als in jedem anderen Bundesland. Nirgendwo anders sind St\u00e4dte und Gemeinden von Banken und Sparkassen abh\u00e4ngiger als im Saarland. Angeblich tragen viele Kommunen eine Mitschuld an diesem Dilemma. Zu viel Luxus, zu viele Hallen und Schwimmb\u00e4der mit hohen Betriebskosten und zu hohe Ausgaben im Veranstaltungsmanagement. Ist das so?&nbsp; Fakt ist: Auch die Kommunen an Ill- und Alsbach und im Schaumbergerland sind allesamt defizit\u00e4r.<\/strong><\/p>\n\n\n\n<p class=\"has-medium-font-size wp-block-paragraph\">Ohne F\u00f6rdermittel oder Gelder der Bundes -oder Landesregierung l\u00e4uft in unseren Gemeinden nichts mehr! Jeder Kita bau, jede Hallensanierung oder jedes Dorfprojekt kann ohne F\u00f6rdermittel kaum noch verwirklicht werden. Im Umkehrschluss bedeutet dies, dass der Kommunalpolitik praktisch die H\u00e4nde gebunden sind. Von Selbstverwaltung sind wir tats\u00e4chlich meilenweit entfernt. Anstatt mit guter Arbeit vorausschauend zu agieren und gute M\u00f6glichkeiten aufzuzeigen, k\u00f6nnen die Kommunen nur noch reagieren und versuchen die L\u00f6cher zu stopfen. Spa\u00df macht diese Form der Kommunalpolitik l\u00e4ngst nicht mehr!<\/p>\n\n\n\n<p class=\"has-medium-font-size wp-block-paragraph\"><strong>Das Saarland ist praktisch am Ende. Mit rund 18 Milliarden Euro stehen die St\u00e4dte und Gemeinden in der Kreide. Dabei bleibt die Altschuldenregelung f\u00fcr die Kommunen ein ungel\u00f6stes Thema. Viele Kommunen sind in der Regel unverschuldet durch den Strukturwandel in den Schlammassel geraten. Eine Altschuldenregelung durch den Bund w\u00e4re eine gute L\u00f6sung. Die Landesregierung hat mit dem Saarlandpakt und der verbundenen \u00dcbernahme der H\u00e4lfte aller kommunaler Altschulden in H\u00f6he von 1 Milliarde Euro bereits einen guten Schritt in die richtige Richtung gemacht. Der Saarlandpakt der Landesregierung sollte eigentlich die finanzielle Situation der Kommunen verbessern. Im Gegenzug sollen die Kommunen zuk\u00fcnftig \u00fcber einen ausgeglichenen Haushalt verf\u00fcgen. Dies wiederum stellt viele Gemeinden vor eine schier un\u00fcberwindbare Aufgabe. Eine strukturelle Wende kann es nur geben, wenn auch der Bund endlich einen Teil der Altschulden der Kommunen \u00fcbernimmt. Die Kommunen brauchen dringend eine L\u00f6sung in Sachen Altschulden. Ohne diese L\u00f6sung wird den Kommunen die Luft abgedr\u00fcckt.<\/strong><\/p>\n\n\n<div class=\"wp-block-image\">\n<figure class=\"aligncenter size-large\"><img loading=\"lazy\" decoding=\"async\" width=\"700\" height=\"394\" src=\"https:\/\/echta-derminga.de\/wp-content\/uploads\/2024\/04\/Schaefer-4-700x394.jpg\" alt=\"\" class=\"wp-image-17231\" srcset=\"https:\/\/echta-derminga.de\/wp-content\/uploads\/2024\/04\/Schaefer-4-700x394.jpg 700w, https:\/\/echta-derminga.de\/wp-content\/uploads\/2024\/04\/Schaefer-4-300x169.jpg 300w, https:\/\/echta-derminga.de\/wp-content\/uploads\/2024\/04\/Schaefer-4-768x432.jpg 768w, https:\/\/echta-derminga.de\/wp-content\/uploads\/2024\/04\/Schaefer-4-1536x864.jpg 1536w, https:\/\/echta-derminga.de\/wp-content\/uploads\/2024\/04\/Schaefer-4-2048x1152.jpg 2048w\" sizes=\"auto, (max-width: 700px) 100vw, 700px\" \/><\/figure>\n<\/div>\n\n\n<p class=\"has-medium-font-size wp-block-paragraph\">Machen wir uns nichts vor, in den letzten Jahrzehnten wurde einfach viel zu viel liegengelassen. Unsere Kommunen leiden unter einem erheblichen Investitionsstau.  Am Beispiel meines Heimatortes Dirmingen kann man gut erkennen, was ein ungeordneter Strukturwandel anrichten kann. Allein im Jahr 2024 folgte eine Hiobsbotschaft der N\u00e4chsten. Dabei wird die Gemeindeverwaltung keine einzige dieser Ma\u00dfnahme mit eigenen Mitteln umsetzen k\u00f6nnen. \u00dcber viele Jahrzehnte wurden wichtige Investitionen verschleppt oder notd\u00fcrftig get\u00e4tigt. Nun wird es ohne F\u00f6rderma\u00dfnahmen und entsprechenden F\u00f6rdergeldern schwierig sein, \u00fcberhaupt etwas umzusetzen. Woher aber soll unsere Gemeinde die Kraft aufnehmen die vielen Antr\u00e4ge zu stellen, zu begleiten und zu bearbeiten. Hier liegt ein weiteres Problem im Argen. Viele der F\u00f6rderma\u00dfnahmen bleiben liegen, weil das entsprechende Personal fehlt. Ein echtes Dilemma! Wie wollen wir unter solchen Voraussetzungen das Vertrauen der Menschen zur\u00fcckgewinnen? Wie erkl\u00e4ren wir normaldenkenden Menschen, dass wir L\u00f6sungen und M\u00f6glichkeiten, sprich F\u00f6rderm\u00f6glichkeiten, haben und diese nicht umsetzen k\u00f6nnen.<\/p>\n\n\n\n<p class=\"has-medium-font-size wp-block-paragraph\"><strong>Schon beim Thema \u201eHardter Br\u00fccke\u201c kommt man aus dem Kopfsch\u00fctteln nicht mehr heraus. Warum kostet eine solche Br\u00fccke, die einst der Gemeinde Dirmingen aufs Auge gedr\u00fcckt wurde, 4,- Millionen Euro? Warum ist es nicht m\u00f6glich eine Behelfsbr\u00fccke zu errichten und wieso schiebt der eine die Schuld auf den anderen. Wie kann es sein, dass gro\u00dfe Unternehmen nur einfordern und nicht bereit sind zu geben ? Der Bau einer Behelfsbr\u00fccke w\u00e4re die einzig sinnvolle L\u00f6sung. Es muss doch m\u00f6glich sein, gemeinsam eine L\u00f6sung f\u00fcr die Menschen im entsprechenden Wohngebiet zu finden. F\u00fcr den Neubau einer Br\u00fccke m\u00fcsste unsere Gemeindeverwaltung inklusive F\u00f6rdermittel mehrere Haushalte zweckgebunden verabschieden. Das w\u00fcrde bedeuten, dass andere Ortschaften \u00fcber Jahre in die R\u00f6hre schauen.<\/strong><\/p>\n\n\n<div class=\"wp-block-image\">\n<figure class=\"aligncenter size-large\"><img loading=\"lazy\" decoding=\"async\" width=\"700\" height=\"484\" src=\"https:\/\/echta-derminga.de\/wp-content\/uploads\/2024\/09\/w1100_h688_x1795_y1221_IMG_E6591-40c6649a73a4c8ff-700x484.jpeg\" alt=\"\" class=\"wp-image-17945\" srcset=\"https:\/\/echta-derminga.de\/wp-content\/uploads\/2024\/09\/w1100_h688_x1795_y1221_IMG_E6591-40c6649a73a4c8ff-700x484.jpeg 700w, https:\/\/echta-derminga.de\/wp-content\/uploads\/2024\/09\/w1100_h688_x1795_y1221_IMG_E6591-40c6649a73a4c8ff-300x207.jpeg 300w, https:\/\/echta-derminga.de\/wp-content\/uploads\/2024\/09\/w1100_h688_x1795_y1221_IMG_E6591-40c6649a73a4c8ff-768x531.jpeg 768w, https:\/\/echta-derminga.de\/wp-content\/uploads\/2024\/09\/w1100_h688_x1795_y1221_IMG_E6591-40c6649a73a4c8ff.jpeg 888w\" sizes=\"auto, (max-width: 700px) 100vw, 700px\" \/><\/figure>\n<\/div>\n\n\n<p class=\"has-medium-font-size wp-block-paragraph\">Investitionen wie Neubauten oder Sanierungsma\u00dfnahmen sind von oberster Priorit\u00e4t. Dabei wurde in den letzten Jahren immer mehr deutlich, dass ohne Investoren \u00fcberhaupt nichts geht. Nur mit einem Investor ist der Neubau eines Siedlungsgebietes oder eines Verbrauchermarktes m\u00f6glich. Dabei muss in jedem Fall nach den Regeln des Investors gespielt werden. Die Handlungsm\u00f6glichkeiten der Gemeindeverwaltung sind begrenzt. Am Beispiel geplanter Verbrauchermarkt in Dirmingen sehen wir unsere Hilfslosigkeit. Wer bestellt, der bezahlt! Machtlos m\u00fcssen wir dabei zusehen, dass praktisch nichts passiert!<\/p>\n\n\n\n<p class=\"has-medium-font-size wp-block-paragraph\"><strong>Wie k\u00f6nnen wir ohne Investoren unsere Zukunft selbst in die Hand nehmen und neue M\u00f6glichkeiten schaffen. Meine Meinung: \u00dcberhaupt nicht! Wir brauchen Gelder und F\u00f6rdermittel von Geldgebern und F\u00f6rderprogrammen. Wir stehen mit dem R\u00fccken an der Wand und kommen nicht weiter. Aus meiner Sicht kommen wir auf Dauer an einer Altschuldenl\u00f6sung oder einer Entschuldung der Kommunen nicht vorbei. Wie wollen wir ansonsten unsere Gemeinde mit ihren D\u00f6rfern voranbringen und dem Strukturwandel entgegenwirken?<\/strong><\/p>\n\n\n<div class=\"wp-block-image\">\n<figure class=\"aligncenter size-full\"><img loading=\"lazy\" decoding=\"async\" width=\"700\" height=\"405\" src=\"https:\/\/echta-derminga.de\/wp-content\/uploads\/2024\/03\/19_Netto-5-1024x593-1-700x405-1.jpg\" alt=\"\" class=\"wp-image-17141\" srcset=\"https:\/\/echta-derminga.de\/wp-content\/uploads\/2024\/03\/19_Netto-5-1024x593-1-700x405-1.jpg 700w, https:\/\/echta-derminga.de\/wp-content\/uploads\/2024\/03\/19_Netto-5-1024x593-1-700x405-1-300x174.jpg 300w\" sizes=\"auto, (max-width: 700px) 100vw, 700px\" \/><\/figure>\n<\/div>\n\n\n<p class=\"has-medium-font-size wp-block-paragraph\">Wichtige Investitionen an unserer Grundschule und den beiden Kinderg\u00e4rten lassen auf sich warten. Nur mit Unterst\u00fctzung des Landes und des Kreises werden die notwendigsten Ma\u00dfnahmen umgesetzt werden k\u00f6nnen. In absehbarer Zeit sollte eine der beiden Dirminger Kitas erweitert werden. Zudem ben\u00f6tigt die FGTS unserer Grundschule Wiesbach-Dirmingen ebenfalls eine Erweiterung der vorhandenen R\u00e4umlichkeiten. Die Gemeindeverwaltung arbeitet bereits an L\u00f6sungsans\u00e4tzen. Dabei ben\u00f6tigt unsere Gemeinde dringend einen zukunftsorientierten Handlungsspielraum. In diesem Zusammenhang schmerzen die aktuellen Ver\u00e4nderungen in unseren beiden Kirchen. Inwieweit werden die anstehenden Ver\u00e4nderungen in den beiden Kirchengemeinden unser Dorfleben beeinflussen.  <\/p>\n\n\n<div class=\"wp-block-image\">\n<figure class=\"aligncenter size-large\"><img loading=\"lazy\" decoding=\"async\" width=\"644\" height=\"429\" src=\"https:\/\/echta-derminga.de\/wp-content\/uploads\/2019\/03\/blogi-1-644x429.jpg\" alt=\"\" class=\"wp-image-3454\" srcset=\"https:\/\/echta-derminga.de\/wp-content\/uploads\/2019\/03\/blogi-1-644x429.jpg 644w, https:\/\/echta-derminga.de\/wp-content\/uploads\/2019\/03\/blogi-1-300x200.jpg 300w, https:\/\/echta-derminga.de\/wp-content\/uploads\/2019\/03\/blogi-1.jpg 700w\" sizes=\"auto, (max-width: 644px) 100vw, 644px\" \/><\/figure>\n<\/div>\n\n\n<p class=\"has-medium-font-size wp-block-paragraph\"><strong>Der Hallendach unserer Borrwieshalle wurde seit dem Bau der Halle im Jahre 1961 nicht saniert. Nun ist das Dach stark sanierungsbed\u00fcrftig und droht bei Schneefall einzust\u00fcrzen. Mit Hilfe eines ELER-F\u00f6rderprogramms soll die Halle saniert werden. Gut Ding braucht Weile. Es ist nicht davon auszugehen, dass wir diesbez\u00fcglich schnell mit den Sanierungsma\u00dfnahmen beginnen werden. Letztendlich stellt sich am Ende des Tages die Frage, ob eine Sanierung der Halle tats\u00e4chlich g\u00fcnstiger ist als ein Neubau.<\/strong><\/p>\n\n\n<div class=\"wp-block-image\">\n<figure class=\"aligncenter size-large\"><img loading=\"lazy\" decoding=\"async\" width=\"700\" height=\"525\" src=\"https:\/\/echta-derminga.de\/wp-content\/uploads\/2024\/10\/20240929_125941-700x525.jpg\" alt=\"\" class=\"wp-image-18001\" srcset=\"https:\/\/echta-derminga.de\/wp-content\/uploads\/2024\/10\/20240929_125941-700x525.jpg 700w, https:\/\/echta-derminga.de\/wp-content\/uploads\/2024\/10\/20240929_125941-300x225.jpg 300w, https:\/\/echta-derminga.de\/wp-content\/uploads\/2024\/10\/20240929_125941-768x576.jpg 768w, https:\/\/echta-derminga.de\/wp-content\/uploads\/2024\/10\/20240929_125941-1536x1152.jpg 1536w, https:\/\/echta-derminga.de\/wp-content\/uploads\/2024\/10\/20240929_125941-2048x1536.jpg 2048w\" sizes=\"auto, (max-width: 700px) 100vw, 700px\" \/><\/figure>\n<\/div>\n\n\n<p class=\"has-medium-font-size wp-block-paragraph\">Wohin mit unserer Dorfgemeinschaft? Wo feiern wir Geburtstage, Jubil\u00e4en oder Vereinsfeste? Der drohende Wegfall der Borrwieshalle versch\u00e4rft die Situation. Die Nutzungsm\u00f6glichkeit des Nebenraums \u00e4ndert nichts an dem dringenden Bedarf einer Versammlungsst\u00e4tte. Wir ben\u00f6tigen ein Dorfgemeinschaftszentrum. Wie aber sollen wir ein solches Geb\u00e4ude bezahlen? Eine M\u00f6glichkeit w\u00e4re die Umnutzung des evangelischen Gemeindehauses Dirmingen. \u00dcber ein entsprechendes ELER-F\u00f6rderprogramm w\u00e4re eine Kostendeckung von 85 % m\u00f6glich. Wer aber finanziert die restlichen Kosten, die bei einem Millionenbetrag nicht unerheblich w\u00e4ren? &nbsp;Inwieweit haben unsere Kirchen ein Interesse ihren Geb\u00e4uden umzugestalten oder umzuwidmen. Bleibt die Hoffnung, dass wir diesbez\u00fcglich nicht von der Zeit eingeholt werden. Ein Dorfgemeinschaftszentrum w\u00e4re ein Segen f\u00fcr unseren Heimatort. Unter den gegebenen Umst\u00e4nden k\u00f6nnte ein solches Projekt nur in Zusammenarbeit zwischen der Gemeinde, den Kirchen und Investoren erfolgreich umgesetzt werden. Es fehlt an Raum und Platz f\u00fcr unsere Kinder, die Jugend und unsere Senioren. Seit Jahren sind wir auf der Suche nach einem Jugendzentrum. Ohne geeigneten Platz ist es schwer unsere Dorfjugend mitzunehmen. In einem Dorfgemeinschaftszentrum k\u00f6nnte man Platz f\u00fcr die Dorfjugend und unsere Seniorinnen und Senioren einrichten.<\/p>\n\n\n<div class=\"wp-block-image\">\n<figure class=\"aligncenter size-large\"><img loading=\"lazy\" decoding=\"async\" width=\"700\" height=\"438\" src=\"https:\/\/echta-derminga.de\/wp-content\/uploads\/2024\/12\/w1100_h688_x972_y464_20160426_161745_resized_1-d8401278dfe08c46-700x438.jpg\" alt=\"\" class=\"wp-image-18304\" srcset=\"https:\/\/echta-derminga.de\/wp-content\/uploads\/2024\/12\/w1100_h688_x972_y464_20160426_161745_resized_1-d8401278dfe08c46-700x438.jpg 700w, https:\/\/echta-derminga.de\/wp-content\/uploads\/2024\/12\/w1100_h688_x972_y464_20160426_161745_resized_1-d8401278dfe08c46-300x188.jpg 300w, https:\/\/echta-derminga.de\/wp-content\/uploads\/2024\/12\/w1100_h688_x972_y464_20160426_161745_resized_1-d8401278dfe08c46-768x480.jpg 768w, https:\/\/echta-derminga.de\/wp-content\/uploads\/2024\/12\/w1100_h688_x972_y464_20160426_161745_resized_1-d8401278dfe08c46.jpg 1100w\" sizes=\"auto, (max-width: 700px) 100vw, 700px\" \/><\/figure>\n<\/div>\n\n\n<p class=\"has-medium-font-size wp-block-paragraph\"><strong>Die Probleme in unserer Gemeinde erkennt man schon im Kleinen. Nach dem Absturz eines Teils unserer Friedhofsmauer folgte die Ern\u00fcchterung. Die Kosten f\u00fcr den betroffenen Mauerteil sind nicht unerheblich. Die Gemeindeverwaltung wird die Erneuerung wohl kaum aus dem Handgelenk sch\u00fctteln k\u00f6nnen. Das ganze Ausma\u00df der Aussichtslosigkeit wird deutlich, wenn wir auf den Zustand unserer gemeindeeigenen Stra\u00dfen blicken. In vielen F\u00e4llen k\u00f6nnen unsere Stra\u00dfen nur notd\u00fcrftig saniert werden.<\/strong><\/p>\n\n\n<div class=\"wp-block-image\">\n<figure class=\"aligncenter size-large\"><img loading=\"lazy\" decoding=\"async\" width=\"700\" height=\"525\" src=\"https:\/\/echta-derminga.de\/wp-content\/uploads\/2024\/04\/435669157_7390033414424653_8217817411451153957_n-700x525.jpg\" alt=\"\" class=\"wp-image-17301\" srcset=\"https:\/\/echta-derminga.de\/wp-content\/uploads\/2024\/04\/435669157_7390033414424653_8217817411451153957_n-700x525.jpg 700w, https:\/\/echta-derminga.de\/wp-content\/uploads\/2024\/04\/435669157_7390033414424653_8217817411451153957_n-300x225.jpg 300w, https:\/\/echta-derminga.de\/wp-content\/uploads\/2024\/04\/435669157_7390033414424653_8217817411451153957_n-768x576.jpg 768w, https:\/\/echta-derminga.de\/wp-content\/uploads\/2024\/04\/435669157_7390033414424653_8217817411451153957_n-1536x1153.jpg 1536w, https:\/\/echta-derminga.de\/wp-content\/uploads\/2024\/04\/435669157_7390033414424653_8217817411451153957_n.jpg 1599w\" sizes=\"auto, (max-width: 700px) 100vw, 700px\" \/><\/figure>\n<\/div>\n\n\n<p class=\"has-medium-font-size wp-block-paragraph\">Wahnsinn! Weit und breit kein Land in Sicht! Keine M\u00f6glichkeit Ziele zu verwirklichen und Pl\u00e4ne umzusetzen. Selbst wenn wir jetzt die n\u00f6tigsten Baustellen beheben und wichtige Sanierungen ansto\u00dfen w\u00fcrden, w\u00e4re das nicht anderes als den Status quo wieder herzustellen. Weit entfernt davon zukunftstr\u00e4chtige Visionen umzusetzen. Wir k\u00f6nnen nur noch verwalten.<\/p>\n\n\n\n<p class=\"has-medium-font-size wp-block-paragraph\"><strong>Ich mache mir gro\u00dfe Sorgen und kann nicht verhehlen, dass ich ein st\u00fcckweit verzweifelt bin. Unsere Infrastruktur leidet unter dem Strukturwandel und unser Gewerbe und die Vereinslandschaft \u00e4chzen unter dem Druck. Manchmal muss es weh tun, bevor es gut werden kann. Was aber h\u00e4lt unsere Dorfgemeinschaft noch aus? Ist es damit getan ein neues Siedlungsgebiet zu erschlie\u00dfen? Ist es damit getan die notwendigsten Sanierungen umzusetzen und weiterhin nur die gr\u00f6bsten L\u00f6cher zu stopfen? Wie machen wir unsere Gemeinde fit f\u00fcr die Zukunft? Es geht mir keineswegs um eine Schuldzuweisung. Ich m\u00f6chte dieses Thema auch nicht politisieren oder f\u00fcr Wahlkampfzwecke benutzen. Ich glaube, dass wir gemeinsam, partei\u00fcbergreifend vor einem riesengro\u00dfen Berg ungel\u00f6ster Probleme stehen.<\/strong> <strong>Land unter !<\/strong><\/p>\n\n\n<div class=\"wp-block-image\">\n<figure class=\"aligncenter size-large\"><img loading=\"lazy\" decoding=\"async\" width=\"700\" height=\"525\" src=\"https:\/\/echta-derminga.de\/wp-content\/uploads\/2024\/05\/20240517_155312-700x525.jpg\" alt=\"\" class=\"wp-image-17366\" srcset=\"https:\/\/echta-derminga.de\/wp-content\/uploads\/2024\/05\/20240517_155312-700x525.jpg 700w, https:\/\/echta-derminga.de\/wp-content\/uploads\/2024\/05\/20240517_155312-300x225.jpg 300w, https:\/\/echta-derminga.de\/wp-content\/uploads\/2024\/05\/20240517_155312-768x576.jpg 768w, https:\/\/echta-derminga.de\/wp-content\/uploads\/2024\/05\/20240517_155312-1536x1152.jpg 1536w, https:\/\/echta-derminga.de\/wp-content\/uploads\/2024\/05\/20240517_155312-2048x1536.jpg 2048w\" sizes=\"auto, (max-width: 700px) 100vw, 700px\" \/><\/figure>\n<\/div>\n\n\n<p class=\"has-medium-font-size wp-block-paragraph\">Wenn es um die Erweiterung und den Bau neuer barer Energien geht, kommt man an Dirmingen nicht vorbei. Die gro\u00dfe Bannmeile unseres Dorfes bietet vielf\u00e4ltige M\u00f6glichkeiten f\u00fcr unsere Heimatgemeinde. Immerhin verdient unsere Gemeinde auf Dirminger Bann einiges an Gewerbesteuern. Investitionen wurden in den letzten Jahren buchst\u00e4blich nur am Rande von Dirmingen get\u00e4tigt. Der Ortskern blutet sprichw\u00f6rtlich aus. Leerst\u00e4nde und Bauruinen soweit das Auge reicht. Kleine Erfolge wie die Einrichtung eines kleinen Hofladens lassen aufatmen. Letztendlich muss jedoch viel mehr investiert werden. Im schlimmsten Fall zahlen unsere Kinder die Zeche unserer verpassten M\u00f6glichkeiten. Eigentlich m\u00fcssten wir gerade jetzt unseren Ortskern aufwerten. Au\u00dferdem sollten wir uns mit der Frage besch\u00e4ftigen, wie wir unser Dorf vor dem n\u00e4chsten Hochwasser sch\u00fctzen.<\/p>\n\n\n<div class=\"wp-block-image\">\n<figure class=\"aligncenter size-large\"><img loading=\"lazy\" decoding=\"async\" width=\"700\" height=\"315\" src=\"https:\/\/echta-derminga.de\/wp-content\/uploads\/2022\/08\/20220822_165529-700x315.jpg\" alt=\"\" class=\"wp-image-13515\" srcset=\"https:\/\/echta-derminga.de\/wp-content\/uploads\/2022\/08\/20220822_165529-700x315.jpg 700w, https:\/\/echta-derminga.de\/wp-content\/uploads\/2022\/08\/20220822_165529-300x135.jpg 300w, https:\/\/echta-derminga.de\/wp-content\/uploads\/2022\/08\/20220822_165529-768x346.jpg 768w, https:\/\/echta-derminga.de\/wp-content\/uploads\/2022\/08\/20220822_165529-1536x692.jpg 1536w, https:\/\/echta-derminga.de\/wp-content\/uploads\/2022\/08\/20220822_165529-2048x923.jpg 2048w\" sizes=\"auto, (max-width: 700px) 100vw, 700px\" \/><\/figure>\n<\/div>\n\n\n<p class=\"has-medium-font-size wp-block-paragraph\"><strong>Immer wieder h\u00f6re ich den Spruch: Man m\u00fcsste mal! Dabei f\u00e4llt unseren B\u00fcrgerinnen und B\u00fcrgern vieles ein, dass zurecht umgesetzt werden m\u00fcsste. Oftmals fehlt jedoch das Verst\u00e4ndnis f\u00fcr den engen finanziellen Spielraum unserer Gemeinde. Man m\u00fcsste mal: \u2026\u2026den \u201eRender\u201c machen, das Brauereigel\u00e4nde sanieren, ein neues Feuerwehrger\u00e4tehaus, einen neuen Verbrauchermarkt bauen oder auch neuen bezahlbaren Wohnraum schaffen.<\/strong> <strong>Ich frage mich, ob es den Menschen tats\u00e4chlich bewusst ist, dass es \u00fcberall an Geld fehlt.<\/strong><\/p>\n\n\n\n<p class=\"has-medium-font-size wp-block-paragraph\"><strong>So wie in Dirmingen ergeht es vielen D\u00f6rfern in unserem Bundesland. Engagement und Innovation endet ganz oft am finanziellen Spielraum. Zur Umsetzung unserer Ideen und Pl\u00e4ne ben\u00f6tigen wir Mut, Gl\u00fcck und Geld. Ich hoffe inst\u00e4ndig, dass wir den Mut nicht verlieren. Alles andere l\u00e4sst ohnehin auf sich warten!<\/strong><\/p>\n\n\n<div class=\"wp-block-image\">\n<figure class=\"aligncenter size-large\"><img loading=\"lazy\" decoding=\"async\" width=\"700\" height=\"706\" src=\"https:\/\/echta-derminga.de\/wp-content\/uploads\/2024\/12\/1-700x706.jpg\" alt=\"\" class=\"wp-image-18318\" srcset=\"https:\/\/echta-derminga.de\/wp-content\/uploads\/2024\/12\/1-700x706.jpg 700w, https:\/\/echta-derminga.de\/wp-content\/uploads\/2024\/12\/1-297x300.jpg 297w, https:\/\/echta-derminga.de\/wp-content\/uploads\/2024\/12\/1-150x150.jpg 150w, https:\/\/echta-derminga.de\/wp-content\/uploads\/2024\/12\/1-768x775.jpg 768w, https:\/\/echta-derminga.de\/wp-content\/uploads\/2024\/12\/1-90x90.jpg 90w, https:\/\/echta-derminga.de\/wp-content\/uploads\/2024\/12\/1-75x75.jpg 75w, https:\/\/echta-derminga.de\/wp-content\/uploads\/2024\/12\/1.jpg 881w\" sizes=\"auto, (max-width: 700px) 100vw, 700px\" \/><\/figure>\n<\/div>\n\n<div class=\"wp-block-image\">\n<figure class=\"aligncenter size-full\"><img loading=\"lazy\" decoding=\"async\" width=\"612\" height=\"896\" src=\"https:\/\/echta-derminga.de\/wp-content\/uploads\/2024\/12\/2-1.jpg\" alt=\"\" class=\"wp-image-18319\" srcset=\"https:\/\/echta-derminga.de\/wp-content\/uploads\/2024\/12\/2-1.jpg 612w, https:\/\/echta-derminga.de\/wp-content\/uploads\/2024\/12\/2-1-205x300.jpg 205w\" sizes=\"auto, (max-width: 612px) 100vw, 612px\" \/><\/figure>\n<\/div>\n\n<div class=\"wp-block-image\">\n<figure class=\"aligncenter size-full\"><img loading=\"lazy\" decoding=\"async\" width=\"578\" height=\"868\" src=\"https:\/\/echta-derminga.de\/wp-content\/uploads\/2024\/12\/3-1.jpg\" alt=\"\" class=\"wp-image-18320\" srcset=\"https:\/\/echta-derminga.de\/wp-content\/uploads\/2024\/12\/3-1.jpg 578w, https:\/\/echta-derminga.de\/wp-content\/uploads\/2024\/12\/3-1-200x300.jpg 200w\" sizes=\"auto, (max-width: 578px) 100vw, 578px\" \/><\/figure>\n<\/div>\n\n<div class=\"wp-block-image\">\n<figure class=\"aligncenter size-large\"><img loading=\"lazy\" decoding=\"async\" width=\"700\" height=\"696\" src=\"https:\/\/echta-derminga.de\/wp-content\/uploads\/2024\/12\/4-1-700x696.jpg\" alt=\"\" class=\"wp-image-18321\" srcset=\"https:\/\/echta-derminga.de\/wp-content\/uploads\/2024\/12\/4-1-700x696.jpg 700w, https:\/\/echta-derminga.de\/wp-content\/uploads\/2024\/12\/4-1-300x298.jpg 300w, https:\/\/echta-derminga.de\/wp-content\/uploads\/2024\/12\/4-1-150x150.jpg 150w, https:\/\/echta-derminga.de\/wp-content\/uploads\/2024\/12\/4-1-768x763.jpg 768w, https:\/\/echta-derminga.de\/wp-content\/uploads\/2024\/12\/4-1-90x90.jpg 90w, https:\/\/echta-derminga.de\/wp-content\/uploads\/2024\/12\/4-1-75x75.jpg 75w, https:\/\/echta-derminga.de\/wp-content\/uploads\/2024\/12\/4-1.jpg 836w\" sizes=\"auto, (max-width: 700px) 100vw, 700px\" \/><\/figure>\n<\/div>","protected":false},"excerpt":{"rendered":"<p>Die Kommunen im Saarland sind nach wie vor so hoch verschuldet wie in keinem anderen Bundesland. Mit 6.100 Euro lag die Pro-Kopf-Verschuldung der saarl\u00e4ndischen St\u00e4dte und Gemeinden, im vergangenen Jahr, h\u00f6her als in jedem anderen Bundesland. Nirgendwo anders sind St\u00e4dte und Gemeinden von Banken und Sparkassen abh\u00e4ngiger als im Saarland. Angeblich tragen viele Kommunen eine Mitschuld an diesem Dilemma. Zu<\/p>\n","protected":false},"author":1,"featured_media":18006,"comment_status":"open","ping_status":"closed","sticky":false,"template":"","format":"standard","meta":{"_crdt_document":"","footnotes":""},"categories":[1,9,902,46],"tags":[5,618,127,795,310],"class_list":["post-18289","post","type-post","status-publish","format-standard","has-post-thumbnail","hentry","category-allgemein","category-dorfgetratsche","category-meine-meinung","category-meine-politik","tag-dirmingen","tag-gemeinde-eppelborn","tag-landkreis-neunkirchen","tag-ortsvorsteher-dirmingen","tag-saarland"],"_links":{"self":[{"href":"https:\/\/echta-derminga.de\/index.php?rest_route=\/wp\/v2\/posts\/18289","targetHints":{"allow":["GET"]}}],"collection":[{"href":"https:\/\/echta-derminga.de\/index.php?rest_route=\/wp\/v2\/posts"}],"about":[{"href":"https:\/\/echta-derminga.de\/index.php?rest_route=\/wp\/v2\/types\/post"}],"author":[{"embeddable":true,"href":"https:\/\/echta-derminga.de\/index.php?rest_route=\/wp\/v2\/users\/1"}],"replies":[{"embeddable":true,"href":"https:\/\/echta-derminga.de\/index.php?rest_route=%2Fwp%2Fv2%2Fcomments&post=18289"}],"version-history":[{"count":18,"href":"https:\/\/echta-derminga.de\/index.php?rest_route=\/wp\/v2\/posts\/18289\/revisions"}],"predecessor-version":[{"id":18323,"href":"https:\/\/echta-derminga.de\/index.php?rest_route=\/wp\/v2\/posts\/18289\/revisions\/18323"}],"wp:featuredmedia":[{"embeddable":true,"href":"https:\/\/echta-derminga.de\/index.php?rest_route=\/wp\/v2\/media\/18006"}],"wp:attachment":[{"href":"https:\/\/echta-derminga.de\/index.php?rest_route=%2Fwp%2Fv2%2Fmedia&parent=18289"}],"wp:term":[{"taxonomy":"category","embeddable":true,"href":"https:\/\/echta-derminga.de\/index.php?rest_route=%2Fwp%2Fv2%2Fcategories&post=18289"},{"taxonomy":"post_tag","embeddable":true,"href":"https:\/\/echta-derminga.de\/index.php?rest_route=%2Fwp%2Fv2%2Ftags&post=18289"}],"curies":[{"name":"wp","href":"https:\/\/api.w.org\/{rel}","templated":true}]}}