{"id":18336,"date":"2025-01-08T16:51:27","date_gmt":"2025-01-08T15:51:27","guid":{"rendered":"https:\/\/echta-derminga.de\/?p=18336"},"modified":"2025-01-08T17:25:21","modified_gmt":"2025-01-08T16:25:21","slug":"schmerzliche-veraenderungen-unser-land-verabschiedet-sich-von-seiner-christlichen-kultur","status":"publish","type":"post","link":"https:\/\/echta-derminga.de\/?p=18336","title":{"rendered":"Schmerzliche Ver\u00e4nderungen &#8211; Unser Land verabschiedet sich von seiner christlichen Kultur"},"content":{"rendered":"\n<p class=\"has-medium-font-size wp-block-paragraph\"><strong>Einem aktuellen Pressebericht des saarl\u00e4ndischen Rundfunks zufolge, ist unser Land auf dem besten Wege seine christliche Kultur abzuschaffen. Nach wie vor gilt unser Saarland noch vor Bayern als \u201ekatholischstes Bundesland\u201c Deutschlands. Noch im Jahre 2011 geh\u00f6rten \u00fcber 60% der Saarl\u00e4nderinnen und Saarl\u00e4nder der katholischen Kirche an. Im Jahre 2024 geh\u00f6rten nur noch 51% der Saarl\u00e4nderinnen und Saarl\u00e4nder der katholischen Kirche an. Kaum zu glauben im konservativen Bayern sind es sogar weniger als 45 %. Seit Jahren steigt die Zahl der Kirchenaustritte in beiden Kirchen massiv an. Auch in der evangelischen Kirche sind in den letzten Jahren immer mehr Menschen ausgetreten. In der katholischen Kirche liegen die Austrittszahlen jedoch weitaus h\u00f6her. Nat\u00fcrlich ist das auch der Tatsache geschuldet, dass es im Saarland mehr Katholiken gibt.<\/strong><\/p>\n\n\n\n<p class=\"has-medium-font-size wp-block-paragraph\">Mittlerweile geh\u00f6rt nur noch eine knappe Mehrheit der Menschen in Deutschland einer anderen oder keiner Religionsgemeinschaft an. Gr\u00fcnde liegen unter anderem im demografischen Wandel und in unserer Erziehung, die immer mehr weg von der Kirche f\u00fchrt. Immer weniger Menschen werden geboren. Immer mehr Eltern entscheiden sich gegen eine christliche Taufe oder sp\u00e4ter gegen eine Kommunion oder Konfirmation. Menschen, die in unser Land kommen und hier eine neue Heimat finden sind in der Regel keine Christen, sondern geh\u00f6ren einer anderen Glaubensgemeinschaft an. Weitere Gr\u00fcnde liegen in den vielen Skandalen der sexualisierten Gewalt und in der sehr kritischen Haltung der katholischen Kirche gegen\u00fcber queeren Menschen. Au\u00dferdem wird beiden Kirchen verst\u00e4rkt Geldverschwendung vorgeworfen. Das Thema Kirchensteuer steht erstaunlicherweise nicht ganz oben auf der Liste der Austrittsgr\u00fcnde. &nbsp;<\/p>\n\n\n\n<p class=\"has-medium-font-size wp-block-paragraph\"><strong>Der Saarl\u00e4ndische Rundfunk berichtet, dass mittlerweile in Saarbr\u00fccken, V\u00f6lklingen und Neunkirchen Katholikinnen und Katholiken in der Minderheit sind. In der Landeshauptstadt Saarbr\u00fccken geh\u00f6ren mittlerweile 46 Prozent der Menschen keiner der beiden konfessionellen Kirchen an. Am Ende des Tages wird die Entwicklung in den beiden Kirchen daf\u00fcr sorgen, dass sich auch in unseren St\u00e4dten und D\u00f6rfern das Ortsbild ver\u00e4ndern wird. &nbsp;Wir stehen vor gravierende Ver\u00e4nderungen, die nicht nur christliche Menschen zu sp\u00fcren bekommen. Beide Kirchen sind mit der katholischen Caritas und der evangelischen Diakonie die gr\u00f6\u00dften Arbeitgeberinnen in Deutschland. Schon allein beim Thema Kita oder Krippenplatz kommt man an unseren Kirchen nicht vorbei. In Zukunft wird noch mehr Verantwortung auf die Kommunen zukommen. F\u00fcr die Gemeinde Eppelborn beispielsweise w\u00e4re der R\u00fcckzug der Kirchen aus dem Kindergartenbereich sehr schmerzhaft. Aufgrund der defizit\u00e4ren Haushaltslage kann ich mir nicht vorstellen, wie unsere Gemeinden diese Kita-Einrichtungen auf Dauer erhalten k\u00f6nnen. Ein weiteres Beispiel daf\u00fcr, wie unseren saarl\u00e4ndischen Gemeinden immer mehr die Luft zum Atmen geraubt wird. Bleibt zu hoffen, dass beide Kirchen den Kurs halten und sich nicht aus finanziellen Gr\u00fcnden aus der Verantwortung ziehen.<\/strong><\/p>\n\n\n<div class=\"wp-block-image\">\n<figure class=\"aligncenter size-full\"><img loading=\"lazy\" decoding=\"async\" width=\"700\" height=\"466\" src=\"https:\/\/echta-derminga.de\/wp-content\/uploads\/2025\/01\/P1020097.jpg\" alt=\"\" class=\"wp-image-18351\" srcset=\"https:\/\/echta-derminga.de\/wp-content\/uploads\/2025\/01\/P1020097.jpg 700w, https:\/\/echta-derminga.de\/wp-content\/uploads\/2025\/01\/P1020097-300x200.jpg 300w\" sizes=\"auto, (max-width: 700px) 100vw, 700px\" \/><\/figure>\n<\/div>\n\n\n<p class=\"has-medium-font-size wp-block-paragraph\">Nat\u00fcrlich nagen unsere beiden Kirchen nicht am Hungertuch. Aus katholischer Sicht haben viele Menschen ein echtes Problem mit dem Vatikanstaat. Auch wenn aktuell noch gen\u00fcgend Geld vorhanden ist, haben beide Kirchen gegen\u00fcber ihren Mitgliedern die Verantwortung Einsparungen vorzunehmen und sich f\u00fcr die Zukunft zu r\u00fcsten. Auch hier m\u00fcssen Haushalte verabschiedet und finanzielle Spielr\u00e4ume angepasst werden. Stellt euch unsere D\u00f6rfer mal ohne Kircht\u00fcrme vor! Gef\u00fchlt hat in unserem kleinen Bundesland jedes D\u00f6rfchen eine eigene Kirche. Glaubt ihr, dass wir alle diese Kirchen erhalten k\u00f6nnen? Selbst nach einer Umwidmung entstehen hohe Umbau- und Haushaltskosten. Wer soll das bezahlen?<\/p>\n\n\n\n<p class=\"has-medium-font-size wp-block-paragraph\"><strong>Beide Kirchen werden nicht daran vorbeikommen einen gro\u00dfen Teil ihrer Immobilien abzugeben. Wenn also in naher Zukunft Pfarrheime oder Gemeindeh\u00e4user geschlossen werden, betrifft das am Ende die Infrastruktur unserer D\u00f6rfer. Genau an diesem Punkt plagt mich eine riesengro\u00dfe Sorge. Beim Blick auf meinen Heimatort Dirmingen werde ich unruhig. Unsere beiden Kirchen pr\u00e4gen das Ortsbild unseres Heimatortes und beide Kirchengemeinden leisten einen gro\u00dfen Beitrag zur vorhandenen Infrastruktur. &nbsp;Ich habe gro\u00dfe Sorge, dass wir den vorhandene \u201eStatus Quo\u201c nicht halten k\u00f6nnen. Der Wegfall einer Kirchengemeinde oder einer Kirche h\u00e4tte massive Auswirkungen auf unser Dorfleben.<\/strong><\/p>\n\n\n\n<p class=\"has-medium-font-size wp-block-paragraph\">Ein Land schafft seine christliche Kultur ab und ist auf dem besten Weg seine Werte aufzugeben. Das Leben ist Ver\u00e4nderung und nat\u00fcrlich muss sich auch bei Kirchen\u2018s einiges ver\u00e4ndern. Neue Strukturen m\u00fcssen geschaffen und alte Brandmauern eingerissen werden. Ganz \u00e4hnlich wie in der Politik muss auch in beiden Kirchen so einiges auf den Pr\u00fcfstand gelegt werden. Wir stehen vor ma\u00dfgeblichen Ver\u00e4nderungen und m\u00fcssen davon ausgehen, dass sich nach der Bundestagswahl im Februar einiges ver\u00e4ndern wird. Das Verh\u00e4ltnis rechter Parteien zur Kirche ist seit jeher angespannt. Nicht jeder der sich von seiner besten patriotischen Seite pr\u00e4sentiert, hat ein Herz f\u00fcr die Kirche. Finde den Fehler: Wir leben in Zeiten, in denen wir fremde Kulturen ausweisen m\u00f6chten und unsere eigenen Werte vernachl\u00e4ssigen. Gegebenenfalls k\u00f6nnte sich die Situation nach der Bundestagswahl sogar noch versch\u00e4rfen. Am Ende k\u00f6nnte sich buchst\u00e4blich die Katze in den Schwanz bei\u00dfen.<\/p>\n\n\n\n<p class=\"has-medium-font-size wp-block-paragraph\"><strong>Aus meiner Sicht der Dinge m\u00fcssen wir dem Trend mit einem Umdenken entgegenwirken. Es muss erst klick machen. Die Kirche muss sich ver\u00e4ndern und die Menschen m\u00fcssen wieder lernen ihre Kultur zu sch\u00e4tzen. Es ist wie mit der biblischen Geschichte des verlorenen Sohns. Von nichts kommt nichts. Wir brauchen Mut zur Ver\u00e4nderung. Das bedeutet, dass auch die Politik sich verst\u00e4rkt mit dem Stellenwert unserer Kirchen befassen sollte. Was machen wir mit den vielen kirchlichen Geb\u00e4uden und Einrichtungen?<\/strong> <strong>Wie k\u00f6nnen wir den D\u00f6rfern und St\u00e4dten helfen und die vorhandene Infrastruktur erhalten. Die Kirche muss sich verst\u00e4rkt mit der Frage besch\u00e4ftigen, wie man die eigenen Sch\u00e4fchen Nachhause holt und wie man gedenkt die Kirche im Dorf zu behalten.<\/strong><\/p>\n\n\n<div class=\"wp-block-image\">\n<figure class=\"aligncenter size-large\"><img loading=\"lazy\" decoding=\"async\" width=\"700\" height=\"467\" src=\"https:\/\/echta-derminga.de\/wp-content\/uploads\/2025\/01\/33183996_446866762392950_2934311185496932352_o-700x467.jpg\" alt=\"\" class=\"wp-image-18353\" srcset=\"https:\/\/echta-derminga.de\/wp-content\/uploads\/2025\/01\/33183996_446866762392950_2934311185496932352_o-700x467.jpg 700w, https:\/\/echta-derminga.de\/wp-content\/uploads\/2025\/01\/33183996_446866762392950_2934311185496932352_o-300x200.jpg 300w, https:\/\/echta-derminga.de\/wp-content\/uploads\/2025\/01\/33183996_446866762392950_2934311185496932352_o-768x512.jpg 768w, https:\/\/echta-derminga.de\/wp-content\/uploads\/2025\/01\/33183996_446866762392950_2934311185496932352_o-1536x1025.jpg 1536w, https:\/\/echta-derminga.de\/wp-content\/uploads\/2025\/01\/33183996_446866762392950_2934311185496932352_o.jpg 1722w\" sizes=\"auto, (max-width: 700px) 100vw, 700px\" \/><\/figure>\n<\/div>\n\n\n<p class=\"has-medium-font-size wp-block-paragraph\">Unsere Landesregierung unterst\u00fctzt Vorhaben der nachhaltigen Dorfentwicklung in l\u00e4ndlichen Raum. Dabei sollen wichtige Projekte in unseren Gemeinden, Orten und Ortsteilen umgesetzt werden. Gebietsk\u00f6rperschaften, Kirchengemeinden oder eine nat\u00fcrliche oder juristische Person des privaten oder \u00f6ffentlichen Rechts k\u00f6nnen F\u00f6rderungen f\u00fcr folgende Projekte erhalten:<\/p>\n\n\n\n<ul class=\"wp-block-list\">\n<li class=\"has-medium-font-size\">Erstellung von Dorf-, Gemeinde- oder Regionalentwicklungskonzepten,<\/li>\n\n\n\n<li class=\"has-medium-font-size\">Umnutzung d\u00f6rflicher Bausubstanz f\u00fcr Dorfgemeinschaftseinrichtungen sowie ggf. die bauliche Erweiterung im Rahmen der Umnutzung,<\/li>\n\n\n\n<li class=\"has-medium-font-size\">dorfgem\u00e4\u00dfen Erhaltung und Gestaltung des Ortsbildes und zum Erhalt des baulich-kulturellen Erbes,<\/li>\n\n\n\n<li class=\"has-medium-font-size\">Erhaltung und Verbesserung der dorf\u00f6kologischen Verh\u00e4ltnisse,<\/li>\n\n\n\n<li class=\"has-medium-font-size\">St\u00e4rkung des d\u00f6rflichen Gemeinschaftslebens,<\/li>\n\n\n\n<li class=\"has-medium-font-size\">Schaffung kleiner \u00f6ffentlicher Kultur-, Freizeit- und Tourismusinfrastruktur einschlie\u00dflich der Fremdenverkehrsinformation mit Bezug zur Ortslage.<\/li>\n<\/ul>\n\n\n\n<p class=\"has-medium-font-size wp-block-paragraph\">Die H\u00f6he der F\u00f6rderung h\u00e4ngt von der Ma\u00dfnahme ab. Wie bereits an anderer Stelle erw\u00e4hnt, klingt das einfacher, wie es vielleicht ist. Die F\u00f6rderung deckt nicht den kompletten Bedarf ab und muss finanziell aufgestockt werden. Au\u00dferdem muss eine ELER-F\u00f6rderma\u00dfnahme aktiv begleitet werden. Es fehlt oftmals an Arbeitskraft und vorhandenen finanziellen M\u00f6glichkeiten. Dennoch loht es sich \u00fcber diesen Weg nachzudenken.<\/p>\n\n\n\n<p class=\"has-medium-font-size wp-block-paragraph\"><strong>F\u00fcr meinen Heimatort Dirmingen w\u00fcrde ich mir einen runden Tisch w\u00fcnschen, an dem unsere Gemeindeverwaltung und die beiden Kirchengemeinden einmal laut dar\u00fcber nachdenken, wie wir mit den vorhandenen Immobilien und unserem gemeinsamen Weg umgehen. Wir brauchen unsere beiden Kirchengemeinden f\u00fcr unsere Dorfgemeinschaft. Lasst uns dar\u00fcber reden, wie wir den steinigen Weg gemeinsam meistern k\u00f6nnen.<\/strong> <strong>Wenn es uns nicht gelingt, die Kirche im Dorf zu lassen, werden irgendwann die ersten Lichter ausgehen.<\/strong><\/p>\n\n\n<div class=\"wp-block-image\">\n<figure class=\"aligncenter size-large\"><img loading=\"lazy\" decoding=\"async\" width=\"700\" height=\"519\" src=\"https:\/\/echta-derminga.de\/wp-content\/uploads\/2025\/01\/tgw-700x519.jpeg\" alt=\"\" class=\"wp-image-18354\" srcset=\"https:\/\/echta-derminga.de\/wp-content\/uploads\/2025\/01\/tgw-700x519.jpeg 700w, https:\/\/echta-derminga.de\/wp-content\/uploads\/2025\/01\/tgw-300x222.jpeg 300w, https:\/\/echta-derminga.de\/wp-content\/uploads\/2025\/01\/tgw-768x569.jpeg 768w, https:\/\/echta-derminga.de\/wp-content\/uploads\/2025\/01\/tgw.jpeg 1337w\" sizes=\"auto, (max-width: 700px) 100vw, 700px\" \/><\/figure>\n<\/div>","protected":false},"excerpt":{"rendered":"<p>Einem aktuellen Pressebericht des saarl\u00e4ndischen Rundfunks zufolge, ist unser Land auf dem besten Wege seine christliche Kultur abzuschaffen. Nach wie vor gilt unser Saarland noch vor Bayern als \u201ekatholischstes Bundesland\u201c Deutschlands. Noch im Jahre 2011 geh\u00f6rten \u00fcber 60% der Saarl\u00e4nderinnen und Saarl\u00e4nder der katholischen Kirche an. Im Jahre 2024 geh\u00f6rten nur noch 51% der Saarl\u00e4nderinnen und Saarl\u00e4nder der katholischen Kirche<\/p>\n","protected":false},"author":1,"featured_media":18352,"comment_status":"open","ping_status":"closed","sticky":false,"template":"","format":"standard","meta":{"_crdt_document":"","footnotes":""},"categories":[1,9,902],"tags":[5,85,618,568,127,634,310],"class_list":["post-18336","post","type-post","status-publish","format-standard","has-post-thumbnail","hentry","category-allgemein","category-dorfgetratsche","category-meine-meinung","tag-dirmingen","tag-evangelische-kirche-dirmingen","tag-gemeinde-eppelborn","tag-katholische-kirchengemeinde","tag-landkreis-neunkirchen","tag-ortsvorsteher","tag-saarland"],"_links":{"self":[{"href":"https:\/\/echta-derminga.de\/index.php?rest_route=\/wp\/v2\/posts\/18336","targetHints":{"allow":["GET"]}}],"collection":[{"href":"https:\/\/echta-derminga.de\/index.php?rest_route=\/wp\/v2\/posts"}],"about":[{"href":"https:\/\/echta-derminga.de\/index.php?rest_route=\/wp\/v2\/types\/post"}],"author":[{"embeddable":true,"href":"https:\/\/echta-derminga.de\/index.php?rest_route=\/wp\/v2\/users\/1"}],"replies":[{"embeddable":true,"href":"https:\/\/echta-derminga.de\/index.php?rest_route=%2Fwp%2Fv2%2Fcomments&post=18336"}],"version-history":[{"count":6,"href":"https:\/\/echta-derminga.de\/index.php?rest_route=\/wp\/v2\/posts\/18336\/revisions"}],"predecessor-version":[{"id":18368,"href":"https:\/\/echta-derminga.de\/index.php?rest_route=\/wp\/v2\/posts\/18336\/revisions\/18368"}],"wp:featuredmedia":[{"embeddable":true,"href":"https:\/\/echta-derminga.de\/index.php?rest_route=\/wp\/v2\/media\/18352"}],"wp:attachment":[{"href":"https:\/\/echta-derminga.de\/index.php?rest_route=%2Fwp%2Fv2%2Fmedia&parent=18336"}],"wp:term":[{"taxonomy":"category","embeddable":true,"href":"https:\/\/echta-derminga.de\/index.php?rest_route=%2Fwp%2Fv2%2Fcategories&post=18336"},{"taxonomy":"post_tag","embeddable":true,"href":"https:\/\/echta-derminga.de\/index.php?rest_route=%2Fwp%2Fv2%2Ftags&post=18336"}],"curies":[{"name":"wp","href":"https:\/\/api.w.org\/{rel}","templated":true}]}}