{"id":18371,"date":"2025-01-13T16:16:12","date_gmt":"2025-01-13T15:16:12","guid":{"rendered":"https:\/\/echta-derminga.de\/?p=18371"},"modified":"2025-01-13T16:16:13","modified_gmt":"2025-01-13T15:16:13","slug":"in-sachen-ortsvorsteher-von-neujahrsempfaengen-einem-besonderen-faasend-umzuch-und-einem-arbeitsreichen-jahr-2025","status":"publish","type":"post","link":"https:\/\/echta-derminga.de\/?p=18371","title":{"rendered":"In Sachen Ortsvorsteher: Von Neujahrsempf\u00e4ngen, einem besonderen &#8222;Faasend-Umzuch! und einem arbeitsreichen Jahr 2025"},"content":{"rendered":"\n<p class=\"has-medium-font-size wp-block-paragraph\">Liebe Mitb\u00fcrgerinnen und Mitb\u00fcrger, liebe Landsleute,<\/p>\n\n\n\n<p class=\"has-medium-font-size wp-block-paragraph\">ich hoffe Sie sind gut in das neue Jahr 2025 gestartet? Im ersten Monat eines jeden Jahres findet erfahrungsgem\u00e4\u00df die Neujahrsempf\u00e4nge der St\u00e4dte, Kommunen, Verb\u00e4nde und Vereine statt. Auf dem Neujahrsempfang der Gemeinde Eppelborn im \u201ebigEpple\u201c waren neben vielen B\u00fcrgerinnen und B\u00fcrgern auch zahlreiche Vereinsvertreter und Mandatstr\u00e4gern aus der Bundes -und Landespolitik sowie Vertretern aus unseren Ortsr\u00e4ten und dem Gemeinderat. Es war erneut die Zeit einmal Revue passieren zu lassen und neue Pl\u00e4ne zu schmieden. B\u00fcrgermeister Dr. Andreas Feld dankte f\u00fcr das ehrenamtliche Engagement in unserer Gemeinde und verabschiedete verdiente Mandatstr\u00e4ger aus dem Gemeinderat und unseren Ortsr\u00e4ten. Bereits im vergangenen Jahr haben wir im Dirminger Ortsrat die ehemaligen Mandatstr\u00e4ger Yorick Meiser, Nathalie Schlicher, Tobias Schlicher, Ralf Urmoneit, Benjamin R\u00f6diger und Jens Feldmann verabschiedet. Sch\u00f6n, dass der B\u00fcrgermeister nun w\u00e4hrend seinem Neujahrsempfang seine kommunale B\u00fchne nutzte um seinen Dank auszusprechen. Das Jahr 2025 wird uns alle vor gro\u00dfe Herausforderungen stellen. Die Probleme in unserer Gemeinde und somit auch in unserem Heimatort sind nicht von der Hand zu weichen. Wir leiden unter einem massiven Investitionsstau und sind bei allen Projekten auf die Unterst\u00fctzung von Bund,- Land oder Investoren angewiesen. Das einzige das ich Ihnen f\u00fcr das neue Jahr gerne versprechen werde, ist dass ich gemeinsam mit meinem Ortsrat mein Bestes geben werde um die Situation in Dirmingen zu verbessern. Mit allen meinen bescheidenen M\u00f6glichkeiten werde ich mich f\u00fcr das Wohl der Menschen in unserem Dorf einsetzen. Dabei m\u00f6chte ich nicht verschweigen, dass wir alle kommunale Kr\u00e4fte partei\u00fcbergreifend setzen m\u00fcssen. Es liegen keine allzu leichte Zeiten vor uns ! Auf der anderen Seite hat unsere Dorfgemeinschaft schon eindrucksvoll oft bewiesen, zu was sie tats\u00e4chlich im Stande ist. Vielleicht gelingt es uns in diesen Zeiten ein st\u00fcck enger zusammenzur\u00fccken und uns gegenseitig zu st\u00fctzen. Dies ist nicht die Zeit um sich gegenseitig Vorw\u00fcrfe zu verlieren. In diesem Sinne reiche ich allen Freunden, Kritikern und Mitb\u00fcrgerinnen und Mitb\u00fcrgern die Hand zur Zusammenarbeit und w\u00fcnsche allen nochmals ein frohes, gesundes und gesegnetes neues Jahr 2025.<\/p>\n\n\n\n<div class=\"wp-block-columns is-layout-flex wp-container-core-columns-is-layout-8f761849 wp-block-columns-is-layout-flex\">\n<div class=\"wp-block-column is-layout-flow wp-block-column-is-layout-flow\">\n<figure class=\"wp-block-image size-large\"><img loading=\"lazy\" decoding=\"async\" width=\"700\" height=\"525\" src=\"https:\/\/echta-derminga.de\/wp-content\/uploads\/2025\/01\/472971653_997227555771528_4659570059184854506_n-700x525.jpg\" alt=\"\" class=\"wp-image-18379\" srcset=\"https:\/\/echta-derminga.de\/wp-content\/uploads\/2025\/01\/472971653_997227555771528_4659570059184854506_n-700x525.jpg 700w, https:\/\/echta-derminga.de\/wp-content\/uploads\/2025\/01\/472971653_997227555771528_4659570059184854506_n-300x225.jpg 300w, https:\/\/echta-derminga.de\/wp-content\/uploads\/2025\/01\/472971653_997227555771528_4659570059184854506_n-768x576.jpg 768w, https:\/\/echta-derminga.de\/wp-content\/uploads\/2025\/01\/472971653_997227555771528_4659570059184854506_n.jpg 960w\" sizes=\"auto, (max-width: 700px) 100vw, 700px\" \/><\/figure>\n<\/div>\n\n\n\n<div class=\"wp-block-column is-layout-flow wp-block-column-is-layout-flow\">\n<figure class=\"wp-block-image size-large\"><img loading=\"lazy\" decoding=\"async\" width=\"700\" height=\"525\" src=\"https:\/\/echta-derminga.de\/wp-content\/uploads\/2025\/01\/A7T09558-Verbessert-RR-700x525.jpg\" alt=\"\" class=\"wp-image-18378\" srcset=\"https:\/\/echta-derminga.de\/wp-content\/uploads\/2025\/01\/A7T09558-Verbessert-RR-700x525.jpg 700w, https:\/\/echta-derminga.de\/wp-content\/uploads\/2025\/01\/A7T09558-Verbessert-RR-300x225.jpg 300w, https:\/\/echta-derminga.de\/wp-content\/uploads\/2025\/01\/A7T09558-Verbessert-RR-768x576.jpg 768w\" sizes=\"auto, (max-width: 700px) 100vw, 700px\" \/><\/figure>\n<\/div>\n<\/div>\n\n\n\n<div class=\"wp-block-columns is-layout-flex wp-container-core-columns-is-layout-8f761849 wp-block-columns-is-layout-flex\">\n<div class=\"wp-block-column is-layout-flow wp-block-column-is-layout-flow\">\n<figure class=\"wp-block-image size-large\"><img loading=\"lazy\" decoding=\"async\" width=\"700\" height=\"525\" src=\"https:\/\/echta-derminga.de\/wp-content\/uploads\/2025\/01\/A7T09537-Verbessert-RR-700x525.jpg\" alt=\"\" class=\"wp-image-18383\" srcset=\"https:\/\/echta-derminga.de\/wp-content\/uploads\/2025\/01\/A7T09537-Verbessert-RR-700x525.jpg 700w, https:\/\/echta-derminga.de\/wp-content\/uploads\/2025\/01\/A7T09537-Verbessert-RR-300x225.jpg 300w, https:\/\/echta-derminga.de\/wp-content\/uploads\/2025\/01\/A7T09537-Verbessert-RR-768x576.jpg 768w\" sizes=\"auto, (max-width: 700px) 100vw, 700px\" \/><\/figure>\n<\/div>\n\n\n\n<div class=\"wp-block-column is-layout-flow wp-block-column-is-layout-flow\">\n<figure class=\"wp-block-image size-large\"><img loading=\"lazy\" decoding=\"async\" width=\"700\" height=\"525\" src=\"https:\/\/echta-derminga.de\/wp-content\/uploads\/2025\/01\/A7T09655-Verbessert-RR-700x525.jpg\" alt=\"\" class=\"wp-image-18380\" srcset=\"https:\/\/echta-derminga.de\/wp-content\/uploads\/2025\/01\/A7T09655-Verbessert-RR-700x525.jpg 700w, https:\/\/echta-derminga.de\/wp-content\/uploads\/2025\/01\/A7T09655-Verbessert-RR-300x225.jpg 300w, https:\/\/echta-derminga.de\/wp-content\/uploads\/2025\/01\/A7T09655-Verbessert-RR-768x576.jpg 768w, https:\/\/echta-derminga.de\/wp-content\/uploads\/2025\/01\/A7T09655-Verbessert-RR-1536x1152.jpg 1536w, https:\/\/echta-derminga.de\/wp-content\/uploads\/2025\/01\/A7T09655-Verbessert-RR-2048x1536.jpg 2048w\" sizes=\"auto, (max-width: 700px) 100vw, 700px\" \/><\/figure>\n<\/div>\n<\/div>\n\n\n\n<div class=\"wp-block-columns is-layout-flex wp-container-core-columns-is-layout-8f761849 wp-block-columns-is-layout-flex\">\n<div class=\"wp-block-column is-layout-flow wp-block-column-is-layout-flow\">\n<figure class=\"wp-block-image size-large\"><img loading=\"lazy\" decoding=\"async\" width=\"700\" height=\"467\" src=\"https:\/\/echta-derminga.de\/wp-content\/uploads\/2025\/01\/A7T09677-Verbessert-RR-700x467.jpg\" alt=\"\" class=\"wp-image-18382\" srcset=\"https:\/\/echta-derminga.de\/wp-content\/uploads\/2025\/01\/A7T09677-Verbessert-RR-700x467.jpg 700w, https:\/\/echta-derminga.de\/wp-content\/uploads\/2025\/01\/A7T09677-Verbessert-RR-300x200.jpg 300w, https:\/\/echta-derminga.de\/wp-content\/uploads\/2025\/01\/A7T09677-Verbessert-RR-768x512.jpg 768w\" sizes=\"auto, (max-width: 700px) 100vw, 700px\" \/><\/figure>\n<\/div>\n\n\n\n<div class=\"wp-block-column is-layout-flow wp-block-column-is-layout-flow\">\n<figure class=\"wp-block-image size-large\"><img loading=\"lazy\" decoding=\"async\" width=\"700\" height=\"467\" src=\"https:\/\/echta-derminga.de\/wp-content\/uploads\/2025\/01\/A7T09543-Verbessert-RR-700x467.jpg\" alt=\"\" class=\"wp-image-18377\" srcset=\"https:\/\/echta-derminga.de\/wp-content\/uploads\/2025\/01\/A7T09543-Verbessert-RR-700x467.jpg 700w, https:\/\/echta-derminga.de\/wp-content\/uploads\/2025\/01\/A7T09543-Verbessert-RR-300x200.jpg 300w, https:\/\/echta-derminga.de\/wp-content\/uploads\/2025\/01\/A7T09543-Verbessert-RR-768x512.jpg 768w\" sizes=\"auto, (max-width: 700px) 100vw, 700px\" \/><\/figure>\n<\/div>\n<\/div>\n\n\n\n<div class=\"wp-block-columns is-layout-flex wp-container-core-columns-is-layout-8f761849 wp-block-columns-is-layout-flex\">\n<div class=\"wp-block-column is-layout-flow wp-block-column-is-layout-flow\">\n<figure class=\"wp-block-image size-large\"><img loading=\"lazy\" decoding=\"async\" width=\"700\" height=\"449\" src=\"https:\/\/echta-derminga.de\/wp-content\/uploads\/2025\/01\/473172424_1027025836131405_2742030800001076630_n-700x449.jpg\" alt=\"\" class=\"wp-image-18385\" srcset=\"https:\/\/echta-derminga.de\/wp-content\/uploads\/2025\/01\/473172424_1027025836131405_2742030800001076630_n-700x449.jpg 700w, https:\/\/echta-derminga.de\/wp-content\/uploads\/2025\/01\/473172424_1027025836131405_2742030800001076630_n-300x192.jpg 300w, https:\/\/echta-derminga.de\/wp-content\/uploads\/2025\/01\/473172424_1027025836131405_2742030800001076630_n-768x492.jpg 768w, https:\/\/echta-derminga.de\/wp-content\/uploads\/2025\/01\/473172424_1027025836131405_2742030800001076630_n-1536x985.jpg 1536w, https:\/\/echta-derminga.de\/wp-content\/uploads\/2025\/01\/473172424_1027025836131405_2742030800001076630_n.jpg 2048w\" sizes=\"auto, (max-width: 700px) 100vw, 700px\" \/><\/figure>\n<\/div>\n\n\n\n<div class=\"wp-block-column is-layout-flow wp-block-column-is-layout-flow\">\n<figure class=\"wp-block-image size-large\"><img loading=\"lazy\" decoding=\"async\" width=\"700\" height=\"525\" src=\"https:\/\/echta-derminga.de\/wp-content\/uploads\/2025\/01\/A7T09470-Verbessert-RR-700x525.jpg\" alt=\"\" class=\"wp-image-18388\" srcset=\"https:\/\/echta-derminga.de\/wp-content\/uploads\/2025\/01\/A7T09470-Verbessert-RR-700x525.jpg 700w, https:\/\/echta-derminga.de\/wp-content\/uploads\/2025\/01\/A7T09470-Verbessert-RR-300x225.jpg 300w, https:\/\/echta-derminga.de\/wp-content\/uploads\/2025\/01\/A7T09470-Verbessert-RR-768x576.jpg 768w, https:\/\/echta-derminga.de\/wp-content\/uploads\/2025\/01\/A7T09470-Verbessert-RR-1536x1152.jpg 1536w, https:\/\/echta-derminga.de\/wp-content\/uploads\/2025\/01\/A7T09470-Verbessert-RR-2048x1536.jpg 2048w\" sizes=\"auto, (max-width: 700px) 100vw, 700px\" \/><\/figure>\n<\/div>\n<\/div>\n\n\n\n<p class=\"has-medium-font-size wp-block-paragraph\"><strong>Erfolgreiche Weihnachtsbaumsammelaktion in Dirmingen<\/strong><\/p>\n\n\n\n<p class=\"has-medium-font-size wp-block-paragraph\">Ich m\u00f6chte mich im Namen unserer Bev\u00f6lkerung ganz herzlich f\u00fcr die diesj\u00e4hrige Weihnachtsbaumsammelakton der Dirminger SPD bedanken. In diesem Jahr wurden weitaus mehr B\u00e4ume eingesammelt und zur Kompostieranlage nach Humes gebracht. Sch\u00f6n, dass die Aktion so stark angenommen wurde. Gut, dass unsere Gemeindeverwaltung in jedem Jahr die Kopostieranlage kostenfrei zur Verf\u00fcgung stellt. Vielen herzlichen Dank an alle Helferinnen und Helfer des SPD Ortsverbandes Dirmingen. <\/p>\n\n\n<div class=\"wp-block-image\">\n<figure class=\"aligncenter size-large\"><img loading=\"lazy\" decoding=\"async\" width=\"700\" height=\"498\" src=\"https:\/\/echta-derminga.de\/wp-content\/uploads\/2025\/01\/473054256_8965453326882646_7639645235630333802_n-700x498.jpg\" alt=\"\" class=\"wp-image-18375\" srcset=\"https:\/\/echta-derminga.de\/wp-content\/uploads\/2025\/01\/473054256_8965453326882646_7639645235630333802_n-700x498.jpg 700w, https:\/\/echta-derminga.de\/wp-content\/uploads\/2025\/01\/473054256_8965453326882646_7639645235630333802_n-300x213.jpg 300w, https:\/\/echta-derminga.de\/wp-content\/uploads\/2025\/01\/473054256_8965453326882646_7639645235630333802_n-768x546.jpg 768w, https:\/\/echta-derminga.de\/wp-content\/uploads\/2025\/01\/473054256_8965453326882646_7639645235630333802_n-1536x1093.jpg 1536w, https:\/\/echta-derminga.de\/wp-content\/uploads\/2025\/01\/473054256_8965453326882646_7639645235630333802_n.jpg 2048w\" sizes=\"auto, (max-width: 700px) 100vw, 700px\" \/><\/figure>\n<\/div>\n\n\n<p class=\"has-medium-font-size wp-block-paragraph\"><strong>Erfolgreiche<\/strong> <strong>Sternsingeraktion in Dirmingen<\/strong><\/p>\n\n\n\n<p class=\"has-medium-font-size wp-block-paragraph\">Ich bedanke uns bei unseren Sternsingern und den zahlreichen Helferinnen und Helfern f\u00fcr die Durchf\u00fchrung der diesj\u00e4hrigen Sternsingeraktion. Unter anderem waren die Sternsinger auch zu Gast bei der Evangelischen Kirchengemeinde St.Wendel-Illtal, in der evangelischen Kirche Dirmingen. Vielen Dank an die Begleiter Frank Klein (mein Namensvetter) und Gisela Busse. Inzwischen ist es zur guten Tradition geworden, dass die Sternsinger zum Jahresanfang die evangelischen Kirche besuchen und somit am Rande auch unsere \u00d6kumene pflegen. Danke an unsere beiden Kirchengemeinden f\u00fcr das gute Miteinander.<\/p>\n\n\n\n<div class=\"wp-block-columns is-layout-flex wp-container-core-columns-is-layout-8f761849 wp-block-columns-is-layout-flex\">\n<div class=\"wp-block-column is-layout-flow wp-block-column-is-layout-flow\">\n<figure class=\"wp-block-image size-large\"><img loading=\"lazy\" decoding=\"async\" width=\"700\" height=\"591\" src=\"https:\/\/echta-derminga.de\/wp-content\/uploads\/2025\/01\/473076900_8949793248448654_3182697696977018908_n-700x591.jpg\" alt=\"\" class=\"wp-image-18373\" srcset=\"https:\/\/echta-derminga.de\/wp-content\/uploads\/2025\/01\/473076900_8949793248448654_3182697696977018908_n-700x591.jpg 700w, https:\/\/echta-derminga.de\/wp-content\/uploads\/2025\/01\/473076900_8949793248448654_3182697696977018908_n-300x253.jpg 300w, https:\/\/echta-derminga.de\/wp-content\/uploads\/2025\/01\/473076900_8949793248448654_3182697696977018908_n-768x648.jpg 768w, https:\/\/echta-derminga.de\/wp-content\/uploads\/2025\/01\/473076900_8949793248448654_3182697696977018908_n-1536x1296.jpg 1536w, https:\/\/echta-derminga.de\/wp-content\/uploads\/2025\/01\/473076900_8949793248448654_3182697696977018908_n.jpg 2048w\" sizes=\"auto, (max-width: 700px) 100vw, 700px\" \/><\/figure>\n<\/div>\n\n\n\n<div class=\"wp-block-column is-layout-flow wp-block-column-is-layout-flow\">\n<figure class=\"wp-block-image size-full\"><img loading=\"lazy\" decoding=\"async\" width=\"526\" height=\"524\" src=\"https:\/\/echta-derminga.de\/wp-content\/uploads\/2025\/01\/473365928_8969397139821598_8511532424693172528_n.jpg\" alt=\"\" class=\"wp-image-18374\" srcset=\"https:\/\/echta-derminga.de\/wp-content\/uploads\/2025\/01\/473365928_8969397139821598_8511532424693172528_n.jpg 526w, https:\/\/echta-derminga.de\/wp-content\/uploads\/2025\/01\/473365928_8969397139821598_8511532424693172528_n-300x300.jpg 300w, https:\/\/echta-derminga.de\/wp-content\/uploads\/2025\/01\/473365928_8969397139821598_8511532424693172528_n-150x150.jpg 150w, https:\/\/echta-derminga.de\/wp-content\/uploads\/2025\/01\/473365928_8969397139821598_8511532424693172528_n-90x90.jpg 90w, https:\/\/echta-derminga.de\/wp-content\/uploads\/2025\/01\/473365928_8969397139821598_8511532424693172528_n-75x75.jpg 75w\" sizes=\"auto, (max-width: 526px) 100vw, 526px\" \/><\/figure>\n<\/div>\n<\/div>\n\n\n\n<p class=\"has-medium-font-size wp-block-paragraph\"><strong>Glascontainer zum Jahreswechsel ausgetauscht<\/strong> !<\/p>\n\n\n\n<p class=\"has-medium-font-size wp-block-paragraph\">Irritationen entstanden kurz nach dem Jahreswechsel. Pl\u00f6tzlich fehlten an den bekannten Standorten die Glascontainer. Zahlreiche B\u00fcrgerinnen und B\u00fcrger meldeten sich bei mir und \u00e4u\u00dferten ihren Unmut. Tats\u00e4chlich wurde unsere Gemeindeverwaltung und somit auch ich pers\u00f6nlich nicht von einem geplanten Containertausch informiert. Nachdem wir uns aber entsprechende Informationen eingeholt hatten, kam langsam Licht ins Dunkel. Die entsprechende Fachabteilung der Gemeindeverwaltung informierte schlie\u00dflich, dass Seitens der zust\u00e4ndigen Beh\u00f6rde die Sammlung und Entsorgung der Glascontainer zum 01.01.25 neu vergeben wurde. Dabei wurde der Auftragnehmer im Landkreis Neunkirchen gewechselt. Neuer Vertragsnehmer ist die Firma PreZero Service S\u00fcd GmbH &amp; CO.KG. Grunds\u00e4tzlich gab es zwischen dem alten und neuen Auftragsnehmer die Vereinbarung, dass die Glascontainer binnen 24 Stunden zu wechseln und neu aufzustellen sind. Die Gemeindeverwaltung wurde leider nicht in die Vereinbarung beider Firmen einbezogen. Grunds\u00e4tzlich wurden die Glascontainer wieder an ihren alten Standort aufgestellt. Ich bitte alle B\u00fcrgerinnen und B\u00fcrger um Kenntnisnahme und Verst\u00e4ndnis.<\/p>\n\n\n<div class=\"wp-block-image\">\n<figure class=\"aligncenter size-large\"><img loading=\"lazy\" decoding=\"async\" width=\"700\" height=\"525\" src=\"https:\/\/echta-derminga.de\/wp-content\/uploads\/2025\/01\/IMG-20250113-WA0009-700x525.jpg\" alt=\"\" class=\"wp-image-18389\" srcset=\"https:\/\/echta-derminga.de\/wp-content\/uploads\/2025\/01\/IMG-20250113-WA0009-700x525.jpg 700w, https:\/\/echta-derminga.de\/wp-content\/uploads\/2025\/01\/IMG-20250113-WA0009-300x225.jpg 300w, https:\/\/echta-derminga.de\/wp-content\/uploads\/2025\/01\/IMG-20250113-WA0009-768x576.jpg 768w, https:\/\/echta-derminga.de\/wp-content\/uploads\/2025\/01\/IMG-20250113-WA0009-1536x1152.jpg 1536w, https:\/\/echta-derminga.de\/wp-content\/uploads\/2025\/01\/IMG-20250113-WA0009.jpg 1600w\" sizes=\"auto, (max-width: 700px) 100vw, 700px\" \/><\/figure>\n<\/div>\n\n\n<p class=\"has-medium-font-size wp-block-paragraph\"><strong>Neujahrsempfang beim &#8222;Derminga Treff&#8220;<\/strong><\/p>\n\n\n\n<p class=\"has-medium-font-size wp-block-paragraph\">Das &#8222;Derminga Treff&#8220; bietet einmal im Monat die M\u00f6glichkeit Dorfgemeinschaft zu pflegen. In der Regel kommen zwischen 40 und 50 Personen zu den Veranstaltungen im evangelischen Gemeindehaus Dirmingen. Zum Jahresbeginn hat sich der Helferkreis dazu entschlossen zu einem Neujahrsempfang einzuladen. Es geht darum unsere Vereine und Organisationen mitzunehmen um das &#8222;Derminga Treff&#8220; als Ort der Kommunikation und des innerd\u00f6rflichen Miteinanders zu verkn\u00fcpfen. Alle B\u00fcrgerinnen und B\u00fcrger, Vereinsvertreter, Kirchenvertreter und Mitglieder unseres Ortsrates sind herzlich zu dieser Veranstaltung am 25. Januar um 11:30 Uhr eingeladen.<\/p>\n\n\n<div class=\"wp-block-image\">\n<figure class=\"aligncenter size-full\"><img loading=\"lazy\" decoding=\"async\" width=\"582\" height=\"830\" src=\"https:\/\/echta-derminga.de\/wp-content\/uploads\/2025\/01\/Treff-NEU.png\" alt=\"\" class=\"wp-image-18372\" srcset=\"https:\/\/echta-derminga.de\/wp-content\/uploads\/2025\/01\/Treff-NEU.png 582w, https:\/\/echta-derminga.de\/wp-content\/uploads\/2025\/01\/Treff-NEU-210x300.png 210w\" sizes=\"auto, (max-width: 582px) 100vw, 582px\" \/><\/figure>\n<\/div>\n\n\n<p class=\"has-medium-font-size wp-block-paragraph\"><strong>Einladung zur Infoveranstaltung &#8222;Hofladen&#8220;<\/strong><\/p>\n\n\n\n<p class=\"has-medium-font-size wp-block-paragraph\">Info-Tag im automatisierten Hofladen \u2013 Einfach, entspannt, f\u00fcr alle!\u00a0Der automatisierte Hofladen von Christina Kr\u00e4mer ist so gestaltet, dass der Einkauf wirklich kinderleicht ist \u2013 trotzdem ist bekannt, dass viele Menschen vor etwas Neuem Respekt haben. Um euch jede Sorge zu nehmen und zu zeigen, wie einfach es wirklich ist Christina Kr\u00e4mer am Sonntag, den 26.01., von 13:00 bis 16:00 Uhr pers\u00f6nlich vor Ort! Dort wird Schritt f\u00fcr Schritt gezeigt, wie der Hofladen funktioniert,\u00a0wie einfach der Einkauf abl\u00e4uft,\u00a0wie ihr euch registrieren k\u00f6nnt, und\u00a0 wie ihr euch auf Wunsch praktische Plastikkarten f\u00fcr den Zugang ergattern k\u00f6nnt. Die Bedienung ist wirklich simpel \u2013 nach einer kurzen Erkl\u00e4rung werdet ihr merken, dass es absolut keinen Grund zur Sorge gibt! Inhaberin Christina Kr\u00e4mer m\u00f6chte, dass ihr euch sicher und wohl f\u00fchlt, und genau deshalb gibt es diesen Info-Tag. Kommt vorbei, schaut euch alles in Ruhe an, stellt eure Fragen und erlebt, wie unkompliziert und angenehm der Einkauf beim Dirminger Hofladen ist.(Quelle Infos und Bild: Christina Kr\u00e4mer)<\/p>\n\n\n<div class=\"wp-block-image\">\n<figure class=\"aligncenter size-large\"><img loading=\"lazy\" decoding=\"async\" width=\"700\" height=\"525\" src=\"https:\/\/echta-derminga.de\/wp-content\/uploads\/2025\/01\/473249734_583577454415208_3369211149782617974_n-700x525.jpg\" alt=\"\" class=\"wp-image-18391\" srcset=\"https:\/\/echta-derminga.de\/wp-content\/uploads\/2025\/01\/473249734_583577454415208_3369211149782617974_n-700x525.jpg 700w, https:\/\/echta-derminga.de\/wp-content\/uploads\/2025\/01\/473249734_583577454415208_3369211149782617974_n-300x225.jpg 300w, https:\/\/echta-derminga.de\/wp-content\/uploads\/2025\/01\/473249734_583577454415208_3369211149782617974_n-768x576.jpg 768w, https:\/\/echta-derminga.de\/wp-content\/uploads\/2025\/01\/473249734_583577454415208_3369211149782617974_n-1536x1152.jpg 1536w, https:\/\/echta-derminga.de\/wp-content\/uploads\/2025\/01\/473249734_583577454415208_3369211149782617974_n.jpg 2048w\" sizes=\"auto, (max-width: 700px) 100vw, 700px\" \/><\/figure>\n<\/div>\n\n\n<p class=\"has-medium-font-size wp-block-paragraph\"><strong>Hoppla hopp, die Borrwieshall&#8216; stett net Kopp ! &#8211; Derminga Kappensitzungen in Bubach\/Calmesweiler<\/strong><\/p>\n\n\n\n<p class=\"has-medium-font-size wp-block-paragraph\">Mit dem Jahreswechsel bereitet sich unser KKV Dirmingen grunds\u00e4tzlich auf die neue n\u00e4rrische Session vor. In diesem Jahr wird alles ein wenig anders und ungewohnt verlaufen. Aufgrund der Tatsache, dass unsere Borrwieshalle aus besagten Gr\u00fcnden nicht zur Verf\u00fcgung steht, m\u00fcssen unsere &#8222;Faasebooze&#8220; die Heimat verlassen und in die Hirschberghalle nach Bubach\/Calmesweiler umziehen. Ich muss gestehen, dass mich dieser Umzug sehr traurig macht. Auf der anderen Seite bietet jeder Neuanfang eine neue Chance. Unser KKV Dirmingen wird diese Herausforderung meistern und gest\u00e4rkt aus dieser Situation hervorgehen. F\u00fcr die Dirminger &#8222;Faasebooze&#8220; bedeutet dies aber, dass man sich auf eine Fastnacht ohne Dirminger Narrhalla vorbereiten sollte. Der KKV Dirmingen wird alles daf\u00fcr tun, um den einheimischen &#8222;Faasebooze&#8220; den Umzug zur Hirschberghallen nach Bubach\/Calmesweiler so angenehm wie m\u00f6glich zu gestalten. Gerade in dieser besonderen Situation sollten wir zusammenstehen und unseren KKV Dirmingen unterst\u00fctzen. Bitte kaufen Sie ein Ticket f\u00fcr eine der beiden Kappensitzungen und besuchen Sie mit ihrer Familie die &#8222;Derminga Kinderfaasend&#8220; in Bubach\/Calmesweiler. Der KKV Dirmingen hat eigens einen Shuttle-Service eingerichtet. Der Vorverkauf beginnt am 25. Januar 2025. Hoppla Hopp !<\/p>\n\n\n\n<div class=\"wp-block-columns is-layout-flex wp-container-core-columns-is-layout-8f761849 wp-block-columns-is-layout-flex\">\n<div class=\"wp-block-column is-layout-flow wp-block-column-is-layout-flow\">\n<figure class=\"wp-block-image size-large\"><img loading=\"lazy\" decoding=\"async\" width=\"700\" height=\"986\" src=\"https:\/\/echta-derminga.de\/wp-content\/uploads\/2025\/01\/472000420_8902338909860755_6638016135986863640_n-1-700x986.jpg\" alt=\"\" class=\"wp-image-18395\" srcset=\"https:\/\/echta-derminga.de\/wp-content\/uploads\/2025\/01\/472000420_8902338909860755_6638016135986863640_n-1-700x986.jpg 700w, https:\/\/echta-derminga.de\/wp-content\/uploads\/2025\/01\/472000420_8902338909860755_6638016135986863640_n-1-213x300.jpg 213w, https:\/\/echta-derminga.de\/wp-content\/uploads\/2025\/01\/472000420_8902338909860755_6638016135986863640_n-1-768x1082.jpg 768w, https:\/\/echta-derminga.de\/wp-content\/uploads\/2025\/01\/472000420_8902338909860755_6638016135986863640_n-1.jpg 1080w\" sizes=\"auto, (max-width: 700px) 100vw, 700px\" \/><\/figure>\n<\/div>\n\n\n\n<div class=\"wp-block-column is-layout-flow wp-block-column-is-layout-flow\">\n<figure class=\"wp-block-image size-large\"><img loading=\"lazy\" decoding=\"async\" width=\"700\" height=\"990\" src=\"https:\/\/echta-derminga.de\/wp-content\/uploads\/2025\/01\/471995251_8902339076527405_6915364598880181344_n-1-700x990.jpg\" alt=\"\" class=\"wp-image-18396\" srcset=\"https:\/\/echta-derminga.de\/wp-content\/uploads\/2025\/01\/471995251_8902339076527405_6915364598880181344_n-1-700x990.jpg 700w, https:\/\/echta-derminga.de\/wp-content\/uploads\/2025\/01\/471995251_8902339076527405_6915364598880181344_n-1-212x300.jpg 212w, https:\/\/echta-derminga.de\/wp-content\/uploads\/2025\/01\/471995251_8902339076527405_6915364598880181344_n-1-768x1086.jpg 768w, https:\/\/echta-derminga.de\/wp-content\/uploads\/2025\/01\/471995251_8902339076527405_6915364598880181344_n-1-1086x1536.jpg 1086w, https:\/\/echta-derminga.de\/wp-content\/uploads\/2025\/01\/471995251_8902339076527405_6915364598880181344_n-1.jpg 1131w\" sizes=\"auto, (max-width: 700px) 100vw, 700px\" \/><\/figure>\n<\/div>\n<\/div>\n\n\n\n<p class=\"has-medium-font-size wp-block-paragraph\">Liebe Mitb\u00fcrgerinnen und Mitb\u00fcrger, vor uns allen liegt ein spannendes und herausforderndes Jahr 2025. Viele Menschen starten mit neuen Vors\u00e4tzen in ein neues Jahr. Vielleicht sollten wir uns als Dorfgemeinschaft den Vorsatz nehmen, noch mehr aufeinander zuzugehen und uns gegenseitig zu unterst\u00fctzen. Am Ende des Weges geht es nur gemeinsamen Schulterschluss. Die Zeiten sind hart und die Herausforderungen riesig. Ich freue mich auf viele sch\u00f6ne Begegnungen und Gespr\u00e4che auf unseren vielen Vereinsfesten oder Veranstaltungen innerhalb unserer Heimatgemeinde.<\/p>\n\n\n\n<p class=\"has-medium-font-size wp-block-paragraph\"><strong>Ich w\u00fcnsche Ihnen und Ihrer Familie ein erf\u00fclltes und bewegtes Jahr in dem vor allen Dingen die Gesundheit im Vordergrund steht. In diesem Sinne, bleiben Sie beh\u00fctet.<\/strong><\/p>\n\n\n\n<div class=\"wp-block-columns is-layout-flex wp-container-core-columns-is-layout-8f761849 wp-block-columns-is-layout-flex\">\n<div class=\"wp-block-column is-layout-flow wp-block-column-is-layout-flow\">\n<figure class=\"wp-block-image size-large\"><img loading=\"lazy\" decoding=\"async\" width=\"700\" height=\"991\" src=\"https:\/\/echta-derminga.de\/wp-content\/uploads\/2025\/01\/472104457_8912852792142700_4252236471606964279_n-700x991.jpg\" alt=\"\" class=\"wp-image-18397\" srcset=\"https:\/\/echta-derminga.de\/wp-content\/uploads\/2025\/01\/472104457_8912852792142700_4252236471606964279_n-700x991.jpg 700w, https:\/\/echta-derminga.de\/wp-content\/uploads\/2025\/01\/472104457_8912852792142700_4252236471606964279_n-212x300.jpg 212w, https:\/\/echta-derminga.de\/wp-content\/uploads\/2025\/01\/472104457_8912852792142700_4252236471606964279_n-768x1087.jpg 768w, https:\/\/echta-derminga.de\/wp-content\/uploads\/2025\/01\/472104457_8912852792142700_4252236471606964279_n.jpg 848w\" sizes=\"auto, (max-width: 700px) 100vw, 700px\" \/><\/figure>\n<\/div>\n\n\n\n<div class=\"wp-block-column is-layout-flow wp-block-column-is-layout-flow\">\n<figure class=\"wp-block-image size-large\"><img loading=\"lazy\" decoding=\"async\" width=\"700\" height=\"929\" src=\"https:\/\/echta-derminga.de\/wp-content\/uploads\/2025\/01\/dir-700x929.jpeg\" alt=\"\" class=\"wp-image-18398\" srcset=\"https:\/\/echta-derminga.de\/wp-content\/uploads\/2025\/01\/dir-700x929.jpeg 700w, https:\/\/echta-derminga.de\/wp-content\/uploads\/2025\/01\/dir-226x300.jpeg 226w, https:\/\/echta-derminga.de\/wp-content\/uploads\/2025\/01\/dir-768x1019.jpeg 768w, https:\/\/echta-derminga.de\/wp-content\/uploads\/2025\/01\/dir-1157x1536.jpeg 1157w, https:\/\/echta-derminga.de\/wp-content\/uploads\/2025\/01\/dir.jpeg 1161w\" sizes=\"auto, (max-width: 700px) 100vw, 700px\" \/><\/figure>\n<\/div>\n<\/div>\n","protected":false},"excerpt":{"rendered":"<p>Liebe Mitb\u00fcrgerinnen und Mitb\u00fcrger, liebe Landsleute, ich hoffe Sie sind gut in das neue Jahr 2025 gestartet? Im ersten Monat eines jeden Jahres findet erfahrungsgem\u00e4\u00df die Neujahrsempf\u00e4nge der St\u00e4dte, Kommunen, Verb\u00e4nde und Vereine statt. Auf dem Neujahrsempfang der Gemeinde Eppelborn im \u201ebigEpple\u201c waren neben vielen B\u00fcrgerinnen und B\u00fcrgern auch zahlreiche Vereinsvertreter und Mandatstr\u00e4gern aus der Bundes -und Landespolitik sowie Vertretern<\/p>\n","protected":false},"author":1,"featured_media":18081,"comment_status":"closed","ping_status":"closed","sticky":false,"template":"","format":"standard","meta":{"_crdt_document":"","footnotes":""},"categories":[1],"tags":[],"class_list":["post-18371","post","type-post","status-publish","format-standard","has-post-thumbnail","hentry","category-allgemein"],"_links":{"self":[{"href":"https:\/\/echta-derminga.de\/index.php?rest_route=\/wp\/v2\/posts\/18371","targetHints":{"allow":["GET"]}}],"collection":[{"href":"https:\/\/echta-derminga.de\/index.php?rest_route=\/wp\/v2\/posts"}],"about":[{"href":"https:\/\/echta-derminga.de\/index.php?rest_route=\/wp\/v2\/types\/post"}],"author":[{"embeddable":true,"href":"https:\/\/echta-derminga.de\/index.php?rest_route=\/wp\/v2\/users\/1"}],"replies":[{"embeddable":true,"href":"https:\/\/echta-derminga.de\/index.php?rest_route=%2Fwp%2Fv2%2Fcomments&post=18371"}],"version-history":[{"count":7,"href":"https:\/\/echta-derminga.de\/index.php?rest_route=\/wp\/v2\/posts\/18371\/revisions"}],"predecessor-version":[{"id":18399,"href":"https:\/\/echta-derminga.de\/index.php?rest_route=\/wp\/v2\/posts\/18371\/revisions\/18399"}],"wp:featuredmedia":[{"embeddable":true,"href":"https:\/\/echta-derminga.de\/index.php?rest_route=\/wp\/v2\/media\/18081"}],"wp:attachment":[{"href":"https:\/\/echta-derminga.de\/index.php?rest_route=%2Fwp%2Fv2%2Fmedia&parent=18371"}],"wp:term":[{"taxonomy":"category","embeddable":true,"href":"https:\/\/echta-derminga.de\/index.php?rest_route=%2Fwp%2Fv2%2Fcategories&post=18371"},{"taxonomy":"post_tag","embeddable":true,"href":"https:\/\/echta-derminga.de\/index.php?rest_route=%2Fwp%2Fv2%2Ftags&post=18371"}],"curies":[{"name":"wp","href":"https:\/\/api.w.org\/{rel}","templated":true}]}}