{"id":18401,"date":"2025-01-17T17:10:59","date_gmt":"2025-01-17T16:10:59","guid":{"rendered":"https:\/\/echta-derminga.de\/?p=18401"},"modified":"2025-01-19T13:10:36","modified_gmt":"2025-01-19T12:10:36","slug":"gibt-es-tatsaechliche-eine-alternative-fuer-deutschland-wer-auf-dem-tiger-reitet-kann-nicht-absteigen","status":"publish","type":"post","link":"https:\/\/echta-derminga.de\/?p=18401","title":{"rendered":"Gibt es tats\u00e4chliche eine Alternative f\u00fcr Deutschland ? &#8211; &#8222;Wer auf dem Tiger reitet, kann nicht absteigen&#8220;"},"content":{"rendered":"\n<p class=\"has-medium-font-size wp-block-paragraph\"><strong>Im September des Jahres 1933 verfasste der deutsche Autor und Dramatiker Berthold Brecht aus dem Exil heraus seinen weltber\u00fchmten satirische Text \u201eK\u00e4lbermarsch\u201c. Bertolt Brecht ist bis heute einer der einflussreichsten, deutschsprachigen Autoren des 20. Jahrhunderts. Leider hat der \u201eK\u00e4lbermarsch\u201c an Aktualit\u00e4t nichts verloren.<\/strong><\/p>\n\n\n\n<blockquote class=\"wp-block-quote is-layout-flow wp-block-quote-is-layout-flow\">\n<p class=\"has-medium-font-size wp-block-paragraph\"><strong>Hinter der Trommel her Trotten die K\u00e4lber, dass Fell f\u00fcr die Trommel liefern sie selber. Der Schl\u00e4chter ruft: Die Augen fest geschlossen, das Kalb marschiert. In ruhig festem Tritt. Die K\u00e4lber, deren Blut im Schlachthaus schon geflossen Marschieren im Geist in seinen Reihen mit.&nbsp;&nbsp; <\/strong><\/p>\n\n\n\n<p class=\"wp-block-paragraph\"><strong>K\u00e4lbermarsch<\/strong> <strong>von Berthold Brecht<\/strong><\/p>\n<\/blockquote>\n\n\n\n<p class=\"has-medium-font-size wp-block-paragraph\"><strong>Wahlkampf! Es f\u00e4llt mir schwer einfach zur Tagesordnung zu schreiten und meiner Aufgabe als Parteimitglied gerecht zu werden. Ich bin gerne Mitglied in meiner Partei und wei\u00df um ihre Errungenschaften und ihren wichtigen Stellenwert. Dennoch gleicht mein Verh\u00e4ltnis zur alten SPD im Moment eher der angespannten Beziehung eines Vaters zu seinem Sohn. Auch ich habe mit so mancher Entscheidung meine Probleme und wei\u00df oft nicht so recht damit umzugehen. Austritt war jedoch nie eine Option. Vielmehr brauchen wir Leute, die innerhalb einer Partei oder einer Organisation etwas ver\u00e4ndern m\u00f6chten. Die H\u00e4nde in den Schoss oder auf die Tastatur zu legen und \u00fcber die Welt zu schimpfen war nie meine Intention. Wir brauchen Bessermacher, Anpacker, Aufr\u00e4umer, Tr\u00e4umer und auch Gutmenschen. Irgendwann kommt jeder mal an den Punkt, an dem man erkennt, dass Ver\u00e4nderungen ben\u00f6tigt werden. Es bleibt die Frage, wie man damit umgeht und welchen Weg man w\u00e4hlt. Genau an diesem Scheideweg hat auch die SPD viele Fehler gemacht. Der Karren steckt tief im Dreck und ich sehe weit und breit keine Alternative.<\/strong> <strong>Jedenfalls keine die es sich zu w\u00e4hlen lohnt.<\/strong><\/p>\n\n\n\n<p class=\"has-medium-font-size wp-block-paragraph\">Fakt ist: Dieses Land und mit ihm ganz Europa braucht dringend Ver\u00e4nderungen und eine neue Politik. Nat\u00fcrlich wird das auch in Zukunft, durch unterschiedliche B\u00fcndnisse und Koalitionen, nicht einfacher werden. Kompromisse fordern immer ihren Tribut. Die n\u00e4chste Bundesregierung wird es nicht einfacher haben. Schlimmer noch: Ich bef\u00fcrchte, dass wenn auch die kommende Regierung versagt ein Sturm \u00fcber dieses Land fegt. Ich sehe aktuell nur ganz wenig Politikerinnen und Politiker, denen ich den ganz gro\u00dfen Wurf zutraue.<\/p>\n\n\n\n<blockquote class=\"wp-block-quote is-layout-flow wp-block-quote-is-layout-flow\">\n<p class=\"has-medium-font-size wp-block-paragraph\"><strong>Sie heben die H\u00e4nde hoch, Sie zeigen sie her. Die H\u00e4nde sind blutbefleckt Doch immer noch leer. Der Schl\u00e4chter ruft: Die Augen fest geschlossen Das Kalb marschiert. In ruhig festem Tritt. Die K\u00e4lber, deren Blut im Schlachthaus schon geflossen. Marschiern im Geist in seinen Reihen mit. <\/strong><\/p>\n\n\n\n<p class=\"has-medium-font-size wp-block-paragraph\"><strong>K\u00e4lbermarsch<\/strong> <strong>von Berthold Brecht<\/strong><\/p>\n<\/blockquote>\n\n\n\n<p class=\"has-medium-font-size wp-block-paragraph\"><strong>Der K\u00e4lbermarsch wurde tats\u00e4chlich am Ende der Weimarer Republik geschrieben. Einer Zeit, die tats\u00e4chlich der heutigen gleicht. Auch damals vermischte sich falscher Patriotismus mit dem Gef\u00fchl der sozialen Ungerechtigkeit. Aus gro\u00dfer Arbeitslosigkeit und Armut entstand der Hass gegen\u00fcber Fremden. Hinzu kam eine brutale Verrohung in der Gesellschaft. Es brauchte nur eine gewisse Rhetorik verbunden mit kluger Hetzte, um den Hexenkessel zum Kochen zu bringen. Sind wir wieder so weit? Haben wir nichts aus der Vergangenheit gelernt. Es ist hier, bei uns vor Ort. Wir sehen Flaggen aus H\u00e4user wehen und eine Alternative, die sich in kommunale Gremien w\u00e4hlen l\u00e4sst, um dann zur\u00fcckzutreten und einfach Garnichts zu tut.<\/strong><\/p>\n\n\n\n<p class=\"has-medium-font-size wp-block-paragraph\">Nein, nicht jeder der AFD w\u00e4hlt ist rechtsextrem und nicht jeder der eine andere Meinung hat ist gegen uns. Vorurteile k\u00f6nnen eine Gesellschaft entzweien. Fakt ist: Die gro\u00dfen Parteien haben in den letzten Jahrzehnten zu viele Fehler gemacht. Es ist nicht gelungen die Bev\u00f6lkerung g\u00e4nzlich mitzunehmen. Viele B\u00fcrgerinnen und B\u00fcrger f\u00fchlen sich ungerecht behandelt. Es w\u00e4chst der Hass auf alles Fremde und auf die Politik als Solches.<\/p>\n\n\n\n<blockquote class=\"wp-block-quote is-layout-flow wp-block-quote-is-layout-flow\">\n<p class=\"has-medium-font-size wp-block-paragraph\"><strong>Sie tragen ein Kreuz voran, Auf blutroten Flaggen, Das hat f\u00fcr den armen Mann, einen gro\u00dfen Haken. Der Schl\u00e4chter ruft: Die Augen fest geschlossen Das Kalb marschiert. In ruhig festem Tritt. Die K\u00e4lber, deren Blut im Schlachthaus schon geflossen Marschiern im Geist in seinen Reihen mit. <\/strong><\/p>\n\n\n\n<p class=\"has-medium-font-size wp-block-paragraph\"><strong>K\u00e4lbermarsch<\/strong> <strong>von Berthold Brecht<\/strong><\/p>\n<\/blockquote>\n\n\n\n<p class=\"has-medium-font-size wp-block-paragraph\">Mittlerweile wird in allen Richtungen die Meinungsfreiheit mit F\u00fc\u00dfen getreten. Diejenigen die eine Alternative favorisieren geben in jeder Debatte den Fl\u00fcchtlingen die Schuld. Auf der anderen Seite sehen Gegner der AFD hinter jedem Satz einen Rechtsextremismus. Wie kommen wir gemeinsam aus diesem Labyrinth wieder heraus? Grunds\u00e4tzlich ist es gerade in dieser Zeit wichtig sein Hirn zu benutzen. Die sozialen Medien geben einen echten Einblick in den Wahnsinn unserer Zeit. Ich frage mich manchmal, woher manche Menschen ihre Verbindungen hernehmen und zu den skurrilsten Schl\u00fcssen kommen.<\/p>\n\n\n\n<p class=\"has-medium-font-size wp-block-paragraph\"><strong>Versuchen wir es doch einmal mit Fakten. Ein Blick auf das Wahlprogramm der AFD schadet nicht. Lasst uns mal genauer hinsehen und uns fragen, ob diese Politik tats\u00e4chlich f\u00fcr mehr Gerechtigkeit sorgt. Ich frage mich, ob die Meisten von uns sich schon einmal das Programm der AFD genauer durchgelesen haben. Schlie\u00dflich sollte man wissen, was man w\u00e4hlt und nicht blindlinks, wie die K\u00e4lber in Brecht&#8217;s Text, in den eigenen Ruin trotten.<\/strong><\/p>\n\n\n\n<p class=\"has-medium-font-size wp-block-paragraph\">Vieles im AFD-Programm liest sich im ersten Moment nicht schlecht. Die Ern\u00fcchterung kommt jedoch sp\u00e4testens bei der Frage: Wie setzen wir das um und welche Folgen ziehen diese Entscheidungen mit sich? Versuchen wir mal sachlich und fair mit dem Programm umzugehen. Hier die Fakten aus dem Wahlprogramm der AFD:<\/p>\n\n\n\n<p class=\"has-medium-font-size wp-block-paragraph\"><strong>Thema Energie- Die AFD will zur\u00fcck zu Atomkraft und fossilen Energien. Gas soll zuk\u00fcnftig wieder aus Russland geliefert werden. Die Laufzeiten von Kohlekraftwerken sollen verl\u00e4ngert werden. Au\u00dferdem spricht sich die AfD gegen Windparks aus und fordert die Abschaffung der CO\u00b2-Abgabe. Fakten zur Umsetzung dieses Vorhabens und den Konsequenzen f\u00fcr Umwelt und Klima werden nicht thematisiert.<\/strong> <strong>Ich frage mich: Wie soll das funktionieren ?<\/strong> <strong>Wie sollen wir wieder unsere Atomkraftwerke hochfahren? Wie bekommen wir in K\u00fcrze Uran angereichert und haben wir \u00fcberhaupt noch entsprechendes Fachpersonal? Windr\u00e4der zur\u00fcck bauen? Wie soll das gehen? H\u00e4ngt da nicht zu viel dran? Die Rede ist von den \u201eWindr\u00e4dern der Schande\u201c. Eine Rhetorik mit der ich \u00fcberhaupt nix anfangen kann.<\/strong><\/p>\n\n\n\n<p class=\"has-medium-font-size wp-block-paragraph\">Thema Wirtschaft- Die AFD will eine Deregulierung, niedrigere Steuern f\u00fcr Unternehmen und die Abschaffung von Umweltauflagen. Das Lieferkettengesetz, welches weltweit f\u00fcr faire Arbeitsbedingungen an Produktionsstandorten sorgen soll, m\u00f6chte die AfD streichen. Die deutsche Wirtschaft soll durch freies Unternehmertum und einer funktionierenden Automobilindustrie als Leitindustrie einen neuen Schwung bekommen. Ja gut, diese Idee ist nicht neu. Ich glaube nicht, dass die M\u00e4chtigen im Osten und Westen dieser Welt ruhig zuschaut und uns gew\u00e4hren l\u00e4sst. Der Ansatz an der vorhandenen Industrie festzuhalten und gerade die Autoindustrie zu f\u00f6rdern ist sicherlich richtig. Viel zu oft wurde diesbez\u00fcglich durch Politiker aller Farben aber auch Manager und Unternehmen die falschen Entscheidungen getroffen.<\/p>\n\n\n\n<p class=\"has-medium-font-size wp-block-paragraph\"><strong>Thema Steuern &#8211; Die AFD will das Steuerrecht vereinfachen und Unternehmenssteuern senken. Auch die Einkommenssteuer sollen mittels eines h\u00f6heren Grundfreibetrages gesenkt werden. Zugleich deutet die AfD den Abbau von Sozialleistungen an. Wohlwissend, dass diese Sozialleistungen nicht nur von Migranten und Sozialbetr\u00fcgern bezogen werden. Dennoch findet dieser Ansatz viele F\u00fcrsprecher. Ist dass alles wirklich so einfach umsetzbar und bringt es am Ende tats\u00e4chlich den gew\u00fcnschten Erfolg. Schlie\u00dflich sind doch auch viele brave Mitb\u00fcrger ohne Migrationshintergrund von Sozialhilfe abh\u00e4ngig.<\/strong> <strong>Zudem hilft ein Blick in die Kommunalpolitik. Gewerbesteuern sind f\u00fcr viele Kommunen lebenswichtig.<\/strong> <strong>Gerade in Zeiten in denen unsere Kommunen unter der Last \u00e4chzen sollte man verst\u00e4rkt nach Finanzierungsm\u00f6glichkeiten suchen.<\/strong> <strong>Wer bezahlt die von der AFD geforderte gro\u00dffl\u00e4chige Stra\u00dfen und Autobahnsanierung ? Wenn es wirklich so leicht w\u00e4re, h\u00e4tten wir l\u00e4ngst bessere Stra\u00dfen. Aber, ja es stimmt ! Wir brauchen mehr soziale Gerechtigkeit und nicht alles was in den letzten Jahren diesbez\u00fcglich beschlossen wurde, wirkt reichlich un\u00fcberlegt.<\/strong><\/p>\n\n\n\n<p class=\"has-medium-font-size wp-block-paragraph\">Thema Rente &#8211; Die AFD will, dass die gesetzliche Rente \u00fcber zus\u00e4tzliche Beitragszahler und eine Flexibilisierung des Renteneintrittsalters. Es sollen Anreize geschafft werden, die eine freiwillige Verl\u00e4ngerung der Lebensalterszeit hervorrufen. Nicht beitragsgedeckte Leistungen sollen aus dem Bundeshaushalt finanziert werden. Au\u00dferdem m\u00f6chte die AfD verhindern, dass in Deutschland lebende ausl\u00e4ndische Menschen am Ende ihres Erwerbslebens auf deutsche Sozialleistungen angewiesen sind. Sp\u00e4testens bei dieser Rhetorik erkennt man, dass der Teufel buchst\u00e4blich im Detail steckt.<\/p>\n\n\n\n<p class=\"has-medium-font-size wp-block-paragraph\"><strong>Thema Europa und Au\u00dfenpolitik &#8211; Die AFD fordert den \u201eDexit\u201c \u2013 den Ausstieg Deutschlands aus der Europ\u00e4ischen Union. Zumindest sollte der Austritt aus der gemeinsamen W\u00e4hrung erfolgen und die D-Mark wiedereingef\u00fchrt werden. Zudem verfolgt die AFD einen russlandfreundlichen Kurs. Wirtschaftssanktionen gegen Russland sollen aufgehoben werden. Der russische Angriffskrieg gegen die Ukraine wird nicht verurteilt. Die Ukraine soll nach ihrem Willen ein neutraler Staat au\u00dferhalb von NATO und EU werden. Ich pers\u00f6nlich kann diesem Vorhaben nichts abgewinnen. Wir brauchen Europa ! Die AFD vergisst, dass hier mit einem brutalen Angriff V\u00f6lkerrecht gebrochen und ein anderes Territorium besetzt wurde.<\/strong> <strong>Krieg ist nie eine L\u00f6sung ! Dennoch frage auch ich mich manchmal ob wirklich schon jegliche Diplomatie versagt hat.<\/strong><\/p>\n\n\n\n<p class=\"has-medium-font-size wp-block-paragraph\">Thema Migration &#8211; Die AFD will eine restriktive Einwanderungspolitik. Dabei fordert die Partei Grenzkontrollen und Zur\u00fcckweisungen von Einreisenden an der Grenze. Das selbsternannte \u201eAsylparadies Deutschland\u201c soll f\u00fcr immer geschlossen werden. Das bedeutet, dass Gefl\u00fcchtete an den Grenzen in Gewahrsam genommen werden. Zudem spricht sich die AfD f\u00fcr eine Streichung des Anspruchs aufs B\u00fcrgergeld von Menschen aus der Ukraine aus. Der AfD-Bundesparteitag hat den umstrittenen Begriff der \u201eRemigration\u201c offiziell ins Wahlprogramm aufgenommen. Sp\u00e4testens bei diesem Vorhaben und der dazugeh\u00f6rigen Rhetorik klingen bei mir alle Signalglocken. Waren unsere Vorfahren nicht alle einmal auf der Flucht? Gerade im Saarland sollten wir uns der historischen Verantwortung bewusst werden. Nat\u00fcrlich sollten Menschen die zu uns kommen daran interessiert sein sich zu integrieren. Nat\u00fcrlich m\u00fcssen wir dem Asylbetrug und der sozialen Ausbeutung entgegenwirken. Ob der von der AFD eingeschlagene Weg jedoch der Richtige ist, wage ich zu bezweifeln.<\/p>\n\n\n\n<p class=\"has-medium-font-size wp-block-paragraph\"><strong>Thema Frauen und Familie &#8211; Die AFD wird hier ihrem erzkonservativen Ruf mehr als gerecht und m\u00f6chte gerade Frauen wieder ins Neandertal bef\u00f6rdern. Angesichts des Lebensstandards der Parteichefin und Kanzlerkandidatin ein Witz sondergleichen. Wer im Glashaus sitzt sollte nie mit Steinen werfen. Ein wichtiges Anliegen der AFD ist die Erh\u00f6hung der Geburtenrate. Das Land braucht Kinder ! Dabei spielt die Selbstbestimmung der Frau eine eher untergeordnete Rolle. Es soll ein striktes Abtreibungsrecht eingef\u00fchrt werden. Schwangerschaftsabbr\u00fcche sollen nach dem Willen der AfD nur noch im Falle von Vergewaltigungen oder medizinischer Notwendigkeit m\u00f6glich sein. Dieser Punkt l\u00e4sst mich fassungslos zur\u00fcck<\/strong> <strong>und verpasst mir eine G\u00e4nsehaut.<\/strong><\/p>\n\n\n\n<p class=\"has-medium-font-size wp-block-paragraph\">Thema Medien und Kultur \u2013 Die AFD will die Abschaffung der Rundfunkgeb\u00fchren. So weit so gut! Wie die Kosten der einzelnen Rundfunkstationen getragen werden, bleibt offen. Die AfD m\u00f6chte die \u201edeutsche Leitkultur\u201c st\u00e4rken. Was immer das bedeutet. Der \u00f6ffentlich-rechtliche Rundfunk soll reformiert und \u201eGEZ-Zwangsgeb\u00fchren\u201c abgeschafft werden. Viele in der AFD glauben, dass unsere Medien gesteuert werden und das Volk manipulieren. Auch hier macht der Ton die Musik ! Bleibt es lediglich bei Reformen oder kommt man irgendwann auf ganz andere Ideen ?<\/p>\n\n\n\n<p class=\"has-medium-font-size wp-block-paragraph\"><strong>Machen wir uns nix vor! Die Migration mit allen Randerscheinungen wie Abschiebungen, Grenzkontrollen oder Sachleistungen f\u00fcr Asylbewerber ist das zentrale Thema des Bundestagswahlkampfes 2025. Es gibt kaum ein anderes Thema, das derma\u00dfen polarisiert und spaltet wie Migration und Zuwanderung. Wahrscheinlich wird jede Partei au\u00dfer \u201eder Linken\u201c auf irgendeine Art und Weise dieses Thema auf ihre Agenda nehmen. Die CDU\/CSU verspricht einen \u201eFaktischen Aufnahme Stopp\u201c, die SPD eine \u201esolidarisch gesteuerte Migration\u201c, die Gr\u00fcnen sprechen von \u201eHumanit\u00e4t und Ordnung\u201c, die FDP will \u201eMehr Einwanderung in den Arbeitsmarkt\u201c, die Linke keinerlei Abschiebungen und das BSW m\u00f6chte \u201eUnkontrollierte Migration\u201c beenden. Die AFD redet allen Ernstes von: \u201eGewahrsamszentren\u201c an unseren Grenzen. Letzteres ist tats\u00e4chlich harter Tabak. Mit W\u00f6rtern wie \u201eRemigration\u201c, Gewahrsamszentren und Kopftuchm\u00e4dchen kann ich pers\u00f6nlich nix anfangen.<\/strong><\/p>\n\n\n\n<p class=\"has-medium-font-size wp-block-paragraph\">Nein, nicht jeder der AFD w\u00e4hlt ist rechtsextrem, homophob oder frauenfeindlich. Wir m\u00fcssen lernen, die Meinung Anderer wieder verst\u00e4rkt zu respektieren. In vielen Dingen steckt der Funken Wahrheit. Fakt ist jedoch, dass manche mit ihrer rauen und fragw\u00fcrdigen Rhetorik allzu oft unn\u00f6tig \u00d6l ins Feuer gie\u00dfen. Sind wir tats\u00e4chlich so blau\u00e4ugig und sehen nicht welche Gefahr, hinter dieser Partei steckt? Ist angesichts dieser Rhetorik \u00fcberhaupt noch eine faire Debatte m\u00f6glich ?<\/p>\n\n\n\n<p class=\"has-medium-font-size wp-block-paragraph\"><strong>Ein chinesisches Sprichwort lautet: \u201eWer auf einem Tiger reitet, kann nicht absteigen\u201c<\/strong><\/p>\n\n\n\n<p class=\"has-medium-font-size wp-block-paragraph\">Das Sprichwort bedeutet nichts anderes, als dass man eine Situation, aus der es keinen Ausweg gibt, bis zum Ende durchstehen muss, selbst wenn dies den eigenen Untergang bedeutet. Parallelen zum K\u00e4lbermarsch werden deutlich. Am Ende f\u00e4llt mir noch ein weiteres denkw\u00fcrdiges deutsches Sprichwort ein:<\/p>\n\n\n\n<p class=\"has-medium-font-size wp-block-paragraph\"><strong>\u201eWenn es dem Esel zu wohl ist, geht er aufs Eis tanzen!\u201c<\/strong><\/p>\n","protected":false},"excerpt":{"rendered":"<p>Im September des Jahres 1933 verfasste der deutsche Autor und Dramatiker Berthold Brecht aus dem Exil heraus seinen weltber\u00fchmten satirische Text \u201eK\u00e4lbermarsch\u201c. Bertolt Brecht ist bis heute einer der einflussreichsten, deutschsprachigen Autoren des 20. Jahrhunderts. Leider hat der \u201eK\u00e4lbermarsch\u201c an Aktualit\u00e4t nichts verloren. Hinter der Trommel her Trotten die K\u00e4lber, dass Fell f\u00fcr die Trommel liefern sie selber. Der Schl\u00e4chter<\/p>\n","protected":false},"author":1,"featured_media":18407,"comment_status":"open","ping_status":"closed","sticky":false,"template":"","format":"standard","meta":{"_crdt_document":"","footnotes":""},"categories":[1,902],"tags":[1171,1172,1170,1128,1129,618,1130,67],"class_list":["post-18401","post","type-post","status-publish","format-standard","has-post-thumbnail","hentry","category-allgemein","category-meine-meinung","tag-afd","tag-bsw","tag-bundestagswahlen2025","tag-cdu","tag-fdp","tag-gemeinde-eppelborn","tag-gruene","tag-spd"],"_links":{"self":[{"href":"https:\/\/echta-derminga.de\/index.php?rest_route=\/wp\/v2\/posts\/18401","targetHints":{"allow":["GET"]}}],"collection":[{"href":"https:\/\/echta-derminga.de\/index.php?rest_route=\/wp\/v2\/posts"}],"about":[{"href":"https:\/\/echta-derminga.de\/index.php?rest_route=\/wp\/v2\/types\/post"}],"author":[{"embeddable":true,"href":"https:\/\/echta-derminga.de\/index.php?rest_route=\/wp\/v2\/users\/1"}],"replies":[{"embeddable":true,"href":"https:\/\/echta-derminga.de\/index.php?rest_route=%2Fwp%2Fv2%2Fcomments&post=18401"}],"version-history":[{"count":18,"href":"https:\/\/echta-derminga.de\/index.php?rest_route=\/wp\/v2\/posts\/18401\/revisions"}],"predecessor-version":[{"id":18427,"href":"https:\/\/echta-derminga.de\/index.php?rest_route=\/wp\/v2\/posts\/18401\/revisions\/18427"}],"wp:featuredmedia":[{"embeddable":true,"href":"https:\/\/echta-derminga.de\/index.php?rest_route=\/wp\/v2\/media\/18407"}],"wp:attachment":[{"href":"https:\/\/echta-derminga.de\/index.php?rest_route=%2Fwp%2Fv2%2Fmedia&parent=18401"}],"wp:term":[{"taxonomy":"category","embeddable":true,"href":"https:\/\/echta-derminga.de\/index.php?rest_route=%2Fwp%2Fv2%2Fcategories&post=18401"},{"taxonomy":"post_tag","embeddable":true,"href":"https:\/\/echta-derminga.de\/index.php?rest_route=%2Fwp%2Fv2%2Ftags&post=18401"}],"curies":[{"name":"wp","href":"https:\/\/api.w.org\/{rel}","templated":true}]}}