{"id":18429,"date":"2025-01-27T12:41:48","date_gmt":"2025-01-27T11:41:48","guid":{"rendered":"https:\/\/echta-derminga.de\/?p=18429"},"modified":"2025-01-27T13:03:19","modified_gmt":"2025-01-27T12:03:19","slug":"80-jahre-nach-ausschwitz-wir-sollten-vereinen-nicht-spalten-nie-wieder-ist-jetzt","status":"publish","type":"post","link":"https:\/\/echta-derminga.de\/?p=18429","title":{"rendered":"80. Jahre nach Ausschwitz &#8211; WIR sollten vereinen, nicht spalten &#8211; Nie wieder, ist jetzt !"},"content":{"rendered":"\n<blockquote class=\"wp-block-quote is-layout-flow wp-block-quote-is-layout-flow\">\n<p class=\"has-medium-font-size wp-block-paragraph\"><strong>&#8222;Es fing nicht mit Gaskammern an. Es fing mit einer Politik an, die von WIR gegen DIE sprach. Es fing an mit Hetze und Intoleranz. Es fing an mit der Aberkennung von Grundrechten. Es fing an mit brennenden H\u00e4usern. Es fing an mit Menschen, die einfach wegschauten, \u2026\u201c<\/strong><\/p>\n<\/blockquote>\n\n\n\n<p class=\"has-medium-font-size wp-block-paragraph\"><strong>Als am 3. September 1939 Gro\u00dfbritannien und Frankreich dem Deutschen Reich den Krieg erkl\u00e4rt, m\u00fcssen 300 000 Saarl\u00e4nder ihre Heimat verlassen. Dirmingen, dass inmitten des Saargebietes lag musste nicht evakuiert werden. Dennoch waren die Auswirkungen dieser Evakuierungsma\u00dfnahme gerade in unserem Heimatort deutlich sp\u00fcrbar. T\u00e4glich nahmen neue Fl\u00fcchtlinge den Weg durch unser Dorf. Die Menschen schliefen in Scheunen, Stallungen und sogar in der Evangelischen Kirche. Fast t\u00e4glich flogen die Jabos \u00fcber unseren Heimatort. Meistens dienten ihre Tieffl\u00fcge der Einsch\u00fcchterung. Manchmal aber lie\u00dfen Sie ihre t\u00f6dliche Fracht fallen. Im Fr\u00fchjahr 1944 flogen fast t\u00e4glich starke, alliierte Bomberverb\u00e4nde \u00fcber unsere Heimat. Die Menschen im Saargebiet waren Fl\u00fcchtlinge, Vertriebene und Heimatlose. Angewiesen auf Hilfe, Unterst\u00fctzung und Menschlichkeit. Waren unsere Vorfahren nicht alle schonmal Fl\u00fcchtlinge ?<\/strong><\/p>\n\n\n\n<div class=\"wp-block-columns is-layout-flex wp-container-core-columns-is-layout-8f761849 wp-block-columns-is-layout-flex\">\n<div class=\"wp-block-column is-layout-flow wp-block-column-is-layout-flow\">\n<figure class=\"wp-block-image size-large\"><img loading=\"lazy\" decoding=\"async\" width=\"700\" height=\"933\" src=\"https:\/\/echta-derminga.de\/wp-content\/uploads\/2025\/01\/20240805_155633-700x933.jpg\" alt=\"\" class=\"wp-image-18437\" srcset=\"https:\/\/echta-derminga.de\/wp-content\/uploads\/2025\/01\/20240805_155633-700x933.jpg 700w, https:\/\/echta-derminga.de\/wp-content\/uploads\/2025\/01\/20240805_155633-225x300.jpg 225w, https:\/\/echta-derminga.de\/wp-content\/uploads\/2025\/01\/20240805_155633-768x1024.jpg 768w, https:\/\/echta-derminga.de\/wp-content\/uploads\/2025\/01\/20240805_155633-1152x1536.jpg 1152w, https:\/\/echta-derminga.de\/wp-content\/uploads\/2025\/01\/20240805_155633-1536x2048.jpg 1536w, https:\/\/echta-derminga.de\/wp-content\/uploads\/2025\/01\/20240805_155633-scaled.jpg 1920w\" sizes=\"auto, (max-width: 700px) 100vw, 700px\" \/><\/figure>\n<\/div>\n\n\n\n<div class=\"wp-block-column is-layout-flow wp-block-column-is-layout-flow\">\n<figure class=\"wp-block-image size-large\"><img loading=\"lazy\" decoding=\"async\" width=\"700\" height=\"933\" src=\"https:\/\/echta-derminga.de\/wp-content\/uploads\/2025\/01\/20240805_155647-700x933.jpg\" alt=\"\" class=\"wp-image-18438\" srcset=\"https:\/\/echta-derminga.de\/wp-content\/uploads\/2025\/01\/20240805_155647-700x933.jpg 700w, https:\/\/echta-derminga.de\/wp-content\/uploads\/2025\/01\/20240805_155647-225x300.jpg 225w, https:\/\/echta-derminga.de\/wp-content\/uploads\/2025\/01\/20240805_155647-768x1024.jpg 768w, https:\/\/echta-derminga.de\/wp-content\/uploads\/2025\/01\/20240805_155647-1152x1536.jpg 1152w, https:\/\/echta-derminga.de\/wp-content\/uploads\/2025\/01\/20240805_155647-1536x2048.jpg 1536w, https:\/\/echta-derminga.de\/wp-content\/uploads\/2025\/01\/20240805_155647-scaled.jpg 1920w\" sizes=\"auto, (max-width: 700px) 100vw, 700px\" \/><\/figure>\n<\/div>\n<\/div>\n\n\n\n<p class=\"has-medium-font-size wp-block-paragraph\">Was ist aus uns geworden? Haben wir alles vergessen und verdr\u00e4ngt? Harte und raue Zeiten: Dinge werden bewusst vermischt, verdreht und ins falsche Licht ger\u00fcckt. Gutmenschen gegen selbsternannte Realisten. Die sozialen Medien sind voller Hass, Hetze und Blut! Sind wir wieder mal beim WIR gegen DIE? Verkehrte Welt! Bundestagswahlkampf 2025. Unsere Parteien haben ihre Grundwerte verloren. Sozialdemokraten verlieren an Basisn\u00e4he, Christdemokraten verweigern dem N\u00e4chsten Asyl, Gr\u00fcne fordern Mehr Bomben und Gegenwehr, die AFD behauptet Hitler war ein Kommunist und Trump ein guter Mann, die BFW beruft sich nach einer Person und erfindet die Links-konservative Ecke und die FDP versucht verzweifelt von ihrem entwickelten D- Day- Plan abzur\u00fccken. Wir leben in Zeiten, in denen Mitglieder der AFD \u00f6ffentlich bezweifeln, dass es in Deutschland tats\u00e4chlich einmal Konzentrationslager existierten.<\/p>\n\n\n\n<p class=\"has-medium-font-size wp-block-paragraph\"><strong>Am 27. Januar 1945 wurde das Vernichtungslager Auschwitz von sowjetischen Soldaten befreit. Seitdem ist der 27. Januar \u2013 Tag des Gedenkens an die Opfer des Nationalsozialismus. Alles lange her und weit weg ? Alles alte Geschichte und l\u00e4ngst \u00fcberholt ? Was haben wir damit zu tun ? In Dirmingen befindet sich ein Stolperstein zum Gedenken an die Opfer des Nationalsozialismus.Rudolf Wohlfart war kein Jude und hatte auch keinen Migrationshintergrund. Der Dirminger wurde Opfer des T4 Programms der Nationalsozialisten und wurde in Hadamar ermordet. Am Ende wurden fast 15.000 Menschen in der Zeit von 1941 bis 1945 in der damaligen T\u00f6tungsanstalt Hadamar get\u00f6tet. Es war also auch hier, bei uns, im Dorf ! Haben wir es tats\u00e4chlich vergessen, was in diesem Land und auch in unserem Dorf geschah? Was sind das f\u00fcr Zeiten ? AFD-Fahnen und Reichsflaggen wehen aus den Fenstern und amerikanische Milliard\u00e4re suchen nach zweifelhaften Gesten noch nicht einmal mehr nach passenden Ausreden. Welche Weltmacht ist die Gute oder die Schlechte? US-Pr\u00e4sident Trump will den Panamakanal und Gr\u00f6nland, wenn es sein muss mit milit\u00e4rischer Gewalt einnehmen. Was unterscheidet die USA noch von China das Taiwan einverleiben oder Russland, das die Ukraine zur\u00fcckholen m\u00f6chte? Ein Straft\u00e4ter wird zum m\u00e4chtigsten Mann der Welt und die Politiker in Europa fragen sich wie man damit umgehen soll. Eine neue Rhetorik ger\u00e4t in Umlauf: Worte und Begriffe wie &#8222;Kopftuchm\u00e4dchen&#8220;,  &#8222;\u00dcberfremdung&#8220;, &#8222;Remigration&#8220; oder \u201eGewahrsamszentren\u201c erhalten eine ganz neue Bedeutung. <\/strong><\/p>\n\n\n\n<div class=\"wp-block-columns is-layout-flex wp-container-core-columns-is-layout-8f761849 wp-block-columns-is-layout-flex\">\n<div class=\"wp-block-column is-layout-flow wp-block-column-is-layout-flow\">\n<figure class=\"wp-block-image size-large\"><img loading=\"lazy\" decoding=\"async\" width=\"700\" height=\"933\" src=\"https:\/\/echta-derminga.de\/wp-content\/uploads\/2025\/01\/20240805_155721-700x933.jpg\" alt=\"\" class=\"wp-image-18439\" srcset=\"https:\/\/echta-derminga.de\/wp-content\/uploads\/2025\/01\/20240805_155721-700x933.jpg 700w, https:\/\/echta-derminga.de\/wp-content\/uploads\/2025\/01\/20240805_155721-225x300.jpg 225w, https:\/\/echta-derminga.de\/wp-content\/uploads\/2025\/01\/20240805_155721-768x1024.jpg 768w, https:\/\/echta-derminga.de\/wp-content\/uploads\/2025\/01\/20240805_155721-1152x1536.jpg 1152w, https:\/\/echta-derminga.de\/wp-content\/uploads\/2025\/01\/20240805_155721-1536x2048.jpg 1536w, https:\/\/echta-derminga.de\/wp-content\/uploads\/2025\/01\/20240805_155721-scaled.jpg 1920w\" sizes=\"auto, (max-width: 700px) 100vw, 700px\" \/><\/figure>\n<\/div>\n\n\n\n<div class=\"wp-block-column is-layout-flow wp-block-column-is-layout-flow\">\n<figure class=\"wp-block-image size-large\"><img loading=\"lazy\" decoding=\"async\" width=\"700\" height=\"933\" src=\"https:\/\/echta-derminga.de\/wp-content\/uploads\/2025\/01\/20240805_155842-700x933.jpg\" alt=\"\" class=\"wp-image-18440\" srcset=\"https:\/\/echta-derminga.de\/wp-content\/uploads\/2025\/01\/20240805_155842-700x933.jpg 700w, https:\/\/echta-derminga.de\/wp-content\/uploads\/2025\/01\/20240805_155842-225x300.jpg 225w, https:\/\/echta-derminga.de\/wp-content\/uploads\/2025\/01\/20240805_155842-768x1024.jpg 768w, https:\/\/echta-derminga.de\/wp-content\/uploads\/2025\/01\/20240805_155842-1152x1536.jpg 1152w, https:\/\/echta-derminga.de\/wp-content\/uploads\/2025\/01\/20240805_155842-1536x2048.jpg 1536w, https:\/\/echta-derminga.de\/wp-content\/uploads\/2025\/01\/20240805_155842-scaled.jpg 1920w\" sizes=\"auto, (max-width: 700px) 100vw, 700px\" \/><\/figure>\n<\/div>\n<\/div>\n\n\n\n<blockquote class=\"wp-block-quote is-layout-flow wp-block-quote-is-layout-flow\">\n<p class=\"has-medium-font-size wp-block-paragraph\"><strong>\u201eIhr seid nicht schuld an dem, was war, aber verantwortlich daf\u00fcr, dass es nicht mehr geschieht.\u201c (Max Mannheimer 1920-2016, Holocaust-\u00dcberlebender)<\/strong><\/p>\n<\/blockquote>\n\n\n\n<p class=\"has-medium-font-size wp-block-paragraph\">Der 27. Januar, der Tag der Befreiung des KZ Auschwitz, erinnert uns seit nunmehr 80 Jahren an unsere deutsche Geschichte.&nbsp; Auschwitz steht als Synonym f\u00fcr den Massenmord der Nazis an Juden, Sinti und Roma und anderen Verfolgten. Seit 1996 ist der 27. Januar der Gedenktag f\u00fcr die Opfer des Nationalsozialismus. Im Jahre. 2025 j\u00e4hrt sich die Befreiung des KZ Auschwitz zum 80. Mal.&nbsp;Genau 80 Jahre nach der Befreiung von Auschwitz m\u00fcssen wir uns tats\u00e4chlich wieder mit aufsteigendem Antisemitismus, Fremdenhass und Hass und Hetze besch\u00e4ftigen. Genau 80 Jahre nach Ausschwitz m\u00fcssen wir uns tats\u00e4chlich wieder damit besch\u00e4ftigen, ob die vielzitierte Brandmauer nach Rechts auch weiterhin h\u00e4lt. Oder ist sie tats\u00e4chlich bereits gefallen ? <\/p>\n\n\n\n<p class=\"has-medium-font-size wp-block-paragraph\"><strong>Meine Haltung diesbez\u00fcglich ist klar: Wir d\u00fcrfen keinen Millimeter weichen!  In meinem Leben ist kein Platz f\u00fcr Extremismus jeglicher Form. Nie wieder ! Meine Familie hat in den beiden Weltkriegen einen hohen Blutzoll bezahlt. Familienmitglieder fielen an der Front oder wurden Zuhause von Bomben get\u00f6tet. Wir sind keinem Land irgendetwas schuldig !<\/strong><\/p>\n\n\n\n<div class=\"wp-block-columns is-layout-flex wp-container-core-columns-is-layout-8f761849 wp-block-columns-is-layout-flex\">\n<div class=\"wp-block-column is-layout-flow wp-block-column-is-layout-flow\">\n<figure class=\"wp-block-image size-large\"><img loading=\"lazy\" decoding=\"async\" width=\"644\" height=\"483\" src=\"https:\/\/echta-derminga.de\/wp-content\/uploads\/2019\/04\/2-1-644x483.jpg\" alt=\"\" class=\"wp-image-3538\" srcset=\"https:\/\/echta-derminga.de\/wp-content\/uploads\/2019\/04\/2-1-644x483.jpg 644w, https:\/\/echta-derminga.de\/wp-content\/uploads\/2019\/04\/2-1-300x225.jpg 300w, https:\/\/echta-derminga.de\/wp-content\/uploads\/2019\/04\/2-1.jpg 700w\" sizes=\"auto, (max-width: 644px) 100vw, 644px\" \/><\/figure>\n<\/div>\n\n\n\n<div class=\"wp-block-column is-layout-flow wp-block-column-is-layout-flow\">\n<figure class=\"wp-block-image size-large\"><img loading=\"lazy\" decoding=\"async\" width=\"644\" height=\"483\" src=\"https:\/\/echta-derminga.de\/wp-content\/uploads\/2019\/04\/00-644x483.jpg\" alt=\"\" class=\"wp-image-3534\" srcset=\"https:\/\/echta-derminga.de\/wp-content\/uploads\/2019\/04\/00-644x483.jpg 644w, https:\/\/echta-derminga.de\/wp-content\/uploads\/2019\/04\/00-300x225.jpg 300w, https:\/\/echta-derminga.de\/wp-content\/uploads\/2019\/04\/00.jpg 700w\" sizes=\"auto, (max-width: 644px) 100vw, 644px\" \/><\/figure>\n<\/div>\n<\/div>\n\n\n\n<p class=\"has-medium-font-size wp-block-paragraph\">Vor einigen Jahren begleitete ich unsere damalige Konfirmandengruppe auf einer Tagesreise zum KZ Natzweiler- Struthof. Bis zu diesem Tag am 07. April 2019 hatte ich noch kein Konzentrationslager der Nazis besucht. Als geschichtsinteressierter Mensch habe ich viel gelesen, gesehen oder geh\u00f6rt. Die Besichtigung eines Konzentrationslagers jedoch, hatte ich bis dato noch nicht absolviert. Das Konzentrationslager Natzweiler-Struthof war vom 1. Mai 1941 bis zum 23. November 1944 ein sogenanntes Straf- und Arbeitslager der Nazis und lag nahe dem Ort Natzweiler im besetzten franz\u00f6sischen Elsass, s\u00fcdwestlich von Stra\u00dfburg, in den Vogesen. Nach einer etwa zweist\u00fcndigen Fahrt erreichten wir das Konzentrationslager im franz\u00f6sischen Natzweiler- Struthof, in ca. 800 Meter H\u00f6he. Zun\u00e4chst fuhren wir mit dem Bus an dem lager-nahen Steinbruch vorbei und sahen eine sogenannte geheime Hinrichtungsst\u00e4tte. Vor dem Besuch des eigentlichen Lagers gingen wir zur luxuri\u00f6sen Villa des Lagerkommandanten. Die Villa steht, gut erhalten, nur wenige Meter vom Lager entfernt und demonstrierte auf beeindruckende Art und Weise den Kontrast zwischen den H\u00e4ftlingen im Konzentrationslager und den Aufsehern und Kommandanten. W\u00e4hrend im Lager gelitten und gestorben wurde, fanden in der Villa Partys und Familienfeiern statt.&nbsp;<\/p>\n\n\n<div class=\"wp-block-image\">\n<figure class=\"aligncenter size-full\"><img loading=\"lazy\" decoding=\"async\" width=\"640\" height=\"510\" src=\"https:\/\/echta-derminga.de\/wp-content\/uploads\/2025\/01\/474624170_9035960129831965_7094812390281209316_n.jpg\" alt=\"\" class=\"wp-image-18452\" srcset=\"https:\/\/echta-derminga.de\/wp-content\/uploads\/2025\/01\/474624170_9035960129831965_7094812390281209316_n.jpg 640w, https:\/\/echta-derminga.de\/wp-content\/uploads\/2025\/01\/474624170_9035960129831965_7094812390281209316_n-300x239.jpg 300w\" sizes=\"auto, (max-width: 640px) 100vw, 640px\" \/><\/figure>\n<\/div>\n\n\n<p class=\"has-medium-font-size wp-block-paragraph\"><strong>Als wir das Tor des Konzentrationslagers durchgingen, berichtete mir ein mitgereistes Elternteil \u00fcber seine Erfahrungen mit diesem Lager. Der Mann erz\u00e4hlte mir, dass er schon das KZ Dachau und das KZ Ausschwitz besichtigte. Im Gegensatz zu Struthof waren Dachau und Ausschwitz reine Vernichtungslager. Mein Gespr\u00e4chspartner vertrat dennoch die Meinung, dass Struthof aufgrund seiner \u00fcberschaubaren Gr\u00f6\u00dfe und der gut erhaltenen Hinterbliebensch\u00e4ften etwas ganz Besonderes w\u00e4re. Die Intensivit\u00e4t, die das Lager ausstrahlt, ist beklemmend und zeitgleich ergreifend. Die Nazis hatten viel mehr Zeit sich dar\u00fcber Gedanken zu machen wie sie am besten und effektivsten die H\u00e4ftlinge qu\u00e4lten oder t\u00f6teten. Flucht war praktisch unm\u00f6glich.<\/strong><\/p>\n\n\n\n<div class=\"wp-block-columns is-layout-flex wp-container-core-columns-is-layout-8f761849 wp-block-columns-is-layout-flex\">\n<div class=\"wp-block-column is-layout-flow wp-block-column-is-layout-flow\">\n<figure class=\"wp-block-image size-large\"><img loading=\"lazy\" decoding=\"async\" width=\"700\" height=\"525\" src=\"https:\/\/echta-derminga.de\/wp-content\/uploads\/2025\/01\/IMG_20190407_131559_resized_20190408_063722437-700x525.jpg\" alt=\"\" class=\"wp-image-18442\" srcset=\"https:\/\/echta-derminga.de\/wp-content\/uploads\/2025\/01\/IMG_20190407_131559_resized_20190408_063722437-700x525.jpg 700w, https:\/\/echta-derminga.de\/wp-content\/uploads\/2025\/01\/IMG_20190407_131559_resized_20190408_063722437-300x225.jpg 300w, https:\/\/echta-derminga.de\/wp-content\/uploads\/2025\/01\/IMG_20190407_131559_resized_20190408_063722437-768x576.jpg 768w, https:\/\/echta-derminga.de\/wp-content\/uploads\/2025\/01\/IMG_20190407_131559_resized_20190408_063722437-1536x1152.jpg 1536w, https:\/\/echta-derminga.de\/wp-content\/uploads\/2025\/01\/IMG_20190407_131559_resized_20190408_063722437.jpg 1984w\" sizes=\"auto, (max-width: 700px) 100vw, 700px\" \/><\/figure>\n<\/div>\n\n\n\n<div class=\"wp-block-column is-layout-flow wp-block-column-is-layout-flow\">\n<figure class=\"wp-block-image size-large\"><img loading=\"lazy\" decoding=\"async\" width=\"700\" height=\"476\" src=\"https:\/\/echta-derminga.de\/wp-content\/uploads\/2025\/01\/dirmingen912-700x476.jpg\" alt=\"\" class=\"wp-image-18443\" srcset=\"https:\/\/echta-derminga.de\/wp-content\/uploads\/2025\/01\/dirmingen912-700x476.jpg 700w, https:\/\/echta-derminga.de\/wp-content\/uploads\/2025\/01\/dirmingen912-300x204.jpg 300w, https:\/\/echta-derminga.de\/wp-content\/uploads\/2025\/01\/dirmingen912-768x522.jpg 768w, https:\/\/echta-derminga.de\/wp-content\/uploads\/2025\/01\/dirmingen912-1536x1045.jpg 1536w, https:\/\/echta-derminga.de\/wp-content\/uploads\/2025\/01\/dirmingen912.jpg 1841w\" sizes=\"auto, (max-width: 700px) 100vw, 700px\" \/><\/figure>\n<\/div>\n<\/div>\n\n\n\n<p class=\"has-medium-font-size wp-block-paragraph\">Beim Eintritt in das Lager bekommt man einen guten \u00dcberblick \u00fcber die gesamte Anlage. W\u00e4hrend unsere Konfis den Besuch der Hinrichtungsst\u00e4tte und des Gef\u00e4ngnisses noch gut \u00fcberstanden, verlangte das Krematorium und besonders der Operationssaal des Lagers den jungen Menschen schon einiges ab. F\u00fcr mich pers\u00f6nlich war schon der Besuch des Gef\u00e4ngnisses eine emotionale Angelegenheit. Bis zu 20 Insassen hockten in einer kleinen Zelle. Kaum Platz zum Schlafen, geschweige denn, zum Bewegen. \u00dcber dem kompletten Gef\u00e4ngnis trackt lag eine finstere und fast gespenstische Aura. Der Anblick des Pr\u00fcgelbocks l\u00e4sst einen erschaudern. Welche Qual und was f\u00fcr Schmerzen m\u00fcssen Menschen dort ertragen haben. Das Gef\u00e4ngnis war f\u00fcr seinen harten Vollzug und die besonders schreckliche Strafen ber\u00fcchtigt.<\/p>\n\n\n\n<p class=\"has-medium-font-size wp-block-paragraph\"><strong>Nach der Besichtigung des Krematoriums, was schon nichts f\u00fcr schwache Nerven war, f\u00fchrte uns der Weg durch den \u201eOperationssaal\u201c des Lagers. In diesem Saal wurden medizinischen Experimente an den Deportierten durchgef\u00fchrt. Die H\u00e4ftlinge des KZ Struthof verstarben in der Regel durch Hunger, Erkrankung, Verletzungen, Ersch\u00f6pfung oder halt durch diverse Hinrichtungs- und Foltermethoden. Das langsame oder schnelle Erh\u00e4ngen war ebenso \u00fcblich wie das Erschie\u00dfen oder Totschlagen. Seinen zweifelhaften Bekanntheitsgrad erreichte das KZ jedoch aufgrund seiner vielen medizinische Versuchen an Deportierten. Diejenigen Einsassen die f\u00fcr medizinische Experimente ausgesucht wurden, fanden in der 9m\u00b2 gro\u00dfe Gaskammer ihren Tot. Der Besuch der noch gut erhaltenen Gaskammer, die in ihrem Originalzustand zu besichtigen ist, brachte auch mich an meine Grenzen. Wenn man vor dem Raum steht und sich vorstellt, welche grausamen Szenen sich dort abgespielt haben, muss man schonmal tief durchatmen. Nat\u00fcrlich war dieser Besuch auch f\u00fcr unsere Konfis alles andere als leicht zu verdauen. Das Ausma\u00df des Leids in diesem menschenverachtenden Lager ist nicht vorstellbar. Kaum zu glauben, dass dies alles ein Teil unserer Vergangenheit ist.<\/strong><\/p>\n\n\n\n<div class=\"wp-block-columns is-layout-flex wp-container-core-columns-is-layout-8f761849 wp-block-columns-is-layout-flex\">\n<div class=\"wp-block-column is-layout-flow wp-block-column-is-layout-flow\">\n<figure class=\"wp-block-image size-full\"><img loading=\"lazy\" decoding=\"async\" width=\"590\" height=\"690\" src=\"https:\/\/echta-derminga.de\/wp-content\/uploads\/2025\/01\/dirmingen1155.jpg\" alt=\"\" class=\"wp-image-18444\" srcset=\"https:\/\/echta-derminga.de\/wp-content\/uploads\/2025\/01\/dirmingen1155.jpg 590w, https:\/\/echta-derminga.de\/wp-content\/uploads\/2025\/01\/dirmingen1155-257x300.jpg 257w\" sizes=\"auto, (max-width: 590px) 100vw, 590px\" \/><\/figure>\n<\/div>\n\n\n\n<div class=\"wp-block-column is-layout-flow wp-block-column-is-layout-flow\">\n<figure class=\"wp-block-image size-large\"><img loading=\"lazy\" decoding=\"async\" width=\"700\" height=\"837\" src=\"https:\/\/echta-derminga.de\/wp-content\/uploads\/2025\/01\/IMG_20190407_142416_resized_20190408_063638339-1-700x837.jpg\" alt=\"\" class=\"wp-image-18446\" srcset=\"https:\/\/echta-derminga.de\/wp-content\/uploads\/2025\/01\/IMG_20190407_142416_resized_20190408_063638339-1-700x837.jpg 700w, https:\/\/echta-derminga.de\/wp-content\/uploads\/2025\/01\/IMG_20190407_142416_resized_20190408_063638339-1-251x300.jpg 251w, https:\/\/echta-derminga.de\/wp-content\/uploads\/2025\/01\/IMG_20190407_142416_resized_20190408_063638339-1-768x918.jpg 768w, https:\/\/echta-derminga.de\/wp-content\/uploads\/2025\/01\/IMG_20190407_142416_resized_20190408_063638339-1-1285x1536.jpg 1285w, https:\/\/echta-derminga.de\/wp-content\/uploads\/2025\/01\/IMG_20190407_142416_resized_20190408_063638339-1.jpg 1431w\" sizes=\"auto, (max-width: 700px) 100vw, 700px\" \/><\/figure>\n<\/div>\n<\/div>\n\n\n\n<p class=\"has-medium-font-size wp-block-paragraph\">Fast 25.000 Menschen starben infolge von Entkr\u00e4ftung, Hunger, lagerbedingten Krankheiten oder wurden ermordet. Die genaue Anzahl der Opfer ist jedoch kaum feststellbar. Viele Opfer verstarben schon w\u00e4hrend ihrer Deportation und wurden einfach liegen gelassen. Von etwa 3000 eingelieferte Gefangene fehlt bis heute jede Spur. Fast 60 % der H\u00e4ftlinge wogen unter 50 Kilogramm. Die Gier nach Essen war so gro\u00df, dass die Schw\u00e4chsten sogar von ihren eigenen Mitgefangenen erschlagen wurden. Am schlimmsten traf es das Arbeitskommando, das im ortsans\u00e4ssigen Steinbruch des KZ arbeiten musste. Im Jahre 1943 waren von den H\u00e4ftlingen des Lagers nur noch etwa 100 arbeitsf\u00e4hig. Viele konnten den beschwerlichen Weg zum Steinbruch nicht mehr auf sich nehmen und wurden in Schubkarren zur Zwangsarbeit gebracht.<\/p>\n\n\n\n<p class=\"has-medium-font-size wp-block-paragraph\"><strong>Beim abschlie\u00dfenden Besuch des Lager \u2013 Museums besch\u00e4ftigte ich mich \u00fcberwiegend mit den Berichten und Niederschriften von Zeitzeugen. Wie oft f\u00fchlen wir uns in unserem t\u00e4glichen Leben vernachl\u00e4ssigt oder auch am Rande der Gesellschaft gl\u00fccklos und ungerecht behandelt. Wie ma\u00dflos und ungerecht ist unser Denken im Anbetracht derer die dieses Martyrium durchleben mussten.<\/strong> <strong>Nein, wir d\u00fcrfen diese Zeit niemals vergessen!<\/strong> <strong>Auschwitz, Dachau, Buchenwald, Bergen-Belsen, Hinzert, Hadamar und auch Natzweiler- Struthof bilden tiefe Narben in der Geschichte unseres Landes. <\/strong><\/p>\n\n\n\n<div class=\"wp-block-columns is-layout-flex wp-container-core-columns-is-layout-8f761849 wp-block-columns-is-layout-flex\">\n<div class=\"wp-block-column is-layout-flow wp-block-column-is-layout-flow\">\n<figure class=\"wp-block-image size-large\"><img loading=\"lazy\" decoding=\"async\" width=\"700\" height=\"525\" src=\"https:\/\/echta-derminga.de\/wp-content\/uploads\/2025\/01\/IMG_20190407_132612_resized_20190408_063659734-700x525.jpg\" alt=\"\" class=\"wp-image-18447\" srcset=\"https:\/\/echta-derminga.de\/wp-content\/uploads\/2025\/01\/IMG_20190407_132612_resized_20190408_063659734-700x525.jpg 700w, https:\/\/echta-derminga.de\/wp-content\/uploads\/2025\/01\/IMG_20190407_132612_resized_20190408_063659734-300x225.jpg 300w, https:\/\/echta-derminga.de\/wp-content\/uploads\/2025\/01\/IMG_20190407_132612_resized_20190408_063659734-768x576.jpg 768w, https:\/\/echta-derminga.de\/wp-content\/uploads\/2025\/01\/IMG_20190407_132612_resized_20190408_063659734-1536x1152.jpg 1536w, https:\/\/echta-derminga.de\/wp-content\/uploads\/2025\/01\/IMG_20190407_132612_resized_20190408_063659734.jpg 1984w\" sizes=\"auto, (max-width: 700px) 100vw, 700px\" \/><\/figure>\n<\/div>\n\n\n\n<div class=\"wp-block-column is-layout-flow wp-block-column-is-layout-flow\">\n<figure class=\"wp-block-image size-large\"><img loading=\"lazy\" decoding=\"async\" width=\"700\" height=\"525\" src=\"https:\/\/echta-derminga.de\/wp-content\/uploads\/2025\/01\/IMG_20190407_132838_resized_20190408_063657640-700x525.jpg\" alt=\"\" class=\"wp-image-18449\" srcset=\"https:\/\/echta-derminga.de\/wp-content\/uploads\/2025\/01\/IMG_20190407_132838_resized_20190408_063657640-700x525.jpg 700w, https:\/\/echta-derminga.de\/wp-content\/uploads\/2025\/01\/IMG_20190407_132838_resized_20190408_063657640-300x225.jpg 300w, https:\/\/echta-derminga.de\/wp-content\/uploads\/2025\/01\/IMG_20190407_132838_resized_20190408_063657640-768x576.jpg 768w, https:\/\/echta-derminga.de\/wp-content\/uploads\/2025\/01\/IMG_20190407_132838_resized_20190408_063657640-1536x1152.jpg 1536w, https:\/\/echta-derminga.de\/wp-content\/uploads\/2025\/01\/IMG_20190407_132838_resized_20190408_063657640.jpg 1632w\" sizes=\"auto, (max-width: 700px) 100vw, 700px\" \/><\/figure>\n<\/div>\n<\/div>\n\n\n\n<p class=\"has-medium-font-size wp-block-paragraph\">Der Besuch im KZ Natzweiler- Struthof hat mich damals sehr bewegt. Ich habe mich damals mit der Frage besch\u00e4ftigt, inwieweit wir unsere Jugendlichen zu einem Besuch eines Konzentrationslagers auffordern sollten. Mittlerweile werden in der Politik Stimmen laut, die einen Schulbesuch eines KZs als Verpflichtung einfordern. Andere hingegen finden eine sogenannte \u201eZwangsp\u00e4dagogik\u201c kontraproduktiv. Auch der Zentralrat der Juden fordert seit geraumer Zeit, dass Sch\u00fcler und Sch\u00fclerinnen der h\u00f6heren Klassen eine KZ-Gedenkst\u00e4tte besuchen m\u00fcssen. Nun ist es ja durchaus nicht selten, dass Schulklassen eine Gedenkst\u00e4tte oder ein KZ besuchen. Es stellt sich lediglich die Frage, in weit und ob wir es verpflichtend machen sollten. Ich pers\u00f6nlich halte nichts von Zwang und finde ein Besuch sollte auch zuk\u00fcnftig freiwillig sein. Dennoch ist es unsere Pflicht eine gewisse Erinnerungskultur zu bewahren. Gerade in Zeiten, in denen es Politiker gibt, die unsere Vergangenheit und somit auch die Nazi-Zeit als \u201eM\u00fcckenschi\u00df\u201c in der deutschen Geschichte betrachten, ist es wichtiger denn je zu erinnern und wachzur\u00fctteln.<\/p>\n\n\n\n<p class=\"has-medium-font-size wp-block-paragraph\"><strong>80. Jahre nach Ausschwitz ist es wieder hier, mitten unter uns, in unseren L\u00e4ndern, St\u00e4dten und D\u00f6rfern. Wir sehen deutliche Zeichen an H\u00e4userw\u00e4nden, an Fenstern, in Zeitschriften und in den sozialen Medien. Diesmal scheinen auch unsere Nachbarn und Freunde in Europa und in den USA betroffen zu sein. Rechte Parteien sind auf dem Vormarsch und erz\u00e4hlen uns die selbe braune Kotze wie vor 80. Jahren. Ich bin kein Gutmensch, kein Idealist und auch kein besonders guter Deutscher. Ich hatte Gl\u00fcck, dass ich hier geboren wurde und in einer beh\u00fcteten Zeit aufgewachsen bin. Bisher durfte ich gottlob ein Leben ohne Krieg genie\u00dfen. Ich m\u00f6chte, dass auch meine Kinder, Enkelkinder, Stiefs\u00f6hne und Schwiegers\u00f6hne in Frieden leben d\u00fcrfen und nicht f\u00fcr andere an der Front bluten m\u00fcssen. Freiheit und Menschenrechte sind wertvolle Errungenschaften. Keine Frage: Menschen die zu uns kommen, sollen sich nat\u00fcrlich integrieren und unsere Gesetze annehmen. Einen Freund und Gastgeber auszunutzen oder bluten zu lassen ist nie eine Option. Gerade in dieser Zeit sollten wir Vereinen und Zusammenr\u00fccken und nicht spalten und entzweien. Nie wieder ist jetzt !!<\/strong><\/p>\n\n\n<div class=\"wp-block-image\">\n<figure class=\"aligncenter size-large\"><img loading=\"lazy\" decoding=\"async\" width=\"700\" height=\"933\" src=\"https:\/\/echta-derminga.de\/wp-content\/uploads\/2025\/01\/IMG_20190407_142251_resized_20190408_063639398-700x933.jpg\" alt=\"\" class=\"wp-image-18450\" srcset=\"https:\/\/echta-derminga.de\/wp-content\/uploads\/2025\/01\/IMG_20190407_142251_resized_20190408_063639398-700x933.jpg 700w, https:\/\/echta-derminga.de\/wp-content\/uploads\/2025\/01\/IMG_20190407_142251_resized_20190408_063639398-225x300.jpg 225w, https:\/\/echta-derminga.de\/wp-content\/uploads\/2025\/01\/IMG_20190407_142251_resized_20190408_063639398-768x1024.jpg 768w, https:\/\/echta-derminga.de\/wp-content\/uploads\/2025\/01\/IMG_20190407_142251_resized_20190408_063639398-1152x1536.jpg 1152w, https:\/\/echta-derminga.de\/wp-content\/uploads\/2025\/01\/IMG_20190407_142251_resized_20190408_063639398.jpg 1488w\" sizes=\"auto, (max-width: 700px) 100vw, 700px\" \/><\/figure>\n<\/div>","protected":false},"excerpt":{"rendered":"<p>&#8222;Es fing nicht mit Gaskammern an. Es fing mit einer Politik an, die von WIR gegen DIE sprach. Es fing an mit Hetze und Intoleranz. Es fing an mit der Aberkennung von Grundrechten. Es fing an mit brennenden H\u00e4usern. Es fing an mit Menschen, die einfach wegschauten, \u2026\u201c Als am 3. September 1939 Gro\u00dfbritannien und Frankreich dem Deutschen Reich den<\/p>\n","protected":false},"author":1,"featured_media":3538,"comment_status":"open","ping_status":"closed","sticky":false,"template":"","format":"standard","meta":{"_crdt_document":"","footnotes":""},"categories":[1,9,902,8],"tags":[5,1173,618,1174,127,1107],"class_list":["post-18429","post","type-post","status-publish","format-standard","has-post-thumbnail","hentry","category-allgemein","category-dorfgetratsche","category-meine-meinung","category-sellemols-und-awweile","tag-dirmingen","tag-gedenktag-ausschwitz","tag-gemeinde-eppelborn","tag-kz-natzweiler-struthof","tag-landkreis-neunkirchen","tag-nie-wieder-ist-jetzt"],"_links":{"self":[{"href":"https:\/\/echta-derminga.de\/index.php?rest_route=\/wp\/v2\/posts\/18429","targetHints":{"allow":["GET"]}}],"collection":[{"href":"https:\/\/echta-derminga.de\/index.php?rest_route=\/wp\/v2\/posts"}],"about":[{"href":"https:\/\/echta-derminga.de\/index.php?rest_route=\/wp\/v2\/types\/post"}],"author":[{"embeddable":true,"href":"https:\/\/echta-derminga.de\/index.php?rest_route=\/wp\/v2\/users\/1"}],"replies":[{"embeddable":true,"href":"https:\/\/echta-derminga.de\/index.php?rest_route=%2Fwp%2Fv2%2Fcomments&post=18429"}],"version-history":[{"count":11,"href":"https:\/\/echta-derminga.de\/index.php?rest_route=\/wp\/v2\/posts\/18429\/revisions"}],"predecessor-version":[{"id":18454,"href":"https:\/\/echta-derminga.de\/index.php?rest_route=\/wp\/v2\/posts\/18429\/revisions\/18454"}],"wp:featuredmedia":[{"embeddable":true,"href":"https:\/\/echta-derminga.de\/index.php?rest_route=\/wp\/v2\/media\/3538"}],"wp:attachment":[{"href":"https:\/\/echta-derminga.de\/index.php?rest_route=%2Fwp%2Fv2%2Fmedia&parent=18429"}],"wp:term":[{"taxonomy":"category","embeddable":true,"href":"https:\/\/echta-derminga.de\/index.php?rest_route=%2Fwp%2Fv2%2Fcategories&post=18429"},{"taxonomy":"post_tag","embeddable":true,"href":"https:\/\/echta-derminga.de\/index.php?rest_route=%2Fwp%2Fv2%2Ftags&post=18429"}],"curies":[{"name":"wp","href":"https:\/\/api.w.org\/{rel}","templated":true}]}}