{"id":18456,"date":"2025-02-15T10:55:35","date_gmt":"2025-02-15T09:55:35","guid":{"rendered":"https:\/\/echta-derminga.de\/?p=18456"},"modified":"2025-02-15T10:55:36","modified_gmt":"2025-02-15T09:55:36","slug":"faasend-versus-bundestagswahlkampf","status":"publish","type":"post","link":"https:\/\/echta-derminga.de\/?p=18456","title":{"rendered":"Faasend versus Bundestagswahlkampf !"},"content":{"rendered":"\n<p class=\"has-medium-font-size wp-block-paragraph\"><strong>Endspurt! Die \u201eFaasend\u201c prallt mit voller Wucht auf den Stra\u00dfenwahlkampf. Es sind harte und raue Zeiten. F\u00fcr Humor und Heiterkeit ist im Moment kein Platz. Die Parteien schenken sich nichts und k\u00e4mpfen um jede Stimme. Auf der anderen Seite bem\u00fchen sich die vielen Karnevalsvereine um ein St\u00fcck Normalit\u00e4t. Ich pers\u00f6nlich habe die Debatte um die ungl\u00fcckliche Ansetzung des Wahltermins nicht verstanden. Warum konnten wir jetzt nicht doch bis in den M\u00e4rz warten. Zuk\u00fcnftig werden wir alle vier Jahre mitten im Winter, um die Fastnacht, zur Bundestagswahl schreiten. Diese Entwicklung stellt nicht nur die Kommunen vor gro\u00dfe Herausforderungen. Unsere Hallen sind durch die vielen karnevalistischen Veranstaltungen geblockt und lassen wenig Spielraum. Sp\u00e4testens hier prallt die Politik mit ihrer humorlosen Art und Weise auf das n\u00e4rrische Treiben.<\/strong><\/p>\n\n\n\n<p class=\"has-medium-font-size wp-block-paragraph\">Politik versus Fastnacht! Prallen da zwei Welten aufeinander? Naja, der Karneval ist schon politisch. Schwierig wird es, wenn man keinen Unterschied mehr findet. Viele politischen Reden gleichen ohnehin schon einer B\u00fcttenrede. Uns droht in der diesj\u00e4hrigen Session eine \u00dcberreizung des Themas: Politik!<\/p>\n\n\n\n<p class=\"has-medium-font-size wp-block-paragraph\"><strong>Das Ehrenamt leidet unter der Doppelbelastung Karneval und Politik. Meistens sind es doch \u00fcberall immer die gleichen Leute die den Aufbau und die Organisation planen und nun auch noch als Wahlk\u00e4mpfer und Wahlhelfer herhalten m\u00fcssen. Wer soll das alles leisten!!!<\/strong><\/p>\n\n\n\n<p class=\"has-medium-font-size wp-block-paragraph\">Fastnacht in harten und rauen Zeiten. Im Netz tobt der Hass! Kein Platz f\u00fcr Herzlichkeit und Humor. W\u00e4hrend der Karneval im Grunde verbindet und Freude verbreitet soll, herrscht um uns herum ein schreckliches Wirrwarr aus L\u00fcgen verbunden mit gef\u00e4hrlichen Halbwahrheiten. Wie kommen wir aus diesem Schlamassel raus?<\/p>\n\n\n\n<p class=\"has-medium-font-size wp-block-paragraph\"><strong>Ich pers\u00f6nlich habe mich zuletzt etwas aus den sozialen Medien zur\u00fcckgezogen. Das alles hat mir in den vergangenen Wochen nicht gutgetan. Jeder gegen Jeden &#8211; WIR gegen DIE ! Die lautesten f\u00fchlen sich im Recht und glauben die passenden Antworten auf die Fragen dieser Zeit zu haben. Jeder glaubt das Recht zu haben andere zu beleidigen. Mit freier Meinungs\u00e4u\u00dferung hat das alles nicht viel zu tun.<\/strong><\/p>\n\n\n\n<p class=\"has-medium-font-size wp-block-paragraph\">\u201eFasend\u201c und Politik \u2013 wie passt das zusammen? Tats\u00e4chlich geht uns gerade in diesen Tagen allzu oft der Humor fl\u00f6ten. Ein \u201eFaasebooze\u201c nimmt sich selbst nicht allzu ernst und kann auch mal \u00fcber sich selbst lachen. Genau das w\u00fcrde so manchem Politiker aber auch so einigen Zeitgenossen guttun. Wir drehen an der Schwurbelkurbel und sch\u00fcren den Hass. Ich w\u00fcnsche mir MEHR Empathie und Herzlichkeit.<\/p>\n\n\n\n<p class=\"has-medium-font-size wp-block-paragraph\"><strong>Mit der Narretei gehen Freude, Herzlichkeit und die Menschlichkeit daher. Unter den Narren regierten kein Hass und kein Unmut. Das Leben ist zu kurz, um es mit negativen Gef\u00fchlen zu ertragen.<\/strong> <strong>Narren sind bunt und nicht braun!! Ich pers\u00f6nlich kann jedem Politiker nur einen guten Rat mitgeben: Lasst euch von den \u00e4rmsten Narren beraten\u2026\u2026dann, wird alles gut !<\/strong><\/p>\n\n\n\n<p class=\"has-medium-font-size wp-block-paragraph\">Hoppla Hopp!<\/p>\n\n\n\n<div class=\"wp-block-columns is-layout-flex wp-container-core-columns-is-layout-8f761849 wp-block-columns-is-layout-flex\">\n<div class=\"wp-block-column is-layout-flow wp-block-column-is-layout-flow\">\n<figure class=\"wp-block-image size-large\"><img loading=\"lazy\" decoding=\"async\" width=\"700\" height=\"933\" src=\"https:\/\/echta-derminga.de\/wp-content\/uploads\/2024\/02\/426321200_7134049566689707_4722492574299048563_n-700x933.jpg\" alt=\"\" class=\"wp-image-16701\" srcset=\"https:\/\/echta-derminga.de\/wp-content\/uploads\/2024\/02\/426321200_7134049566689707_4722492574299048563_n-700x933.jpg 700w, https:\/\/echta-derminga.de\/wp-content\/uploads\/2024\/02\/426321200_7134049566689707_4722492574299048563_n-225x300.jpg 225w, https:\/\/echta-derminga.de\/wp-content\/uploads\/2024\/02\/426321200_7134049566689707_4722492574299048563_n-768x1024.jpg 768w, https:\/\/echta-derminga.de\/wp-content\/uploads\/2024\/02\/426321200_7134049566689707_4722492574299048563_n-1152x1536.jpg 1152w, https:\/\/echta-derminga.de\/wp-content\/uploads\/2024\/02\/426321200_7134049566689707_4722492574299048563_n.jpg 1536w\" sizes=\"auto, (max-width: 700px) 100vw, 700px\" \/><\/figure>\n<\/div>\n\n\n\n<div class=\"wp-block-column is-layout-flow wp-block-column-is-layout-flow\">\n<figure class=\"wp-block-image size-large\"><img loading=\"lazy\" decoding=\"async\" width=\"700\" height=\"933\" src=\"https:\/\/echta-derminga.de\/wp-content\/uploads\/2024\/02\/426369516_7134049166689747_763931939458578067_n-700x933.jpg\" alt=\"\" class=\"wp-image-16702\" srcset=\"https:\/\/echta-derminga.de\/wp-content\/uploads\/2024\/02\/426369516_7134049166689747_763931939458578067_n-700x933.jpg 700w, https:\/\/echta-derminga.de\/wp-content\/uploads\/2024\/02\/426369516_7134049166689747_763931939458578067_n-225x300.jpg 225w, https:\/\/echta-derminga.de\/wp-content\/uploads\/2024\/02\/426369516_7134049166689747_763931939458578067_n-768x1024.jpg 768w, https:\/\/echta-derminga.de\/wp-content\/uploads\/2024\/02\/426369516_7134049166689747_763931939458578067_n-1152x1536.jpg 1152w, https:\/\/echta-derminga.de\/wp-content\/uploads\/2024\/02\/426369516_7134049166689747_763931939458578067_n.jpg 1200w\" sizes=\"auto, (max-width: 700px) 100vw, 700px\" \/><\/figure>\n<\/div>\n<\/div>\n","protected":false},"excerpt":{"rendered":"<p>Endspurt! Die \u201eFaasend\u201c prallt mit voller Wucht auf den Stra\u00dfenwahlkampf. Es sind harte und raue Zeiten. F\u00fcr Humor und Heiterkeit ist im Moment kein Platz. Die Parteien schenken sich nichts und k\u00e4mpfen um jede Stimme. Auf der anderen Seite bem\u00fchen sich die vielen Karnevalsvereine um ein St\u00fcck Normalit\u00e4t. Ich pers\u00f6nlich habe die Debatte um die ungl\u00fcckliche Ansetzung des Wahltermins nicht<\/p>\n","protected":false},"author":1,"featured_media":16706,"comment_status":"open","ping_status":"closed","sticky":false,"template":"","format":"standard","meta":{"_crdt_document":"","footnotes":""},"categories":[1,9,44],"tags":[5,1175,618,36,127,310],"class_list":["post-18456","post","type-post","status-publish","format-standard","has-post-thumbnail","hentry","category-allgemein","category-dorfgetratsche","category-meine-faasend","tag-dirmingen","tag-faasend-versus-politik","tag-gemeinde-eppelborn","tag-kkv-dirmingen","tag-landkreis-neunkirchen","tag-saarland"],"_links":{"self":[{"href":"https:\/\/echta-derminga.de\/index.php?rest_route=\/wp\/v2\/posts\/18456","targetHints":{"allow":["GET"]}}],"collection":[{"href":"https:\/\/echta-derminga.de\/index.php?rest_route=\/wp\/v2\/posts"}],"about":[{"href":"https:\/\/echta-derminga.de\/index.php?rest_route=\/wp\/v2\/types\/post"}],"author":[{"embeddable":true,"href":"https:\/\/echta-derminga.de\/index.php?rest_route=\/wp\/v2\/users\/1"}],"replies":[{"embeddable":true,"href":"https:\/\/echta-derminga.de\/index.php?rest_route=%2Fwp%2Fv2%2Fcomments&post=18456"}],"version-history":[{"count":3,"href":"https:\/\/echta-derminga.de\/index.php?rest_route=\/wp\/v2\/posts\/18456\/revisions"}],"predecessor-version":[{"id":18459,"href":"https:\/\/echta-derminga.de\/index.php?rest_route=\/wp\/v2\/posts\/18456\/revisions\/18459"}],"wp:featuredmedia":[{"embeddable":true,"href":"https:\/\/echta-derminga.de\/index.php?rest_route=\/wp\/v2\/media\/16706"}],"wp:attachment":[{"href":"https:\/\/echta-derminga.de\/index.php?rest_route=%2Fwp%2Fv2%2Fmedia&parent=18456"}],"wp:term":[{"taxonomy":"category","embeddable":true,"href":"https:\/\/echta-derminga.de\/index.php?rest_route=%2Fwp%2Fv2%2Fcategories&post=18456"},{"taxonomy":"post_tag","embeddable":true,"href":"https:\/\/echta-derminga.de\/index.php?rest_route=%2Fwp%2Fv2%2Ftags&post=18456"}],"curies":[{"name":"wp","href":"https:\/\/api.w.org\/{rel}","templated":true}]}}