{"id":18460,"date":"2025-02-19T18:10:03","date_gmt":"2025-02-19T17:10:03","guid":{"rendered":"https:\/\/echta-derminga.de\/?p=18460"},"modified":"2025-02-19T18:10:05","modified_gmt":"2025-02-19T17:10:05","slug":"in-sachen-ortsvorsteher-zwischen-fastnacht-und-bundestagswahlen","status":"publish","type":"post","link":"https:\/\/echta-derminga.de\/?p=18460","title":{"rendered":"In Sachen Ortsvorsteher: Zwischen Fastnacht und Bundestagswahlen"},"content":{"rendered":"\n<p class=\"has-medium-font-size wp-block-paragraph\">Liebe Mitb\u00fcrgerinnen und Mitb\u00fcrger, zwischen der Fastnacht und den Bundestagswahlen wird aktuell vieles angeschoben und bewegt. Ich habe durchaus das Gef\u00fchl, dass wir uns im Moment in vielen richtungsweisenden Gespr\u00e4chen befinden. Hingegen ist die Zeit vor der Bundestagswahl am 23. Februar gepr\u00e4gt von einer gewissen Verrohung, Hass und Hetze. Ich w\u00fcnsche mir, dass wir gest\u00e4rkt und vereint aus dieser Wahl herauskommen. Ich hoffe wir k\u00f6nnen respektvoll miteinander umgehen und die Meinung des anderen anerkennen. Ich hoffe Sie machen von ihrem Wahlrecht Gebrauch und st\u00e4rken mit ihrer Stimme die Demokratie. Die Bundestagswahlen werden aufgrund der angespannten Situation rund um die Borrwieshalle in der Grundschule Dirmingen stattfinden.<\/p>\n\n\n\n<p class=\"has-medium-font-size wp-block-paragraph\"><strong>Kappensitzungen des KKV Dirmingen in der Hirschberghalle<\/strong><\/p>\n\n\n\n<p class=\"has-medium-font-size wp-block-paragraph\">Der KKV Dirmingen hat den Umzug von der Dirminger Borrwieshalle in die Hirschberghalle nach Bubach\/Calmesweiler gemeistert. Zahlreiche Helferinnen und Helfern legten den Grundstein f\u00fcr die n\u00e4rrischen Veranstaltungen in der &#8222;fremden&#8220; Halle. Diejenigen die ein Ticket ergattern konnten, d\u00fcrfen sich auf eine tolle Sitzung freuen. Der KKV \u00fcberzeugt einmal mehr mit einem tollen Programm und vielen kurzweiligen n\u00e4rrischen Acts. Am Freitag, 21. 02.2025 findet ab 16:11 Uhr die &#8222;Kinderfaasend Party&#8220; des KKV Dirmingen in der Hirschberghalle Bubach\/Calmesweiler statt. Am Samstag, 22. Februar findet die zweite Kappensitzung an gleicher Ort und Stelle statt. Ich danke dem KKV Dirmingen f\u00fcr sein gro\u00dfartiges Engagement zugunsten der &#8222;Derminga Faasend&#8220;<\/p>\n\n\n\n<div class=\"wp-block-columns is-layout-flex wp-container-core-columns-is-layout-8f761849 wp-block-columns-is-layout-flex\">\n<div class=\"wp-block-column is-layout-flow wp-block-column-is-layout-flow\">\n<figure class=\"wp-block-image size-large\"><img loading=\"lazy\" decoding=\"async\" width=\"700\" height=\"445\" src=\"https:\/\/echta-derminga.de\/wp-content\/uploads\/2025\/02\/480289417_9162913243803319_6521162468624010800_n-700x445.jpg\" alt=\"\" class=\"wp-image-18461\" srcset=\"https:\/\/echta-derminga.de\/wp-content\/uploads\/2025\/02\/480289417_9162913243803319_6521162468624010800_n-700x445.jpg 700w, https:\/\/echta-derminga.de\/wp-content\/uploads\/2025\/02\/480289417_9162913243803319_6521162468624010800_n-300x191.jpg 300w, https:\/\/echta-derminga.de\/wp-content\/uploads\/2025\/02\/480289417_9162913243803319_6521162468624010800_n-768x488.jpg 768w, https:\/\/echta-derminga.de\/wp-content\/uploads\/2025\/02\/480289417_9162913243803319_6521162468624010800_n.jpg 1446w\" sizes=\"auto, (max-width: 700px) 100vw, 700px\" \/><\/figure>\n<\/div>\n\n\n\n<div class=\"wp-block-column is-layout-flow wp-block-column-is-layout-flow\">\n<figure class=\"wp-block-image size-large\"><img loading=\"lazy\" decoding=\"async\" width=\"700\" height=\"448\" src=\"https:\/\/echta-derminga.de\/wp-content\/uploads\/2025\/02\/11-700x448.jpg\" alt=\"\" class=\"wp-image-18463\" srcset=\"https:\/\/echta-derminga.de\/wp-content\/uploads\/2025\/02\/11-700x448.jpg 700w, https:\/\/echta-derminga.de\/wp-content\/uploads\/2025\/02\/11-300x192.jpg 300w, https:\/\/echta-derminga.de\/wp-content\/uploads\/2025\/02\/11-768x492.jpg 768w, https:\/\/echta-derminga.de\/wp-content\/uploads\/2025\/02\/11.jpg 829w\" sizes=\"auto, (max-width: 700px) 100vw, 700px\" \/><\/figure>\n<\/div>\n<\/div>\n\n\n<div class=\"wp-block-image\">\n<figure class=\"aligncenter size-large\"><img loading=\"lazy\" decoding=\"async\" width=\"700\" height=\"525\" src=\"https:\/\/echta-derminga.de\/wp-content\/uploads\/2025\/02\/IMG-20250215-WA0021-700x525.jpg\" alt=\"\" class=\"wp-image-18464\" srcset=\"https:\/\/echta-derminga.de\/wp-content\/uploads\/2025\/02\/IMG-20250215-WA0021-700x525.jpg 700w, https:\/\/echta-derminga.de\/wp-content\/uploads\/2025\/02\/IMG-20250215-WA0021-300x225.jpg 300w, https:\/\/echta-derminga.de\/wp-content\/uploads\/2025\/02\/IMG-20250215-WA0021-768x576.jpg 768w, https:\/\/echta-derminga.de\/wp-content\/uploads\/2025\/02\/IMG-20250215-WA0021-1536x1152.jpg 1536w, https:\/\/echta-derminga.de\/wp-content\/uploads\/2025\/02\/IMG-20250215-WA0021.jpg 1600w\" sizes=\"auto, (max-width: 700px) 100vw, 700px\" \/><\/figure>\n<\/div>\n\n\n<p class=\"has-medium-font-size wp-block-paragraph\"><strong>Neujahrsempfang der katholischen Pfarreiengemeinschaft Eppelborn-Dirmingen im Pastoralen Raum Lebach.<\/strong><\/p>\n\n\n\n<p class=\"has-medium-font-size wp-block-paragraph\">Am Sonntag, 16. Februar 2025 fand der Neujahrsempfang der katholischen Pfarreiengemeinschaft Eppelborn- Dirmingen. Nach einem Hochamt in der katholischen Kirche Eppelborn waren alle ehrenamtlichen Helferinnen und Helfer der Kirchengemeinde zum Neujahrsempfang im Pfarrsaal Eppelborn eingeladen. Pastor\u00a0Achim Thieser\u00a0dankte in seiner Rede allen Ehrenamtlichen der Kirchengemeinde und warf einen Blick in die Zukunft. Mit\u00a0Hildegard Giese\u00a0und\u00a0Yorick Meiser, die ich beide pers\u00f6nlich sehr sch\u00e4tze, wurden zwei verdiente Mitarbeiter der Pfarrei St.\u00a0Wendalinus Dirmingen verabschiedet. Ich m\u00f6chte mich den Dankesworten von Pastor Thieser anschlie\u00dfen. Zu den Ehreng\u00e4sten geh\u00f6rten der Habacher Ortsvorsteher Peter D\u00f6rr, B\u00fcrgermeister Dr. Andreas Feld und seine Ehefrau\u00a0Daniela Feld\u00a0und Herr\u00a0Stefan Backes\u00a0vom Pastoralen Raum Lebach. Ich w\u00fcnsche der katholischen Pfarreiengemeinschaft Eppelborn-Dirmingen f\u00fcr die Zukunft alles Gute. <\/p>\n\n\n<div class=\"wp-block-image\">\n<figure class=\"aligncenter size-large\"><img loading=\"lazy\" decoding=\"async\" width=\"700\" height=\"525\" src=\"https:\/\/echta-derminga.de\/wp-content\/uploads\/2025\/02\/480366403_9165171093577534_7847184208317965412_n-700x525.jpg\" alt=\"\" class=\"wp-image-18466\" srcset=\"https:\/\/echta-derminga.de\/wp-content\/uploads\/2025\/02\/480366403_9165171093577534_7847184208317965412_n-700x525.jpg 700w, https:\/\/echta-derminga.de\/wp-content\/uploads\/2025\/02\/480366403_9165171093577534_7847184208317965412_n-300x225.jpg 300w, https:\/\/echta-derminga.de\/wp-content\/uploads\/2025\/02\/480366403_9165171093577534_7847184208317965412_n-768x576.jpg 768w, https:\/\/echta-derminga.de\/wp-content\/uploads\/2025\/02\/480366403_9165171093577534_7847184208317965412_n-1536x1152.jpg 1536w, https:\/\/echta-derminga.de\/wp-content\/uploads\/2025\/02\/480366403_9165171093577534_7847184208317965412_n.jpg 2048w\" sizes=\"auto, (max-width: 700px) 100vw, 700px\" \/><\/figure>\n<\/div>\n\n\n<p class=\"has-medium-font-size wp-block-paragraph\"><strong>&#8222;Derminga&#8220; Treff feiert &#8222;Faasend&#8220;<\/strong><\/p>\n\n\n\n<p class=\"has-medium-font-size wp-block-paragraph\">Am vergangenen Samstag, 15. Februar 2025 stand das monatliche &#8222;Derminga Treff&#8220; im Zeichen der Fastnacht. Bei Musik des Akkordeon Clubs Dirmingen und leckeren Berlinern wurde ausgiebig gefeiert. Das Dirminger Original Benno Fries gl\u00e4nzte mit einer tollen B\u00fcttenrede. Mein Dank geht an den Helferkreis und an B\u00fcrgermeister Dr. Andreas Feld, der die leckeren Berliner spendete. Herzlichen Dank an Benno Fries und den Akkordeonclub Dirmingen. Das &#8222;Derminga Treff&#8220; pr\u00e4sentiert sich bei dieser n\u00e4rrischen Ausgabe von seiner besten Seite. Das &#8222;Derminga Treff&#8220; wird immer mehr zu einer wichtigen Institution unserer Dorfgemeinschaft.<\/p>\n\n\n<div class=\"wp-block-image\">\n<figure class=\"aligncenter size-large\"><img loading=\"lazy\" decoding=\"async\" width=\"700\" height=\"525\" src=\"https:\/\/echta-derminga.de\/wp-content\/uploads\/2025\/02\/OV-2-700x525.jpg\" alt=\"\" class=\"wp-image-18467\" srcset=\"https:\/\/echta-derminga.de\/wp-content\/uploads\/2025\/02\/OV-2-700x525.jpg 700w, https:\/\/echta-derminga.de\/wp-content\/uploads\/2025\/02\/OV-2-300x225.jpg 300w, https:\/\/echta-derminga.de\/wp-content\/uploads\/2025\/02\/OV-2-768x576.jpg 768w, https:\/\/echta-derminga.de\/wp-content\/uploads\/2025\/02\/OV-2-1536x1152.jpg 1536w, https:\/\/echta-derminga.de\/wp-content\/uploads\/2025\/02\/OV-2.jpg 2048w\" sizes=\"auto, (max-width: 700px) 100vw, 700px\" \/><\/figure>\n<\/div>\n\n\n<p class=\"has-medium-font-size wp-block-paragraph\"><br><strong>Neues Ortsvorsteherb\u00fcro in der Ortsmitte<\/strong><\/p>\n\n\n\n<p class=\"has-medium-font-size wp-block-paragraph\">Seit dem Pfingsthochwasser 2025 konnte das Ortsvorsteherb\u00fcro im evangelische Gemeindehaus nicht mehr benutzt werden. Viele Jahre stellte die Evangelische Kirchengemeinde St- Wendel- Illtal die R\u00e4umlichkeiten in der Gemeindeb\u00fccherei zur Verf\u00fcgung. Auf der Suche nach einem neuen Ortsvorsteherb\u00fcro wurde mit Unterst\u00fctzung von Frau Astrid Molter und Herrn Elmar Kiefer ein neues OV- B\u00fcro eingerichtet. Zuk\u00fcnftig finden Sie das neue OV- B\u00fcro im ehemaligen Drogerie-Raum des Friseursalons Molter, Am Marktplatz 8, in der Dirminger Ortsmitte. Das neue B\u00fcro wird im M\u00e4rz erstmals ge\u00f6ffnet sein.<\/p>\n\n\n\n<figure class=\"wp-block-embed is-type-video is-provider-youtube wp-block-embed-youtube wp-embed-aspect-16-9 wp-has-aspect-ratio\"><div class=\"wp-block-embed__wrapper\">\n<iframe loading=\"lazy\" title=\"Neues Ortsvorsteherb\u00fcro in Dirmingen\" width=\"860\" height=\"484\" src=\"https:\/\/www.youtube.com\/embed\/lGVF7hQvRzE?feature=oembed\" frameborder=\"0\" allow=\"accelerometer; autoplay; clipboard-write; encrypted-media; gyroscope; picture-in-picture; web-share\" referrerpolicy=\"strict-origin-when-cross-origin\" allowfullscreen><\/iframe>\n<\/div><\/figure>\n\n\n\n<p class=\"has-medium-font-size wp-block-paragraph\"><br><strong>Saarland- Picobello- Aktion 2025<\/strong><\/p>\n\n\n\n<p class=\"has-medium-font-size wp-block-paragraph\">Unser Heimatort wird sich auch in diesem Jahr bei der saarlandweiten M\u00fcll- Sammelaktion &#8222;Saarland- Picobello&#8220; beteiligen. Ab sofort kann man sich gerne bei mir f\u00fcr diese Aktion anmelden. Wir sammeln am Samstag, 08. M\u00e4rz, in der Zeit von 09:00 Uhr bis 12:00 Uhr, den M\u00fcll in unserem Dorf. Ich freue mich \u00fcber jede B\u00fcrgerin und jeden B\u00fcrger, die flei\u00dfig mit anpacken. In den letzten Jahren ist die Anzahl der Teilnehmer ein wenig zur\u00fcckgegangen. Ich hoffe, dass wir in diesem Jahr wieder an alte Zeiten ankn\u00fcpfen k\u00f6nnen. Die Pflege unserer Heimat geht uns alle etwas an. Vielen lieben Dank !<\/p>\n\n\n<div class=\"wp-block-image\">\n<figure class=\"aligncenter size-large\"><img loading=\"lazy\" decoding=\"async\" width=\"700\" height=\"607\" src=\"https:\/\/echta-derminga.de\/wp-content\/uploads\/2025\/02\/475161118_1023600559808232_8408677287560585825_n-1-700x607.jpg\" alt=\"\" class=\"wp-image-18469\" srcset=\"https:\/\/echta-derminga.de\/wp-content\/uploads\/2025\/02\/475161118_1023600559808232_8408677287560585825_n-1-700x607.jpg 700w, https:\/\/echta-derminga.de\/wp-content\/uploads\/2025\/02\/475161118_1023600559808232_8408677287560585825_n-1-300x260.jpg 300w, https:\/\/echta-derminga.de\/wp-content\/uploads\/2025\/02\/475161118_1023600559808232_8408677287560585825_n-1-768x666.jpg 768w, https:\/\/echta-derminga.de\/wp-content\/uploads\/2025\/02\/475161118_1023600559808232_8408677287560585825_n-1.jpg 1075w\" sizes=\"auto, (max-width: 700px) 100vw, 700px\" \/><\/figure>\n<\/div>\n\n\n<p class=\"has-medium-font-size wp-block-paragraph\"><strong>Friedensandacht an einem besonderen Tag !<\/strong><\/p>\n\n\n\n<p class=\"has-medium-font-size wp-block-paragraph\">Am 21. Februar 1945 wurde der Vorg\u00e4ngerbau der heutigen katholische Kirche am Rothenberg an gleicher Ort und Stelle bei einem Bombenangriff der Alliierten zerst\u00f6rt. Die katholische Pfarrei St. Wendelinus baute binnen k\u00fcrzester Zeit eine neue Kirche. Am Freitag, den 21.02.25 um 18 Uhr findet genau zu der Zeit als damals vor 80 Jahren der Vorg\u00e4ngerbau zerst\u00f6rt wurde eine Friedensandacht in der katholischen Kirche Dirmingen statt. F\u00fcr die \u00c4lteren in unserem Heimatort und insbesondere f\u00fcr die hiesige katholische Kirchengemeinde wird diese Friedensandacht bestimmt eine sehr emotionale Angelegenheit. Ich danke Herrn Pastor Thieser f\u00fcr die wunderbare Idee und Durchf\u00fchrung dieser Friedensandacht. Die Bev\u00f6lkerung ist ganz herzlich eingeladen !<\/p>\n\n\n<div class=\"wp-block-image\">\n<figure class=\"aligncenter size-full\"><img loading=\"lazy\" decoding=\"async\" width=\"567\" height=\"436\" src=\"https:\/\/echta-derminga.de\/wp-content\/uploads\/2024\/02\/dirmingen622.jpg\" alt=\"\" class=\"wp-image-16751\" srcset=\"https:\/\/echta-derminga.de\/wp-content\/uploads\/2024\/02\/dirmingen622.jpg 567w, https:\/\/echta-derminga.de\/wp-content\/uploads\/2024\/02\/dirmingen622-300x231.jpg 300w\" sizes=\"auto, (max-width: 567px) 100vw, 567px\" \/><\/figure>\n<\/div>\n\n\n<p class=\"has-medium-font-size wp-block-paragraph\">Liebe Mitb\u00fcrgerinnen und Mitb\u00fcrger, die Sehnsucht nach dem Fr\u00fchling ist allgegenw\u00e4rtig. Wir alle hoffen auf bessere Zeiten und mehr Gelassenheit. Ich w\u00fcnsche Ihnen bei allem was Sie tun und lassen eine innere Zufriedenheit.<\/p>\n\n\n\n<p class=\"has-medium-font-size wp-block-paragraph\">Ihr Ortsvorsteher<\/p>\n\n\n\n<p class=\"has-medium-font-size wp-block-paragraph\">Frank Klein<\/p>\n\n\n<div class=\"wp-block-image\">\n<figure class=\"aligncenter size-large\"><img loading=\"lazy\" decoding=\"async\" width=\"700\" height=\"990\" src=\"https:\/\/echta-derminga.de\/wp-content\/uploads\/2025\/02\/471995251_8902339076527405_6915364598880181344_n-700x990.jpg\" alt=\"\" class=\"wp-image-18470\" srcset=\"https:\/\/echta-derminga.de\/wp-content\/uploads\/2025\/02\/471995251_8902339076527405_6915364598880181344_n-700x990.jpg 700w, https:\/\/echta-derminga.de\/wp-content\/uploads\/2025\/02\/471995251_8902339076527405_6915364598880181344_n-212x300.jpg 212w, https:\/\/echta-derminga.de\/wp-content\/uploads\/2025\/02\/471995251_8902339076527405_6915364598880181344_n-768x1086.jpg 768w, https:\/\/echta-derminga.de\/wp-content\/uploads\/2025\/02\/471995251_8902339076527405_6915364598880181344_n-1086x1536.jpg 1086w, https:\/\/echta-derminga.de\/wp-content\/uploads\/2025\/02\/471995251_8902339076527405_6915364598880181344_n.jpg 1131w\" sizes=\"auto, (max-width: 700px) 100vw, 700px\" \/><\/figure>\n<\/div>","protected":false},"excerpt":{"rendered":"<p>Liebe Mitb\u00fcrgerinnen und Mitb\u00fcrger, zwischen der Fastnacht und den Bundestagswahlen wird aktuell vieles angeschoben und bewegt. Ich habe durchaus das Gef\u00fchl, dass wir uns im Moment in vielen richtungsweisenden Gespr\u00e4chen befinden. Hingegen ist die Zeit vor der Bundestagswahl am 23. Februar gepr\u00e4gt von einer gewissen Verrohung, Hass und Hetze. Ich w\u00fcnsche mir, dass wir gest\u00e4rkt und vereint aus dieser Wahl<\/p>\n","protected":false},"author":1,"featured_media":18081,"comment_status":"closed","ping_status":"closed","sticky":false,"template":"","format":"standard","meta":{"_crdt_document":"","footnotes":""},"categories":[1,812],"tags":[5,618,127,634,795,1176,310],"class_list":["post-18460","post","type-post","status-publish","format-standard","has-post-thumbnail","hentry","category-allgemein","category-ortsvorsteher-dirmingen","tag-dirmingen","tag-gemeinde-eppelborn","tag-landkreis-neunkirchen","tag-ortsvorsteher","tag-ortsvorsteher-dirmingen","tag-ortsvorsteherbuero","tag-saarland"],"_links":{"self":[{"href":"https:\/\/echta-derminga.de\/index.php?rest_route=\/wp\/v2\/posts\/18460","targetHints":{"allow":["GET"]}}],"collection":[{"href":"https:\/\/echta-derminga.de\/index.php?rest_route=\/wp\/v2\/posts"}],"about":[{"href":"https:\/\/echta-derminga.de\/index.php?rest_route=\/wp\/v2\/types\/post"}],"author":[{"embeddable":true,"href":"https:\/\/echta-derminga.de\/index.php?rest_route=\/wp\/v2\/users\/1"}],"replies":[{"embeddable":true,"href":"https:\/\/echta-derminga.de\/index.php?rest_route=%2Fwp%2Fv2%2Fcomments&post=18460"}],"version-history":[{"count":3,"href":"https:\/\/echta-derminga.de\/index.php?rest_route=\/wp\/v2\/posts\/18460\/revisions"}],"predecessor-version":[{"id":18472,"href":"https:\/\/echta-derminga.de\/index.php?rest_route=\/wp\/v2\/posts\/18460\/revisions\/18472"}],"wp:featuredmedia":[{"embeddable":true,"href":"https:\/\/echta-derminga.de\/index.php?rest_route=\/wp\/v2\/media\/18081"}],"wp:attachment":[{"href":"https:\/\/echta-derminga.de\/index.php?rest_route=%2Fwp%2Fv2%2Fmedia&parent=18460"}],"wp:term":[{"taxonomy":"category","embeddable":true,"href":"https:\/\/echta-derminga.de\/index.php?rest_route=%2Fwp%2Fv2%2Fcategories&post=18460"},{"taxonomy":"post_tag","embeddable":true,"href":"https:\/\/echta-derminga.de\/index.php?rest_route=%2Fwp%2Fv2%2Ftags&post=18460"}],"curies":[{"name":"wp","href":"https:\/\/api.w.org\/{rel}","templated":true}]}}