{"id":18474,"date":"2025-03-03T18:30:55","date_gmt":"2025-03-03T17:30:55","guid":{"rendered":"https:\/\/echta-derminga.de\/?p=18474"},"modified":"2025-03-03T18:43:33","modified_gmt":"2025-03-03T17:43:33","slug":"faasend-feiern-in-diesen-schlimmen-zeiten-wenn-nicht-jetzt-wann-dann-nie-war-faasend-wichtiger","status":"publish","type":"post","link":"https:\/\/echta-derminga.de\/?p=18474","title":{"rendered":"&#8222;Faasend&#8220; in diesen schlimmen Zeiten ? &#8211; &#8222;D&#8216; mo\u00df senn&#8220;! &#8211; Nie war &#8222;Faasend&#8220; wichtiger !"},"content":{"rendered":"\n<p class=\"has-medium-font-size wp-block-paragraph\"><strong>Beim St\u00f6bern in meinem Heimatarchiv stie\u00df ich vor einigen Tagen wieder auf das alte n\u00e4rrische Gesangsbuch der Dirminger Gesellschaft \u201ed&#8216; mo\u00df senn\u201c aus dem Jahre 1903. Ein ganzes B\u00fcchlein voller lustiger, n\u00e4rrischer Lieder die eigens zum Karneval geschrieben und dann auch eifrig gesungen wurden. Im Jahre 1903 hatten die Menschen nicht viel zu lachen. Kaiser Wilhelm II regierte das Land auf manchmal merkw\u00fcrdige Art und Weise. Der Monarch war bei seinen Untertanen nicht besonders beliebt. Die Industrialisierung nahm gerade Schwung auf und im Saarland fanden die ersten Bergmannsbauern t\u00e4glich als \u201eHartf\u00fc\u00dfler\u201c ihren Weg zur n\u00e4chsten Grube. Zur &#8222;Faasend&#8220; wurde bei Tanz und Gesang in den dorfeigenen Kneipen und Gastst\u00e4tten gefeiert. Im Saarland fanden im fr\u00fchen 20. Jahrhundert fast in jedem Dorf Fastnachtsumz\u00fcge geschm\u00fcckten Leiterwagen statt. In jedem Dorf existierte ein \u201ePrinz Karneval\u201c. Die Umz\u00fcge waren in der Regel von sogenannten Fastnachtsrichtern besetzt. Das Gericht verlas auf dem Marktplatz die Anklage, die sich haupts\u00e4chlich gegen klatsch- und zanks\u00fcchtige Weiber und gegen Pantoffelhelden richtete. Die Frauen wurden dabei \u00fcberwiegend von M\u00e4nnern in Frauenkleidung dargestellt. Die damaligen Umz\u00fcge hatten viel mit theatralischer und kom\u00f6dienhaften Erz\u00e4hlungen zu tun. Zahlreiche Theatervereine in unserer Region wurden nicht zuletzt aufgrund des Karnevals gegr\u00fcndet. Heute erinnert sich kaum noch jemand an die Zeiten der theatralischen Fastnachtsumz\u00fcge. Ein Chronist oder ein S\u00e4nger interpretierte zu einzelnen Bildern, die auf verschiedenen Motivwagen inszeniert wurden mit entsprechenden Versen, die von den Zuschauer nach jedem Vers mit dem Refrain bedacht wurden. Viele Karnevalisten sehen in diesen theatralischen Fastnachtsumz\u00fcgen den Ursprung der sp\u00e4teren Kappensitzungen mit der neuen Form einer B\u00fcttenrede. <\/strong><\/p>\n\n\n<div class=\"wp-block-image\">\n<figure class=\"aligncenter size-large\"><img loading=\"lazy\" decoding=\"async\" width=\"700\" height=\"616\" src=\"https:\/\/echta-derminga.de\/wp-content\/uploads\/2025\/03\/481229827_9247244505370192_9147810904503670767_n-1-700x616.jpg\" alt=\"\" class=\"wp-image-18501\" srcset=\"https:\/\/echta-derminga.de\/wp-content\/uploads\/2025\/03\/481229827_9247244505370192_9147810904503670767_n-1-700x616.jpg 700w, https:\/\/echta-derminga.de\/wp-content\/uploads\/2025\/03\/481229827_9247244505370192_9147810904503670767_n-1-300x264.jpg 300w, https:\/\/echta-derminga.de\/wp-content\/uploads\/2025\/03\/481229827_9247244505370192_9147810904503670767_n-1-768x676.jpg 768w, https:\/\/echta-derminga.de\/wp-content\/uploads\/2025\/03\/481229827_9247244505370192_9147810904503670767_n-1.jpg 1280w\" sizes=\"auto, (max-width: 700px) 100vw, 700px\" \/><\/figure>\n<\/div>\n\n\n<p class=\"has-medium-font-size wp-block-paragraph\">Herrscher, Politiker und auch Gesch\u00e4ftsleute werden auf die Schippe genommen und mussten sich diese Form der Kritik gefallen lassen. Das bunte Fastnachtstreiben fand am Nachmittag des Fastnachtsonntags seinen H\u00f6hepunkt. Einzelne Gruppen zogen durch die Stra\u00dfen und Gassen um dabei, singend und scherzend auf sich aufmerksam zu machen. Die \u201eFaasebooze\u201c fanden sich dann zu einem gro\u00dfen Umzug zusammen und zogen durch das Dorf. Am Abend trafen sich alle \u201eBootze\u201c in den Tanzlokalen der D\u00f6rfer und St\u00e4dte. W\u00e4hrend des Umzuges wurden mundartliche Fastnachtslieder gesungen. Daf\u00fcr ben\u00f6tigten die Menschen kleine Gesangslieder, um gemeinsam den richtigen Ton zu finden. Genau so ein kleines B\u00fcchlein befindet sich seit zwei Jahren in meinem Besitz. Das Liederbuch der Gesellschaft \u201e D\u2018 mo\u00df senn\u201c zu Dirmingen aus dem Jahre 1903 gibt Einblick in die Feierkultur unserer damaligen Dorfgemeinschaft. In dem B\u00fcchlein finden wir unter anderem die sogenannte \u201eNarrenhymne\u201c oder den \u201eDirminger Karneval\u201c. Die Lieder haben allesamt viel mit Heimatliebe und sogar einem gewissen Patriotismus zu tun. Genau diese Eigenschaften finden wir auch in dem heutigen Fastnachtsbrauchtum. \u201eFaasend\u201c hat auch heute sehr viel mit Heimat und Identit\u00e4t zu tun. Karnevalistische Lieder \u00fcber unseren Heimatort gab es also schon vor \u00fcber 120 Jahren. W\u00e4hrend wir heute zu den Hits des \u201eK\u00f6lschen Fastelovend\u201c abfeiern, hatte \u201esellemols\u201c jedes D\u00f6rfchen eine kleines Liederb\u00fcchlein.<\/p>\n\n\n\n<div class=\"wp-block-columns is-layout-flex wp-container-core-columns-is-layout-8f761849 wp-block-columns-is-layout-flex\">\n<div class=\"wp-block-column is-layout-flow wp-block-column-is-layout-flow\">\n<figure class=\"wp-block-image size-large\"><img loading=\"lazy\" decoding=\"async\" width=\"700\" height=\"1043\" src=\"https:\/\/echta-derminga.de\/wp-content\/uploads\/2024\/02\/20240212_170640-700x1043.jpg\" alt=\"\" class=\"wp-image-16690\" srcset=\"https:\/\/echta-derminga.de\/wp-content\/uploads\/2024\/02\/20240212_170640-700x1043.jpg 700w, https:\/\/echta-derminga.de\/wp-content\/uploads\/2024\/02\/20240212_170640-201x300.jpg 201w, https:\/\/echta-derminga.de\/wp-content\/uploads\/2024\/02\/20240212_170640-768x1144.jpg 768w, https:\/\/echta-derminga.de\/wp-content\/uploads\/2024\/02\/20240212_170640-1031x1536.jpg 1031w, https:\/\/echta-derminga.de\/wp-content\/uploads\/2024\/02\/20240212_170640-1374x2048.jpg 1374w, https:\/\/echta-derminga.de\/wp-content\/uploads\/2024\/02\/20240212_170640.jpg 1500w\" sizes=\"auto, (max-width: 700px) 100vw, 700px\" \/><\/figure>\n<\/div>\n\n\n\n<div class=\"wp-block-column is-layout-flow wp-block-column-is-layout-flow\">\n<figure class=\"wp-block-image size-large\"><img loading=\"lazy\" decoding=\"async\" width=\"700\" height=\"891\" src=\"https:\/\/echta-derminga.de\/wp-content\/uploads\/2024\/02\/20240212_170710-700x891.jpg\" alt=\"\" class=\"wp-image-16689\" srcset=\"https:\/\/echta-derminga.de\/wp-content\/uploads\/2024\/02\/20240212_170710-700x891.jpg 700w, https:\/\/echta-derminga.de\/wp-content\/uploads\/2024\/02\/20240212_170710-236x300.jpg 236w, https:\/\/echta-derminga.de\/wp-content\/uploads\/2024\/02\/20240212_170710-768x978.jpg 768w, https:\/\/echta-derminga.de\/wp-content\/uploads\/2024\/02\/20240212_170710-1206x1536.jpg 1206w, https:\/\/echta-derminga.de\/wp-content\/uploads\/2024\/02\/20240212_170710-1608x2048.jpg 1608w, https:\/\/echta-derminga.de\/wp-content\/uploads\/2024\/02\/20240212_170710-scaled.jpg 2010w\" sizes=\"auto, (max-width: 700px) 100vw, 700px\" \/><\/figure>\n<\/div>\n<\/div>\n\n\n\n<p class=\"has-medium-font-size wp-block-paragraph\"><strong>Und, heute ? Wir schreiben das Jahr 2025 und vielen Menschen steht so gar nicht der Kopf nach Fastnacht! Die n\u00e4rrische f\u00fcnfte Jahreszeit findet in der Stra\u00dfen-Fastnacht und insbesondere am Rosenmontag ihren H\u00f6hepunkt. Manche Zeitgenossen besch\u00e4ftigen sich mit der Frage, wie man angesichts des Krieges und des Terrors in dieser Welt ausgelassen Fastnacht feiern kann. Die Welt bewegt sich im Jahre 2025 am Rande des Abgrunds. In Europa herrscht Krieg und machthungrige Rechtspopulisten greifen nach der Herrschaft. Dabei steht l\u00e4ngst nicht mehr fest, wer die Guten und we die B\u00f6sen sind. Darf man in dieser Zeit noch ausgelassen Fastnacht feiern? Haben wir nicht andere Probleme und Sorgen? Mit Blick auf mein kleines historisches B\u00fcchlein mit dem Namen &#8222;d &#8218;mo\u00df senn&#8220; stelle ich mir tats\u00e4chlich die Frage: Muss &#8222;Faasend&#8220; in diesen Zeiten tats\u00e4chlich sein? <\/strong><\/p>\n\n\n\n<div class=\"wp-block-columns is-layout-flex wp-container-core-columns-is-layout-8f761849 wp-block-columns-is-layout-flex\">\n<div class=\"wp-block-column is-layout-flow wp-block-column-is-layout-flow\">\n<figure class=\"wp-block-image size-large\"><img loading=\"lazy\" decoding=\"async\" width=\"700\" height=\"951\" src=\"https:\/\/echta-derminga.de\/wp-content\/uploads\/2025\/03\/481126798_9247243492036960_4749232794505114532_n-700x951.jpg\" alt=\"\" class=\"wp-image-18479\" srcset=\"https:\/\/echta-derminga.de\/wp-content\/uploads\/2025\/03\/481126798_9247243492036960_4749232794505114532_n-700x951.jpg 700w, https:\/\/echta-derminga.de\/wp-content\/uploads\/2025\/03\/481126798_9247243492036960_4749232794505114532_n-221x300.jpg 221w, https:\/\/echta-derminga.de\/wp-content\/uploads\/2025\/03\/481126798_9247243492036960_4749232794505114532_n.jpg 736w\" sizes=\"auto, (max-width: 700px) 100vw, 700px\" \/><\/figure>\n<\/div>\n\n\n\n<div class=\"wp-block-column is-layout-flow wp-block-column-is-layout-flow\">\n<figure class=\"wp-block-image size-large\"><img loading=\"lazy\" decoding=\"async\" width=\"700\" height=\"933\" src=\"https:\/\/echta-derminga.de\/wp-content\/uploads\/2025\/03\/FB_IMG_1740913479762-700x933.jpg\" alt=\"\" class=\"wp-image-18480\" srcset=\"https:\/\/echta-derminga.de\/wp-content\/uploads\/2025\/03\/FB_IMG_1740913479762-700x933.jpg 700w, https:\/\/echta-derminga.de\/wp-content\/uploads\/2025\/03\/FB_IMG_1740913479762-225x300.jpg 225w, https:\/\/echta-derminga.de\/wp-content\/uploads\/2025\/03\/FB_IMG_1740913479762-768x1024.jpg 768w, https:\/\/echta-derminga.de\/wp-content\/uploads\/2025\/03\/FB_IMG_1740913479762.jpg 1080w\" sizes=\"auto, (max-width: 700px) 100vw, 700px\" \/><\/figure>\n<\/div>\n<\/div>\n\n\n\n<p class=\"has-medium-font-size wp-block-paragraph\">Schon immer haben Menschen in harten Zeiten ganz bewusst das Leben gefeiert. Besonders die Fastnacht bietet so viel von dem, was heute nicht mehr angesagt scheint: Menschlichkeit, N\u00e4he, Freundschaft, Herzlichkeit und Heimatliebe. Zudem findet man gerade in der Fastnacht so viel soziale Aspekte, die uns alle ermutigen sollten. Der Karneval zeigt uns wie sch\u00f6n und friedlich die Welt tats\u00e4chlich sein kann. Narren sind bunt, liebensw\u00fcrdig und freundlich. Die Fastnacht kann uns dazu ermutigen die Welt in ihrer sch\u00f6nen Vielfalt zu betrachten. Es gibt soviel mehr als nur &#8222;Wir gegen Die&#8220;! Ermutigung ist das Stichwort! Wir sollten gerade jetzt in diesen Zeiten \u201egraad se l\u00e4\u00e4ds\u201c das Leben feiern und dem Teufel ins Gesicht lachen. Steht auf ihr Narren und genie\u00dft den Augenblick. Nehmt euer Herz in die Hand und setzt dem alltagsgrau mit seiner finsteren Fratze das Lachen, die Freundlichkeit und die Aufmunterung entgegen. Wir brauchen&nbsp;gerade jetzt viel mehr Mut, Entschlossenheit, Liebe und Menschlichkeit. Darauf ein dreifaches &#8222;Hoppla Hopp&#8220; !<\/p>\n\n\n\n<div class=\"wp-block-columns is-layout-flex wp-container-core-columns-is-layout-8f761849 wp-block-columns-is-layout-flex\">\n<div class=\"wp-block-column is-layout-flow wp-block-column-is-layout-flow\">\n<figure class=\"wp-block-image size-large\"><img loading=\"lazy\" decoding=\"async\" width=\"700\" height=\"933\" src=\"https:\/\/echta-derminga.de\/wp-content\/uploads\/2025\/03\/FB_IMG_1740913494182-700x933.jpg\" alt=\"\" class=\"wp-image-18481\" srcset=\"https:\/\/echta-derminga.de\/wp-content\/uploads\/2025\/03\/FB_IMG_1740913494182-700x933.jpg 700w, https:\/\/echta-derminga.de\/wp-content\/uploads\/2025\/03\/FB_IMG_1740913494182-225x300.jpg 225w, https:\/\/echta-derminga.de\/wp-content\/uploads\/2025\/03\/FB_IMG_1740913494182-768x1024.jpg 768w, https:\/\/echta-derminga.de\/wp-content\/uploads\/2025\/03\/FB_IMG_1740913494182.jpg 1080w\" sizes=\"auto, (max-width: 700px) 100vw, 700px\" \/><\/figure>\n<\/div>\n\n\n\n<div class=\"wp-block-column is-layout-flow wp-block-column-is-layout-flow\">\n<figure class=\"wp-block-image size-large\"><img loading=\"lazy\" decoding=\"async\" width=\"700\" height=\"921\" src=\"https:\/\/echta-derminga.de\/wp-content\/uploads\/2025\/03\/FB_IMG_1740913488578-1-700x921.jpg\" alt=\"\" class=\"wp-image-18483\" srcset=\"https:\/\/echta-derminga.de\/wp-content\/uploads\/2025\/03\/FB_IMG_1740913488578-1-700x921.jpg 700w, https:\/\/echta-derminga.de\/wp-content\/uploads\/2025\/03\/FB_IMG_1740913488578-1-228x300.jpg 228w, https:\/\/echta-derminga.de\/wp-content\/uploads\/2025\/03\/FB_IMG_1740913488578-1-768x1010.jpg 768w, https:\/\/echta-derminga.de\/wp-content\/uploads\/2025\/03\/FB_IMG_1740913488578-1.jpg 1080w\" sizes=\"auto, (max-width: 700px) 100vw, 700px\" \/><\/figure>\n<\/div>\n<\/div>\n\n\n\n<p class=\"has-medium-font-size wp-block-paragraph\"><strong>Trotz Krieg, Terror, Fake News und Hass. Millionen Menschen feierten auch in diesem Jahr friedlich und ausgelassen die n\u00e4rrische f\u00fcnfte Jahreszeit. Mit der Stra\u00dfenfastnacht erreichte die wohl ehrlichste und authentischste Form des modernen Karnevals unsere Heimat. Die Fastnachtsumz\u00fcge in Berschweiler, Bubach-Calmesweiler, Illingen, Marpingen und der Rathaussturm in Eppelborn stehen am Fastnachtswochenende immer im Fokus von vielen \u201eDerminga Faasebooze\u201c. Die Stra\u00dfenfastnacht ist an ihrer Ausgelassenheit und Spontanit\u00e4t kaum zu \u00fcberbieten. W\u00e4hrend auf den vielen Kappensitzungen immer noch viel Wert auf eine gepflegte Fastnachtskultur gelegt wird, sind bei der Stra\u00dfenfastnacht alle Regeln au\u00dfer Kraft gesetzt. Obwohl einige Zeitgenossen mit ihrem Alkoholkonsum nicht gut umgehen k\u00f6nnen und ihre gute Kinderstube verlieren, bleibt die Fastnacht eine der friedlichsten und bodenst\u00e4ndigsten Demonstration f\u00fcr Menschlichkeit und Demokratie.<\/strong><\/p>\n\n\n\n<div class=\"wp-block-columns is-layout-flex wp-container-core-columns-is-layout-8f761849 wp-block-columns-is-layout-flex\">\n<div class=\"wp-block-column is-layout-flow wp-block-column-is-layout-flow\">\n<figure class=\"wp-block-image size-large\"><img loading=\"lazy\" decoding=\"async\" width=\"700\" height=\"525\" src=\"https:\/\/echta-derminga.de\/wp-content\/uploads\/2025\/03\/481178110_9247249188703057_7660724546432171468_n-700x525.jpg\" alt=\"\" class=\"wp-image-18484\" srcset=\"https:\/\/echta-derminga.de\/wp-content\/uploads\/2025\/03\/481178110_9247249188703057_7660724546432171468_n-700x525.jpg 700w, https:\/\/echta-derminga.de\/wp-content\/uploads\/2025\/03\/481178110_9247249188703057_7660724546432171468_n-300x225.jpg 300w, https:\/\/echta-derminga.de\/wp-content\/uploads\/2025\/03\/481178110_9247249188703057_7660724546432171468_n-768x576.jpg 768w, https:\/\/echta-derminga.de\/wp-content\/uploads\/2025\/03\/481178110_9247249188703057_7660724546432171468_n-1536x1152.jpg 1536w, https:\/\/echta-derminga.de\/wp-content\/uploads\/2025\/03\/481178110_9247249188703057_7660724546432171468_n.jpg 2048w\" sizes=\"auto, (max-width: 700px) 100vw, 700px\" \/><\/figure>\n<\/div>\n\n\n\n<div class=\"wp-block-column is-layout-flow wp-block-column-is-layout-flow\">\n<figure class=\"wp-block-image size-large\"><img loading=\"lazy\" decoding=\"async\" width=\"700\" height=\"525\" src=\"https:\/\/echta-derminga.de\/wp-content\/uploads\/2025\/03\/481770245_9247248822036427_1190002002744484281_n-700x525.jpg\" alt=\"\" class=\"wp-image-18490\" srcset=\"https:\/\/echta-derminga.de\/wp-content\/uploads\/2025\/03\/481770245_9247248822036427_1190002002744484281_n-700x525.jpg 700w, https:\/\/echta-derminga.de\/wp-content\/uploads\/2025\/03\/481770245_9247248822036427_1190002002744484281_n-300x225.jpg 300w, https:\/\/echta-derminga.de\/wp-content\/uploads\/2025\/03\/481770245_9247248822036427_1190002002744484281_n-768x576.jpg 768w, https:\/\/echta-derminga.de\/wp-content\/uploads\/2025\/03\/481770245_9247248822036427_1190002002744484281_n-1536x1152.jpg 1536w, https:\/\/echta-derminga.de\/wp-content\/uploads\/2025\/03\/481770245_9247248822036427_1190002002744484281_n.jpg 2048w\" sizes=\"auto, (max-width: 700px) 100vw, 700px\" \/><\/figure>\n<\/div>\n<\/div>\n\n\n\n<p class=\"has-medium-font-size wp-block-paragraph\">Im Vordergrund steht immer das Herz und der Humor. Man darf gerne auch mal \u00fcber sich selbst lachen. Zuhause ist man dort, wo man sich fallen lassen und einfach so Leben kann, wie man m\u00f6chte. Besonders an der Fastnacht wird uns dies immer wieder deutlich vor Augen gef\u00fchrt. Einige Elferratsmitglieder und Akteure kennen sich bereits seit ihrer Kindheit. F\u00fcr einige Stunden werden Sorgen und Alltagsprobleme vergessen. Fastnacht verbindet, vereint und ermutigt. Die Message ist klar: Schaut ihr Narren wie sch\u00f6n die Welt sein k\u00f6nnte, wenn wir es nur zulassen !<\/p>\n\n\n\n<div class=\"wp-block-columns is-layout-flex wp-container-core-columns-is-layout-8f761849 wp-block-columns-is-layout-flex\">\n<div class=\"wp-block-column is-layout-flow wp-block-column-is-layout-flow\">\n<figure class=\"wp-block-image size-large\"><img loading=\"lazy\" decoding=\"async\" width=\"700\" height=\"467\" src=\"https:\/\/echta-derminga.de\/wp-content\/uploads\/2025\/03\/IMG-20250303-WA0010-700x467.jpg\" alt=\"\" class=\"wp-image-18491\" srcset=\"https:\/\/echta-derminga.de\/wp-content\/uploads\/2025\/03\/IMG-20250303-WA0010-700x467.jpg 700w, https:\/\/echta-derminga.de\/wp-content\/uploads\/2025\/03\/IMG-20250303-WA0010-300x200.jpg 300w, https:\/\/echta-derminga.de\/wp-content\/uploads\/2025\/03\/IMG-20250303-WA0010-768x513.jpg 768w, https:\/\/echta-derminga.de\/wp-content\/uploads\/2025\/03\/IMG-20250303-WA0010.jpg 1080w\" sizes=\"auto, (max-width: 700px) 100vw, 700px\" \/><\/figure>\n<\/div>\n\n\n\n<div class=\"wp-block-column is-layout-flow wp-block-column-is-layout-flow\">\n<figure class=\"wp-block-image size-large\"><img loading=\"lazy\" decoding=\"async\" width=\"700\" height=\"467\" src=\"https:\/\/echta-derminga.de\/wp-content\/uploads\/2025\/03\/IMG-20250303-WA0009-700x467.jpg\" alt=\"\" class=\"wp-image-18489\" srcset=\"https:\/\/echta-derminga.de\/wp-content\/uploads\/2025\/03\/IMG-20250303-WA0009-700x467.jpg 700w, https:\/\/echta-derminga.de\/wp-content\/uploads\/2025\/03\/IMG-20250303-WA0009-300x200.jpg 300w, https:\/\/echta-derminga.de\/wp-content\/uploads\/2025\/03\/IMG-20250303-WA0009-768x513.jpg 768w, https:\/\/echta-derminga.de\/wp-content\/uploads\/2025\/03\/IMG-20250303-WA0009.jpg 1080w\" sizes=\"auto, (max-width: 700px) 100vw, 700px\" \/><\/figure>\n<\/div>\n<\/div>\n\n\n\n<p class=\"has-medium-font-size wp-block-paragraph\"><strong>Die Stra\u00dfenfastnacht bietet so viele M\u00f6glichkeiten. Jeder \u201eJeck\u201c ist anders und kann auf seine ureigene Art und Weise Fastnacht feiern. Dabei hat nicht jeder hat das Talent sich auf einer Kappensitzung mit einer B\u00fcttenrede oder einem Tanz zu pr\u00e4sentieren. Au\u00dferdem hat auch nicht jeder das Geld sich eine Eintrittskarte f\u00fcr die gro\u00dfen Prunksitzungen unseres Landes zu kaufen. Von daher finde ich es lobenswert, dass in unseren D\u00f6rfern f\u00fcr vermeidlich kleines Geld tolle Kappensitzungen angeboten werden. Anders als auf den sch\u00f6nen Sitzungen in den buntgeschm\u00fcckten Hallen ist die Stra\u00dfenfastnacht Rotzfrech und gradlinig.<\/strong><\/p>\n\n\n\n<div class=\"wp-block-columns is-layout-flex wp-container-core-columns-is-layout-8f761849 wp-block-columns-is-layout-flex\">\n<div class=\"wp-block-column is-layout-flow wp-block-column-is-layout-flow\">\n<figure class=\"wp-block-image size-large\"><img loading=\"lazy\" decoding=\"async\" width=\"700\" height=\"813\" src=\"https:\/\/echta-derminga.de\/wp-content\/uploads\/2025\/03\/481149733_9247249532036356_2124806684890213854_n-700x813.jpg\" alt=\"\" class=\"wp-image-18493\" srcset=\"https:\/\/echta-derminga.de\/wp-content\/uploads\/2025\/03\/481149733_9247249532036356_2124806684890213854_n-700x813.jpg 700w, https:\/\/echta-derminga.de\/wp-content\/uploads\/2025\/03\/481149733_9247249532036356_2124806684890213854_n-258x300.jpg 258w, https:\/\/echta-derminga.de\/wp-content\/uploads\/2025\/03\/481149733_9247249532036356_2124806684890213854_n-768x892.jpg 768w, https:\/\/echta-derminga.de\/wp-content\/uploads\/2025\/03\/481149733_9247249532036356_2124806684890213854_n-1322x1536.jpg 1322w, https:\/\/echta-derminga.de\/wp-content\/uploads\/2025\/03\/481149733_9247249532036356_2124806684890213854_n.jpg 1763w\" sizes=\"auto, (max-width: 700px) 100vw, 700px\" \/><\/figure>\n<\/div>\n\n\n\n<div class=\"wp-block-column is-layout-flow wp-block-column-is-layout-flow\">\n<figure class=\"wp-block-image size-large\"><img loading=\"lazy\" decoding=\"async\" width=\"700\" height=\"933\" src=\"https:\/\/echta-derminga.de\/wp-content\/uploads\/2025\/03\/481075720_9249619001799409_4726799961553436527_n-700x933.jpg\" alt=\"\" class=\"wp-image-18494\" srcset=\"https:\/\/echta-derminga.de\/wp-content\/uploads\/2025\/03\/481075720_9249619001799409_4726799961553436527_n-700x933.jpg 700w, https:\/\/echta-derminga.de\/wp-content\/uploads\/2025\/03\/481075720_9249619001799409_4726799961553436527_n-225x300.jpg 225w, https:\/\/echta-derminga.de\/wp-content\/uploads\/2025\/03\/481075720_9249619001799409_4726799961553436527_n-768x1024.jpg 768w, https:\/\/echta-derminga.de\/wp-content\/uploads\/2025\/03\/481075720_9249619001799409_4726799961553436527_n-1152x1536.jpg 1152w, https:\/\/echta-derminga.de\/wp-content\/uploads\/2025\/03\/481075720_9249619001799409_4726799961553436527_n.jpg 1536w\" sizes=\"auto, (max-width: 700px) 100vw, 700px\" \/><\/figure>\n<\/div>\n<\/div>\n\n\n\n<p class=\"has-medium-font-size wp-block-paragraph\">\u201eFaasend\u201c hat immer etwas mit Heimat, Sprache und eigener Dorfkultur zu tun. Man kann es drehen und wenden, wie man m\u00f6chte, man kann aus seiner Haut nicht raus. Den Stallgeruch verliert man nicht und seine Herkunft wird man niemals leugnen k\u00f6nnen. Warum nicht die Gelegenheit nutzen und einfach stolz darauf zu sein. Naja, mit dem Heimatstolz ist das in der heutigen Zeit so eine Sache. Trotzdem oder vielleicht \u201egraad se l\u00e4\u00e4ds\u201c sollte wir uns gerade zur Stra\u00dfenfastnacht nicht sch\u00e4men den Begriff Heimat zu verwenden. Schlie\u00dflich sind wir alle Dorfkinder und alleine diese Tatsache sollte ruhig einmal ausgiebig gefeiert werden.<\/p>\n\n\n\n<div class=\"wp-block-columns is-layout-flex wp-container-core-columns-is-layout-8f761849 wp-block-columns-is-layout-flex\">\n<div class=\"wp-block-column is-layout-flow wp-block-column-is-layout-flow\">\n<figure class=\"wp-block-image size-large\"><img loading=\"lazy\" decoding=\"async\" width=\"700\" height=\"525\" src=\"https:\/\/echta-derminga.de\/wp-content\/uploads\/2025\/03\/IMG-20250222-WA0023-1-700x525.jpg\" alt=\"\" class=\"wp-image-18497\" srcset=\"https:\/\/echta-derminga.de\/wp-content\/uploads\/2025\/03\/IMG-20250222-WA0023-1-700x525.jpg 700w, https:\/\/echta-derminga.de\/wp-content\/uploads\/2025\/03\/IMG-20250222-WA0023-1-300x225.jpg 300w, https:\/\/echta-derminga.de\/wp-content\/uploads\/2025\/03\/IMG-20250222-WA0023-1-768x576.jpg 768w, https:\/\/echta-derminga.de\/wp-content\/uploads\/2025\/03\/IMG-20250222-WA0023-1-1536x1152.jpg 1536w, https:\/\/echta-derminga.de\/wp-content\/uploads\/2025\/03\/IMG-20250222-WA0023-1.jpg 1600w\" sizes=\"auto, (max-width: 700px) 100vw, 700px\" \/><\/figure>\n<\/div>\n\n\n\n<div class=\"wp-block-column is-layout-flow wp-block-column-is-layout-flow\">\n<figure class=\"wp-block-image size-large\"><img loading=\"lazy\" decoding=\"async\" width=\"700\" height=\"525\" src=\"https:\/\/echta-derminga.de\/wp-content\/uploads\/2025\/03\/481970760_9247250562036253_4429975411334893658_n-700x525.jpg\" alt=\"\" class=\"wp-image-18498\" srcset=\"https:\/\/echta-derminga.de\/wp-content\/uploads\/2025\/03\/481970760_9247250562036253_4429975411334893658_n-700x525.jpg 700w, https:\/\/echta-derminga.de\/wp-content\/uploads\/2025\/03\/481970760_9247250562036253_4429975411334893658_n-300x225.jpg 300w, https:\/\/echta-derminga.de\/wp-content\/uploads\/2025\/03\/481970760_9247250562036253_4429975411334893658_n-768x576.jpg 768w, https:\/\/echta-derminga.de\/wp-content\/uploads\/2025\/03\/481970760_9247250562036253_4429975411334893658_n-1536x1152.jpg 1536w, https:\/\/echta-derminga.de\/wp-content\/uploads\/2025\/03\/481970760_9247250562036253_4429975411334893658_n.jpg 2048w\" sizes=\"auto, (max-width: 700px) 100vw, 700px\" \/><\/figure>\n<\/div>\n<\/div>\n\n\n\n<p class=\"has-medium-font-size wp-block-paragraph\"><strong>Bleibt die Frage, ob man tats\u00e4chlich in diesen harten Zeiten unbedingt Fastnacht feiern sollte ? Meine Antwort: Unbedingt und &#8220; graad se l\u00e4\u00e4ds&#8220; ! Wir haben nur dieses eine Leben und d\u00fcrfen nicht zulassen, dass wir uns im Tr\u00fcbsal, in der Traurigkeit und in der Trostlosigkeit verlieren. Dem tristen Alltag mit seinen vielen Problemen muss man die Lebensfreude und die Heiterkeit entgegensetzen. Alles im Leben hat seine Zeit ! Die Traurigkeit geh\u00f6rt genauso dazu wie das Lachen und die Lebensfreude. Wenn wir uns den Problemen, \u00c4ngsten und N\u00f6ten dieser Welt ergeben, hat das b\u00f6se gewonnen !<\/strong><\/p>\n\n\n<div class=\"wp-block-image\">\n<figure class=\"aligncenter size-large\"><img loading=\"lazy\" decoding=\"async\" width=\"700\" height=\"423\" src=\"https:\/\/echta-derminga.de\/wp-content\/uploads\/2025\/03\/482078489_9249613298466646_4636741397312833332_n-1-700x423.jpg\" alt=\"\" class=\"wp-image-18499\" srcset=\"https:\/\/echta-derminga.de\/wp-content\/uploads\/2025\/03\/482078489_9249613298466646_4636741397312833332_n-1-700x423.jpg 700w, https:\/\/echta-derminga.de\/wp-content\/uploads\/2025\/03\/482078489_9249613298466646_4636741397312833332_n-1-300x181.jpg 300w, https:\/\/echta-derminga.de\/wp-content\/uploads\/2025\/03\/482078489_9249613298466646_4636741397312833332_n-1-768x464.jpg 768w, https:\/\/echta-derminga.de\/wp-content\/uploads\/2025\/03\/482078489_9249613298466646_4636741397312833332_n-1.jpg 1348w\" sizes=\"auto, (max-width: 700px) 100vw, 700px\" \/><\/figure>\n<\/div>\n\n\n<p class=\"has-medium-font-size wp-block-paragraph\"><strong>&#8222;Faasend&#8220; in diesen schlimmen Zeiten? Ich glaube es war selten wichtiger und notwendiger Fastnacht zu feiern als in diesem Jahr 2025 ! Lasst uns das Leben feiern ! Wenn nicht jetzt, wann dann ?<\/strong> <strong>Sollen wir &#8222;Faasend&#8220; in diesen harten Zeiten wirklich feiern ? Ja, &#8222;D &#8218;moss senn&#8220;<\/strong>! <strong>Hoppla Hopp !<\/strong><\/p>\n\n\n<div class=\"wp-block-image\">\n<figure class=\"aligncenter size-large\"><img loading=\"lazy\" decoding=\"async\" width=\"700\" height=\"933\" src=\"https:\/\/echta-derminga.de\/wp-content\/uploads\/2025\/03\/481241578_9249621441799165_2868008330953258969_n-700x933.jpg\" alt=\"\" class=\"wp-image-18502\" srcset=\"https:\/\/echta-derminga.de\/wp-content\/uploads\/2025\/03\/481241578_9249621441799165_2868008330953258969_n-700x933.jpg 700w, https:\/\/echta-derminga.de\/wp-content\/uploads\/2025\/03\/481241578_9249621441799165_2868008330953258969_n-225x300.jpg 225w, https:\/\/echta-derminga.de\/wp-content\/uploads\/2025\/03\/481241578_9249621441799165_2868008330953258969_n-768x1024.jpg 768w, https:\/\/echta-derminga.de\/wp-content\/uploads\/2025\/03\/481241578_9249621441799165_2868008330953258969_n-1152x1536.jpg 1152w, https:\/\/echta-derminga.de\/wp-content\/uploads\/2025\/03\/481241578_9249621441799165_2868008330953258969_n.jpg 1536w\" sizes=\"auto, (max-width: 700px) 100vw, 700px\" \/><\/figure>\n<\/div>","protected":false},"excerpt":{"rendered":"<p>Beim St\u00f6bern in meinem Heimatarchiv stie\u00df ich vor einigen Tagen wieder auf das alte n\u00e4rrische Gesangsbuch der Dirminger Gesellschaft \u201ed&#8216; mo\u00df senn\u201c aus dem Jahre 1903. Ein ganzes B\u00fcchlein voller lustiger, n\u00e4rrischer Lieder die eigens zum Karneval geschrieben und dann auch eifrig gesungen wurden. Im Jahre 1903 hatten die Menschen nicht viel zu lachen. Kaiser Wilhelm II regierte das Land<\/p>\n","protected":false},"author":1,"featured_media":18477,"comment_status":"open","ping_status":"closed","sticky":false,"template":"","format":"standard","meta":{"_crdt_document":"","footnotes":""},"categories":[1,9,44,902],"tags":[907,5,607,618,36,127,310],"class_list":["post-18474","post","type-post","status-publish","format-standard","has-post-thumbnail","hentry","category-allgemein","category-dorfgetratsche","category-meine-faasend","category-meine-meinung","tag-derminga-faasend","tag-dirmingen","tag-fastnacht","tag-gemeinde-eppelborn","tag-kkv-dirmingen","tag-landkreis-neunkirchen","tag-saarland"],"_links":{"self":[{"href":"https:\/\/echta-derminga.de\/index.php?rest_route=\/wp\/v2\/posts\/18474","targetHints":{"allow":["GET"]}}],"collection":[{"href":"https:\/\/echta-derminga.de\/index.php?rest_route=\/wp\/v2\/posts"}],"about":[{"href":"https:\/\/echta-derminga.de\/index.php?rest_route=\/wp\/v2\/types\/post"}],"author":[{"embeddable":true,"href":"https:\/\/echta-derminga.de\/index.php?rest_route=\/wp\/v2\/users\/1"}],"replies":[{"embeddable":true,"href":"https:\/\/echta-derminga.de\/index.php?rest_route=%2Fwp%2Fv2%2Fcomments&post=18474"}],"version-history":[{"count":12,"href":"https:\/\/echta-derminga.de\/index.php?rest_route=\/wp\/v2\/posts\/18474\/revisions"}],"predecessor-version":[{"id":18515,"href":"https:\/\/echta-derminga.de\/index.php?rest_route=\/wp\/v2\/posts\/18474\/revisions\/18515"}],"wp:featuredmedia":[{"embeddable":true,"href":"https:\/\/echta-derminga.de\/index.php?rest_route=\/wp\/v2\/media\/18477"}],"wp:attachment":[{"href":"https:\/\/echta-derminga.de\/index.php?rest_route=%2Fwp%2Fv2%2Fmedia&parent=18474"}],"wp:term":[{"taxonomy":"category","embeddable":true,"href":"https:\/\/echta-derminga.de\/index.php?rest_route=%2Fwp%2Fv2%2Fcategories&post=18474"},{"taxonomy":"post_tag","embeddable":true,"href":"https:\/\/echta-derminga.de\/index.php?rest_route=%2Fwp%2Fv2%2Ftags&post=18474"}],"curies":[{"name":"wp","href":"https:\/\/api.w.org\/{rel}","templated":true}]}}