{"id":18634,"date":"2025-03-23T15:47:01","date_gmt":"2025-03-23T14:47:01","guid":{"rendered":"https:\/\/echta-derminga.de\/?p=18634"},"modified":"2025-03-23T16:44:18","modified_gmt":"2025-03-23T15:44:18","slug":"40-jahre-mitgliedschaft-in-der-gewerkschaft-lehrten-mich-haltung-und-solidaritaet","status":"publish","type":"post","link":"https:\/\/echta-derminga.de\/?p=18634","title":{"rendered":"40 Jahre Mitgliedschaft in der Gewerkschaft lehrten mich Haltung und Solidarit\u00e4t"},"content":{"rendered":"\n<p class=\"has-medium-font-size wp-block-paragraph\"><strong>1984: Helmut Kohl ist Bundeskanzler in der Bundesrepublik Deutschland. Richard von Weizs\u00e4cker trat diesem Jahr sein Amt als Bundespr\u00e4sident an und Deutschland und Frankreich setzen ein gemeinsames Symbol der Vers\u00f6hnung. Die Gr\u00fcnen setzen beim Thema Waldsterben auf eine starke Umweltpolitik und Otto Graf Lambsdorff muss wegen der Flick-Aff\u00e4re von seinem Amt als Wirtschaftsminister zur\u00fccktreten. In der DDR war Erich Honecker der m\u00e4chtigste Politiker. 1984 schritt die Technologie in Deutschland mit aller Macht voran. Die ersten Computer wurden vermarktet und eroberten auch die Arbeitswelt. Das Privatfernsehen startete mit Sat.1 und RTL seine Erfolgsgeschichte. Zahlreiche L\u00e4nder des Ostblocks boykottierten die Olympischen Sommerspiele in Los Angeles. In \u00c4thiopien kam es 1984\/85 zu einer schlimmsten Hungersn\u00f6ten. In Indien wurde die Ministerpr\u00e4sidentin Indira Gandhi durch extremistische Sikhs ermordet. Ronald Reagan gewann die Pr\u00e4sidentschaftswahlen in den USA und wurde somit erneut Pr\u00e4sident. Das Lied &#8222;Self Control&#8220; von Laura Branigan wurde zum Hit des Jahres. Deutscher Fu\u00dfballmeister wurde der VFB Stuttgart.<\/strong><\/p>\n\n\n\n<p class=\"has-medium-font-size wp-block-paragraph\">Manche Dinge bekommt man in die Wiege gelegt. Im Jahre 1984 unterschrieb ich nicht nur meinen ersten Arbeitsvertrag bei den Saarbergwerken AG, sondern auch meine Eintrittserkl\u00e4rung bei der zust\u00e4ndigen Gewerkschaft IGBCE und in der SPD. Mein Werdegang war famili\u00e4r bedingt vorgeschrieben. Schon mein Ur-Gro\u00dfvater und mein Gro\u00dfvater waren Bergleute. Ebenso war mein Vater \u201eUnter Tage\u201c t\u00e4tig. Mein Gro\u00dfvater v\u00e4terlicherseits und mein Vater waren bekennende Sozialdemokraten. In den 1980-er Jahren galt die SPD noch als reine Arbeiter- und Friedenspartei. Viele Familienmitglieder waren der SPD verbunden und \u00fcbernahmen schon fr\u00fch mit ihrer Mitgliedschaft Verantwortung. In den 70-er und 80-er Jahren pflegte die SPD traditionell eine enge Verbindung zu den Gewerkschaften. Eine Mitgliedschaft in einer Gewerkschaft war damals v\u00f6llig normal und eigentlich eine logische Konsequenz. Ich unterschreib die Eintrittserkl\u00e4rung ohne mir dabei Gedanken zu machen. Als Bergmann war die Gewerkschaft IGBCE f\u00fcr mich verantwortlich.<\/p>\n\n\n\n<div class=\"wp-block-columns is-layout-flex wp-container-core-columns-is-layout-8f761849 wp-block-columns-is-layout-flex\">\n<div class=\"wp-block-column is-layout-flow wp-block-column-is-layout-flow\">\n<figure class=\"wp-block-image size-large\"><img loading=\"lazy\" decoding=\"async\" width=\"700\" height=\"933\" src=\"https:\/\/echta-derminga.de\/wp-content\/uploads\/2025\/03\/22-1-700x933.jpg\" alt=\"\" class=\"wp-image-18641\" srcset=\"https:\/\/echta-derminga.de\/wp-content\/uploads\/2025\/03\/22-1-700x933.jpg 700w, https:\/\/echta-derminga.de\/wp-content\/uploads\/2025\/03\/22-1-225x300.jpg 225w, https:\/\/echta-derminga.de\/wp-content\/uploads\/2025\/03\/22-1-768x1024.jpg 768w, https:\/\/echta-derminga.de\/wp-content\/uploads\/2025\/03\/22-1-1152x1536.jpg 1152w, https:\/\/echta-derminga.de\/wp-content\/uploads\/2025\/03\/22-1-1536x2048.jpg 1536w, https:\/\/echta-derminga.de\/wp-content\/uploads\/2025\/03\/22-1-scaled.jpg 1920w\" sizes=\"auto, (max-width: 700px) 100vw, 700px\" \/><\/figure>\n<\/div>\n\n\n\n<div class=\"wp-block-column is-layout-flow wp-block-column-is-layout-flow\">\n<figure class=\"wp-block-image size-large\"><img loading=\"lazy\" decoding=\"async\" width=\"700\" height=\"933\" src=\"https:\/\/echta-derminga.de\/wp-content\/uploads\/2025\/03\/22-2-700x933.jpg\" alt=\"\" class=\"wp-image-18642\" srcset=\"https:\/\/echta-derminga.de\/wp-content\/uploads\/2025\/03\/22-2-700x933.jpg 700w, https:\/\/echta-derminga.de\/wp-content\/uploads\/2025\/03\/22-2-225x300.jpg 225w, https:\/\/echta-derminga.de\/wp-content\/uploads\/2025\/03\/22-2-768x1024.jpg 768w, https:\/\/echta-derminga.de\/wp-content\/uploads\/2025\/03\/22-2-1152x1536.jpg 1152w, https:\/\/echta-derminga.de\/wp-content\/uploads\/2025\/03\/22-2-1536x2048.jpg 1536w, https:\/\/echta-derminga.de\/wp-content\/uploads\/2025\/03\/22-2-scaled.jpg 1920w\" sizes=\"auto, (max-width: 700px) 100vw, 700px\" \/><\/figure>\n<\/div>\n<\/div>\n\n\n\n<p class=\"has-medium-font-size wp-block-paragraph\"><strong>Warum braucht man eine Gewerkschaft? Gewerkschaften unterst\u00fctzen und beraten Betriebs- und Personalr\u00e4te, damit die Interessen der Arbeitnehmer\/innen gegen\u00fcber dem Arbeitgeber vertreten werden. Durch die betriebliche Mitbestimmung k\u00f6nnen Besch\u00e4ftigte ihre Arbeitszeit oder die Vereinbarkeit von Beruf und Familie mitgestalten. Die Mitglieder erhalten kostenlose Rechtsberatung und kostenloser Rechtsschutz. Gewerkschaften f\u00fchren Tarifverhandlungen und rufen notfalls auch zu einem Streik auf. Im Wesentlichen leisten die Gewerkschaften jedoch einen viel gr\u00f6\u00dferen Beitrag: Solidarit\u00e4t!<\/strong><\/p>\n\n\n\n<p class=\"has-medium-font-size wp-block-paragraph\">Bis zum Jahre 2001 war ich Mitglied in der IGBCE und \u00fcbernahm auch f\u00fcr einige Jahre den Vorsitz in der IGBCE Ortsgruppe Dirmingen\/ Berschweiler. Diese lehrreiche Zeit hat mich sehr gepr\u00e4gt und hat mir genauso wie meine Zeit &#8222;Unter Tage&#8220; vieles mitgegeben. Schon damals war jedoch ein besorgniserregender Trend weg von den Gewerkschaften zu erkennen. Immer mehr Arbeitnehmer\/innen verzichteten auf eine Mitgliedschaft in einer Gewerkschaft. Ich pers\u00f6nlich hielt an meiner Mitgliedschaft in einer Gewerkschaft fest und wechselte nicht nur den Arbeitgeber, sondern auch die zust\u00e4ndige Gewerkschaft. Im Jahre 2001 wurde ich Mitglied in der NGG.&nbsp; Die Gewerkschaft Nahrung-Genuss-Gastst\u00e4tten (NGG) ist die \u00e4lteste Gewerkschaft Deutschlands. Eine ihrer Vorl\u00e4uferorganisationen, der Allgemeine Deutsche Cigarrenarbeiter-Verein, wurde bereits 1865 in Leipzig gegr\u00fcndet. Die NGG hat heute 187.679 Mitglieder und geh\u00f6rt zu den 5 gr\u00f6\u00dften Gewerkschaften unseres Landes.<\/p>\n\n\n<div class=\"wp-block-image\">\n<figure class=\"aligncenter size-large\"><img loading=\"lazy\" decoding=\"async\" width=\"700\" height=\"525\" src=\"https:\/\/echta-derminga.de\/wp-content\/uploads\/2025\/03\/000000-700x525.jpg\" alt=\"\" class=\"wp-image-18644\" srcset=\"https:\/\/echta-derminga.de\/wp-content\/uploads\/2025\/03\/000000-700x525.jpg 700w, https:\/\/echta-derminga.de\/wp-content\/uploads\/2025\/03\/000000-300x225.jpg 300w, https:\/\/echta-derminga.de\/wp-content\/uploads\/2025\/03\/000000-768x576.jpg 768w, https:\/\/echta-derminga.de\/wp-content\/uploads\/2025\/03\/000000-1536x1152.jpg 1536w, https:\/\/echta-derminga.de\/wp-content\/uploads\/2025\/03\/000000-2048x1536.jpg 2048w\" sizes=\"auto, (max-width: 700px) 100vw, 700px\" \/><\/figure>\n<\/div>\n\n\n<p class=\"has-medium-font-size wp-block-paragraph\"><strong>Die Zigarrenproduktion erfolgte zu dieser Zeit gr\u00f6\u00dftenteils in Heim- und Handarbeit. In kleinen Arbeitsr\u00e4umen, die meistens auch als Schlaf- und Wohnraum dienten, arbeiteten Eltern, Kinder und ein paar Gehilfen unter denkbar schlechten Bedingungen. Die Folgen waren \u00fcberlange Arbeitszeiten, keinerlei Absicherung gegen Krankheit und Unf\u00e4lle, Kinderarbeit und Hungersnot. Der erste  &#8222;Allgemeine Deutsche Cigarrenarbeiter-Verein&#8220; versuchte sich besser gegen ausbeuterische Fabrikanten und die katastrophalen Arbeits- und Lebensbedingungen zur wehren.&nbsp;W\u00e4hrend der Arbeit wurden die Zigarrenmacher nicht durch die Fabrikanten kontrolliert. Sie konnten w\u00e4hrend ihrer leisen, mechanischen Arbeit ungehindert miteinander reden und debattieren. Vielerorts bestimmten die Arbeiter einen sogenannten \u201eVorleser\u201c, der die Arbeitenden durch das Vorlesen aus Romanen, politischen Schriften und sozialdemokratischen Zeitungen unterhielt und informierte. Viele Zigarrenmacher wurden so zu politisch interessierten und gut informierten Arbeitern. In Erinnerung daran ist \u201eder Vorleser\u201c heute das offizielle Symbol der Gewerkschaft NGG.<\/strong><\/p>\n\n\n\n<p class=\"has-medium-font-size wp-block-paragraph\">Durch Bismarcks Sozialistengesetz von 1878 wurden die wachsenden Bestrebungen nach mehr Mitbestimmung und besseren Arbeitsbedingungen durch die Gewerkschaften ausgebremst. Die Sozialdemokratische Partei und die ersten Gewerkschaften wurden verboten. Unter dem Deckmantel sogenannter. \u201eReiseunters\u00fctzungsvereine\u201c ging die Arbeit der Gewerkschaften jedoch weiter. Im Jahre 1890 fiel das Sozialistengesetz und wurde f\u00fcr Nichtig erkl\u00e4rt. Der Druck auf die Arbeitnehmerschaften und die Gewerkschaften ging jedoch weiter. Dennoch konnten Gewerkschaften endlich wieder \u00f6ffentlich agieren. Die beiden Weltkriege schw\u00e4chten die Bem\u00fchungen der Gewerkschaften in Deutschland. Diese Schw\u00e4che der Gewerkschaften, vor allem zum H\u00f6hepunkt der Weltwirtschaftskrise 1923, wurde von den Arbeitgebern genutzt. Vielerorts wurden Tarifvertr\u00e4ge gek\u00fcndigt und die t\u00e4gliche Arbeitszeit wieder erh\u00f6ht. Auch von Seiten der Gewerkschaften blieben wirksame Ma\u00dfnahmen gegen den Aufstieg Adolf Hitler&#8217;s Nationalsozialistischer Deutschen Arbeiterpartei (NSDAP) aus. Nach der Machtergreifung Hitlers im Jahr 1933 wurden die Gewerkschaften zunehmend unter Druck gesetzt und sehr bald, am 2. Mai 1933, verboten. Einzig die SPD stellt sich am 23. M\u00e4rz 1933 mutig gegen das Erm\u00e4chtigungsgesetz der Nazis. Die Gewerkschaften und auch die Sozialdemokraten waren fortan zur Untergrunds Arbeit verdammt. <\/p>\n\n\n<div class=\"wp-block-image\">\n<figure class=\"aligncenter size-large\"><img loading=\"lazy\" decoding=\"async\" width=\"700\" height=\"459\" src=\"https:\/\/echta-derminga.de\/wp-content\/uploads\/2025\/03\/333-700x459.jpg\" alt=\"\" class=\"wp-image-18646\" srcset=\"https:\/\/echta-derminga.de\/wp-content\/uploads\/2025\/03\/333-700x459.jpg 700w, https:\/\/echta-derminga.de\/wp-content\/uploads\/2025\/03\/333-300x197.jpg 300w, https:\/\/echta-derminga.de\/wp-content\/uploads\/2025\/03\/333-768x503.jpg 768w, https:\/\/echta-derminga.de\/wp-content\/uploads\/2025\/03\/333-1536x1007.jpg 1536w, https:\/\/echta-derminga.de\/wp-content\/uploads\/2025\/03\/333-2048x1342.jpg 2048w\" sizes=\"auto, (max-width: 700px) 100vw, 700px\" \/><\/figure>\n<\/div>\n\n\n<p class=\"has-medium-font-size wp-block-paragraph\"><strong>Nach dem Krieg wurde der gemeinschaftliche Einsatz gegen das nationalsozialistische Regime zu den Grundlagen f\u00fcr die Schaffung von Einheitsgewerkschaften. Mit dem Bundesrahmentarifvertrag in der Brauindustrie trat am 1. Januar 1974 der erste einheitliche Einkommenstarifvertrag in Deutschland \u00fcberhaupt in Kraft. Erfolge in der Vorruhestandsregelungen, bei der Rente, der Arbeitszeit und beim Mindestlohn geh\u00f6ren zur Geschichte der Gewerkschaften. Die NGG tr\u00e4gt Verantwortung f\u00fcr die Arbeitnehmer\/innen in der Lebensmittelbranche. Die Arbeiterinnen und Arbeiter in der Dienstleistung haben es bis heute nicht einfach. Dennoch sind viele Firmen und Unternehmen immer noch nicht gewerkschaftlich organisiert. Die Arbeitnehmerinnen und Arbeitnehmer in der Ern\u00e4hrungsindustrie sind vielerorts von Dumpingl\u00f6hnen und schlechten Arbeitsbedingungen betroffen.<\/strong><\/p>\n\n\n\n<p class=\"has-medium-font-size wp-block-paragraph\">Gewerkschaften ben\u00f6tigen Betriebsr\u00e4te. Weit \u00fcber 20 Jahre war ich Mitglied eines Betriebsrates. Viel \u00c4rger &#8211; wenig Lohn und Dank! Gerade im Mittelstand und in der Dienstleistung f\u00e4llt es oftmals schwer Solidarit\u00e4t zu erwirken und zu demonstrieren. Trotzdem ist die Arbeit der Betriebsr\u00e4te immer noch sehr wertvoll und unverzichtbar. Der zu beschreitender Weg ist in dieser Branche jedoch etwas l\u00e4nger und h\u00e4rter als anderswo. Auch in unseren Betriebsr\u00e4ten geht es allzu oft um Selbstsicherung, Macht Spielereien und das Erklimmen einer Karriereleiter. Trotz alledem geh\u00f6ren Gewerkschaften und Betriebsr\u00e4te zu den wichtigsten Errungenschaften der Industrialisierung. Wo w\u00e4ren wir heute ohne die Verdienste der Gewerkschaften?<\/p>\n\n\n\n<figure class=\"wp-block-embed is-type-video is-provider-youtube wp-block-embed-youtube wp-embed-aspect-16-9 wp-has-aspect-ratio\"><div class=\"wp-block-embed__wrapper\">\n<iframe loading=\"lazy\" title=\"Der Vorleser - Wolfgang Winkler\" width=\"860\" height=\"484\" src=\"https:\/\/www.youtube.com\/embed\/893BXaOXaP4?feature=oembed\" frameborder=\"0\" allow=\"accelerometer; autoplay; clipboard-write; encrypted-media; gyroscope; picture-in-picture; web-share\" referrerpolicy=\"strict-origin-when-cross-origin\" allowfullscreen><\/iframe>\n<\/div><\/figure>\n\n\n\n<p class=\"has-medium-font-size wp-block-paragraph\"><strong>Am Freitag, 21. M\u00e4rz wurde ich im Bildungszentrum Kirkel f\u00fcr meine 41- j\u00e4hrige Mitgliedschaft in den Gewerkschaften IGBCE und der NNG ausgezeichnet und geehrt. Weit \u00fcber die H\u00e4lfte meines Lebens bin ich nun gewerkschaftlich organisiert und Mitglied eine der gr\u00f6\u00dften Gewerkschaft unseres Landes. Ganz oft habe ich gezweifelt und wurde von Entt\u00e4uschungen geplagt. Genauso oft war ich jedoch von der Solidarit\u00e4t und den Errungenschaften der Gewerkschaften begeistert. Ich erinnre mich an die Bergarbeiterdemonstrationen in den 1980-er Jahre oder auch die erfolgreiche Umstrukturierung unserer Firma von einem Verbunds Segment hinweg zu einem eigenst\u00e4ndigen und erfolgreichen Unternehmen. Hinzu kamen viele gewerkschaftliche Errungenschaften mit guten Tarifabschl\u00fcssen. W\u00e4hrend viele Mitarbeiter\/innen diese gewerkschaftlichen Errungenschaften auch als Nichtmitglied genossen und als gegeben hinnahmen, wollte ich immer ein Teil dieser Bewegung sein.<\/strong> <strong>Ich m\u00f6chte mich bei meiner Gewerkschaft ganz herzlich bedanken. Vielen Dank f\u00fcr den sch\u00f6nen Abend, die Ehrung und das schwelgen in Erinnerungen.<\/strong> <strong>Ich habe viele gute Menschen kennengelernt und durfte so einiges f\u00fcr mein Leben mitnehmen.<\/strong> <strong>Unter anderem habe ich mit Wolfgang Winkler einen sehr sympathischen und interessanten Musiker kennengelernt. Wolfgang Winkler versteht es in seinen Liedern Geschichte und Musik auf unvergleichbare Art zu vereinen. Sein Lied &#8222;Der Vorleser&#8220;, der Symbolfigur der NGG, stellt das eindrucksvoll unter Beweis.<\/strong> <strong>Winkler beschreibt in seinem Lied die Stellung des Vorlesers in der NGG<\/strong>. <strong>Informationen findet ihr unter www.winklermusik.de. <\/strong><\/p>\n\n\n\n<div class=\"wp-block-columns is-layout-flex wp-container-core-columns-is-layout-8f761849 wp-block-columns-is-layout-flex\">\n<div class=\"wp-block-column is-layout-flow wp-block-column-is-layout-flow\">\n<figure class=\"wp-block-image size-large\"><img loading=\"lazy\" decoding=\"async\" width=\"700\" height=\"933\" src=\"https:\/\/echta-derminga.de\/wp-content\/uploads\/2025\/03\/4444-700x933.jpg\" alt=\"\" class=\"wp-image-18648\" srcset=\"https:\/\/echta-derminga.de\/wp-content\/uploads\/2025\/03\/4444-700x933.jpg 700w, https:\/\/echta-derminga.de\/wp-content\/uploads\/2025\/03\/4444-225x300.jpg 225w, https:\/\/echta-derminga.de\/wp-content\/uploads\/2025\/03\/4444-768x1024.jpg 768w, https:\/\/echta-derminga.de\/wp-content\/uploads\/2025\/03\/4444-1152x1536.jpg 1152w, https:\/\/echta-derminga.de\/wp-content\/uploads\/2025\/03\/4444-1536x2048.jpg 1536w, https:\/\/echta-derminga.de\/wp-content\/uploads\/2025\/03\/4444-scaled.jpg 1920w\" sizes=\"auto, (max-width: 700px) 100vw, 700px\" \/><\/figure>\n<\/div>\n\n\n\n<div class=\"wp-block-column is-layout-flow wp-block-column-is-layout-flow\">\n<figure class=\"wp-block-image size-large\"><img loading=\"lazy\" decoding=\"async\" width=\"700\" height=\"1029\" src=\"https:\/\/echta-derminga.de\/wp-content\/uploads\/2025\/03\/4444-2-700x1029.jpg\" alt=\"\" class=\"wp-image-18649\" srcset=\"https:\/\/echta-derminga.de\/wp-content\/uploads\/2025\/03\/4444-2-700x1029.jpg 700w, https:\/\/echta-derminga.de\/wp-content\/uploads\/2025\/03\/4444-2-204x300.jpg 204w, https:\/\/echta-derminga.de\/wp-content\/uploads\/2025\/03\/4444-2-768x1129.jpg 768w, https:\/\/echta-derminga.de\/wp-content\/uploads\/2025\/03\/4444-2-1045x1536.jpg 1045w, https:\/\/echta-derminga.de\/wp-content\/uploads\/2025\/03\/4444-2-1394x2048.jpg 1394w, https:\/\/echta-derminga.de\/wp-content\/uploads\/2025\/03\/4444-2-scaled.jpg 1742w\" sizes=\"auto, (max-width: 700px) 100vw, 700px\" \/><\/figure>\n<\/div>\n<\/div>\n\n\n\n<p class=\"has-medium-font-size wp-block-paragraph\"><strong>Zeit zur Ver\u00e4nderung. Wir schreiben das Jahr 2025 und ich werde mich erneut beruflich ver\u00e4ndern. Ein Gewerkschaftsaustritt kommt f\u00fcr mich jedoch nicht in Frage. Vielmehr strebe ich erneut einen Wechsel in eine Gewerkschaft an, die in meinem neuen beruflichen Umfeld Verantwortung tr\u00e4gt.<\/strong> <strong>Ich zieh das jetzt durch !<\/strong><\/p>\n\n\n\n<p class=\"has-medium-font-size wp-block-paragraph\">Meine Mitgliedschaften in der Gewerkschaft und der SPD haben mich oft zweifeln lassen. Ich bin auch heute l\u00e4ngst nicht mit allen Entscheidungen meiner Partei und den Gewerkschaften in Deutschland einverstanden. Das muss ich auch nicht! Auch das ist Demokratie und ein Teil unserer Freiheit. Ich bin jedoch davon \u00fcberzeugt, dass es ohne den Einsatz der demokratischen Parteien und Gewerkschaften, den Menschen in diesem Land schlechter gehen w\u00fcrde. <strong>Wenn mich meine Mitgliedschaft in den Gewerkschaften und der SPD eines gelehrt hat, dann ist das: Solidarit\u00e4t und Haltung! Mein Rat: Schwimmt ruhig mal gegen den Strom und erhebt deine Stimme!<\/strong><\/p>\n","protected":false},"excerpt":{"rendered":"<p>1984: Helmut Kohl ist Bundeskanzler in der Bundesrepublik Deutschland. Richard von Weizs\u00e4cker trat diesem Jahr sein Amt als Bundespr\u00e4sident an und Deutschland und Frankreich setzen ein gemeinsames Symbol der Vers\u00f6hnung. Die Gr\u00fcnen setzen beim Thema Waldsterben auf eine starke Umweltpolitik und Otto Graf Lambsdorff muss wegen der Flick-Aff\u00e4re von seinem Amt als Wirtschaftsminister zur\u00fccktreten. In der DDR war Erich Honecker<\/p>\n","protected":false},"author":1,"featured_media":18640,"comment_status":"open","ping_status":"closed","sticky":false,"template":"","format":"standard","meta":{"_crdt_document":"","footnotes":""},"categories":[1,902],"tags":[5,618,1187,1186,577,127,1185,310],"class_list":["post-18634","post","type-post","status-publish","format-standard","has-post-thumbnail","hentry","category-allgemein","category-meine-meinung","tag-dirmingen","tag-gemeinde-eppelborn","tag-gewerkschaft","tag-igbce","tag-jubilarehrung","tag-landkreis-neunkirchen","tag-nng","tag-saarland"],"_links":{"self":[{"href":"https:\/\/echta-derminga.de\/index.php?rest_route=\/wp\/v2\/posts\/18634","targetHints":{"allow":["GET"]}}],"collection":[{"href":"https:\/\/echta-derminga.de\/index.php?rest_route=\/wp\/v2\/posts"}],"about":[{"href":"https:\/\/echta-derminga.de\/index.php?rest_route=\/wp\/v2\/types\/post"}],"author":[{"embeddable":true,"href":"https:\/\/echta-derminga.de\/index.php?rest_route=\/wp\/v2\/users\/1"}],"replies":[{"embeddable":true,"href":"https:\/\/echta-derminga.de\/index.php?rest_route=%2Fwp%2Fv2%2Fcomments&post=18634"}],"version-history":[{"count":12,"href":"https:\/\/echta-derminga.de\/index.php?rest_route=\/wp\/v2\/posts\/18634\/revisions"}],"predecessor-version":[{"id":18655,"href":"https:\/\/echta-derminga.de\/index.php?rest_route=\/wp\/v2\/posts\/18634\/revisions\/18655"}],"wp:featuredmedia":[{"embeddable":true,"href":"https:\/\/echta-derminga.de\/index.php?rest_route=\/wp\/v2\/media\/18640"}],"wp:attachment":[{"href":"https:\/\/echta-derminga.de\/index.php?rest_route=%2Fwp%2Fv2%2Fmedia&parent=18634"}],"wp:term":[{"taxonomy":"category","embeddable":true,"href":"https:\/\/echta-derminga.de\/index.php?rest_route=%2Fwp%2Fv2%2Fcategories&post=18634"},{"taxonomy":"post_tag","embeddable":true,"href":"https:\/\/echta-derminga.de\/index.php?rest_route=%2Fwp%2Fv2%2Ftags&post=18634"}],"curies":[{"name":"wp","href":"https:\/\/api.w.org\/{rel}","templated":true}]}}