{"id":18656,"date":"2025-03-28T14:19:11","date_gmt":"2025-03-28T13:19:11","guid":{"rendered":"https:\/\/echta-derminga.de\/?p=18656"},"modified":"2025-03-28T15:01:02","modified_gmt":"2025-03-28T14:01:02","slug":"es-ist-aller-hoechste-zeit-wieder-mal-mensch-zu-sein","status":"publish","type":"post","link":"https:\/\/echta-derminga.de\/?p=18656","title":{"rendered":"Es ist aller h\u00f6chste Zeit, wieder mal Mensch zu sein\u2026.."},"content":{"rendered":"\n<p class=\"has-medium-font-size wp-block-paragraph\"><strong>Der Karren ist verfahren und steckt tief im Dreck. Dabei kann kaum noch jemand seine H\u00e4nde in Unschuld waschen kann. Mittlerweile bin ich der Meinung, dass auch eine bessere Politik einer zuk\u00fcnftigen Bundesregierung kaum ausreicht, um das Ruder umzurei\u00dfen. Inzwischen legen viele W\u00e4hlerinnen und W\u00e4hler l\u00e4ngst keinen Wert mehr auf die Wahrheit. In den letzten Jahren hat aufgrund des schlechten Politikstils der Altparteien eine emotionale Solidarisierung mit der AFD stattgefunden. Dabei ist dem W\u00e4hler egal welcher Misst verzapft wird oder welche Leichen im Keller liegen. Auch die Radikalisierung der Partei und die vielen rechtsextremen Verdachtsf\u00e4lle werden billigend in Kauf genommen. Den W\u00e4hlern ist es mittlerweile egal welche Leute nun f\u00fcr sie im Bundestag sitzen. Wahlprogramme spielen ebenso keine Rolle mehr und werden l\u00e4chelnd \u00fcbersehen. Schuld daran ist in erster Linie die schlechte Regierungsarbeit der GroKo und der Ampel. In der Vergangenheit wurden zu viele Fehler gemacht. Hinzu kamen eine schlechte Rhetorik und Au\u00dfendarstellung. Nein, nicht jeder der AFD w\u00e4hlt ist ein Rechtsextremist und nicht jeder der die Linke w\u00e4hlt ist ein Linksextremist. Ich kenne viele gute Leute, die aus ihrer Entt\u00e4uschung und Verzweiflung heraus eine andere Wahl trafen.<\/strong><\/p>\n\n\n\n<p class=\"has-medium-font-size wp-block-paragraph\">Auf der anderen Seite haben das Radio und Fernsehen, die sozialen Medien und der Mainstream daf\u00fcr gesorgt, dass eine brutale Verrohung in der Gesellschaft stattgefunden hat. Es gibt nur noch Die gegen Wir! Da werden Wahrheiten verdreht, Verschw\u00f6rungstheorien gestreut und Hass verbreitet. Wir triften immer mehr in eine Homophobe-, frauenfeindliche- und ausl\u00e4nderfeindliche Politikform. Das Ganze hat Schule und findet aktuell auf dem ganzen Erdball statt. Die Welt wird mehr und mehr von machtbesessenen Aristokraten regiert. Populismus und Fake News sind fester Bestandteil dieser Politikform. Die Menschen beteiligen sich an diesem Spiel. In den sozialen Medien herrscht Krieg. T\u00e4glich werden neue Grenzen \u00fcberwunden und Thesen verbreitet. Der erste Schritt zur Erkenntnis kommt zu sp\u00e4t: Das alles ist das Ergebnis einer wenig emphatischen Politik.<\/p>\n\n\n\n<p class=\"has-medium-font-size wp-block-paragraph\"><strong>Ich f\u00fcrchte, dass hier auch durch eine gute Politik der zuk\u00fcnftigen Regierung nur noch wenig gutzumachen oder zu retten ist. Ich habe da nicht mehr viel Hoffnung und glaube, dass wir erst am eigenen Leib erfahren m\u00fcssen, wohin uns so mancher andere Politikstil f\u00fchrt. Manchmal muss es wehtun, bevor es gut werden kann. Tats\u00e4chlich glaube auch ich, dass wir unseren Umgang mit der AFD ver\u00e4ndern m\u00fcssen. Im Moment braucht sich die AFD nur zur\u00fcckzulehnen und zuzuschauen. Beigetragen wurde bisher sehr wenig und auch die Kritik ist selten konstruktiv. Mich st\u00f6rt die sinnlose Debatte \u00fcber eine Angebliche Missachtung des W\u00e4hlervotums. Was f\u00fcr ein Unsinn!! In den sozialen Medien wird die These gestreut, dass man den W\u00e4hlerwillen nicht akzeptiert und undemokratisch handelt. Immerhin m\u00fcsste die zweitst\u00e4rkste Fraktion doch in die Regierung. Was f\u00fcr ein Nonsens! Drehen wir den Spie\u00df mal um! Sollen die gew\u00e4hlten B\u00fcrgervertreter im Bundestag zuk\u00fcnftig nicht mehr nach ihrem Gewissen, sondern nach Kalk\u00fcl w\u00e4hlen nur um einer scheinbar &#8222;fairen&#8220; Positionsverteilung gerecht zu werden ? Was im Moment geschieht, ist eine Verdrehung der Tatsachen. Hier haben einige nicht verstanden, was Demokratie bedeutet.&nbsp; Fakt ist: Keine Partei, die nicht eine absolute Mehrheit gewinnt, hat einen Anspruch, in der Regierung zu sein.<\/strong><\/p>\n\n\n\n<p class=\"has-medium-font-size wp-block-paragraph\">Auch meine Partei wurde in ihrer Vergangenheit schon \u00f6fter als zweitst\u00e4rkste Kraft in die Opposition geschickt. Die Gr\u00fcnen und Linken wurden ebenso jahrelang bei der Vergrabe von hochrangigen Positionen \u00fcbergangen. Schon damals wie heute findet man an beiden R\u00e4ndern des Bundestages extreme Verdachtsf\u00e4lle. In einer Demokratie sollte man den Willen der Volksvertreter respektieren. Daf\u00fcr sind diese Menschen gew\u00e4hlt. Langsam gewinne ich den Eindruck, dass immer mehr Halb- oder Unwahrheiten verbreitet werden, in der Hoffnung, dass ein paar davon h\u00e4ngen bleiben. Der W\u00e4hlerwille wird auch in einer notwendigen starken Opposition sp\u00fcrbar deutlich. Genau, dass macht Demokratie aus! Will sagen, die AFD sollte sich mal bem\u00fchen gute und sachorientiere Oppositionsarbeit zu leisten. Da kommt nicht nur auf kommunaler Ebene sehr wenig zustande. Die konstituierende Sitzung des Bundestages hat gezeigt, wohin die Reise geht. Habt ihr euch die Rhetorik und die Darstellung der gr\u00f6\u00dften Oppositionspartei angesehen. Das sind die Geister, die wir riefen!<\/p>\n\n\n\n<p class=\"has-medium-font-size wp-block-paragraph\"><strong>Die m\u00f6gliche neue Bundesregierung m\u00f6chte mit einem Sonderverm\u00f6gen von 500 Milliarden Euro unsere Infrastruktur modernisieren und klimafreundlicher gestalten.&nbsp; Dabei wurde mit der zweidrittel Mehrheit das Grundgesetz ge\u00e4ndert. Der Zeitpunkt hat auch mir nicht besonders gefallen. Nun sollen allein 100 Milliarden Euro an die L\u00e4nder und Kommunen f\u00fcr moderne Schienen, sichere Br\u00fccken, sanierte Schulen und schnelle digitale Netze gehen. Die Schuldenbremse soll reformiert und mehr Geld in die Sicherheit des Landes investiert werden. Dabei sollen auch die L\u00e4nder mehr Spielraum f\u00fcr Investitionen erhalten. Aus Sicht eines bescheidenen, kleinen Ortsvorstehers eines ca. 3000 Seelen D\u00f6rfchens begr\u00fc\u00dfe ich diese Entscheidung. Ich habe nie einen Hehl daraus gemacht, dass ich f\u00fcr eine Reform der Schuldenbremse bin. Die Kommunen k\u00f6nnen nicht mehr atmen und leiden unter einem rieseigen Investitionsstau. In K\u00fcrze entscheidet unser Gemeinderat \u00fcber den neuen Doppelhaushalt. Fakt ist: Auch in unserer Gemeinde Eppelborn geht l\u00e4ngst nichts mehr ohne entsprechende F\u00f6rderprogramme. Nat\u00fcrlich verschulden wir mit diesem Sonderverm\u00f6gen das Land auf Kosten der n\u00e4chsten Generationen. Wenn wir jedoch jetzt nichts unternehmen, um das Leben in den Kommunen zu verbessern, wird uns das in nicht mal 20 Jahren um die Ohren fliegen. Ich f\u00fcrchte wir w\u00fcrden am Ende nur noch die Schulden verschieben. Jetzt ist die Zeit. Wir brauchen endlich L\u00f6sungen f\u00fcr die Menschen in den Kommunen. Unsere Infrastruktur liegt am Boden. Investitionen sind lebenswichtig und k\u00f6nnten zu mehr Wachstum f\u00fchren. Wirtschaftsweisen haben rausgefunden, dass Deutschland in den letzten 20 Jahren tats\u00e4chlich zu wenig investiert hat. Nat\u00fcrlich muss man mit dem Sonderverm\u00f6gen besonnen umgehen. Es wird auch zuk\u00fcnftig keinen Luxus geben. Wenn Berlin nicht endlich auf das \u00c4chzen der Kommunen reagiert, ist es bald zappenduster. Das geplante Sonderverm\u00f6gen wird nicht alle Probleme l\u00f6sen k\u00f6nnen. Dennoch k\u00f6nnte es den St\u00e4dten und Gemeinden helfen zumindest die wichtigsten Anliegen zu realisieren.<\/strong><\/p>\n\n\n\n<p class=\"has-medium-font-size wp-block-paragraph\">Ich finde es bedenklich, dass gerade diejenigen, die in den sozialen Medien immer wieder anprangern, was alles gemacht werden sollte, jetzt gegen diese Investitionen schimpfen. Die einen waren nie f\u00fcr dieses Sonderverm\u00f6gen und sind gekippt, die anderen wollten es immer haben und machen nun auf beleidigte Leberwurst. Ich w\u00fcnsche mir eine Diskussion auf Augenh\u00f6he. Als eher mittelm\u00e4\u00dfiger, schlecht praktizierender Christ, bin Ich bestimmt kein Freund von Krieg, Terror und Waffenlieferungen. Man sollte jedoch die Zeichen der Zeit erkennen. Ich f\u00fcrchte, dass mich am Ende keine fragen wird, auf welcher Seite ich gestanden habe. Wir leben tats\u00e4chlich in unverl\u00e4sslichen Zeiten. Aufr\u00fcstung ist mir ein Groll. Leider gehen mir jedoch mehr und mehr die Argumente verloren. Grunds\u00e4tzlich kann ich jeden Bedenkentr\u00e4ger verstehen. Ich habe auch meine Probleme mit dem Zustandekommen, der H\u00f6he und der Umsetzung des Sonderverm\u00f6gens. F\u00fcr unsere Kommunen ist es jedoch lebenswichtig! &nbsp;<\/p>\n\n\n\n<p class=\"has-medium-font-size wp-block-paragraph\"><strong>Der Karren steckt tief im Dreck. Im Moment geht der Glaube an das Gute buchst\u00e4blich den Bach runter. Die Regierung wird sich vor einem Berg voller Probleme wiederfinden. Die Themen B\u00fcrokratie, Migration, Rente, B\u00fcrgergeld, Arbeitspl\u00e4tze, Verm\u00f6genssteuer, Energiekosten, soziale Gerechtigkeit und Klimawandel sind allgegenw\u00e4rtig. Was hilft in dieser Zeit unruhigen, stressigen und hitzigen Zeit? Vielleicht sollten wir es einmal mit Empathie und Herz versuchen? Es kann nicht schaden Mensch zu sein&#8230;.<\/strong><\/p>\n\n\n\n<blockquote class=\"wp-block-quote is-layout-flow wp-block-quote-is-layout-flow\">\n<p class=\"has-medium-font-size wp-block-paragraph\"><strong><em>&#8222;Wenn die Angst uns l\u00e4hmt und der Himmel zerbricht, wenn die Welt uns nicht mehr als Tr\u00fcmmer hinterl\u00e4sst, ist es unsere Pflicht f\u00fcreinander da zu sein, dann ist es aller h\u00f6chste Zeit wieder mal Mensch zu sein.<\/em>&#8222;<\/strong> ( Quelle: Mensch zu sein &#8211; Dirmingen f\u00fcr Ukraine)<\/p>\n<\/blockquote>\n\n\n<div class=\"wp-block-image\">\n<figure class=\"aligncenter size-large\"><img loading=\"lazy\" decoding=\"async\" width=\"700\" height=\"1056\" src=\"https:\/\/echta-derminga.de\/wp-content\/uploads\/2022\/04\/Screenshot_20220410-144907_Instagram-700x1056.jpg\" alt=\"\" class=\"wp-image-12630\" srcset=\"https:\/\/echta-derminga.de\/wp-content\/uploads\/2022\/04\/Screenshot_20220410-144907_Instagram-700x1056.jpg 700w, https:\/\/echta-derminga.de\/wp-content\/uploads\/2022\/04\/Screenshot_20220410-144907_Instagram-199x300.jpg 199w, https:\/\/echta-derminga.de\/wp-content\/uploads\/2022\/04\/Screenshot_20220410-144907_Instagram-768x1158.jpg 768w, https:\/\/echta-derminga.de\/wp-content\/uploads\/2022\/04\/Screenshot_20220410-144907_Instagram-1018x1536.jpg 1018w, https:\/\/echta-derminga.de\/wp-content\/uploads\/2022\/04\/Screenshot_20220410-144907_Instagram.jpg 1080w\" sizes=\"auto, (max-width: 700px) 100vw, 700px\" \/><\/figure>\n<\/div>","protected":false},"excerpt":{"rendered":"<p>Der Karren ist verfahren und steckt tief im Dreck. Dabei kann kaum noch jemand seine H\u00e4nde in Unschuld waschen kann. Mittlerweile bin ich der Meinung, dass auch eine bessere Politik einer zuk\u00fcnftigen Bundesregierung kaum ausreicht, um das Ruder umzurei\u00dfen. Inzwischen legen viele W\u00e4hlerinnen und W\u00e4hler l\u00e4ngst keinen Wert mehr auf die Wahrheit. In den letzten Jahren hat aufgrund des schlechten<\/p>\n","protected":false},"author":1,"featured_media":12544,"comment_status":"open","ping_status":"closed","sticky":false,"template":"","format":"standard","meta":{"_crdt_document":"","footnotes":""},"categories":[1,9,902],"tags":[5,618,121,127,634,310,1188],"class_list":["post-18656","post","type-post","status-publish","format-standard","has-post-thumbnail","hentry","category-allgemein","category-dorfgetratsche","category-meine-meinung","tag-dirmingen","tag-gemeinde-eppelborn","tag-kommunalpolitik","tag-landkreis-neunkirchen","tag-ortsvorsteher","tag-saarland","tag-sondervermoegen"],"_links":{"self":[{"href":"https:\/\/echta-derminga.de\/index.php?rest_route=\/wp\/v2\/posts\/18656","targetHints":{"allow":["GET"]}}],"collection":[{"href":"https:\/\/echta-derminga.de\/index.php?rest_route=\/wp\/v2\/posts"}],"about":[{"href":"https:\/\/echta-derminga.de\/index.php?rest_route=\/wp\/v2\/types\/post"}],"author":[{"embeddable":true,"href":"https:\/\/echta-derminga.de\/index.php?rest_route=\/wp\/v2\/users\/1"}],"replies":[{"embeddable":true,"href":"https:\/\/echta-derminga.de\/index.php?rest_route=%2Fwp%2Fv2%2Fcomments&post=18656"}],"version-history":[{"count":4,"href":"https:\/\/echta-derminga.de\/index.php?rest_route=\/wp\/v2\/posts\/18656\/revisions"}],"predecessor-version":[{"id":18664,"href":"https:\/\/echta-derminga.de\/index.php?rest_route=\/wp\/v2\/posts\/18656\/revisions\/18664"}],"wp:featuredmedia":[{"embeddable":true,"href":"https:\/\/echta-derminga.de\/index.php?rest_route=\/wp\/v2\/media\/12544"}],"wp:attachment":[{"href":"https:\/\/echta-derminga.de\/index.php?rest_route=%2Fwp%2Fv2%2Fmedia&parent=18656"}],"wp:term":[{"taxonomy":"category","embeddable":true,"href":"https:\/\/echta-derminga.de\/index.php?rest_route=%2Fwp%2Fv2%2Fcategories&post=18656"},{"taxonomy":"post_tag","embeddable":true,"href":"https:\/\/echta-derminga.de\/index.php?rest_route=%2Fwp%2Fv2%2Ftags&post=18656"}],"curies":[{"name":"wp","href":"https:\/\/api.w.org\/{rel}","templated":true}]}}