{"id":18699,"date":"2025-04-13T13:06:39","date_gmt":"2025-04-13T12:06:39","guid":{"rendered":"https:\/\/echta-derminga.de\/?p=18699"},"modified":"2025-04-13T13:22:29","modified_gmt":"2025-04-13T12:22:29","slug":"in-sachen-ortsvorsteher-9","status":"publish","type":"post","link":"https:\/\/echta-derminga.de\/?p=18699","title":{"rendered":"In Sachen Ortsvorsteher: Von wichtigen Investitionen, einer Bahnhofssanierung, zahlreichen Veranstaltungen und einem sch\u00f6nen Osterfest"},"content":{"rendered":"\n<p class=\"has-medium-font-size wp-block-paragraph\">Liebe Mitb\u00fcrgerinnen, liebe Mitb\u00fcrger,<\/p>\n\n\n\n<p class=\"has-medium-font-size wp-block-paragraph\">mit dem Fr\u00fchling zieht die Hoffnung auf eine sch\u00f6ne unbeschwerte Zeit \u00fcber unser Land. Irgendwie hatte man zuletzt das Gef\u00fchl, dass sich dieser Winter besonders z\u00e4h und langsam verabschiedete. Der Fr\u00fchling startet mit der ersten Trockenphase und mit sommerlichen Temperaturen. Bleibt zu hoffen, dass wir in diesem Jahr von Starkregen oder Hochwasser verschont bleiben. In den n\u00e4chsten Monaten wird in Dirmingen und Umgebung vieles geboten. Mit dem Osterfest steigt die Hoffnung auf viele sch\u00f6ne Momente in der Familie und im Freundeskreis. Ich hoffe Sie k\u00f6nnen eine sch\u00f6ne und entspannte Zeit im Kreise ihrer Familie genie\u00dfen. Vielleicht nutzen Sie das Osterwochenende mal wieder zu einem Besuch eines Gottesdienstes oder eines Hochamtes. Unsere beiden Kirchengemeinden bieten zum Osterfest ein interessantes ein abwechslungsreiches Programm an.<\/p>\n\n\n\n<p class=\"has-medium-font-size wp-block-paragraph\"><strong>Ich w\u00fcnsche allen B\u00fcrgerinnen und B\u00fcrgern ein sch\u00f6nes und entspanntes Osterfest. Matth\u00e4us 28,5 &#8211; 6: <em>&#8222;Der Engel wandte sich an die Frauen: &#8222;F\u00fcrchtet euch nicht! Ich wei\u00df, dass ihr Jesus, den Gekreuzigten, sucht. Er ist nicht mehr hier. Er ist auferstanden, wie er es vorhergesagt hat! Kommt her und seht euch die Stelle an, wo er gelegen hat.&#8220;<\/em><\/strong><\/p>\n\n\n\n<p class=\"has-medium-font-size wp-block-paragraph\"><strong>Saisoner\u00f6ffnung beim &#8222;Derminga Eisauto&#8220;<\/strong> <\/p>\n\n\n\n<p class=\"has-medium-font-size wp-block-paragraph\">Es ist soweit, er ist wieder da! Mit dem Fr\u00fchling \u00f6ffnet das &#8222;Derminga Eisauto&#8220;, von Abdullah Alhussein in der Dirminger Ortsmitte seine Pforten. Ich freue mich, dass sich unser Eisauto mit seinem Standort vor der evangelischen Kirche etabliert. Am Freitag, 11. April 2025 \u00f6ffnete der Eiswagen zum erstenmal in diesem Jahr f\u00fcr seine Kunden. Ich w\u00fcnsche Abdullah Alhussein, seinem Team und insbesondere allen Dirmingerinnen und Dirminger viel Spa\u00df mit dem leckeren Dirminger Eis. Hiermit erkl\u00e4ren wir die Eis-Saison f\u00fcr er\u00f6ffnet! Viel Spa\u00df!<\/p>\n\n\n<div class=\"wp-block-image\">\n<figure class=\"aligncenter size-large\"><img loading=\"lazy\" decoding=\"async\" width=\"700\" height=\"678\" src=\"https:\/\/echta-derminga.de\/wp-content\/uploads\/2025\/04\/490138665_9494572567304050_613729918848984776_n-1-700x678.jpg\" alt=\"\" class=\"wp-image-18700\" srcset=\"https:\/\/echta-derminga.de\/wp-content\/uploads\/2025\/04\/490138665_9494572567304050_613729918848984776_n-1-700x678.jpg 700w, https:\/\/echta-derminga.de\/wp-content\/uploads\/2025\/04\/490138665_9494572567304050_613729918848984776_n-1-300x291.jpg 300w, https:\/\/echta-derminga.de\/wp-content\/uploads\/2025\/04\/490138665_9494572567304050_613729918848984776_n-1-768x744.jpg 768w, https:\/\/echta-derminga.de\/wp-content\/uploads\/2025\/04\/490138665_9494572567304050_613729918848984776_n-1.jpg 1080w\" sizes=\"auto, (max-width: 700px) 100vw, 700px\" \/><\/figure>\n<\/div>\n\n\n<p class=\"has-medium-font-size wp-block-paragraph\"><strong>Gro\u00dfe Saisoner\u00f6ffnung im Freizeitzentrum Finkenrech! <\/strong><\/p>\n\n\n\n<p class=\"has-medium-font-size wp-block-paragraph\">Endlich ist der Fr\u00fchling da \u2013 und wir feiern ihn mit unserem beliebten Fr\u00fchlingsfest!  Am 26. &amp; 27. April, jeweils von 11\u201318 Uhr, erwartet euch ein buntes Programm:  Rund 65 Marktst\u00e4nde mit allem rund um Garten &amp; Handwerk, Regionale Leckereien f\u00fcr jeden Geschmack, Live-Musik und Kinderprogramm f\u00fcr die ganze Familie, Tickets gibt&#8217;s nur vor Ort f\u00fcr 4 \u20ac, Kinder &amp; Menschen mit Schwerbehindertenausweis kommen kostenlos rein. Markiert euch das Datum und erlebt zwei wundersch\u00f6ne Fr\u00fchlingstage im Gr\u00fcnen!<\/p>\n\n\n<div class=\"wp-block-image\">\n<figure class=\"aligncenter size-large\"><img loading=\"lazy\" decoding=\"async\" width=\"700\" height=\"394\" src=\"https:\/\/echta-derminga.de\/wp-content\/uploads\/2024\/04\/org_c48c6c7627972172_1590069626000-700x394.jpg\" alt=\"\" class=\"wp-image-17294\" srcset=\"https:\/\/echta-derminga.de\/wp-content\/uploads\/2024\/04\/org_c48c6c7627972172_1590069626000-700x394.jpg 700w, https:\/\/echta-derminga.de\/wp-content\/uploads\/2024\/04\/org_c48c6c7627972172_1590069626000-300x169.jpg 300w, https:\/\/echta-derminga.de\/wp-content\/uploads\/2024\/04\/org_c48c6c7627972172_1590069626000-768x432.jpg 768w, https:\/\/echta-derminga.de\/wp-content\/uploads\/2024\/04\/org_c48c6c7627972172_1590069626000-1536x864.jpg 1536w, https:\/\/echta-derminga.de\/wp-content\/uploads\/2024\/04\/org_c48c6c7627972172_1590069626000-2048x1152.jpg 2048w\" sizes=\"auto, (max-width: 700px) 100vw, 700px\" \/><\/figure>\n<\/div>\n\n\n<p class=\"has-medium-font-size wp-block-paragraph\"><strong>Zukunftsbahnh\u00f6fe in unserer Gemeinde: Die Bahnh\u00f6fe in Bubach und Dirmingen werden modernisiert! <\/strong><\/p>\n\n\n\n<p class=\"has-medium-font-size wp-block-paragraph\">Gute Nachrichten f\u00fcr unsere Gemeinde! Nach dem Zukunftsbahnhof Eppelborn werden im kommenden Jahr auch die Bahnh\u00f6fe in Bubach und Dirmingen modernisiert. Bereits seit Januar befindet sich unsere Gemeinde in zukunftsorientierte Gespr\u00e4chen mit der Deutschen Bahn.  Im M\u00e4rz besuchten Vertreter der Deutschen Bahn das Rathaus um weitere Pl\u00e4ne zuschmieden.&nbsp; Neben B\u00fcrgermeister Feld und dem Ortsvorsteher von Bubach\/Calmesweiler Sebastian Michel durfte ich an dieser Sitzung teilnehmen. Dabei wurde \u00fcber potentielle Ma\u00dfnahmen gesprochen, um die beiden Bahnh\u00f6fe optisch aufzuwerten und eine Barrierefreiheit zu gew\u00e4hrleisten. Geplant sind an beiden Bahnh\u00f6fen unter anderem die Installation neuer Ausstattungsgegenst\u00e4nde (B\u00e4nke, Wetterschutzhaus, Anlehner). Damit soll das Bahnreisen f\u00fcr B\u00fcrgerinnen und B\u00fcrger sowie Besucherinnen und Besucher unserer Gemeinde noch attraktiver werden. In engem Austausch mit der Bahn und der Gemeinde werden hier moderne und nachhaltige Verkehrsstationen f\u00fcr die Zukunft entstehen!<\/p>\n\n\n<div class=\"wp-block-image\">\n<figure class=\"aligncenter size-large\"><img loading=\"lazy\" decoding=\"async\" width=\"700\" height=\"569\" src=\"https:\/\/echta-derminga.de\/wp-content\/uploads\/2025\/04\/11111-700x569.jpg\" alt=\"\" class=\"wp-image-18703\" srcset=\"https:\/\/echta-derminga.de\/wp-content\/uploads\/2025\/04\/11111-700x569.jpg 700w, https:\/\/echta-derminga.de\/wp-content\/uploads\/2025\/04\/11111-300x244.jpg 300w, https:\/\/echta-derminga.de\/wp-content\/uploads\/2025\/04\/11111-768x624.jpg 768w, https:\/\/echta-derminga.de\/wp-content\/uploads\/2025\/04\/11111.jpg 1200w\" sizes=\"auto, (max-width: 700px) 100vw, 700px\" \/><\/figure>\n<\/div>\n\n\n<p class=\"has-medium-font-size wp-block-paragraph\"><strong>Bericht aus dem Dirminger Ortsrat! \u2013 Mehr Transparenz und wichtige Investitionen<\/strong><\/p>\n\n\n\n<p class=\"has-medium-font-size wp-block-paragraph\">Am Freitag, 04. April fand im Nebenraum der Borrwieshalle Dirmingen eine wichtige Ortsratssitzung statt. Im Mittelpunkt dieser Sitzung standen die Beratungen zum Doppelhaushalt der Gemeinde Eppelborn f\u00fcr die Jahre 2025\/2026, soweit es unseren Ortsteil Dirmingen betrifft. Unter dem Gesichtspunkt, dass unsere Heimatgemeinde aufgrund der angespannten Haushaltslage kaum noch Handlungsspielraum hat, soll der Gemeinderat in der kommenden Woche \u00fcber finanzielle Investitionen f\u00fcr die Sanierung der Borrwieshalle Dirmingen, die Erweiterung der Ganztagsschule der GS Wiesbach-Dirmingen, die beiden Kitas, unserem Friedhof (Urnenbestattungen und Friedhofshalle) und die Sanierung einiger Stra\u00dfen sowie die Erneuerung von Verteilerk\u00e4sten auf dem Festplatz im Br\u00fchl beschlie\u00dfen. Obwohl der Ortsrat diese geplanten Investitionen begr\u00fc\u00dft, verwiesen beide Fraktionen darauf, dass sich unser Heimatort mit einem enormen Investitionsstau auseinandersetzen muss. Beide Fraktionen im Ortsrat stimmten dem Investitionshaushalt betreffend Dirmingen einstimmig zu. Im weiteren Verlauf der Sitzung befasste sich der Ortsrat mit der Durchf\u00fchrung eines Vorhabenbezogenen Bebauungsplan \u201eIllinger Stra\u00dfe\u201c und mit dem Thema \u201eBaumbestattungen\u201c auf dem Friedhof Dirmingen. Zuk\u00fcnftig werden Baumbestattungen auf dem Dirminger Friedhof m\u00f6glich sein. Der Ortsrat hat sich in seiner Sitzung f\u00fcr die Anbringung von sogenannten Kalkstein- Schriftkissen (Steinbl\u00f6cken) entschieden. Die Anbringung einer Basalt- Stele w\u00fcrde aus Sicht der Ortsratsmitglieder nicht in das Ortsbild unseres Friedhofes passen. Die beiden Tagesordnungspunkte wurden ebenso einstimmig beschlossen. Ebenso stimmte der Ortsrat f\u00fcr einen zuk\u00fcnftigen Fl\u00e4chennutzungsplan \u201eWind\u201c f\u00fcr das Gebiet in der Gemeinde Eppelborn. Unser Heimatort Dirmingen k\u00f6nnte von diesem Nutzungsplan profitieren. Dabei geht es keineswegs darum irgendwelche neuen baren Energiequellen zu verhindern. Die Angelegenheiten &#8222;Haardter Br\u00fccke&#8220; und NETTO Markt&#8220; werden weiterhin aktiv begleitet und vorangetrieben. Hier sind wir auf die&nbsp; Unterst\u00fctzung von Investoren und F\u00f6rdergeldern angewiesen.<\/p>\n\n\n\n<div class=\"wp-block-columns is-layout-flex wp-container-core-columns-is-layout-8f761849 wp-block-columns-is-layout-flex\">\n<div class=\"wp-block-column is-layout-flow wp-block-column-is-layout-flow\">\n<figure class=\"wp-block-image size-large\"><img loading=\"lazy\" decoding=\"async\" width=\"700\" height=\"486\" src=\"https:\/\/echta-derminga.de\/wp-content\/uploads\/2025\/04\/488656404_9459570047470969_971976232022477918_n-700x486.jpg\" alt=\"\" class=\"wp-image-18714\" srcset=\"https:\/\/echta-derminga.de\/wp-content\/uploads\/2025\/04\/488656404_9459570047470969_971976232022477918_n-700x486.jpg 700w, https:\/\/echta-derminga.de\/wp-content\/uploads\/2025\/04\/488656404_9459570047470969_971976232022477918_n-300x208.jpg 300w, https:\/\/echta-derminga.de\/wp-content\/uploads\/2025\/04\/488656404_9459570047470969_971976232022477918_n-768x534.jpg 768w, https:\/\/echta-derminga.de\/wp-content\/uploads\/2025\/04\/488656404_9459570047470969_971976232022477918_n-1536x1067.jpg 1536w, https:\/\/echta-derminga.de\/wp-content\/uploads\/2025\/04\/488656404_9459570047470969_971976232022477918_n.jpg 2005w\" sizes=\"auto, (max-width: 700px) 100vw, 700px\" \/><\/figure>\n<\/div>\n\n\n\n<div class=\"wp-block-column is-layout-flow wp-block-column-is-layout-flow\">\n<figure class=\"wp-block-image size-large\"><img loading=\"lazy\" decoding=\"async\" width=\"700\" height=\"525\" src=\"https:\/\/echta-derminga.de\/wp-content\/uploads\/2025\/04\/489629857_9459569120804395_3451995863518848922_n-700x525.jpg\" alt=\"\" class=\"wp-image-18715\" srcset=\"https:\/\/echta-derminga.de\/wp-content\/uploads\/2025\/04\/489629857_9459569120804395_3451995863518848922_n-700x525.jpg 700w, https:\/\/echta-derminga.de\/wp-content\/uploads\/2025\/04\/489629857_9459569120804395_3451995863518848922_n-300x225.jpg 300w, https:\/\/echta-derminga.de\/wp-content\/uploads\/2025\/04\/489629857_9459569120804395_3451995863518848922_n-768x576.jpg 768w, https:\/\/echta-derminga.de\/wp-content\/uploads\/2025\/04\/489629857_9459569120804395_3451995863518848922_n-1536x1152.jpg 1536w, https:\/\/echta-derminga.de\/wp-content\/uploads\/2025\/04\/489629857_9459569120804395_3451995863518848922_n.jpg 2048w\" sizes=\"auto, (max-width: 700px) 100vw, 700px\" \/><\/figure>\n<\/div>\n<\/div>\n\n\n\n<p class=\"has-medium-font-size wp-block-paragraph\"><strong>Die SPD-Fraktion im Ortsrat brachte zwei Antr\u00e4ge zur Entscheidung ein:<\/strong><\/p>\n\n\n\n<p class=\"has-medium-font-size wp-block-paragraph\">1. Erweiterung der Zone 30 km\/h in der Berschweilerstra\u00dfe in Dirmingen:<\/p>\n\n\n\n<p class=\"has-medium-font-size wp-block-paragraph\">Der SPD-Fraktion geht es in ihrem Antrag um den Einm\u00fcndungsbereich in der H\u00f6he der Stra\u00dfe \u201eAm Render\u201c. Aus Sicht der Fraktion w\u00e4re es sinnvoll aus Berschweiler kommend den Bereich der 30 km\/h Zone bis auf H\u00f6he des Anwesens Nr. 10 zu erweitern. Aktuell beginnt die Zone 30 km\/h, aus Richtung Berschweiler kommend, erst hinter der Einm\u00fcndung \u201eAm Render\u201c. Das bedeutet, dass die Verkehrsteilnehmer nach der Kurve eine nur kurze Reaktionszeit haben. Zudem ist der Kurvenbereich schwer einsehbar. Der Ortsrat regt mit diesem Antrag an, dass die Verwaltung die Erweiterung der 30 Zone pr\u00fcfen m\u00f6ge und Kontakt zu der entsprechenden Beh\u00f6rde aufnimmt. Der Antrag der SPD-Fraktion wurde einstimmig angenommen.<\/p>\n\n\n\n<p class=\"has-medium-font-size wp-block-paragraph\">2. Einrichtung einer Einwohnerfragestunde im Ortsrat Dirmingen:<\/p>\n\n\n\n<p class=\"has-medium-font-size wp-block-paragraph\">Die SPD-Fraktion beantragt die Einrichtung einer Einwohnerfragestunde im Ortsrat Dirmingen. Dabei begr\u00fc\u00dft die Fraktion die fr\u00fchzeitige Beteiligung der Einwohnerinnen und Einwohner in Angelegenheiten der kommunalen Selbstverwaltung im Rahmen einer Einwohnerfragestunde nach $ 20 an KSVG. Zur Durchf\u00fchrung der Einwohnerfragestunde schlie\u00dft sich der Ortsrat Dirmingen den vom Gemeinderat Eppelborn in seiner Sitzung vom 03.11.2016 festgelegten Verfahrensregeln an. Die Einwohnerfragestunde soll jeweils 30 Minuten vor der angesetzten Ortsratsitzung stattfinden. Dabei wird den B\u00fcrgerinnen und B\u00fcrgern die M\u00f6glichkeit gegeben Fragen zu stellen Anregungen zu unterbreiten die der Zust\u00e4ndigkeit des Gemeindebezirks Dirmingen zugeh\u00f6ren. Die Fragen werden dann im \u00f6ffentlichen Teil der folgenden Sitzung er\u00f6rtert. Eine Diskussion wird in dieser Einwohnerfragestunde nicht gef\u00fchrt. Der Ortvorsteher f\u00fchrt durch die Einwohnerfragstunde und wird die angesprochen Themen im Orts -oder Gemeinderat einf\u00fchren, er\u00f6rtern und gegebenenfalls der Verwaltung oder dem B\u00fcrgermeister vortragen. Der Dirminger Ortsrat erhofft sich durch diese Einwohnerfragestunde mehr Transparenz und B\u00fcrgern\u00e4he. Der Ortsrat hat dem Antrag der SPD-Fraktion einstimmig zugestimmt.<\/p>\n\n\n\n<p class=\"has-medium-font-size wp-block-paragraph\">Ich m\u00f6chte an dieser Stelle nochmals erw\u00e4hnen, dass ich sehr stolz auf die beiden Fraktionen im Ortsrat bin. In unserem Ortsrat wird konstruktiv zusammengearbeitet und entschieden. Dabei findet immer ein Dialog auf Augenh\u00f6he und Vernunft statt.<\/p>\n\n\n<div class=\"wp-block-image\">\n<figure class=\"aligncenter size-large\"><img loading=\"lazy\" decoding=\"async\" width=\"700\" height=\"560\" src=\"https:\/\/echta-derminga.de\/wp-content\/uploads\/2025\/04\/DSC7233-700x560.jpg\" alt=\"\" class=\"wp-image-18720\" srcset=\"https:\/\/echta-derminga.de\/wp-content\/uploads\/2025\/04\/DSC7233-700x560.jpg 700w, https:\/\/echta-derminga.de\/wp-content\/uploads\/2025\/04\/DSC7233-300x240.jpg 300w, https:\/\/echta-derminga.de\/wp-content\/uploads\/2025\/04\/DSC7233-768x614.jpg 768w, https:\/\/echta-derminga.de\/wp-content\/uploads\/2025\/04\/DSC7233.jpg 1000w\" sizes=\"auto, (max-width: 700px) 100vw, 700px\" \/><\/figure>\n<\/div>\n\n\n<p class=\"has-medium-font-size wp-block-paragraph\"><strong>Ostereiersuchen im Dirminger Br\u00fchlpark<\/strong><\/p>\n\n\n\n<p class=\"has-medium-font-size wp-block-paragraph\">Der SPD Ortsverein Dirmingen richtet auch in diesem Jahr sein inzwischen traditionelles Ostereiersuchen im Dirminger Br\u00fchlpark aus. Alle Familien und insbesondere Kinder sind ganz herzlich in den Br\u00fchlpark eingeladen. F\u00fcr Essen und Trinken ist nat\u00fcrlich bestens gesorgt. Nat\u00fcrlich wird auch in diesem Jahr der Osterhase vorbeischauen und leckere S\u00fc\u00dfigkeiten f\u00fcr die Kinder bereithalten. Wir freuen uns auf einen sch\u00f6nen Samstagnachmittag im Dirminger Br\u00fchlpark.<\/p>\n\n\n<div class=\"wp-block-image\">\n<figure class=\"aligncenter size-large\"><img loading=\"lazy\" decoding=\"async\" width=\"700\" height=\"970\" src=\"https:\/\/echta-derminga.de\/wp-content\/uploads\/2025\/04\/488530057_9424730297621611_4685772387065759083_n-700x970.jpg\" alt=\"\" class=\"wp-image-18718\" srcset=\"https:\/\/echta-derminga.de\/wp-content\/uploads\/2025\/04\/488530057_9424730297621611_4685772387065759083_n-700x970.jpg 700w, https:\/\/echta-derminga.de\/wp-content\/uploads\/2025\/04\/488530057_9424730297621611_4685772387065759083_n-216x300.jpg 216w, https:\/\/echta-derminga.de\/wp-content\/uploads\/2025\/04\/488530057_9424730297621611_4685772387065759083_n-768x1064.jpg 768w, https:\/\/echta-derminga.de\/wp-content\/uploads\/2025\/04\/488530057_9424730297621611_4685772387065759083_n.jpg 1026w\" sizes=\"auto, (max-width: 700px) 100vw, 700px\" \/><\/figure>\n<\/div>\n\n\n<p class=\"has-medium-font-size wp-block-paragraph\"><strong>Herzlichen Gl\u00fcckwunsch Hans Baltes zum 90. Wiegenfest<\/strong><\/p>\n\n\n\n<p class=\"has-medium-font-size wp-block-paragraph\">Unser ehemaliger Ortsvorsteher Hans Baltes feierte seinen 90. Geburtstag. Im Kreise seiner Familie wurde im Gasthaus Schuhhannesse ausgiebig gefeiert. Hans Baltes hat sich im Laufe seines Lebens gro\u00dfartige Dienste um unseren Heimatort erworben. Neben seiner kommunalpolitischen T\u00e4tigkeit ist er seit vielen Jahrzehnten Vorstandsmitglied im Heimat und Verkehrsverein Dirmingen. Gemeinsam mit B\u00fcrgermeister Dr. Andreas Feld&nbsp; durfte ich meine Gl\u00fcckw\u00fcnsche \u00fcbermitteln. W\u00e4hrend B\u00fcrgermeister Feld die Geburtstagsgr\u00fc\u00dfe der Ministerpr\u00e4sidentin, des Landrates und seiner Verwaltung \u00fcberbrachte, gratulierte ich im Namen des Ortsrates und unserer Bev\u00f6lkerung. Herzlichen Gl\u00fcckwunsch zum 90. Wiegenfest.<\/p>\n\n\n<div class=\"wp-block-image\">\n<figure class=\"aligncenter size-large\"><img loading=\"lazy\" decoding=\"async\" width=\"700\" height=\"624\" src=\"https:\/\/echta-derminga.de\/wp-content\/uploads\/2025\/04\/22222-700x624.jpg\" alt=\"\" class=\"wp-image-18706\" srcset=\"https:\/\/echta-derminga.de\/wp-content\/uploads\/2025\/04\/22222-700x624.jpg 700w, https:\/\/echta-derminga.de\/wp-content\/uploads\/2025\/04\/22222-300x267.jpg 300w, https:\/\/echta-derminga.de\/wp-content\/uploads\/2025\/04\/22222-768x684.jpg 768w, https:\/\/echta-derminga.de\/wp-content\/uploads\/2025\/04\/22222.jpg 1200w\" sizes=\"auto, (max-width: 700px) 100vw, 700px\" \/><\/figure>\n<\/div>\n\n\n<p class=\"has-medium-font-size wp-block-paragraph\"><strong>Eppelborner Gemeinderat beschlie\u00dft Doppelhaushalt &#8211; Wichtige Investitionen in Dirmingen<\/strong><\/p>\n\n\n\n<p class=\"has-medium-font-size wp-block-paragraph\">In der letzten Sitzung des Gemeinderates am Mittwoch, 09.04.2025 wurden zukunftsorientierte Entscheidungen getroffen. Schwerpunkt dieser Sitzung war der Doppelhaushalt der Gemeinde Eppelborn f\u00fcr die Jahre 2025 \/26. Die im Gemeinderat befindlichen Fraktionen befassen sich seit Wochen mit dem Investitionsprogramm im neuen Haushalt. Am Ende der Beratungen wurde der Haushalt einstimmig verabschiedet. Weitreichende Infos zum neuen Haushalt findet Sie auf: https:\/\/www.eppelborn.de\/gemeinderat-beschliesst&#8230;\/ Im Grunde war die Verabschiedung des Doppelhaushaltes alternativlos. Unsere Gemeinde ben\u00f6tigt dringend Investitionen in die vorhandenen kommunalen Einrichtungen und die vorhandene Infrastruktur. Auch in Dirmingen werden in den kommenden Jahren wichtige Gelder investiert. Neben Investitionen in den Br\u00fchlpark Dirmingen (Verteilerkasten), dem Friedhof, der Haardter Br\u00fccke und einigen Stra\u00dfen Sanierungen sind weitreichende Investitionen in die Dirminger Borrwieshalle geplant. Leider bleiben viele W\u00fcnsche des Dirminger Ortsrates auf der Strecke. Hier wird deutlich, dass sich unsere Gemeinde in einem finanziellen Engpass befindet.  Aus meiner Sicht muss unsere Gemeinde bez\u00fcglich F\u00f6rderantr\u00e4ge mehr noch investieren. Hier w\u00fcnschen wir uns eine engere Abstimmung und Absprache mit der Verwaltungsspitze. Der Gemeinderat hat im Verlauf seiner Sitzung \u00fcber weitere Punkte beraten und beschlossen: Geb\u00fchrensatzung f\u00fcr Kitas mit Kostensenkung, Anpassung der Haus- und Badeordnung f\u00fcr das Hellbergbad, Verabschiedung einer neuen Friedhofsgeb\u00fchrenordnung Aufstellung eines Fl\u00e4chennutzungsplans \u201eWind\u201c zur Ausweisung von Vorranggebieten f\u00fcr Windkraft, Anschaffung mobiler Fahrzeugsperren zur Erh\u00f6hung der Sicherheit bei Veranstaltungen, Erh\u00f6hung des F\u00f6rderbetrags f\u00fcr den Abriss alter Bausubstanz auf 15.000 \u20ac \u2013 f\u00fcr ein sch\u00f6neres Ortsbild in allen Ortsteilen. Am Ende der Sitzung wurde Herr Leo Peter von der Gemeindeverwaltung verabschiedet. Leo Peter hat \u00fcber viele Jahrzehnte eine wertvolle Arbeit f\u00fcr unsere Heimatgemeinde geleistet und geht nun in den verdienten Ruhestand.&nbsp;<\/p>\n\n\n\n<div class=\"wp-block-columns is-layout-flex wp-container-core-columns-is-layout-8f761849 wp-block-columns-is-layout-flex\">\n<div class=\"wp-block-column is-layout-flow wp-block-column-is-layout-flow\">\n<figure class=\"wp-block-image size-large\"><img loading=\"lazy\" decoding=\"async\" width=\"700\" height=\"537\" src=\"https:\/\/echta-derminga.de\/wp-content\/uploads\/2025\/04\/490449641_1065509275610022_2613599483445356063_n-700x537.jpg\" alt=\"\" class=\"wp-image-18708\" srcset=\"https:\/\/echta-derminga.de\/wp-content\/uploads\/2025\/04\/490449641_1065509275610022_2613599483445356063_n-700x537.jpg 700w, https:\/\/echta-derminga.de\/wp-content\/uploads\/2025\/04\/490449641_1065509275610022_2613599483445356063_n-300x230.jpg 300w, https:\/\/echta-derminga.de\/wp-content\/uploads\/2025\/04\/490449641_1065509275610022_2613599483445356063_n-768x589.jpg 768w, https:\/\/echta-derminga.de\/wp-content\/uploads\/2025\/04\/490449641_1065509275610022_2613599483445356063_n-1536x1178.jpg 1536w, https:\/\/echta-derminga.de\/wp-content\/uploads\/2025\/04\/490449641_1065509275610022_2613599483445356063_n.jpg 2048w\" sizes=\"auto, (max-width: 700px) 100vw, 700px\" \/><\/figure>\n<\/div>\n\n\n\n<div class=\"wp-block-column is-layout-flow wp-block-column-is-layout-flow\">\n<figure class=\"wp-block-image size-large\"><img loading=\"lazy\" decoding=\"async\" width=\"700\" height=\"700\" src=\"https:\/\/echta-derminga.de\/wp-content\/uploads\/2025\/04\/489628741_1065509115610038_3991328652389985622_n-700x700.jpg\" alt=\"\" class=\"wp-image-18709\" srcset=\"https:\/\/echta-derminga.de\/wp-content\/uploads\/2025\/04\/489628741_1065509115610038_3991328652389985622_n-700x700.jpg 700w, https:\/\/echta-derminga.de\/wp-content\/uploads\/2025\/04\/489628741_1065509115610038_3991328652389985622_n-300x300.jpg 300w, https:\/\/echta-derminga.de\/wp-content\/uploads\/2025\/04\/489628741_1065509115610038_3991328652389985622_n-150x150.jpg 150w, https:\/\/echta-derminga.de\/wp-content\/uploads\/2025\/04\/489628741_1065509115610038_3991328652389985622_n-768x768.jpg 768w, https:\/\/echta-derminga.de\/wp-content\/uploads\/2025\/04\/489628741_1065509115610038_3991328652389985622_n-90x90.jpg 90w, https:\/\/echta-derminga.de\/wp-content\/uploads\/2025\/04\/489628741_1065509115610038_3991328652389985622_n-75x75.jpg 75w, https:\/\/echta-derminga.de\/wp-content\/uploads\/2025\/04\/489628741_1065509115610038_3991328652389985622_n.jpg 1080w\" sizes=\"auto, (max-width: 700px) 100vw, 700px\" \/><\/figure>\n<\/div>\n<\/div>\n\n\n\n<p class=\"has-medium-font-size wp-block-paragraph\"><strong>Wiederer\u00f6ffnung des Eppelborner Hellbergbades<\/strong><\/p>\n\n\n\n<p class=\"has-medium-font-size wp-block-paragraph\">Am Freitag, 28. M\u00e4rz 2025 wurde das Hellbergbad Eppelborn, nach weitreichenden Sanierungsarbeiten, wiederer\u00f6ffnet. B\u00fcrgermeister Dr. Andreas Feld und der Eppelborner Ortsvorsteher Christian Ney durften in einer Feststunde zahlreiche G\u00e4ste begr\u00fc\u00dfen. Nach \u00fcber 30 Jahren wurde das Hellbergbad, nach einem gro\u00dfen Wasserschaden, erstmals umfassend Modernisiert. Die B\u00fcrgerinnen und B\u00fcrger k\u00f6nnen zuk\u00fcnftig ein renoviertes Hallenbad und ein neues Dampfbad genie\u00dfen. Die Beschl\u00fcsse im Gemeinderat die zu diesen Sanierung arbeiten f\u00fchrten, wurden allesamt einstimmig getroffen. Wir m\u00f6chten uns bei allen Handwerkern, ausrichtenden Firmen und allen Mitarbeiterinnen und Mitarbeitern der Verwaltung bedanken. Die Wiederer\u00f6ffnung des Eppelborner Hallenbades ist auch f\u00fcr viele Dirmingerinnen und Dirminger ein wichtiges Zeichen. <\/p>\n\n\n\n<div class=\"wp-block-columns is-layout-flex wp-container-core-columns-is-layout-8f761849 wp-block-columns-is-layout-flex\">\n<div class=\"wp-block-column is-layout-flow wp-block-column-is-layout-flow\">\n<figure class=\"wp-block-image size-large\"><img loading=\"lazy\" decoding=\"async\" width=\"700\" height=\"446\" src=\"https:\/\/echta-derminga.de\/wp-content\/uploads\/2025\/04\/44444-700x446.jpg\" alt=\"\" class=\"wp-image-18711\" srcset=\"https:\/\/echta-derminga.de\/wp-content\/uploads\/2025\/04\/44444-700x446.jpg 700w, https:\/\/echta-derminga.de\/wp-content\/uploads\/2025\/04\/44444-300x191.jpg 300w, https:\/\/echta-derminga.de\/wp-content\/uploads\/2025\/04\/44444-768x489.jpg 768w, https:\/\/echta-derminga.de\/wp-content\/uploads\/2025\/04\/44444.jpg 1536w\" sizes=\"auto, (max-width: 700px) 100vw, 700px\" \/><\/figure>\n<\/div>\n\n\n\n<div class=\"wp-block-column is-layout-flow wp-block-column-is-layout-flow\">\n<figure class=\"wp-block-image size-large\"><img loading=\"lazy\" decoding=\"async\" width=\"700\" height=\"511\" src=\"https:\/\/echta-derminga.de\/wp-content\/uploads\/2025\/04\/66666-700x511.jpg\" alt=\"\" class=\"wp-image-18712\" srcset=\"https:\/\/echta-derminga.de\/wp-content\/uploads\/2025\/04\/66666-700x511.jpg 700w, https:\/\/echta-derminga.de\/wp-content\/uploads\/2025\/04\/66666-300x219.jpg 300w, https:\/\/echta-derminga.de\/wp-content\/uploads\/2025\/04\/66666-768x560.jpg 768w, https:\/\/echta-derminga.de\/wp-content\/uploads\/2025\/04\/66666-1536x1121.jpg 1536w, https:\/\/echta-derminga.de\/wp-content\/uploads\/2025\/04\/66666.jpg 1954w\" sizes=\"auto, (max-width: 700px) 100vw, 700px\" \/><\/figure>\n<\/div>\n<\/div>\n\n\n\n<p class=\"has-medium-font-size wp-block-paragraph\"><strong>&#8222;Derminga Treff&#8220; schreibt Erfolgsgeschichte<\/strong><\/p>\n\n\n\n<p class=\"has-medium-font-size wp-block-paragraph\">Auch im April fand das monatliche &#8222;Derminga Treff&#8220; im evangelischen Gemeindehaus Dirmingen statt. Erneut besuchten ca. 45 Menschen das Dorfgemeinschaftstreff in der Dirminger Ortsmitte. Diesmal wurde im Hinblick auf das Osterfest ein leckerer Hefezopf angeboten. Jeder Gast wurde zudem mit einem sch\u00f6nen Osterhasen beschenkt. Der Helferkreis leistete erneut eine gro\u00dfartige Vorarbeit. Im &#8222;Derminga Treff&#8220; k\u00f6nnen die Menschen allen Altersklassen die Dorfgemeinschaft genie\u00dfen und pflegen. Vielen Dank an die evangelische Kirchengemeinde f\u00fcr die Bereitstellung des Gemeindehauses.<\/p>\n\n\n\n<div class=\"wp-block-columns is-layout-flex wp-container-core-columns-is-layout-8f761849 wp-block-columns-is-layout-flex\">\n<div class=\"wp-block-column is-layout-flow wp-block-column-is-layout-flow\">\n<figure class=\"wp-block-image size-large\"><img loading=\"lazy\" decoding=\"async\" width=\"700\" height=\"394\" src=\"https:\/\/echta-derminga.de\/wp-content\/uploads\/2025\/04\/490009452_9507251492702824_3072516351744696331_n-700x394.jpg\" alt=\"\" class=\"wp-image-18724\" srcset=\"https:\/\/echta-derminga.de\/wp-content\/uploads\/2025\/04\/490009452_9507251492702824_3072516351744696331_n-700x394.jpg 700w, https:\/\/echta-derminga.de\/wp-content\/uploads\/2025\/04\/490009452_9507251492702824_3072516351744696331_n-300x169.jpg 300w, https:\/\/echta-derminga.de\/wp-content\/uploads\/2025\/04\/490009452_9507251492702824_3072516351744696331_n-768x432.jpg 768w, https:\/\/echta-derminga.de\/wp-content\/uploads\/2025\/04\/490009452_9507251492702824_3072516351744696331_n-1536x865.jpg 1536w, https:\/\/echta-derminga.de\/wp-content\/uploads\/2025\/04\/490009452_9507251492702824_3072516351744696331_n.jpg 2048w\" sizes=\"auto, (max-width: 700px) 100vw, 700px\" \/><\/figure>\n<\/div>\n\n\n\n<div class=\"wp-block-column is-layout-flow wp-block-column-is-layout-flow\">\n<figure class=\"wp-block-image size-large\"><img loading=\"lazy\" decoding=\"async\" width=\"700\" height=\"394\" src=\"https:\/\/echta-derminga.de\/wp-content\/uploads\/2025\/04\/490009484_9507252079369432_7200457610931372_n-700x394.jpg\" alt=\"\" class=\"wp-image-18723\" srcset=\"https:\/\/echta-derminga.de\/wp-content\/uploads\/2025\/04\/490009484_9507252079369432_7200457610931372_n-700x394.jpg 700w, https:\/\/echta-derminga.de\/wp-content\/uploads\/2025\/04\/490009484_9507252079369432_7200457610931372_n-300x169.jpg 300w, https:\/\/echta-derminga.de\/wp-content\/uploads\/2025\/04\/490009484_9507252079369432_7200457610931372_n-768x432.jpg 768w, https:\/\/echta-derminga.de\/wp-content\/uploads\/2025\/04\/490009484_9507252079369432_7200457610931372_n-1536x865.jpg 1536w, https:\/\/echta-derminga.de\/wp-content\/uploads\/2025\/04\/490009484_9507252079369432_7200457610931372_n.jpg 2048w\" sizes=\"auto, (max-width: 700px) 100vw, 700px\" \/><\/figure>\n<\/div>\n<\/div>\n\n\n\n<p class=\"has-medium-font-size wp-block-paragraph\"><strong>&#8222;Hexenacht&#8220; im &#8222;Derminga D\u00f6rfche<\/strong>&#8222;<\/p>\n\n\n\n<p class=\"has-medium-font-size wp-block-paragraph\">Zur traditionsreichen Hexennacht wird in diesem Jahr so einiges f\u00fcr unsere Bev\u00f6lkerung geboten. Am 30. April l\u00e4dt der TV 04 Dirmingen erstmals an der frischsanierten Kleinspielfeldanlage zum Hexentanz ein. Das feierw\u00fctige Volk trifft sich um 19:30 Uhr. Der KKV Dirmingen und die Kolpingfamilie Dirmingen laden am gleichen Tag um 17:00 Uhr zum traditionellen Maibaumsetzen in der Dirminger Ortsmitte ein. die Bev\u00f6lkerung ist herzlich zu diesen gro\u00dfartigen Veranstaltungen eingeladen. Auch am 1. Mai k\u00f6nnen Sie w\u00e4hrend ihrer Maitour entweder im Gasthaus &#8222;Wutze Walter&#8220;, auf Finkenrech oder auf dem auf Dirminger Bann befindlichen &#8222;Marien-Hof&#8220; einkehren. Ich w\u00fcnsche allen viel Spa\u00df im &#8222;Derminga D\u00f6rfche&#8220;.<\/p>\n\n\n\n<div class=\"wp-block-columns is-layout-flex wp-container-core-columns-is-layout-8f761849 wp-block-columns-is-layout-flex\">\n<div class=\"wp-block-column is-layout-flow wp-block-column-is-layout-flow\">\n<figure class=\"wp-block-image size-large\"><img loading=\"lazy\" decoding=\"async\" width=\"700\" height=\"875\" src=\"https:\/\/echta-derminga.de\/wp-content\/uploads\/2025\/04\/487986599_9424728610955113_4470134487436244685_n-1-700x875.jpg\" alt=\"\" class=\"wp-image-18726\" srcset=\"https:\/\/echta-derminga.de\/wp-content\/uploads\/2025\/04\/487986599_9424728610955113_4470134487436244685_n-1-700x875.jpg 700w, https:\/\/echta-derminga.de\/wp-content\/uploads\/2025\/04\/487986599_9424728610955113_4470134487436244685_n-1-240x300.jpg 240w, https:\/\/echta-derminga.de\/wp-content\/uploads\/2025\/04\/487986599_9424728610955113_4470134487436244685_n-1-768x960.jpg 768w, https:\/\/echta-derminga.de\/wp-content\/uploads\/2025\/04\/487986599_9424728610955113_4470134487436244685_n-1.jpg 1080w\" sizes=\"auto, (max-width: 700px) 100vw, 700px\" \/><\/figure>\n<\/div>\n\n\n\n<div class=\"wp-block-column is-layout-flow wp-block-column-is-layout-flow\">\n<figure class=\"wp-block-image size-large\"><img loading=\"lazy\" decoding=\"async\" width=\"700\" height=\"700\" src=\"https:\/\/echta-derminga.de\/wp-content\/uploads\/2023\/05\/IMG_20230430_202913_165-700x700.webp\" alt=\"\" class=\"wp-image-15066\" srcset=\"https:\/\/echta-derminga.de\/wp-content\/uploads\/2023\/05\/IMG_20230430_202913_165-700x700.webp 700w, https:\/\/echta-derminga.de\/wp-content\/uploads\/2023\/05\/IMG_20230430_202913_165-300x300.webp 300w, https:\/\/echta-derminga.de\/wp-content\/uploads\/2023\/05\/IMG_20230430_202913_165-150x150.webp 150w, https:\/\/echta-derminga.de\/wp-content\/uploads\/2023\/05\/IMG_20230430_202913_165-768x768.webp 768w, https:\/\/echta-derminga.de\/wp-content\/uploads\/2023\/05\/IMG_20230430_202913_165-90x90.webp 90w, https:\/\/echta-derminga.de\/wp-content\/uploads\/2023\/05\/IMG_20230430_202913_165-75x75.webp 75w, https:\/\/echta-derminga.de\/wp-content\/uploads\/2023\/05\/IMG_20230430_202913_165.webp 1125w\" sizes=\"auto, (max-width: 700px) 100vw, 700px\" \/><\/figure>\n<\/div>\n<\/div>\n\n\n\n<p class=\"has-medium-font-size wp-block-paragraph\"><strong>Dirmingen meldet sich zum Wettbewerb &#8222;Unser Dorf hat Zukunft&#8220;<\/strong><\/p>\n\n\n\n<p class=\"has-medium-font-size wp-block-paragraph\">Ehrenamtliches Engagement und Gemeinschaftsgef\u00fchl wird gro\u00dfgeschrieben. Am Freitag, 28. M\u00e4rz fand im evangelischen Gemeindehaus Dirmingen eine Versammlung bez\u00fcglich unserer Bewerbung f\u00fcr den Wettbewerb &#8222;Unser Dorf hat Zukunft&#8220; statt. Dabei ging es im Wesentlichen um die Vorstellung unserer Dorfgemeinschaft. B\u00fcrgerinnen und B\u00fcrger die Interesse haben an dieser Vorstellung mitzuarbeiten sollten sich bitte bei Ortsvorsteher Frank Klein unter 01713205730 melden. Die Herausforderungen durch den demografischen Wandel, Infrastrukturverluste oder leerstehende Wohn- und Wirtschaftsgeb\u00e4ude sind in vielen D\u00f6rfern \u00e4hnlich. Dennoch sind es die individuellen Besonderheiten, die den l\u00e4ndlichen Raum und die einzelnen D\u00f6rfer im Saarland auszeichnen. Der Landeswettbewerb \u201eUnser Dorf hat Zukunft\u201c ist eine Initiative, die B\u00fcrgerinnen und B\u00fcrger seit vielen Jahren zu gro\u00dfem Engagement in den D\u00f6rfern bewegt und dadurch wichtige Impulse zur Verbesserung der Lebensqualit\u00e4t im l\u00e4ndlichen Raum gibt. Seit 1961 steht dieser Wettbewerb unter der Schirmherrschaft des Bundespr\u00e4sidenten. Zentrales Ziel ist es, die B\u00fcrgerinnen und B\u00fcrger zu motivieren, sich f\u00fcr ein attraktives d\u00f6rfliches Leben einzusetzen. Dazu geh\u00f6rt u.a. der Ausbau der \u00f6rtlichen Infrastruktur, die St\u00e4rkung sozialer Beziehungen innerhalb der Dorfgemeinschaft und die aktive \u00dcbernahme von Verantwortung f\u00fcr die Entwicklung des Heimatdorfes. Die Dorfbewohnerinnen und Dorfbewohner sind im Zusammenspiel mit der verantwortlichen Gemeinde aufgefordert, innovative Ideen, Konzepte und Projekte zu entwickeln und umzusetzen, um unmittelbar Einfluss auf dessen wirtschaftliche, soziale, \u00f6kologische, kulturelle und baulich-gestalterische Entwicklung zu nehmen. Mitmachen k\u00f6nnen Dorfgemeinschaften in r\u00e4umlich geschlossenen Ortschaften oder Ortsteile mit \u00fcberweichend d\u00f6rflichem Charakter mit bis zu 3.000 Einwohnern. Beim 27. Landeswettbewerb (2021 \u2013 2023) wurde Hangard mit dem ersten Platz auf Kreisebene ausgezeichnet, gefolgt von Dirmingen und Steinbach auf dem 3. Platz. (Quelle: Infos Landkreis Neunkirchen)<\/p>\n\n\n\n<div class=\"wp-block-columns is-layout-flex wp-container-core-columns-is-layout-8f761849 wp-block-columns-is-layout-flex\">\n<div class=\"wp-block-column is-layout-flow wp-block-column-is-layout-flow\">\n<figure class=\"wp-block-image size-large\"><img loading=\"lazy\" decoding=\"async\" width=\"700\" height=\"875\" src=\"https:\/\/echta-derminga.de\/wp-content\/uploads\/2025\/04\/FB_IMG_1743600632936-700x875.jpg\" alt=\"\" class=\"wp-image-18733\" srcset=\"https:\/\/echta-derminga.de\/wp-content\/uploads\/2025\/04\/FB_IMG_1743600632936-700x875.jpg 700w, https:\/\/echta-derminga.de\/wp-content\/uploads\/2025\/04\/FB_IMG_1743600632936-240x300.jpg 240w, https:\/\/echta-derminga.de\/wp-content\/uploads\/2025\/04\/FB_IMG_1743600632936-768x960.jpg 768w, https:\/\/echta-derminga.de\/wp-content\/uploads\/2025\/04\/FB_IMG_1743600632936.jpg 1080w\" sizes=\"auto, (max-width: 700px) 100vw, 700px\" \/><\/figure>\n<\/div>\n\n\n\n<div class=\"wp-block-column is-layout-flow wp-block-column-is-layout-flow\">\n<figure class=\"wp-block-image size-large\"><img loading=\"lazy\" decoding=\"async\" width=\"700\" height=\"875\" src=\"https:\/\/echta-derminga.de\/wp-content\/uploads\/2025\/04\/489973979_1240872771373116_7653873665053065285_n-700x875.jpg\" alt=\"\" class=\"wp-image-18736\" srcset=\"https:\/\/echta-derminga.de\/wp-content\/uploads\/2025\/04\/489973979_1240872771373116_7653873665053065285_n-700x875.jpg 700w, https:\/\/echta-derminga.de\/wp-content\/uploads\/2025\/04\/489973979_1240872771373116_7653873665053065285_n-240x300.jpg 240w, https:\/\/echta-derminga.de\/wp-content\/uploads\/2025\/04\/489973979_1240872771373116_7653873665053065285_n-768x960.jpg 768w, https:\/\/echta-derminga.de\/wp-content\/uploads\/2025\/04\/489973979_1240872771373116_7653873665053065285_n.jpg 1080w\" sizes=\"auto, (max-width: 700px) 100vw, 700px\" \/><\/figure>\n<\/div>\n<\/div>\n\n\n\n<p class=\"has-medium-font-size wp-block-paragraph\"><strong>Wieder da: &#8222;Derminga&#8220; Kaffeetassen<\/strong><\/p>\n\n\n\n<p class=\"has-medium-font-size wp-block-paragraph\">Nachdem zuletzt immer mehr Menschen nachfragten und ihr Interesse bekundeten, habe ich mich dazu entschlossen, die originale &#8222;Derminga&#8220; Kaffeetassen wieder anzubieten. Nun ist die erste Lieferung angekommen und die Kaffeetassen sind wieder zum Preis von 10,- \u20ac im Ortsvorsteherb\u00fcro Dirmingen erh\u00e4ltlich. Solange der Vorrat reicht bieten diese Kaffeetassen ein sch\u00f6nes Ostergeschenk.<\/p>\n\n\n<div class=\"wp-block-image\">\n<figure class=\"aligncenter size-large\"><img loading=\"lazy\" decoding=\"async\" width=\"700\" height=\"721\" src=\"https:\/\/echta-derminga.de\/wp-content\/uploads\/2025\/04\/Screenshot_20250413_132840_Gallery-700x721.jpg\" alt=\"\" class=\"wp-image-18731\" srcset=\"https:\/\/echta-derminga.de\/wp-content\/uploads\/2025\/04\/Screenshot_20250413_132840_Gallery-700x721.jpg 700w, https:\/\/echta-derminga.de\/wp-content\/uploads\/2025\/04\/Screenshot_20250413_132840_Gallery-291x300.jpg 291w, https:\/\/echta-derminga.de\/wp-content\/uploads\/2025\/04\/Screenshot_20250413_132840_Gallery-768x791.jpg 768w, https:\/\/echta-derminga.de\/wp-content\/uploads\/2025\/04\/Screenshot_20250413_132840_Gallery.jpg 899w\" sizes=\"auto, (max-width: 700px) 100vw, 700px\" \/><\/figure>\n<\/div>\n\n\n<p class=\"has-medium-font-size wp-block-paragraph\"><strong>Aktiv-Woche f\u00fcr alle \u00dc60 \u2013 vom 19.-24. Mai in Eppelborn! &#8211; Abschluss Veranstaltung in Dirmingen<\/strong><\/p>\n\n\n\n<p class=\"has-medium-font-size wp-block-paragraph\">Unsere Gemeinde lebt von einem aktiven und engagierten Miteinander \u2013 und genau das m\u00f6chten wir auch in der \u201eAktiv-Woche f\u00fcr alle \u00dc60\u201c st\u00e4rken!  Vom 19. &#8211; 24. Mai 2025 haben wir gemeinsam mit Vereinen, Organisationen, dem Seniorenbeirat und vielen engagierten Menschen ein abwechslungsreiches Programm auf die Beine gestellt. Ob Wirbels\u00e4ulengymnastik, Herz- oder Lungensport, Aquagymnastik oder gef\u00fchrte Wanderungen \u2013 es gibt zahlreiche M\u00f6glichkeiten, sich zu bewegen und etwas f\u00fcr die eigene Gesundheit zu tun. Nat\u00fcrlich kommt auch das gesellige Miteinander nicht zu kurz: Ein gemeinsames Fr\u00fchst\u00fcck und die Tanzveranstaltung \u201e\u00dc60 schwingt das Tanzbein\u201c sorgen f\u00fcr jede Menge Spa\u00df und neue Kontakte.  Nachdem unsere erste Seniorenmesse im vergangenen Jahr auf so viel positive Resonanz gesto\u00dfen ist, wollen wir mit der Aktiv-Woche zeigen, dass Bewegung, gemeinsame Aktivit\u00e4ten und neue Impulse fit halten und das Leben auf ganz vielen Ebenen bereichern. Ein gro\u00dfes Dankesch\u00f6n an alle, die diese Woche m\u00f6glich machen! Seid dabei, lasst euch inspirieren und entdeckt vielleicht sogar ein neues Hobby! Wir freuen uns auf euch! Die Abschluss Veranstaltung dieser Aktiv-Woche findet in der Dirminger Borrwieshalle statt. Wir freuen uns auf viele Besucherinnen und Besucher. <\/p>\n\n\n\n<div class=\"wp-block-columns is-layout-flex wp-container-core-columns-is-layout-8f761849 wp-block-columns-is-layout-flex\">\n<div class=\"wp-block-column is-layout-flow wp-block-column-is-layout-flow\">\n<figure class=\"wp-block-image size-large\"><img loading=\"lazy\" decoding=\"async\" width=\"700\" height=\"875\" src=\"https:\/\/echta-derminga.de\/wp-content\/uploads\/2025\/04\/IMG-20250403-WA0003-700x875.jpg\" alt=\"\" class=\"wp-image-18728\" srcset=\"https:\/\/echta-derminga.de\/wp-content\/uploads\/2025\/04\/IMG-20250403-WA0003-700x875.jpg 700w, https:\/\/echta-derminga.de\/wp-content\/uploads\/2025\/04\/IMG-20250403-WA0003-240x300.jpg 240w, https:\/\/echta-derminga.de\/wp-content\/uploads\/2025\/04\/IMG-20250403-WA0003-768x960.jpg 768w, https:\/\/echta-derminga.de\/wp-content\/uploads\/2025\/04\/IMG-20250403-WA0003.jpg 920w\" sizes=\"auto, (max-width: 700px) 100vw, 700px\" \/><\/figure>\n<\/div>\n\n\n\n<div class=\"wp-block-column is-layout-flow wp-block-column-is-layout-flow\">\n<figure class=\"wp-block-image size-large\"><img loading=\"lazy\" decoding=\"async\" width=\"700\" height=\"875\" src=\"https:\/\/echta-derminga.de\/wp-content\/uploads\/2025\/04\/FB_IMG_1743600672872-700x875.jpg\" alt=\"\" class=\"wp-image-18729\" srcset=\"https:\/\/echta-derminga.de\/wp-content\/uploads\/2025\/04\/FB_IMG_1743600672872-700x875.jpg 700w, https:\/\/echta-derminga.de\/wp-content\/uploads\/2025\/04\/FB_IMG_1743600672872-240x300.jpg 240w, https:\/\/echta-derminga.de\/wp-content\/uploads\/2025\/04\/FB_IMG_1743600672872-768x960.jpg 768w, https:\/\/echta-derminga.de\/wp-content\/uploads\/2025\/04\/FB_IMG_1743600672872.jpg 1080w\" sizes=\"auto, (max-width: 700px) 100vw, 700px\" \/><\/figure>\n<\/div>\n<\/div>\n\n\n\n<p class=\"has-medium-font-size wp-block-paragraph\">Liebe Landsleute, alles neu macht der Mai. Aber auch der April bietet ein reichhaltiges kulturelles Angebot. Dabei k\u00f6nnen Sie sich schon heute zu den traditionellen Dorfturnieren unserer Vereine anmelden und vorbereiten. Vielleicht finden Sie an den Ostertagen sich die Zeit um die neue &#8222;Derminga Babbelschness&#8220; anzusehen. Pr\u00e4sentiert wird die Oster- Ausgabe von B\u00fcrgermeister Feld und der Gemeinde Eppelborn.<\/p>\n\n\n\n<figure class=\"wp-block-embed is-type-video is-provider-youtube wp-block-embed-youtube wp-embed-aspect-16-9 wp-has-aspect-ratio\"><div class=\"wp-block-embed__wrapper\">\n<iframe loading=\"lazy\" title=\"Derminga Babbelschniss - die Sechsundzwanzigste - Ostern 2025\" width=\"860\" height=\"484\" src=\"https:\/\/www.youtube.com\/embed\/iu7Jd9AMrHU?feature=oembed\" frameborder=\"0\" allow=\"accelerometer; autoplay; clipboard-write; encrypted-media; gyroscope; picture-in-picture; web-share\" referrerpolicy=\"strict-origin-when-cross-origin\" allowfullscreen><\/iframe>\n<\/div><\/figure>\n\n\n\n<p class=\"has-medium-font-size wp-block-paragraph\">Ich w\u00fcnsche Ihnen bei allem was Sie tun und lassen viel Spa\u00df und viele wundersch\u00f6ne Momente in unserem kleinen D\u00f6rfchen. Allen Vereinen und Organisationen w\u00fcnsche ich viel Erfolg und einen reibungslosen Ablauf der geplanten Veranstaltung. Am 18. Mai findet die 100-Jahrfeier der katholischen St. Wendelinusgemeinde rund um die katholische Pfarrkirche statt. Am 25. Mai findet das Nachbarschaftsfest der Rothenbergschule und das Schulfest der Grundschule Wiesbach\/Dirmingen statt. Bis dahin k\u00f6nnen Sie sich an den ruhigen Feiertagen erholen und im Kreise der Familie ein besinnliches Osterfest feiern. <strong>Ich w\u00fcnsche<\/strong> <strong>frohe Ostern und sch\u00f6ne Feiertage<\/strong> !<\/p>\n\n\n\n<div class=\"wp-block-columns is-layout-flex wp-container-core-columns-is-layout-8f761849 wp-block-columns-is-layout-flex\">\n<div class=\"wp-block-column is-layout-flow wp-block-column-is-layout-flow\">\n<figure class=\"wp-block-image size-large\"><img loading=\"lazy\" decoding=\"async\" width=\"700\" height=\"700\" src=\"https:\/\/echta-derminga.de\/wp-content\/uploads\/2025\/04\/484317442_18083191270620885_1741257171342608092_n-700x700.jpg\" alt=\"\" class=\"wp-image-18739\" srcset=\"https:\/\/echta-derminga.de\/wp-content\/uploads\/2025\/04\/484317442_18083191270620885_1741257171342608092_n-700x700.jpg 700w, https:\/\/echta-derminga.de\/wp-content\/uploads\/2025\/04\/484317442_18083191270620885_1741257171342608092_n-300x300.jpg 300w, https:\/\/echta-derminga.de\/wp-content\/uploads\/2025\/04\/484317442_18083191270620885_1741257171342608092_n-150x150.jpg 150w, https:\/\/echta-derminga.de\/wp-content\/uploads\/2025\/04\/484317442_18083191270620885_1741257171342608092_n-768x768.jpg 768w, https:\/\/echta-derminga.de\/wp-content\/uploads\/2025\/04\/484317442_18083191270620885_1741257171342608092_n-90x90.jpg 90w, https:\/\/echta-derminga.de\/wp-content\/uploads\/2025\/04\/484317442_18083191270620885_1741257171342608092_n-75x75.jpg 75w, https:\/\/echta-derminga.de\/wp-content\/uploads\/2025\/04\/484317442_18083191270620885_1741257171342608092_n.jpg 1415w\" sizes=\"auto, (max-width: 700px) 100vw, 700px\" \/><\/figure>\n<\/div>\n\n\n\n<div class=\"wp-block-column is-layout-flow wp-block-column-is-layout-flow\">\n<figure class=\"wp-block-image size-large\"><img loading=\"lazy\" decoding=\"async\" width=\"700\" height=\"875\" src=\"https:\/\/echta-derminga.de\/wp-content\/uploads\/2025\/04\/487505359_1180640477442045_4070729435143606364_n-700x875.jpg\" alt=\"\" class=\"wp-image-18740\" srcset=\"https:\/\/echta-derminga.de\/wp-content\/uploads\/2025\/04\/487505359_1180640477442045_4070729435143606364_n-700x875.jpg 700w, https:\/\/echta-derminga.de\/wp-content\/uploads\/2025\/04\/487505359_1180640477442045_4070729435143606364_n-240x300.jpg 240w, https:\/\/echta-derminga.de\/wp-content\/uploads\/2025\/04\/487505359_1180640477442045_4070729435143606364_n-768x960.jpg 768w, https:\/\/echta-derminga.de\/wp-content\/uploads\/2025\/04\/487505359_1180640477442045_4070729435143606364_n.jpg 1080w\" sizes=\"auto, (max-width: 700px) 100vw, 700px\" \/><\/figure>\n<\/div>\n<\/div>\n\n\n\n<div class=\"wp-block-columns is-layout-flex wp-container-core-columns-is-layout-8f761849 wp-block-columns-is-layout-flex\">\n<div class=\"wp-block-column is-layout-flow wp-block-column-is-layout-flow\">\n<figure class=\"wp-block-image size-full\"><img loading=\"lazy\" decoding=\"async\" width=\"680\" height=\"960\" src=\"https:\/\/echta-derminga.de\/wp-content\/uploads\/2025\/04\/484562876_967727488811057_5761653175539234212_n.jpg\" alt=\"\" class=\"wp-image-18742\" srcset=\"https:\/\/echta-derminga.de\/wp-content\/uploads\/2025\/04\/484562876_967727488811057_5761653175539234212_n.jpg 680w, https:\/\/echta-derminga.de\/wp-content\/uploads\/2025\/04\/484562876_967727488811057_5761653175539234212_n-213x300.jpg 213w\" sizes=\"auto, (max-width: 680px) 100vw, 680px\" \/><\/figure>\n<\/div>\n\n\n\n<div class=\"wp-block-column is-layout-flow wp-block-column-is-layout-flow\">\n<figure class=\"wp-block-image size-large\"><img loading=\"lazy\" decoding=\"async\" width=\"700\" height=\"1013\" src=\"https:\/\/echta-derminga.de\/wp-content\/uploads\/2025\/04\/485771107_9351110834983558_5509116339598533645_n-700x1013.jpg\" alt=\"\" class=\"wp-image-18743\" srcset=\"https:\/\/echta-derminga.de\/wp-content\/uploads\/2025\/04\/485771107_9351110834983558_5509116339598533645_n-700x1013.jpg 700w, https:\/\/echta-derminga.de\/wp-content\/uploads\/2025\/04\/485771107_9351110834983558_5509116339598533645_n-207x300.jpg 207w, https:\/\/echta-derminga.de\/wp-content\/uploads\/2025\/04\/485771107_9351110834983558_5509116339598533645_n-768x1112.jpg 768w, https:\/\/echta-derminga.de\/wp-content\/uploads\/2025\/04\/485771107_9351110834983558_5509116339598533645_n-1061x1536.jpg 1061w, https:\/\/echta-derminga.de\/wp-content\/uploads\/2025\/04\/485771107_9351110834983558_5509116339598533645_n.jpg 1415w\" sizes=\"auto, (max-width: 700px) 100vw, 700px\" \/><\/figure>\n<\/div>\n<\/div>\n\n\n\n<div class=\"wp-block-columns is-layout-flex wp-container-core-columns-is-layout-8f761849 wp-block-columns-is-layout-flex\">\n<div class=\"wp-block-column is-layout-flow wp-block-column-is-layout-flow\">\n<figure class=\"wp-block-image size-large\"><img loading=\"lazy\" decoding=\"async\" width=\"700\" height=\"854\" src=\"https:\/\/echta-derminga.de\/wp-content\/uploads\/2025\/04\/77777-700x854.jpg\" alt=\"\" class=\"wp-image-18761\" srcset=\"https:\/\/echta-derminga.de\/wp-content\/uploads\/2025\/04\/77777-700x854.jpg 700w, https:\/\/echta-derminga.de\/wp-content\/uploads\/2025\/04\/77777-246x300.jpg 246w, https:\/\/echta-derminga.de\/wp-content\/uploads\/2025\/04\/77777-768x937.jpg 768w, https:\/\/echta-derminga.de\/wp-content\/uploads\/2025\/04\/77777.jpg 1080w\" sizes=\"auto, (max-width: 700px) 100vw, 700px\" \/><\/figure>\n<\/div>\n\n\n\n<div class=\"wp-block-column is-layout-flow wp-block-column-is-layout-flow\">\n<figure class=\"wp-block-image size-full\"><img loading=\"lazy\" decoding=\"async\" width=\"584\" height=\"438\" src=\"https:\/\/echta-derminga.de\/wp-content\/uploads\/2025\/04\/490182631_2028894740853324_3653558289400898104_n.jpg\" alt=\"\" class=\"wp-image-18745\" srcset=\"https:\/\/echta-derminga.de\/wp-content\/uploads\/2025\/04\/490182631_2028894740853324_3653558289400898104_n.jpg 584w, https:\/\/echta-derminga.de\/wp-content\/uploads\/2025\/04\/490182631_2028894740853324_3653558289400898104_n-300x225.jpg 300w\" sizes=\"auto, (max-width: 584px) 100vw, 584px\" \/><\/figure>\n<\/div>\n<\/div>\n","protected":false},"excerpt":{"rendered":"<p>Liebe Mitb\u00fcrgerinnen, liebe Mitb\u00fcrger, mit dem Fr\u00fchling zieht die Hoffnung auf eine sch\u00f6ne unbeschwerte Zeit \u00fcber unser Land. Irgendwie hatte man zuletzt das Gef\u00fchl, dass sich dieser Winter besonders z\u00e4h und langsam verabschiedete. Der Fr\u00fchling startet mit der ersten Trockenphase und mit sommerlichen Temperaturen. Bleibt zu hoffen, dass wir in diesem Jahr von Starkregen oder Hochwasser verschont bleiben. In den<\/p>\n","protected":false},"author":1,"featured_media":18747,"comment_status":"open","ping_status":"closed","sticky":false,"template":"","format":"standard","meta":{"_crdt_document":"","footnotes":""},"categories":[1,812],"tags":[5,618,127,634,795,310],"class_list":["post-18699","post","type-post","status-publish","format-standard","has-post-thumbnail","hentry","category-allgemein","category-ortsvorsteher-dirmingen","tag-dirmingen","tag-gemeinde-eppelborn","tag-landkreis-neunkirchen","tag-ortsvorsteher","tag-ortsvorsteher-dirmingen","tag-saarland"],"_links":{"self":[{"href":"https:\/\/echta-derminga.de\/index.php?rest_route=\/wp\/v2\/posts\/18699","targetHints":{"allow":["GET"]}}],"collection":[{"href":"https:\/\/echta-derminga.de\/index.php?rest_route=\/wp\/v2\/posts"}],"about":[{"href":"https:\/\/echta-derminga.de\/index.php?rest_route=\/wp\/v2\/types\/post"}],"author":[{"embeddable":true,"href":"https:\/\/echta-derminga.de\/index.php?rest_route=\/wp\/v2\/users\/1"}],"replies":[{"embeddable":true,"href":"https:\/\/echta-derminga.de\/index.php?rest_route=%2Fwp%2Fv2%2Fcomments&post=18699"}],"version-history":[{"count":22,"href":"https:\/\/echta-derminga.de\/index.php?rest_route=\/wp\/v2\/posts\/18699\/revisions"}],"predecessor-version":[{"id":18762,"href":"https:\/\/echta-derminga.de\/index.php?rest_route=\/wp\/v2\/posts\/18699\/revisions\/18762"}],"wp:featuredmedia":[{"embeddable":true,"href":"https:\/\/echta-derminga.de\/index.php?rest_route=\/wp\/v2\/media\/18747"}],"wp:attachment":[{"href":"https:\/\/echta-derminga.de\/index.php?rest_route=%2Fwp%2Fv2%2Fmedia&parent=18699"}],"wp:term":[{"taxonomy":"category","embeddable":true,"href":"https:\/\/echta-derminga.de\/index.php?rest_route=%2Fwp%2Fv2%2Fcategories&post=18699"},{"taxonomy":"post_tag","embeddable":true,"href":"https:\/\/echta-derminga.de\/index.php?rest_route=%2Fwp%2Fv2%2Ftags&post=18699"}],"curies":[{"name":"wp","href":"https:\/\/api.w.org\/{rel}","templated":true}]}}