{"id":18775,"date":"2025-04-18T13:55:05","date_gmt":"2025-04-18T12:55:05","guid":{"rendered":"https:\/\/echta-derminga.de\/?p=18775"},"modified":"2025-04-18T14:07:36","modified_gmt":"2025-04-18T13:07:36","slug":"frohe-ostern-bleiben-aushalten-und-veraendern","status":"publish","type":"post","link":"https:\/\/echta-derminga.de\/?p=18775","title":{"rendered":"Frohe Ostern &#8211; Bleiben, Aushalten und Ver\u00e4ndern !"},"content":{"rendered":"\n<blockquote class=\"wp-block-quote has-medium-font-size is-layout-flow wp-block-quote-is-layout-flow\">\n<p class=\"has-medium-font-size wp-block-paragraph\"><strong>\u201eFriede sei mit euch! Seht meine H\u00e4nde und meine F\u00fc\u00dfe an: Ich bin es selbst. Fasst mich doch an und begreift: Kein Geist hat Fleisch und Knochen, wie ihr es bei mir seht.\u201c (Lukas 24:36,39)<\/strong><\/p>\n<\/blockquote>\n\n\n\n<p class=\"has-medium-font-size wp-block-paragraph\"><strong>H\u00f6ren wir uns noch zu? Die meisten von uns stehen fest und entschlossen in ihrem Leben. Dabei z\u00e4hlt nur noch die eigene Meinung und das selbst erschaffene Weltbild. Bist du nicht daf\u00fcr, so bist du dagegen! Wo ist die Empathie, dass Verst\u00e4ndnis und das aufeinander zugehen? Wo ist unsere gesunde Mitte? Der Kopf steht allzu oft \u00fcber dem Herz. Wir h\u00f6ren nur noch das, was wir wollen und was f\u00fcr uns wichtig ist. Andere Meinungen werden bestenfalls missg\u00fcnstig geduldet oder angenommen.<\/strong> <strong>Der gegenseitige Respekt geht mehr und mehr verloren.<\/strong><\/p>\n\n\n\n<p class=\"has-medium-font-size wp-block-paragraph\">Hinter uns allen liegt ein langer, harter Winter mit vielen dunklen Tagen und Monaten. Bevor es richtig hell wird, ist es tiefste, dunkelste Nacht. Es muss eben manchmal weh tun, bevor es gut werden kann. Das Gute ist oft steinhart und kommt in einem h\u00e4sslichen Kleid um die Ecke. Das alles zu verstehen und richtig einzuordnen ist \u00fcberhaupt nicht so leicht wie man glaubt. Der Schmerz oder das Dunkle der Nacht verschleiert unseren Blick auf das Gute und die Hoffnung. Wir machen es uns nicht leicht und w\u00e4lzen uns gerne in Problemen und \u00c4ngsten. Das Leben k\u00f6nnte so einfach und federleicht sein.<\/p>\n\n\n\n<p class=\"has-medium-font-size wp-block-paragraph\"><strong>Ostern 2025.<\/strong><\/p>\n\n\n\n<p class=\"has-medium-font-size wp-block-paragraph\">Die Kirchen halbieren sich und bleiben stur auf Kurs. Immer weiter im Schritt, dem Abgrund entgegen. Kirchenaustritte, Skandale, festgefahren Strukturen und ein nicht mehr zeitgem\u00e4\u00dfes Weltbild. Kein Mut f\u00fcr Ver\u00e4nderungen und ein stures festhalten an uralten Richtlinien. Z\u00f6libat und Residenzpflichten passen l\u00e4ngst nicht mehr in diese Zeit. Christen suchen in ihrem Glauben einen festen Halt im Leben. Auf der anderen Seite verzichten immer mehr Menschen auf die Kirche. Das alles scheint irgendwo an der Kirche abzuprallen. Unbeirrt geht die Institution Kirche ihren Weg und pocht auf ihr Alleinstellungsmerkmal. Stellt sich die Frage: Brauchen wir f\u00fcr unseren Glauben noch eine Kirche?<\/p>\n\n\n\n<p class=\"has-medium-font-size wp-block-paragraph\"><strong>Ich pers\u00f6nlich glaube: Ja! Weglaufen ist f\u00fcr mich keine Option. Wir brauchen Menschen, die bleiben und Ver\u00e4nderungen anstreben. Wir alle sind auf dem besten Weg unsere ureigene Kultur und das Brauchtum abzuschaffen. Wie viele Kinder wissen noch, was wir Christen an Ostern feiern? Wenn wir etwas ver\u00e4ndern wollen, m\u00fcssen wir ausharren, bleiben und k\u00e4mpfen.&nbsp; Jetzt ist die Zeit zum Bleiben!<\/strong><\/p>\n\n\n\n<p class=\"has-medium-font-size wp-block-paragraph\">Ich sehne mich nach einer guten \u00d6kumene, einem aufeinander zugehen, einer Vers\u00f6hnung und der Suche nach einem neuen gemeinsamen Weg. Gerade zu Ostern wird uns besonders deutlich vor Augen gef\u00fchrt wie schlecht es um unsere \u00d6kumene steht. Warum ist es mehr als 2000 Jahre nach Christis Tot nicht m\u00f6glich, dass katholische und evangelische Christen gemeinsam Abendmahl feiern ? Der Empfang des evangelischen Abendmahles ist f\u00fcr einen Katholiken untersagt. Der Hauptgrund daf\u00fcr liegt in der fehlenden Apostolische Sukzession. Aus Sicht der katholischen Kirche fehlt den Pfarrern der evangelischen Kirchen die &#8222;Legitimation&#8220;, die Wandlung von Brot und Wein in Leib und Blut Christi zu vollziehen. Der heilige Papst Johannes Paul II. bekr\u00e4ftigte seiner Zeit, dass ein katholischer Gl\u00e4ubiger nicht die Kommunion in einer Gemeinschaft empfangen k\u00f6nne, &#8222;der das g\u00fcltige Sakrament der Weihe fehlt&#8220; . Die evangelische Kirche hingegen erlaubt den Katholiken die Teilnahme an ihrem Abendmahlsritual. Ein evangelischer Christ hingegen ist von der katholischen Eucharistie ausgeschlossen. Eine Ausnahmen gibt es tats\u00e4chlich: Der evangelische Christ muss sich in Todesgefahr oder einer anderen schweren Notlage befinden, um die Eucharistie bitten und darf keine M\u00f6glichkeit haben, das Abendmahl zu empfangen. Dar\u00fcber hinaus muss der evangelische Christ seinen Glauben in Bezug auf die Eucharistie bekunden. Die evangelische Kirche hat hier weniger Bedenken und erlaubt ihren Gl\u00e4ubigen, die Eucharistie zu empfangen. Wie soll dass jedoch funktionieren, wenn man nicht am Tisch des Herren Willkommen ist ? Als evangelischer Christ bin ich also nicht zur Abendmahlsfeier der katholischen Kirche eingeladen. Genau aus diesem Grunde habe ich noch nie an einer Abendmahlsfeier der katholischen Kirche teilgenommen. Ich bin nicht zur heiligen Messe geladen und werde deshalb auch nicht teilnehmen. Diese Tatsache schmerzt mich seit vielen Jahrzehnten. Ich habe jedoch gelernt damit zu Leben und meinen Frieden gefunden. Ich bef\u00fcrchte, dass ich es nicht mehr erleben werde, dass katholische und evangelische Christen gemeinsam Abendmahl feiern. Schade ! Ich frage mich, ob Jesus das so gewollt h\u00e4tte ?<\/p>\n\n\n\n<p class=\"has-medium-font-size wp-block-paragraph\"><strong>Anhalten stehenbleiben, Ansto\u00dfen und bewegen! Alles hetzt und wetzt und ist auf der Flucht. Wer bleibt stehen und steht f\u00fcr den anderen auf? Unsere Politik? Unwahrscheinlich! Die Sozis verlieren sich auf der Suche nach dem Arbeiterstand, die Gr\u00fcnen vergessen vor lauter Bomben den Klimawandel und die Christen verschlie\u00dfen die T\u00fcren und scheine zu vergessen, wof\u00fcr eigentlich das \u201eC\u201c in ihrem Namen steht. Alternativen? Keine! Links verliert sich in einer unrealistischen Scheinwelt und die Rechte ist keine Alternative f\u00fcr Deutschland. Wir wollen nicht verstehen, dass jede Form von Extremismus nichts in unserem Bundestag verloren hat? Oder ist es uns am Ende tats\u00e4chlich egal? Dieses Land hat eine blutige Geschichte! Es musste zuerst dunkel und schlimm werden bevor der helllichte Tag uns den Weg in eine bessere Zukunft zeigte.<\/strong><\/p>\n\n\n\n<p class=\"has-medium-font-size wp-block-paragraph\">Wir brauchen Menschen die Bleiben! Menschen, die anpacken und bewegen m\u00f6chten. Austreten, Aufgeben oder Fallenlassen ist keine Option. Wir brauchen Menschen, die an unsere Gesellschaft glauben und ver\u00e4ndern m\u00f6chten. Weglaufen ist viel zu einfach und au\u00dferdem feige.<\/p>\n\n\n\n<p class=\"has-medium-font-size wp-block-paragraph\"><strong>Ostern 2025.<\/strong><\/p>\n\n\n<div class=\"wp-block-image\">\n<figure class=\"aligncenter size-large\"><img loading=\"lazy\" decoding=\"async\" width=\"700\" height=\"649\" src=\"https:\/\/echta-derminga.de\/wp-content\/uploads\/2025\/04\/491891378_9545023568925616_5967278176150935656_n-700x649.jpg\" alt=\"\" class=\"wp-image-18777\" srcset=\"https:\/\/echta-derminga.de\/wp-content\/uploads\/2025\/04\/491891378_9545023568925616_5967278176150935656_n-700x649.jpg 700w, https:\/\/echta-derminga.de\/wp-content\/uploads\/2025\/04\/491891378_9545023568925616_5967278176150935656_n-300x278.jpg 300w, https:\/\/echta-derminga.de\/wp-content\/uploads\/2025\/04\/491891378_9545023568925616_5967278176150935656_n-768x712.jpg 768w, https:\/\/echta-derminga.de\/wp-content\/uploads\/2025\/04\/491891378_9545023568925616_5967278176150935656_n-1536x1424.jpg 1536w, https:\/\/echta-derminga.de\/wp-content\/uploads\/2025\/04\/491891378_9545023568925616_5967278176150935656_n.jpg 2048w\" sizes=\"auto, (max-width: 700px) 100vw, 700px\" \/><\/figure>\n<\/div>\n\n\n<p class=\"has-medium-font-size wp-block-paragraph\">Die dunkle Nacht mit ihrer beschwerlichen Fastenzeit ist zu Ende. Christen gedenken an Ostern den schicksalhaften Tagen von Jesus Christus. Gr\u00fcndonnerstag als Gedenktag von Jesu letztem Abendmahl, Karfreitag, als Jesus gekreuzigt wurde. Ostersamstag, der vielleicht dunkelste Tag. Es muss pechfinstere Nacht werden, bevor es gut werden kann. Ostersonntag, der Tag der Auferstehung. Die Nacht vergeht, dass Leben gewinnt und beh\u00e4lt die Oberhand. Der Tod ist besiegt.<\/p>\n\n\n\n<p class=\"has-medium-font-size wp-block-paragraph\"><strong>Gerade zu Ostern erinnere ich immer wieder gerne an meinen Konfirmationsspruch:<\/strong><\/p>\n\n\n\n<blockquote class=\"wp-block-quote has-medium-font-size is-layout-flow wp-block-quote-is-layout-flow\">\n<p class=\"has-medium-font-size wp-block-paragraph\"><strong>\u00bbIch bin die Auferstehung, und ich bin das Leben. Wer an mich glaubt, der wird leben, selbst wenn er stirbt.\u201c (Johannes 11,25)<\/strong><\/p>\n<\/blockquote>\n\n\n\n<p class=\"has-medium-font-size wp-block-paragraph\">H\u00f6ren wir noch zu? Glauben wir noch daran, dass Jesus f\u00fcr uns den Tod besiegt hat? Werden wir aus unseren Fehlern kl\u00fcger? Die heutige Zeit erinnert mich stark an die Verzweiflung von Jesus Christus kurz vor seiner Verhaftung: <strong>Verzweifelt bat er seine J\u00fcnger: \u201eBleibt hier und wachet mit mir\u201c.<\/strong> Vergebens, die J\u00fcnger schliefen ein. Uns allen fehlt die Kraft zu Glauben, auszuhalten, wachzubleiben und auch einmal zu beten. Wir m\u00fcssen lernen zu bleiben! Haltet Kurs, richtet eure Sterne und halten Glauben. Der Mensch muss an irgendetwas glauben sonst wird es dunkel. Wir m\u00fcssen, dass dunkel aushalten und ausharren.<\/p>\n\n\n\n<p class=\"has-medium-font-size wp-block-paragraph\"><strong>\u201eBleibt hier und wachet mit mir\u201c! Bleibt hier, bleibt dabei, haltet Stand! Wir m\u00fcssen lernen den Kurs zu halten. Aushalten, Ausharren und Aufstehen. Lauft nicht weg! Es gibt zu viele Leute die aus Entt\u00e4uschung den Parteien, Kirchen oder Vereinen den R\u00fccken kehren. Besser w\u00e4re es zu bleiben und zu versuchen etwas zu ver\u00e4ndern.<\/strong> <strong>Bleiben und Aushalten ist eine wichtige Osterbotschaft! Jesus Christus ermutigte seine J\u00fcnger und Anh\u00e4nger immer wieder dazu den Kurs zu halten, die Sterne zu ordnen und den Glauben zu halten. In der Bibel finden wir in Matth\u00e4us 24 einen erstaunlichen Text, der absolut in unsere heutige Zeit passt:<\/strong><\/p>\n\n\n\n<blockquote class=\"wp-block-quote is-layout-flow wp-block-quote-is-layout-flow\">\n<p class=\"has-medium-font-size wp-block-paragraph\"><strong>\u201eDenn es werden viele kommen unter meinem Namen, und sagen: &#8222;Ich bin Christus&#8220; und werden viele verf\u00fchren. Ihr werdet h\u00f6ren Kriege und Geschrei von Kriegen; sehet zu und erschreckt euch nicht. Das muss zum ersten alles geschehen; aber es ist noch nicht das Ende da. Denn es wird sich emp\u00f6ren ein Volk wider das andere und ein K\u00f6nigreich gegen das andere, und werden sein Pestilenz und teure Zeit und Erdbeben hin und wieder.\u2026 (Matth\u00e4us 24)<\/strong><\/p>\n<\/blockquote>\n\n\n\n<p class=\"has-medium-font-size wp-block-paragraph\"><strong>Ich w\u00fcnsche euch allen ein frohes und gesegnetes Osterfest. Bleibt stabil, beh\u00fctet und haltet Kurs und Glauben. Stellt euch einmal vor, dass die Osterbotschaft tats\u00e4chlich wahr ist \u2026..w\u00e4re das nicht unglaublich? Stellt euch einmal vor, dass die Botschaft von Jesus Christus tats\u00e4chlich Realit\u00e4t wird und das Ausharren sich lohnen w\u00fcrde. W\u00e4re das nicht wunderbar? Die Worte aus der Bibel k\u00f6nnten so sch\u00f6n tr\u00f6stlich sein:<\/strong><\/p>\n\n\n\n<blockquote class=\"wp-block-quote has-medium-font-size is-layout-flow wp-block-quote-is-layout-flow\">\n<p class=\"has-medium-font-size wp-block-paragraph\"><strong>\u201eGehet hin und macht zu J\u00fcngern alle V\u00f6lker, und tauft sie auf den Namen des Vaters und des Sohnes und des Heiligen Geistes und lehrt sie alles halten, was ich euch befohlen habe. Und siehe, ich bin bei euch alle Tage bis an das ende der Welt. Amen.\u201c<\/strong><\/p>\n<\/blockquote>\n","protected":false},"excerpt":{"rendered":"<p>\u201eFriede sei mit euch! Seht meine H\u00e4nde und meine F\u00fc\u00dfe an: Ich bin es selbst. Fasst mich doch an und begreift: Kein Geist hat Fleisch und Knochen, wie ihr es bei mir seht.\u201c (Lukas 24:36,39) H\u00f6ren wir uns noch zu? Die meisten von uns stehen fest und entschlossen in ihrem Leben. Dabei z\u00e4hlt nur noch die eigene Meinung und das<\/p>\n","protected":false},"author":1,"featured_media":18779,"comment_status":"open","ping_status":"closed","sticky":false,"template":"","format":"standard","meta":{"_crdt_document":"","footnotes":""},"categories":[1,47,902],"tags":[5,1189,618,509,127,569,1190,310],"class_list":["post-18775","post","type-post","status-publish","format-standard","has-post-thumbnail","hentry","category-allgemein","category-meine-kirche","category-meine-meinung","tag-dirmingen","tag-evanglische-kirche-dirmingen","tag-gemeinde-eppelborn","tag-katholische-kirche-dirmingen","tag-landkreis-neunkirchen","tag-oekumene","tag-ostern-2025","tag-saarland"],"_links":{"self":[{"href":"https:\/\/echta-derminga.de\/index.php?rest_route=\/wp\/v2\/posts\/18775","targetHints":{"allow":["GET"]}}],"collection":[{"href":"https:\/\/echta-derminga.de\/index.php?rest_route=\/wp\/v2\/posts"}],"about":[{"href":"https:\/\/echta-derminga.de\/index.php?rest_route=\/wp\/v2\/types\/post"}],"author":[{"embeddable":true,"href":"https:\/\/echta-derminga.de\/index.php?rest_route=\/wp\/v2\/users\/1"}],"replies":[{"embeddable":true,"href":"https:\/\/echta-derminga.de\/index.php?rest_route=%2Fwp%2Fv2%2Fcomments&post=18775"}],"version-history":[{"count":4,"href":"https:\/\/echta-derminga.de\/index.php?rest_route=\/wp\/v2\/posts\/18775\/revisions"}],"predecessor-version":[{"id":18782,"href":"https:\/\/echta-derminga.de\/index.php?rest_route=\/wp\/v2\/posts\/18775\/revisions\/18782"}],"wp:featuredmedia":[{"embeddable":true,"href":"https:\/\/echta-derminga.de\/index.php?rest_route=\/wp\/v2\/media\/18779"}],"wp:attachment":[{"href":"https:\/\/echta-derminga.de\/index.php?rest_route=%2Fwp%2Fv2%2Fmedia&parent=18775"}],"wp:term":[{"taxonomy":"category","embeddable":true,"href":"https:\/\/echta-derminga.de\/index.php?rest_route=%2Fwp%2Fv2%2Fcategories&post=18775"},{"taxonomy":"post_tag","embeddable":true,"href":"https:\/\/echta-derminga.de\/index.php?rest_route=%2Fwp%2Fv2%2Ftags&post=18775"}],"curies":[{"name":"wp","href":"https:\/\/api.w.org\/{rel}","templated":true}]}}