{"id":1878,"date":"2018-08-10T13:19:26","date_gmt":"2018-08-10T12:19:26","guid":{"rendered":"http:\/\/echta-derminga.de\/?p=1878"},"modified":"2018-08-10T13:20:54","modified_gmt":"2018-08-10T12:20:54","slug":"dirminger-kulturecke-bienenzuchtverein-dirmingen","status":"publish","type":"post","link":"https:\/\/echta-derminga.de\/?p=1878","title":{"rendered":"Dirminger Kulturecke &#8211; Bienenzuchtverein Dirmingen"},"content":{"rendered":"\n<p class=\"wp-block-paragraph\"><strong>In der Dirminger Kulturecke erfahren Sie alles was Sie schon immer \u00fcber Dirmingen wissen wollten oder wissen sollten. Wussten Sie schon, dass am 23.April 1911, im Gasthaus\u201c Valentin Schneider\u201c, der \u201eBienenzuchtverein Dirmingen und Umgebung\u201c gegr\u00fcndet wurde?<\/strong><\/p>\n\n\n\n<p class=\"wp-block-paragraph\">Als erster Vorsitzender des Vereins agierte damals der Lehrer Konrad Klein. In den 30ger Jahren geh\u00f6rte der Verein dem Landesverband \u201eSaargebiet\u201c an wobei dieser nach der R\u00fcckgliederung, im Jahre 1935, aufgel\u00f6st wurde. In der folgenden Landesgruppe Saar-Pfalz nannte sich der Verein \u201eOrtsfachgruppe Imker \u201c. <\/p>\n\n\n\n<p class=\"wp-block-paragraph\">Im Jahre 1940 hatte der Verein noch 31 Mitglieder, die 189 V\u00f6lker betreuten. Nach dem Krieg wurde der Verein, am 06 M\u00e4rz 1949, im Gasthaus Schneider neu gegr\u00fcndet. Im Jahre 1954 z\u00e4hlte der Verein schon wieder 54 Mitglieder wobei eine enorme Entwicklung zu erkennen war. Heute im Jahr 2018 wird der Bienenzuchtverein Dirmingen von Frank Ballof und seinem r\u00fchrigen Vorstand gef\u00fchrt. <\/p>\n\n\n\n<p class=\"wp-block-paragraph\"><strong>Am Dienstag,14.08 und am Mittwoch,15.08.17 findet an der Zeidler H\u00fctte in Dirmingen das diesj\u00e4hrige Imkerfest des Dirminger Bienenzuchtvereins statt. Das Fest\u00a0 wird seit vielen Jahren durchgef\u00fchrt und geh\u00f6rt mittlerweile fest zum Ortsgeschehen. Die Bev\u00f6lkerung ist herzlich eingeladen.<\/strong><\/p>\n","protected":false},"excerpt":{"rendered":"<p>In der Dirminger Kulturecke erfahren Sie alles was Sie schon immer \u00fcber Dirmingen wissen wollten oder wissen sollten. Wussten Sie schon, dass am 23.April 1911, im Gasthaus\u201c Valentin Schneider\u201c, der \u201eBienenzuchtverein Dirmingen und Umgebung\u201c gegr\u00fcndet wurde? Als erster Vorsitzender des Vereins agierte damals der Lehrer Konrad Klein. In den 30ger Jahren geh\u00f6rte der Verein dem Landesverband \u201eSaargebiet\u201c an wobei dieser<\/p>\n","protected":false},"author":1,"featured_media":1880,"comment_status":"open","ping_status":"closed","sticky":false,"template":"","format":"standard","meta":{"_crdt_document":"","footnotes":""},"categories":[2],"tags":[381,383,384,382],"class_list":["post-1878","post","type-post","status-publish","format-standard","has-post-thumbnail","hentry","category-kulturecke","tag-bienenzuchtverein","tag-imkerfest","tag-valentin-schneider","tag-zeidlerhuette"],"_links":{"self":[{"href":"https:\/\/echta-derminga.de\/index.php?rest_route=\/wp\/v2\/posts\/1878","targetHints":{"allow":["GET"]}}],"collection":[{"href":"https:\/\/echta-derminga.de\/index.php?rest_route=\/wp\/v2\/posts"}],"about":[{"href":"https:\/\/echta-derminga.de\/index.php?rest_route=\/wp\/v2\/types\/post"}],"author":[{"embeddable":true,"href":"https:\/\/echta-derminga.de\/index.php?rest_route=\/wp\/v2\/users\/1"}],"replies":[{"embeddable":true,"href":"https:\/\/echta-derminga.de\/index.php?rest_route=%2Fwp%2Fv2%2Fcomments&post=1878"}],"version-history":[{"count":3,"href":"https:\/\/echta-derminga.de\/index.php?rest_route=\/wp\/v2\/posts\/1878\/revisions"}],"predecessor-version":[{"id":1882,"href":"https:\/\/echta-derminga.de\/index.php?rest_route=\/wp\/v2\/posts\/1878\/revisions\/1882"}],"wp:featuredmedia":[{"embeddable":true,"href":"https:\/\/echta-derminga.de\/index.php?rest_route=\/wp\/v2\/media\/1880"}],"wp:attachment":[{"href":"https:\/\/echta-derminga.de\/index.php?rest_route=%2Fwp%2Fv2%2Fmedia&parent=1878"}],"wp:term":[{"taxonomy":"category","embeddable":true,"href":"https:\/\/echta-derminga.de\/index.php?rest_route=%2Fwp%2Fv2%2Fcategories&post=1878"},{"taxonomy":"post_tag","embeddable":true,"href":"https:\/\/echta-derminga.de\/index.php?rest_route=%2Fwp%2Fv2%2Ftags&post=1878"}],"curies":[{"name":"wp","href":"https:\/\/api.w.org\/{rel}","templated":true}]}}