{"id":18788,"date":"2025-05-03T11:57:06","date_gmt":"2025-05-03T10:57:06","guid":{"rendered":"https:\/\/echta-derminga.de\/?p=18788"},"modified":"2025-05-03T12:06:30","modified_gmt":"2025-05-03T11:06:30","slug":"naherholungsgebiet-steinrausche-in-einem-bedenklichen-zustand","status":"publish","type":"post","link":"https:\/\/echta-derminga.de\/?p=18788","title":{"rendered":"Naherholungsgebiet &#8222;Steinrausche&#8220; in einem bedenklichen Zustand !"},"content":{"rendered":"\n<p class=\"has-medium-font-size wp-block-paragraph\"><strong>Wir leben dort, wo andere gerne Urlaub machen w\u00fcrden. In den letzten Jahren konnte man zusehends den Eindruck gewinnen, dass wir verlernt haben, die Sch\u00f6nheit unseres Heimatortes zu sch\u00e4tzen. In Dirmingen gibt es immer noch viele wunderbare Orte. Mit seinen Naherholungsgebieten und den vielen verschiedenen Wanderrouten bereichert Dirmingen den sanften Tourismus unserer Region. Dirmingen, liegt an der S\u00fcdpforte zum Naturpark Saar-Hunsr\u00fcck. Inmitten unserer Gemarkung liegt das bekannte Naherholungsgebiet \u201eSteinrausche\u201c mit seinem bedeutenden geologische Naturdenkmal die \u201eSteinrutsch\u201c. Bei den, wie von Riesen aufget\u00fcrmten Steinbl\u00f6cken mitten im Wald handelt es sich um ein quarzitisches Konglomerat, das am Nordwesthang des Gro\u00dfen Elmersberges im Laufe der Jahrtausende herausgewittert ist. Neben diesem beeindruckenden Naturdenkmal findet wir weitere wunderbare Besonderheiten wir zum Beispiel die Marienkapelle, das alte historische Denkmal, die drei Eichen oder die Wassertretanlage inmitten des Waldes.<\/strong> <strong>Leider ist von der einstigen Pracht und Herrlichkeit nicht mehr allzu viel vorhanden. Das ehemals stolze und weitreichende Waldgebiet hat in den letzten Jahren massiv gelitten. Der Klimawandel, die Trockenheit, der Borkenk\u00e4fer und auch mangelnde Gegenwehr haben dem dichten Wald stark zugesetzt. Daran \u00e4ndern auch die immer wieder gutgemeinten Aufforstungsaktionen nichts. Unser Wald hat in den letzten Jahren stark gelitten und braucht wiederum viele Jahrzehnte, um sich zu erholen.<\/strong><\/p>\n\n\n\n<div class=\"wp-block-columns is-layout-flex wp-container-core-columns-is-layout-8f761849 wp-block-columns-is-layout-flex\">\n<div class=\"wp-block-column is-layout-flow wp-block-column-is-layout-flow\">\n<figure class=\"wp-block-image size-large\"><img loading=\"lazy\" decoding=\"async\" width=\"700\" height=\"525\" src=\"https:\/\/echta-derminga.de\/wp-content\/uploads\/2025\/05\/20250501_133745-700x525.jpg\" alt=\"\" class=\"wp-image-18790\" srcset=\"https:\/\/echta-derminga.de\/wp-content\/uploads\/2025\/05\/20250501_133745-700x525.jpg 700w, https:\/\/echta-derminga.de\/wp-content\/uploads\/2025\/05\/20250501_133745-300x225.jpg 300w, https:\/\/echta-derminga.de\/wp-content\/uploads\/2025\/05\/20250501_133745-768x576.jpg 768w, https:\/\/echta-derminga.de\/wp-content\/uploads\/2025\/05\/20250501_133745.jpg 1500w\" sizes=\"auto, (max-width: 700px) 100vw, 700px\" \/><figcaption class=\"wp-element-caption\">Sch\u00f6ne Aussicht- Heute ??<\/figcaption><\/figure>\n<\/div>\n\n\n\n<div class=\"wp-block-column is-layout-flow wp-block-column-is-layout-flow\">\n<figure class=\"wp-block-image size-large\"><img loading=\"lazy\" decoding=\"async\" width=\"700\" height=\"469\" src=\"https:\/\/echta-derminga.de\/wp-content\/uploads\/2023\/08\/Aussicht-Kopie-700x469.jpg\" alt=\"\" class=\"wp-image-15624\" srcset=\"https:\/\/echta-derminga.de\/wp-content\/uploads\/2023\/08\/Aussicht-Kopie-700x469.jpg 700w, https:\/\/echta-derminga.de\/wp-content\/uploads\/2023\/08\/Aussicht-Kopie-300x200.jpg 300w, https:\/\/echta-derminga.de\/wp-content\/uploads\/2023\/08\/Aussicht-Kopie-768x515.jpg 768w, https:\/\/echta-derminga.de\/wp-content\/uploads\/2023\/08\/Aussicht-Kopie.jpg 900w\" sizes=\"auto, (max-width: 700px) 100vw, 700px\" \/><figcaption class=\"wp-element-caption\">Sch\u00f6ne Aussicht &#8211; Fr\u00fcher !!<\/figcaption><\/figure>\n<\/div>\n<\/div>\n\n\n\n<p class=\"has-medium-font-size wp-block-paragraph\">Ein kleines Tierchen Namens Borkenk\u00e4fer tr\u00e4gt eine gro\u00dfe Verantwortung am bedenklichen Zustand unseres Waldes. Der kleine K\u00e4fer ist wieder auf dem Vormarsch und bedroht in erster Linie die Fichte. Der Saarforst Landesbetrieb musste im vergangenen Jahr wegen Borkenk\u00e4fer-Sch\u00e4den so viele Fichten f\u00e4llen wie nie zuvor. Dadurch sind auch in unserem Wald im Naherholungsgebiet Steinrausche gro\u00dfe Kahlfl\u00e4che entstanden. Das ist nicht nur f\u00fcr alle Naturliebhaber eine schreckliche Entwicklung sondern auch f\u00fcr die im Wald lebenden Tiere. \u00a0Das Umweltministerium geht davon aus, dass sich diese Entwicklung fortsetzen wird. Ein weiterer Grund daf\u00fcr ist das milde und feuchte Klima in unserer Region. Wir alle lieben die Sonne und freuen uns, wenn der Regen ausbleibt. Zur Wahrheit geh\u00f6rt aber auch, dass wir uns inmitten des Klimawandels befinden.<\/p>\n\n\n\n<div class=\"wp-block-columns is-layout-flex wp-container-core-columns-is-layout-8f761849 wp-block-columns-is-layout-flex\">\n<div class=\"wp-block-column is-layout-flow wp-block-column-is-layout-flow\">\n<figure class=\"wp-block-image size-full\"><img loading=\"lazy\" decoding=\"async\" width=\"600\" height=\"450\" src=\"https:\/\/echta-derminga.de\/wp-content\/uploads\/2018\/07\/volkstrauertag_600_mahnwache_scharf.jpg\" alt=\"\" class=\"wp-image-1642\" srcset=\"https:\/\/echta-derminga.de\/wp-content\/uploads\/2018\/07\/volkstrauertag_600_mahnwache_scharf.jpg 600w, https:\/\/echta-derminga.de\/wp-content\/uploads\/2018\/07\/volkstrauertag_600_mahnwache_scharf-300x225.jpg 300w\" sizes=\"auto, (max-width: 600px) 100vw, 600px\" \/><\/figure>\n<\/div>\n\n\n\n<div class=\"wp-block-column is-layout-flow wp-block-column-is-layout-flow\">\n<figure class=\"wp-block-image size-large\"><img loading=\"lazy\" decoding=\"async\" width=\"700\" height=\"525\" src=\"https:\/\/echta-derminga.de\/wp-content\/uploads\/2025\/05\/20250501_134019-700x525.jpg\" alt=\"\" class=\"wp-image-18794\" srcset=\"https:\/\/echta-derminga.de\/wp-content\/uploads\/2025\/05\/20250501_134019-700x525.jpg 700w, https:\/\/echta-derminga.de\/wp-content\/uploads\/2025\/05\/20250501_134019-300x225.jpg 300w, https:\/\/echta-derminga.de\/wp-content\/uploads\/2025\/05\/20250501_134019-768x576.jpg 768w, https:\/\/echta-derminga.de\/wp-content\/uploads\/2025\/05\/20250501_134019.jpg 1500w\" sizes=\"auto, (max-width: 700px) 100vw, 700px\" \/><\/figure>\n<\/div>\n<\/div>\n\n\n\n<p class=\"has-medium-font-size wp-block-paragraph\"><strong>Fakt ist, dass der Borkenk\u00e4fer das Waldsterben durch Befall von geschw\u00e4chten B\u00e4umen verst\u00e4rken. Das Ganze wird in Kombination mit D\u00fcrre und Hitze vorangetrieben. Wir m\u00fcssen uns eingestehen, dass unser Waldsterben durch verschiedene Faktoren verursacht wird. Neben dem Klimawandel (extreme Temperaturen, Trockenheit, St\u00fcrme) und Sch\u00e4dlingsbefall wie durch Borkenk\u00e4fer sind auch die extreme Wetterlage (Hitzewellen, Trockenheit, Starkregen) ein Garant f\u00fcr den Negativtrend.<\/strong><\/p>\n\n\n\n<p class=\"has-medium-font-size wp-block-paragraph\">Besonders unsere Fichten sind stark gef\u00e4hrdet und bedroht. Der Saarforst m\u00f6chte befallene Fichten so schnell wie m\u00f6glich f\u00e4llen und aus dem Wald abtransportieren. Dadurch will der Saarforst einen \u00dcbertritt des Sch\u00e4dlings auf gesunde B\u00e4ume verhindern. Genau das ist auch in gro\u00dfem Masse im Wald des Naherholungsgebietes Steinrausche geschehen. Die vielen Wanderer und Spazierg\u00e4nger sprechen l\u00e4ngst von einem Kahlschlag sondergleichen und beklagen den negativen Trend.<\/p>\n\n\n\n<div class=\"wp-block-columns is-layout-flex wp-container-core-columns-is-layout-8f761849 wp-block-columns-is-layout-flex\">\n<div class=\"wp-block-column is-layout-flow wp-block-column-is-layout-flow\">\n<figure class=\"wp-block-image size-large\"><img loading=\"lazy\" decoding=\"async\" width=\"700\" height=\"525\" src=\"https:\/\/echta-derminga.de\/wp-content\/uploads\/2025\/05\/20250501_134401-700x525.jpg\" alt=\"\" class=\"wp-image-18796\" srcset=\"https:\/\/echta-derminga.de\/wp-content\/uploads\/2025\/05\/20250501_134401-700x525.jpg 700w, https:\/\/echta-derminga.de\/wp-content\/uploads\/2025\/05\/20250501_134401-300x225.jpg 300w, https:\/\/echta-derminga.de\/wp-content\/uploads\/2025\/05\/20250501_134401-768x576.jpg 768w, https:\/\/echta-derminga.de\/wp-content\/uploads\/2025\/05\/20250501_134401.jpg 1500w\" sizes=\"auto, (max-width: 700px) 100vw, 700px\" \/><\/figure>\n<\/div>\n\n\n\n<div class=\"wp-block-column is-layout-flow wp-block-column-is-layout-flow\">\n<figure class=\"wp-block-image size-large\"><img loading=\"lazy\" decoding=\"async\" width=\"700\" height=\"525\" src=\"https:\/\/echta-derminga.de\/wp-content\/uploads\/2025\/05\/20250501_134551-700x525.jpg\" alt=\"\" class=\"wp-image-18797\" srcset=\"https:\/\/echta-derminga.de\/wp-content\/uploads\/2025\/05\/20250501_134551-700x525.jpg 700w, https:\/\/echta-derminga.de\/wp-content\/uploads\/2025\/05\/20250501_134551-300x225.jpg 300w, https:\/\/echta-derminga.de\/wp-content\/uploads\/2025\/05\/20250501_134551-768x576.jpg 768w, https:\/\/echta-derminga.de\/wp-content\/uploads\/2025\/05\/20250501_134551.jpg 1500w\" sizes=\"auto, (max-width: 700px) 100vw, 700px\" \/><\/figure>\n<\/div>\n<\/div>\n\n\n\n<p class=\"has-medium-font-size wp-block-paragraph\"><strong>Auf Sicht wird die Fichte unsere W\u00e4lder verlassen und der Trend geht verst\u00e4rkt hin zu Laubmischw\u00e4ldern. Die Hauptbaumarten unserer W\u00e4lder sind Buche und Eiche. Obwohl der Borkenk\u00e4fer auch B\u00e4ume aus einem Mischwald angreifen kann, ist das Risiko gro\u00dfer Sch\u00e4den geringer. Berichten zufolge m\u00fcssen bei L\u00e4rchen, Buchen oder Eichen die B\u00e4ume von vornherein in einem schlechten Zustand sein, damit der Borkenk\u00e4fer sein Werk vollziehen kann. Obwohl ich \u00f6fters im Wald des Naherholungsgebietes Steinrauche unterwegs bin, gewinne ich mehr und mehr den Eindruck, dass es immer schlimmer wird. Ich frage mich, wann wird dieser negative Trend enden?<\/strong><\/p>\n\n\n\n<p class=\"has-medium-font-size wp-block-paragraph\">Hinzu kommen unsere hausgemachte Probleme, f\u00fcr die wir keine L\u00f6sungen finden. Der Zustand des alten historischen Denkmals oder unserer Wassertretanlage ist bedenklich. W\u00e4hrend die Fichten an der Wassertretanlage bereits entfernt wurden, befinden sich um das alte Denkmal noch viele Nadelb\u00e4ume in einem verheerenden Zustand. Was passiert, wenn der n\u00e4chste Sturm diese B\u00e4ume umknickt? Im Moment brauchen wir uns \u00fcber eine Pflege des alten Denkmals keine Gedanken zu machen. Beim Zustand der herumstehenden B\u00e4ume ist ein Aufenthalt am Denkmal besonders beim Wind und Sturm nicht ratsam.<\/p>\n\n\n\n<div class=\"wp-block-columns is-layout-flex wp-container-core-columns-is-layout-8f761849 wp-block-columns-is-layout-flex\">\n<div class=\"wp-block-column is-layout-flow wp-block-column-is-layout-flow\">\n<figure class=\"wp-block-image size-large\"><img loading=\"lazy\" decoding=\"async\" width=\"700\" height=\"933\" src=\"https:\/\/echta-derminga.de\/wp-content\/uploads\/2025\/05\/20250501_134109-700x933.jpg\" alt=\"\" class=\"wp-image-18798\" srcset=\"https:\/\/echta-derminga.de\/wp-content\/uploads\/2025\/05\/20250501_134109-700x933.jpg 700w, https:\/\/echta-derminga.de\/wp-content\/uploads\/2025\/05\/20250501_134109-225x300.jpg 225w, https:\/\/echta-derminga.de\/wp-content\/uploads\/2025\/05\/20250501_134109-768x1024.jpg 768w, https:\/\/echta-derminga.de\/wp-content\/uploads\/2025\/05\/20250501_134109-1152x1536.jpg 1152w, https:\/\/echta-derminga.de\/wp-content\/uploads\/2025\/05\/20250501_134109-1536x2048.jpg 1536w, https:\/\/echta-derminga.de\/wp-content\/uploads\/2025\/05\/20250501_134109-scaled.jpg 1920w\" sizes=\"auto, (max-width: 700px) 100vw, 700px\" \/><\/figure>\n<\/div>\n\n\n\n<div class=\"wp-block-column is-layout-flow wp-block-column-is-layout-flow\">\n<figure class=\"wp-block-image size-large\"><img loading=\"lazy\" decoding=\"async\" width=\"700\" height=\"933\" src=\"https:\/\/echta-derminga.de\/wp-content\/uploads\/2025\/05\/20250501_134124-700x933.jpg\" alt=\"\" class=\"wp-image-18799\" srcset=\"https:\/\/echta-derminga.de\/wp-content\/uploads\/2025\/05\/20250501_134124-700x933.jpg 700w, https:\/\/echta-derminga.de\/wp-content\/uploads\/2025\/05\/20250501_134124-225x300.jpg 225w, https:\/\/echta-derminga.de\/wp-content\/uploads\/2025\/05\/20250501_134124-768x1024.jpg 768w, https:\/\/echta-derminga.de\/wp-content\/uploads\/2025\/05\/20250501_134124-1152x1536.jpg 1152w, https:\/\/echta-derminga.de\/wp-content\/uploads\/2025\/05\/20250501_134124-rotated.jpg 1500w\" sizes=\"auto, (max-width: 700px) 100vw, 700px\" \/><\/figure>\n<\/div>\n<\/div>\n\n\n\n<p class=\"has-medium-font-size wp-block-paragraph\"><strong>Die Welt und unsere Natur ver\u00e4ndern sich stetig und auf unsere Nachkommen warten gro\u00dfe Herausforderungen. Selbst die gr\u00f6\u00dften Klimawandelleugner werden einsehen m\u00fcssen, dass sich unsere Natur im Umbruch befindet. Wer hat Schuld? Die Politik, die Wirtschaft, das Geld, oder der Borkenk\u00e4fer? Die Antwort ist ganz einfach: Der Mensch!<\/strong><\/p>\n\n\n<div class=\"wp-block-image\">\n<figure class=\"aligncenter size-large\"><img loading=\"lazy\" decoding=\"async\" width=\"700\" height=\"933\" src=\"https:\/\/echta-derminga.de\/wp-content\/uploads\/2025\/05\/20250501_134548-700x933.jpg\" alt=\"\" class=\"wp-image-18800\" srcset=\"https:\/\/echta-derminga.de\/wp-content\/uploads\/2025\/05\/20250501_134548-700x933.jpg 700w, https:\/\/echta-derminga.de\/wp-content\/uploads\/2025\/05\/20250501_134548-225x300.jpg 225w, https:\/\/echta-derminga.de\/wp-content\/uploads\/2025\/05\/20250501_134548-768x1024.jpg 768w, https:\/\/echta-derminga.de\/wp-content\/uploads\/2025\/05\/20250501_134548-1152x1536.jpg 1152w, https:\/\/echta-derminga.de\/wp-content\/uploads\/2025\/05\/20250501_134548-rotated.jpg 1500w\" sizes=\"auto, (max-width: 700px) 100vw, 700px\" \/><\/figure>\n<\/div>","protected":false},"excerpt":{"rendered":"<p>Wir leben dort, wo andere gerne Urlaub machen w\u00fcrden. In den letzten Jahren konnte man zusehends den Eindruck gewinnen, dass wir verlernt haben, die Sch\u00f6nheit unseres Heimatortes zu sch\u00e4tzen. In Dirmingen gibt es immer noch viele wunderbare Orte. Mit seinen Naherholungsgebieten und den vielen verschiedenen Wanderrouten bereichert Dirmingen den sanften Tourismus unserer Region. Dirmingen, liegt an der S\u00fcdpforte zum Naturpark<\/p>\n","protected":false},"author":1,"featured_media":18789,"comment_status":"open","ping_status":"closed","sticky":false,"template":"","format":"standard","meta":{"_crdt_document":"","footnotes":""},"categories":[1,9,902],"tags":[5,618,1192,127,1191,634,310,970],"class_list":["post-18788","post","type-post","status-publish","format-standard","has-post-thumbnail","hentry","category-allgemein","category-dorfgetratsche","category-meine-meinung","tag-dirmingen","tag-gemeinde-eppelborn","tag-konglomerat","tag-landkreis-neunkirchen","tag-naherholungsgebiet-steinrausch","tag-ortsvorsteher","tag-saarland","tag-steenrutsch"],"_links":{"self":[{"href":"https:\/\/echta-derminga.de\/index.php?rest_route=\/wp\/v2\/posts\/18788","targetHints":{"allow":["GET"]}}],"collection":[{"href":"https:\/\/echta-derminga.de\/index.php?rest_route=\/wp\/v2\/posts"}],"about":[{"href":"https:\/\/echta-derminga.de\/index.php?rest_route=\/wp\/v2\/types\/post"}],"author":[{"embeddable":true,"href":"https:\/\/echta-derminga.de\/index.php?rest_route=\/wp\/v2\/users\/1"}],"replies":[{"embeddable":true,"href":"https:\/\/echta-derminga.de\/index.php?rest_route=%2Fwp%2Fv2%2Fcomments&post=18788"}],"version-history":[{"count":6,"href":"https:\/\/echta-derminga.de\/index.php?rest_route=\/wp\/v2\/posts\/18788\/revisions"}],"predecessor-version":[{"id":18805,"href":"https:\/\/echta-derminga.de\/index.php?rest_route=\/wp\/v2\/posts\/18788\/revisions\/18805"}],"wp:featuredmedia":[{"embeddable":true,"href":"https:\/\/echta-derminga.de\/index.php?rest_route=\/wp\/v2\/media\/18789"}],"wp:attachment":[{"href":"https:\/\/echta-derminga.de\/index.php?rest_route=%2Fwp%2Fv2%2Fmedia&parent=18788"}],"wp:term":[{"taxonomy":"category","embeddable":true,"href":"https:\/\/echta-derminga.de\/index.php?rest_route=%2Fwp%2Fv2%2Fcategories&post=18788"},{"taxonomy":"post_tag","embeddable":true,"href":"https:\/\/echta-derminga.de\/index.php?rest_route=%2Fwp%2Fv2%2Ftags&post=18788"}],"curies":[{"name":"wp","href":"https:\/\/api.w.org\/{rel}","templated":true}]}}